{"id":4603,"date":"2022-07-25T23:38:31","date_gmt":"2022-07-26T02:38:31","guid":{"rendered":"https:\/\/dedemesquita.com.br\/?p=4603"},"modified":"2022-07-26T07:22:21","modified_gmt":"2022-07-26T10:22:21","slug":"alfredo-garcia-lanca-romance-em-sao-paulo-e-outras-novidades-da-imprensa-em-belem","status":"publish","type":"post","link":"https:\/\/dedemesquita.com.br\/?p=4603","title":{"rendered":"Alfredo Garcia lan\u00e7a romance em S\u00e3o Paulo e outras novidades da imprensa em Bel\u00e9m"},"content":{"rendered":"\n<p>Mais uma semana de mudan\u00e7as nas reda\u00e7\u00f5es e assessorias de comunica\u00e7\u00e3o e outras novidades sobre a imprensa em Bel\u00e9m. E vamos a elas:<\/p>\n\n\n\n<p><strong>Garcia &#8211;<\/strong> O escritor e jornalista paraense Alfredo Garcia fez o lan\u00e7amento de seu terceiro romance &#8220;Fragment\u00e1rio&#8221;, editado pela Telucazu, de Andr\u00e9 Kondo, na quinta-feira, dia 21, em S\u00e3o Paulo (SP). O livro aborda em cap\u00edtulos curtos ou curt\u00edssimo, a real saga da Amaz\u00f4nia desde seus prim\u00f3rdios at\u00e9 os dias atuais, com os retrocessos.<\/p>\n\n\n\n<p><strong>Campe\u00e3o &#8211;<\/strong> O jornalista Filipe Faraon, que integra a equipe de comunica\u00e7\u00e3o da Pol\u00edcia Federal no Par\u00e1, est\u00e1 em Rotterdam, na Holanda, onde participa do campeonato World Policie &amp; Fire Games, reunindo policiais do mundo todo. Faraon compete em nata\u00e7\u00e3o e j\u00e1 ganhou tr\u00eas medalhas, sendo duas de prata e uma de ouro. Os Jogos seguem at\u00e9 dia 31 de julho. <\/p>\n\n\n\n<div class=\"wp-block-image\"><figure class=\"aligncenter size-full\"><img loading=\"lazy\" decoding=\"async\" width=\"523\" height=\"531\" src=\"https:\/\/dedemesquita.com.br\/wp-content\/uploads\/2022\/07\/FILIPE_FARAON.png\" alt=\"\" class=\"wp-image-4620\"\/><figcaption>\u00c9 campe\u00e3o!!<\/figcaption><\/figure><\/div>\n\n\n\n<p><strong>Bruna &#8211; <\/strong>A <strong>Bruna Machado<\/strong> poucos meses na Temple Comunica\u00e7\u00e3o e j\u00e1 partiu para um novo desafio na carreira profissional. Teve despedida para ela naquela ag\u00eancia. <\/p>\n\n\n\n<div class=\"wp-block-image\"><figure class=\"aligncenter size-full\"><img loading=\"lazy\" decoding=\"async\" width=\"900\" height=\"506\" src=\"https:\/\/dedemesquita.com.br\/wp-content\/uploads\/2022\/07\/BRUNA_MACHADO.jpg\" alt=\"\" class=\"wp-image-4607\" srcset=\"https:\/\/dedemesquita.com.br\/wp-content\/uploads\/2022\/07\/BRUNA_MACHADO.jpg 900w, https:\/\/dedemesquita.com.br\/wp-content\/uploads\/2022\/07\/BRUNA_MACHADO-768x432.jpg 768w\" sizes=\"(max-width: 900px) 100vw, 900px\" \/><figcaption>Bruna Machado (a terceira da esquerda para direita) e a turma da Temple Comunica\u00e7\u00e3o <\/figcaption><\/figure><\/div>\n\n\n\n<p><strong>Elva &#8211;<\/strong> <strong>Elva Vieira<\/strong>, depois de uma passada pelo portal Roma News, assumiu a coordena\u00e7\u00e3o da equipe de social media em oliberal.com <\/p>\n\n\n\n<div class=\"wp-block-image\"><figure class=\"aligncenter size-full\"><img loading=\"lazy\" decoding=\"async\" width=\"536\" height=\"491\" src=\"https:\/\/dedemesquita.com.br\/wp-content\/uploads\/2022\/07\/ELVA_VIEIRA.jpg\" alt=\"\" class=\"wp-image-4617\"\/><figcaption>Elva Vieira, agora, est\u00e1 em oliberal.com <\/figcaption><\/figure><\/div>\n\n\n\n<p><strong>Erick &#8211;<\/strong> O jornalista <strong>Erick Fonseca<\/strong>, ex-TV Liberal, est\u00e1 na comunica\u00e7\u00e3o da C\u00e2mara dos Vereadores de Bel\u00e9m.<\/p>\n\n\n\n<p><strong>Apoena &#8211;<\/strong> <strong>Apoena Augusto<\/strong>, ex- SEDAP, \u00e9 o novo coordenador de marketing do grupo TWT. <\/p>\n\n\n\n<p><strong>Folha &#8211;<\/strong> O jornalista <strong>Vin\u00edcius Sassine<\/strong> \u00e9 novo correspondente do jornal Folha de S. Paulo para a regi\u00e3o amaz\u00f4nica e fica baseado em Manaus (AM). Ele se mudou para a capital do Amazonas, ap\u00f3s um ciclo de 12 anos em Bras\u00edlia (DF), na cobertura do notici\u00e1rio pol\u00edtico.<\/p>\n\n\n\n<div class=\"wp-block-image\"><figure class=\"aligncenter size-full\"><img loading=\"lazy\" decoding=\"async\" width=\"800\" height=\"715\" src=\"https:\/\/dedemesquita.com.br\/wp-content\/uploads\/2022\/07\/VINICIUS_SASSINE.jpg\" alt=\"\" class=\"wp-image-4614\" srcset=\"https:\/\/dedemesquita.com.br\/wp-content\/uploads\/2022\/07\/VINICIUS_SASSINE.jpg 800w, https:\/\/dedemesquita.com.br\/wp-content\/uploads\/2022\/07\/VINICIUS_SASSINE-768x686.jpg 768w\" sizes=\"(max-width: 800px) 100vw, 800px\" \/><\/figure><\/div>\n\n\n\n<p><strong>Lan\u00e7amento &#8211; <\/strong>Por falar em oliberal.com, as jornalistas do grupo, <strong>Bianca Le\u00e3o<\/strong>, editora de O Liberal; e <strong>Ana Carolina Matos<\/strong>, editora de web, integram a colet\u00e2nea liter\u00e1ria &#8220;Trama das \u00c1guas&#8221;, publicada em meio \u00e0 pandemia de covid-19, que foi lan\u00e7ada de forma presencial pela primeira vez, durante o \u201cAfluentes: o encontro das tramas\u201d, no \u00faltimo s\u00e1bado, dia 23, na loja N\u00e1 Figueredo, em Bel\u00e9m. A colet\u00e2nea de contos teve curadoria de Monique Malcher, paraense que ganhou um dos pr\u00eamios Jabuti, no ano passado. <\/p>\n\n\n\n<div class=\"wp-block-image\"><figure class=\"aligncenter size-full\"><img loading=\"lazy\" decoding=\"async\" width=\"613\" height=\"378\" src=\"https:\/\/dedemesquita.com.br\/wp-content\/uploads\/2022\/07\/ANA_BIANCA.png\" alt=\"\" class=\"wp-image-4608\"\/><figcaption>Ana Carolina Matos e Bianca Le\u00e3o est\u00e3o na colet\u00e2nea  &#8220;Trama das \u00c1guas&#8221; <\/figcaption><\/figure><\/div>\n\n\n\n<p><strong>Doutorado &#8211; <\/strong>A jornalista e professora na Universidade Federal do Oeste do Par\u00e1 (UFOPA), <strong>Lene Santos<\/strong>, defendeu em 23 de julho, a tese do doutoramento, na Universidade Fernando Pessoa, em Portugal, em Jornalismo e Estudos Medi\u00e1ticos\/Ci\u00eancias da Informa\u00e7\u00e3o, intitulada &#8220;Das narrativas das Descobertas aos textos jornal\u00edsticos atuais: um estudo da Amaz\u00f4nia que \u00e9 not\u00edcia em telejornais de Portugal e do Brasil (2020)&#8221;. Parab\u00e9ns \u00e0 nova doutora!<\/p>\n\n\n\n<div class=\"wp-block-image\"><figure class=\"aligncenter size-full\"><img loading=\"lazy\" decoding=\"async\" width=\"720\" height=\"482\" src=\"https:\/\/dedemesquita.com.br\/wp-content\/uploads\/2022\/07\/WhatsApp-Image-2022-07-23-at-18.37.34.jpeg\" alt=\"\" class=\"wp-image-4613\"\/><figcaption>Lene Santos \u00e9 a mais nova doutora da UFOPA <\/figcaption><\/figure><\/div>\n\n\n\n<p><strong>Casamento &#8211; <\/strong>A publicit\u00e1ria paraense<strong> Irys Roque<\/strong>, que mora e trabalha em S\u00e3o Paulo, se casou, no s\u00e1bado, 23, com Pedro Paulo Iglesias. Felicidades ao novo casal. <\/p>\n\n\n\n<div class=\"wp-block-image\"><figure class=\"aligncenter size-full\"><img loading=\"lazy\" decoding=\"async\" width=\"700\" height=\"476\" src=\"https:\/\/dedemesquita.com.br\/wp-content\/uploads\/2022\/07\/WhatsApp-Image-2022-07-25-at-22.58.29-1.jpeg\" alt=\"\" class=\"wp-image-4611\"\/><figcaption>Irys Roque e Pedro Paulo Iglesias <\/figcaption><\/figure><\/div>\n","protected":false},"excerpt":{"rendered":"<p>Mais uma semana de mudan\u00e7as nas reda\u00e7\u00f5es e assessorias de comunica\u00e7\u00e3o e outras novidades sobre a imprensa em Bel\u00e9m. E vamos a elas: Garcia &#8211; O escritor e jornalista paraense Alfredo Garcia fez o lan\u00e7amento de seu terceiro romance &#8220;Fragment\u00e1rio&#8221;, editado pela Telucazu, de Andr\u00e9 Kondo, na quinta-feira, dia 21, em S\u00e3o Paulo (SP). O [&hellip;]<\/p>\n","protected":false},"author":2,"featured_media":4616,"comment_status":"open","ping_status":"open","sticky":false,"template":"","format":"standard","meta":{"footnotes":""},"categories":[51,14,29],"tags":[320,119,120,144,162,321],"class_list":["post-4603","post","type-post","status-publish","format-standard","has-post-thumbnail","hentry","category-destaque","category-imprensa","category-jornalismo","tag-folha-de-s-paulo","tag-jornalismo","tag-jornalistas-paraenses-em-acao","tag-o-liberal","tag-temple-comunicacao","tag-ufopa"],"yoast_head":"<!-- This site is optimized with the Yoast SEO plugin v19.10 - https:\/\/yoast.com\/wordpress\/plugins\/seo\/ -->\n<title>Alfredo Garcia lan\u00e7a romance em S\u00e3o Paulo e outras novidades da imprensa em Bel\u00e9m - Ded\u00e9 Mesquita<\/title>\n<meta name=\"robots\" content=\"index, follow, max-snippet:-1, max-image-preview:large, max-video-preview:-1\" \/>\n<link rel=\"canonical\" href=\"https:\/\/dedemesquita.com.br\/?p=4603\" \/>\n<meta property=\"og:locale\" content=\"pt_BR\" \/>\n<meta property=\"og:type\" content=\"article\" \/>\n<meta property=\"og:title\" content=\"Alfredo Garcia lan\u00e7a romance em S\u00e3o Paulo e outras novidades da imprensa em Bel\u00e9m - Ded\u00e9 Mesquita\" \/>\n<meta property=\"og:description\" content=\"Mais uma semana de mudan\u00e7as nas reda\u00e7\u00f5es e assessorias de comunica\u00e7\u00e3o e outras novidades sobre a imprensa em Bel\u00e9m. E vamos a elas: Garcia &#8211; O escritor e jornalista paraense Alfredo Garcia fez o lan\u00e7amento de seu terceiro romance &#8220;Fragment\u00e1rio&#8221;, editado pela Telucazu, de Andr\u00e9 Kondo, na quinta-feira, dia 21, em S\u00e3o Paulo (SP). O [&hellip;]\" \/>\n<meta property=\"og:url\" content=\"https:\/\/dedemesquita.com.br\/?p=4603\" \/>\n<meta property=\"og:site_name\" content=\"Ded\u00e9 Mesquita\" \/>\n<meta property=\"article:publisher\" content=\"https:\/\/www.facebook.com\/dede.mesquita\" \/>\n<meta property=\"article:published_time\" content=\"2022-07-26T02:38:31+00:00\" \/>\n<meta property=\"article:modified_time\" content=\"2022-07-26T10:22:21+00:00\" \/>\n<meta property=\"og:image\" content=\"https:\/\/dedemesquita.com.br\/wp-content\/uploads\/2022\/07\/KONDO_GARCIA.jpg\" \/>\n\t<meta property=\"og:image:width\" content=\"851\" \/>\n\t<meta property=\"og:image:height\" content=\"657\" \/>\n\t<meta property=\"og:image:type\" content=\"image\/jpeg\" \/>\n<meta name=\"author\" content=\"Ded\u00e9 Mesquita\" \/>\n<meta name=\"twitter:card\" content=\"summary_large_image\" \/>\n<meta name=\"twitter:creator\" content=\"@dedemesquita\" \/>\n<meta name=\"twitter:site\" content=\"@dedemesquita\" \/>\n<meta name=\"twitter:label1\" content=\"Escrito por\" \/>\n\t<meta name=\"twitter:data1\" content=\"Ded\u00e9 Mesquita\" \/>\n\t<meta name=\"twitter:label2\" content=\"Est. tempo de leitura\" \/>\n\t<meta name=\"twitter:data2\" content=\"5 minutos\" \/>\n<script type=\"application\/ld+json\" class=\"yoast-schema-graph\">{\"@context\":\"https:\/\/schema.org\",\"@graph\":[{\"@type\":\"WebPage\",\"@id\":\"https:\/\/dedemesquita.com.br\/?p=4603\",\"url\":\"https:\/\/dedemesquita.com.br\/?p=4603\",\"name\":\"Alfredo Garcia lan\u00e7a romance em S\u00e3o Paulo e outras novidades da imprensa em Bel\u00e9m - Ded\u00e9 Mesquita\",\"isPartOf\":{\"@id\":\"https:\/\/dedemesquita.com.br\/#website\"},\"datePublished\":\"2022-07-26T02:38:31+00:00\",\"dateModified\":\"2022-07-26T10:22:21+00:00\",\"author\":{\"@id\":\"https:\/\/dedemesquita.com.br\/#\/schema\/person\/36571f81dd2d76dc3ab37231542c9e24\"},\"breadcrumb\":{\"@id\":\"https:\/\/dedemesquita.com.br\/?p=4603#breadcrumb\"},\"inLanguage\":\"pt-BR\",\"potentialAction\":[{\"@type\":\"ReadAction\",\"target\":[\"https:\/\/dedemesquita.com.br\/?p=4603\"]}]},{\"@type\":\"BreadcrumbList\",\"@id\":\"https:\/\/dedemesquita.com.br\/?p=4603#breadcrumb\",\"itemListElement\":[{\"@type\":\"ListItem\",\"position\":1,\"name\":\"In\u00edcio\",\"item\":\"https:\/\/dedemesquita.com.br\/\"},{\"@type\":\"ListItem\",\"position\":2,\"name\":\"Alfredo Garcia lan\u00e7a romance em S\u00e3o Paulo e outras novidades da imprensa em Bel\u00e9m\"}]},{\"@type\":\"WebSite\",\"@id\":\"https:\/\/dedemesquita.com.br\/#website\",\"url\":\"https:\/\/dedemesquita.com.br\/\",\"name\":\"Ded\u00e9 Mesquita\",\"description\":\"Um site que mostra os bastidores da imprensa no estado do Par\u00e1 e em Bel\u00e9m\",\"potentialAction\":[{\"@type\":\"SearchAction\",\"target\":{\"@type\":\"EntryPoint\",\"urlTemplate\":\"https:\/\/dedemesquita.com.br\/?s={search_term_string}\"},\"query-input\":\"required name=search_term_string\"}],\"inLanguage\":\"pt-BR\"},{\"@type\":\"Person\",\"@id\":\"https:\/\/dedemesquita.com.br\/#\/schema\/person\/36571f81dd2d76dc3ab37231542c9e24\",\"name\":\"Ded\u00e9 Mesquita\",\"image\":{\"@type\":\"ImageObject\",\"inLanguage\":\"pt-BR\",\"@id\":\"https:\/\/dedemesquita.com.br\/#\/schema\/person\/image\/\",\"url\":\"https:\/\/dedemesquita.com.br\/wp-content\/uploads\/2021\/02\/foto_perfil-150x150.jpg\",\"contentUrl\":\"https:\/\/dedemesquita.com.br\/wp-content\/uploads\/2021\/02\/foto_perfil-150x150.jpg\",\"caption\":\"Ded\u00e9 Mesquita\"},\"sameAs\":[\"https:\/\/dedemesquita.com.br\"]}]}<\/script>\n<!-- \/ Yoast SEO plugin. -->","yoast_head_json":{"title":"Alfredo Garcia lan\u00e7a romance em S\u00e3o Paulo e outras novidades da imprensa em Bel\u00e9m - Ded\u00e9 Mesquita","robots":{"index":"index","follow":"follow","max-snippet":"max-snippet:-1","max-image-preview":"max-image-preview:large","max-video-preview":"max-video-preview:-1"},"canonical":"https:\/\/dedemesquita.com.br\/?p=4603","og_locale":"pt_BR","og_type":"article","og_title":"Alfredo Garcia lan\u00e7a romance em S\u00e3o Paulo e outras novidades da imprensa em Bel\u00e9m - Ded\u00e9 Mesquita","og_description":"Mais uma semana de mudan\u00e7as nas reda\u00e7\u00f5es e assessorias de comunica\u00e7\u00e3o e outras novidades sobre a imprensa em Bel\u00e9m. E vamos a elas: Garcia &#8211; O escritor e jornalista paraense Alfredo Garcia fez o lan\u00e7amento de seu terceiro romance &#8220;Fragment\u00e1rio&#8221;, editado pela Telucazu, de Andr\u00e9 Kondo, na quinta-feira, dia 21, em S\u00e3o Paulo (SP). O [&hellip;]","og_url":"https:\/\/dedemesquita.com.br\/?p=4603","og_site_name":"Ded\u00e9 Mesquita","article_publisher":"https:\/\/www.facebook.com\/dede.mesquita","article_published_time":"2022-07-26T02:38:31+00:00","article_modified_time":"2022-07-26T10:22:21+00:00","og_image":[{"width":851,"height":657,"url":"https:\/\/dedemesquita.com.br\/wp-content\/uploads\/2022\/07\/KONDO_GARCIA.jpg","type":"image\/jpeg"}],"author":"Ded\u00e9 Mesquita","twitter_card":"summary_large_image","twitter_creator":"@dedemesquita","twitter_site":"@dedemesquita","twitter_misc":{"Escrito por":"Ded\u00e9 Mesquita","Est. tempo de leitura":"5 minutos"},"schema":{"@context":"https:\/\/schema.org","@graph":[{"@type":"WebPage","@id":"https:\/\/dedemesquita.com.br\/?p=4603","url":"https:\/\/dedemesquita.com.br\/?p=4603","name":"Alfredo Garcia lan\u00e7a romance em S\u00e3o Paulo e outras novidades da imprensa em Bel\u00e9m - Ded\u00e9 Mesquita","isPartOf":{"@id":"https:\/\/dedemesquita.com.br\/#website"},"datePublished":"2022-07-26T02:38:31+00:00","dateModified":"2022-07-26T10:22:21+00:00","author":{"@id":"https:\/\/dedemesquita.com.br\/#\/schema\/person\/36571f81dd2d76dc3ab37231542c9e24"},"breadcrumb":{"@id":"https:\/\/dedemesquita.com.br\/?p=4603#breadcrumb"},"inLanguage":"pt-BR","potentialAction":[{"@type":"ReadAction","target":["https:\/\/dedemesquita.com.br\/?p=4603"]}]},{"@type":"BreadcrumbList","@id":"https:\/\/dedemesquita.com.br\/?p=4603#breadcrumb","itemListElement":[{"@type":"ListItem","position":1,"name":"In\u00edcio","item":"https:\/\/dedemesquita.com.br\/"},{"@type":"ListItem","position":2,"name":"Alfredo Garcia lan\u00e7a romance em S\u00e3o Paulo e outras novidades da imprensa em Bel\u00e9m"}]},{"@type":"WebSite","@id":"https:\/\/dedemesquita.com.br\/#website","url":"https:\/\/dedemesquita.com.br\/","name":"Ded\u00e9 Mesquita","description":"Um site que mostra os bastidores da imprensa no estado do Par\u00e1 e em Bel\u00e9m","potentialAction":[{"@type":"SearchAction","target":{"@type":"EntryPoint","urlTemplate":"https:\/\/dedemesquita.com.br\/?s={search_term_string}"},"query-input":"required name=search_term_string"}],"inLanguage":"pt-BR"},{"@type":"Person","@id":"https:\/\/dedemesquita.com.br\/#\/schema\/person\/36571f81dd2d76dc3ab37231542c9e24","name":"Ded\u00e9 Mesquita","image":{"@type":"ImageObject","inLanguage":"pt-BR","@id":"https:\/\/dedemesquita.com.br\/#\/schema\/person\/image\/","url":"https:\/\/dedemesquita.com.br\/wp-content\/uploads\/2021\/02\/foto_perfil-150x150.jpg","contentUrl":"https:\/\/dedemesquita.com.br\/wp-content\/uploads\/2021\/02\/foto_perfil-150x150.jpg","caption":"Ded\u00e9 Mesquita"},"sameAs":["https:\/\/dedemesquita.com.br"]}]}},"_links":{"self":[{"href":"https:\/\/dedemesquita.com.br\/index.php?rest_route=\/wp\/v2\/posts\/4603"}],"collection":[{"href":"https:\/\/dedemesquita.com.br\/index.php?rest_route=\/wp\/v2\/posts"}],"about":[{"href":"https:\/\/dedemesquita.com.br\/index.php?rest_route=\/wp\/v2\/types\/post"}],"author":[{"embeddable":true,"href":"https:\/\/dedemesquita.com.br\/index.php?rest_route=\/wp\/v2\/users\/2"}],"replies":[{"embeddable":true,"href":"https:\/\/dedemesquita.com.br\/index.php?rest_route=%2Fwp%2Fv2%2Fcomments&post=4603"}],"version-history":[{"count":8,"href":"https:\/\/dedemesquita.com.br\/index.php?rest_route=\/wp\/v2\/posts\/4603\/revisions"}],"predecessor-version":[{"id":4621,"href":"https:\/\/dedemesquita.com.br\/index.php?rest_route=\/wp\/v2\/posts\/4603\/revisions\/4621"}],"wp:featuredmedia":[{"embeddable":true,"href":"https:\/\/dedemesquita.com.br\/index.php?rest_route=\/wp\/v2\/media\/4616"}],"wp:attachment":[{"href":"https:\/\/dedemesquita.com.br\/index.php?rest_route=%2Fwp%2Fv2%2Fmedia&parent=4603"}],"wp:term":[{"taxonomy":"category","embeddable":true,"href":"https:\/\/dedemesquita.com.br\/index.php?rest_route=%2Fwp%2Fv2%2Fcategories&post=4603"},{"taxonomy":"post_tag","embeddable":true,"href":"https:\/\/dedemesquita.com.br\/index.php?rest_route=%2Fwp%2Fv2%2Ftags&post=4603"}],"curies":[{"name":"wp","href":"https:\/\/api.w.org\/{rel}","templated":true}]}}