{"id":4583,"date":"2022-07-19T21:13:16","date_gmt":"2022-07-20T00:13:16","guid":{"rendered":"https:\/\/dedemesquita.com.br\/?p=4583"},"modified":"2022-07-19T21:27:27","modified_gmt":"2022-07-20T00:27:27","slug":"gilmar-pretti-lanca-canal-no-youtube-com-reportagens-especais-e-mais-mais-novidades","status":"publish","type":"post","link":"https:\/\/dedemesquita.com.br\/?p=4583","title":{"rendered":"Gilmar Pretti lan\u00e7a canal no YouTube com reportagens especais e mais, mais novidades"},"content":{"rendered":"\n<p>Mais uma semana e estamos por c\u00e1 no esporte favorito que \u00e9 o de informar a quantas anda a movimenta\u00e7\u00e3o na imprensa de Bel\u00e9m. <\/p>\n\n\n\n<p>E<strong>sp\u00edrito &#8211; <\/strong>Gilmar Pretti, jornalista e rep\u00f3rter da r\u00e1dio CBN Bel\u00e9m, tem um canal no YouTube, com trabalho independente, no qual faz reportagens e document\u00e1rios. Recentemente, ele postou v\u00eddeo sobre o caso \u201cCl\u00e1udio Ronaldo\u201d, um esp\u00edrito que apareceu em uma missa aqui em Bel\u00e9m em 1994, e ganhou repercuss\u00e3o nacional, indo parar no Programa do Gugu. No document\u00e1rio, 28 anos depois da apari\u00e7\u00e3o, Gilmar falou com os familiares de Cl\u00e1udio e entrevistou tamb\u00e9m a rep\u00f3rter Mariluz Coelho, que fez a reportagem na \u00e9poca pela RBA TV. Link para o v\u00eddeo aqui: <a href=\"https:\/\/youtu.be\/plrThDjTU0E\"><strong>https:\/\/youtu.be\/plrThDjTU0E<\/strong><\/a><\/p>\n\n\n\n<p><strong>Troca troca &#8211;<\/strong> A jornalista <strong>Nat\u00e1lia Mello<\/strong> deixou o jornal O Liberal. Ela vai substituir <strong>Mara Barcellos<\/strong> na assessoria de comunica\u00e7\u00e3o da Assembleia Legislativa do Par\u00e1 &#8211; Alepa. J\u00e1 a Mara, por sua vez, ir\u00e1 ocupar a vaga de <strong>Esperan\u00e7a Bessa<\/strong>, na comunica\u00e7\u00e3o do Tribunal de Constas do Estado do Par\u00e1 &#8211; TCE-PA. <\/p>\n\n\n\n<div class=\"wp-block-image\"><figure class=\"aligncenter size-full\"><img loading=\"lazy\" decoding=\"async\" width=\"484\" height=\"462\" src=\"https:\/\/dedemesquita.com.br\/wp-content\/uploads\/2022\/07\/MARA_BARCELLOS.png\" alt=\"\" class=\"wp-image-4588\"\/><figcaption>Mara Barcellos trocou a Alepa pelo TCE do Para <\/figcaption><\/figure><\/div>\n\n\n\n<p><strong>Andressa &#8211; <\/strong>A jornalista <strong>Andressa Malcher<\/strong>, que trabalhou no jornal Amaz\u00f4nia, mora e trabalha em S\u00e3o Paulo, agora \u00e9 Especialista em Sustentabilidade na empresa de papel e produtos florestais Bracell. <\/p>\n\n\n\n<div class=\"wp-block-image\"><figure class=\"aligncenter size-full\"><img loading=\"lazy\" decoding=\"async\" width=\"557\" height=\"409\" src=\"https:\/\/dedemesquita.com.br\/wp-content\/uploads\/2022\/07\/ANDRESSA_MALCHER.jpg\" alt=\"\" class=\"wp-image-4598\"\/><figcaption>Andressa Malcher agora \u00e9 da Bracell<\/figcaption><\/figure><\/div>\n\n\n\n<p><strong>Lorenna &#8211;<\/strong> <strong>Lorenna Montenegro<\/strong>, jornalista de Bel\u00e9m que mora e trabalha em S\u00e3o Paulo, desde 2020, come\u00e7ou em um novo cargo de cr\u00edtica cinematogr\u00e1fica na Cine Set. Ela tamb\u00e9m \u00e9 professora na Academia Internacional de Cinema. <\/p>\n\n\n\n<div class=\"wp-block-image\"><figure class=\"aligncenter size-full is-resized\"><img loading=\"lazy\" decoding=\"async\" src=\"https:\/\/dedemesquita.com.br\/wp-content\/uploads\/2022\/07\/LORENNA.jpg\" alt=\"\" class=\"wp-image-4597\" width=\"700\" height=\"445\"\/><figcaption>Lorenna enveredou pelos caminhos do cinema <\/figcaption><\/figure><\/div>\n\n\n\n<p><strong>Fl\u00e1vio &#8211;<\/strong> O jornalista <strong>Fl\u00e1vio Miranda<\/strong>, que foi da assessoria de comunica\u00e7\u00e3o dos ex-deputados Sidney Rosa e Nilma Lima, est\u00e1, agora, como diretor de comunica\u00e7\u00e3o do Toddes Exclusive Resort, em Paragominas, regi\u00e3o nordeste do Par\u00e1.<\/p>\n\n\n\n<div class=\"wp-block-image\"><figure class=\"aligncenter size-full\"><img loading=\"lazy\" decoding=\"async\" width=\"900\" height=\"566\" src=\"https:\/\/dedemesquita.com.br\/wp-content\/uploads\/2022\/07\/FLAVIO_MIRANDA.jpg\" alt=\"\" class=\"wp-image-4584\" srcset=\"https:\/\/dedemesquita.com.br\/wp-content\/uploads\/2022\/07\/FLAVIO_MIRANDA.jpg 900w, https:\/\/dedemesquita.com.br\/wp-content\/uploads\/2022\/07\/FLAVIO_MIRANDA-768x483.jpg 768w\" sizes=\"(max-width: 900px) 100vw, 900px\" \/><figcaption>Fl\u00e1vio Miranda trabalha em Paragominas<\/figcaption><\/figure><\/div>\n\n\n\n<p><strong>Pauta de ver\u00e3o &#8211;<\/strong> Quem \u00e9 jornalista em Bel\u00e9m j\u00e1 sabe: a pauta, sem falta no m\u00eas de julho, \u00e9 a sa\u00edda dos veranistas rumo \u00e0s praias da regi\u00e3o nordeste do Par\u00e1. Na sexta-feira, dia 15, bem cedo, as equipes da TV Liberal, comandada por <strong>Carlos Britto<\/strong>, e da RBA TV, com <strong>Edimar Assun\u00e7\u00e3o<\/strong>, j\u00e1 estavam na barreira da PRF, na rodovia BR-316, para melhor informar ao p\u00fablico da cidade.<\/p>\n\n\n\n<div class=\"wp-block-image\"><figure class=\"aligncenter size-full\"><img loading=\"lazy\" decoding=\"async\" width=\"1000\" height=\"795\" src=\"https:\/\/dedemesquita.com.br\/wp-content\/uploads\/2022\/07\/PAUTA_VERANEIO.jpg\" alt=\"\" class=\"wp-image-4586\" srcset=\"https:\/\/dedemesquita.com.br\/wp-content\/uploads\/2022\/07\/PAUTA_VERANEIO.jpg 1000w, https:\/\/dedemesquita.com.br\/wp-content\/uploads\/2022\/07\/PAUTA_VERANEIO-768x611.jpg 768w\" sizes=\"(max-width: 1000px) 100vw, 1000px\" \/><figcaption>A tradicional pauta da sa\u00edda dos veranista pela rodovia BR-316 nos finais de semana de julho <\/figcaption><\/figure><\/div>\n\n\n\n<p><strong>Luto &#8211;<\/strong> A morte do jornalista e radialista Jos\u00e9 Parente de Sousa, de 72 anos, conhecido como <strong>&#8220;Jota Parente&#8221;<\/strong>, na madrugada de segunda-feira, 18, no hospital Municipal de Itaituba (HMI), enlutou a imprensa da regi\u00e3o oeste do Par\u00e1. Segundo familiares, Parente foi v\u00edtima de infarto. Ele era santareno, nascido na comunidade de Cipoal e foi radialista por muitos anos em Santar\u00e9m, atuando como comentarista esportivo. Foi diretor de programa\u00e7\u00e3o da r\u00e1dio Rural por d\u00e9cadas e chefe de muitos profissionais de comunica\u00e7\u00e3o, quando iniciaram a carreira na d\u00e9cada de 1980. Em homenagem e reconhecimento \u00e0 dedica\u00e7\u00e3o do jornalista Jota Parente em divulgar os trabalhos do Legislativo, durante tantos anos, o corpo dele, a pedido da fam\u00edlia, ser\u00e1 velado no plen\u00e1rio da C\u00e2mara Municipal de Itaituba.<\/p>\n\n\n\n<div class=\"wp-block-image\"><figure class=\"aligncenter size-full\"><img loading=\"lazy\" decoding=\"async\" width=\"620\" height=\"425\" src=\"https:\/\/dedemesquita.com.br\/wp-content\/uploads\/2022\/07\/JOTA_PARENTE.jpg\" alt=\"\" class=\"wp-image-4587\"\/><figcaption>Jota Parente morreu aos 72 anos <\/figcaption><\/figure><\/div>\n","protected":false},"excerpt":{"rendered":"<p>Mais uma semana e estamos por c\u00e1 no esporte favorito que \u00e9 o de informar a quantas anda a movimenta\u00e7\u00e3o na imprensa de Bel\u00e9m. Esp\u00edrito &#8211; Gilmar Pretti, jornalista e rep\u00f3rter da r\u00e1dio CBN Bel\u00e9m, tem um canal no YouTube, com trabalho independente, no qual faz reportagens e document\u00e1rios. Recentemente, ele postou v\u00eddeo sobre o [&hellip;]<\/p>\n","protected":false},"author":2,"featured_media":4591,"comment_status":"open","ping_status":"open","sticky":false,"template":"","format":"standard","meta":{"footnotes":""},"categories":[51,14,29],"tags":[191,119,120,144,145,319,137],"class_list":["post-4583","post","type-post","status-publish","format-standard","has-post-thumbnail","hentry","category-destaque","category-imprensa","category-jornalismo","tag-alepa","tag-jornalismo","tag-jornalistas-paraenses-em-acao","tag-o-liberal","tag-rbatv","tag-tce-pa","tag-tv-liberal"],"yoast_head":"<!-- This site is optimized with the Yoast SEO plugin v19.10 - https:\/\/yoast.com\/wordpress\/plugins\/seo\/ -->\n<title>Gilmar Pretti lan\u00e7a canal no YouTube com reportagens especais e mais, mais novidades - Ded\u00e9 Mesquita<\/title>\n<meta name=\"robots\" content=\"index, follow, max-snippet:-1, max-image-preview:large, max-video-preview:-1\" \/>\n<link rel=\"canonical\" href=\"https:\/\/dedemesquita.com.br\/?p=4583\" \/>\n<meta property=\"og:locale\" content=\"pt_BR\" \/>\n<meta property=\"og:type\" content=\"article\" \/>\n<meta property=\"og:title\" content=\"Gilmar Pretti lan\u00e7a canal no YouTube com reportagens especais e mais, mais novidades - Ded\u00e9 Mesquita\" \/>\n<meta property=\"og:description\" content=\"Mais uma semana e estamos por c\u00e1 no esporte favorito que \u00e9 o de informar a quantas anda a movimenta\u00e7\u00e3o na imprensa de Bel\u00e9m. Esp\u00edrito &#8211; Gilmar Pretti, jornalista e rep\u00f3rter da r\u00e1dio CBN Bel\u00e9m, tem um canal no YouTube, com trabalho independente, no qual faz reportagens e document\u00e1rios. Recentemente, ele postou v\u00eddeo sobre o [&hellip;]\" \/>\n<meta property=\"og:url\" content=\"https:\/\/dedemesquita.com.br\/?p=4583\" \/>\n<meta property=\"og:site_name\" content=\"Ded\u00e9 Mesquita\" \/>\n<meta property=\"article:publisher\" content=\"https:\/\/www.facebook.com\/dede.mesquita\" \/>\n<meta property=\"article:published_time\" content=\"2022-07-20T00:13:16+00:00\" \/>\n<meta property=\"article:modified_time\" content=\"2022-07-20T00:27:27+00:00\" \/>\n<meta property=\"og:image\" content=\"https:\/\/dedemesquita.com.br\/wp-content\/uploads\/2022\/07\/GILMAR_PRETTI.jpg\" \/>\n\t<meta property=\"og:image:width\" content=\"639\" \/>\n\t<meta property=\"og:image:height\" content=\"466\" \/>\n\t<meta property=\"og:image:type\" content=\"image\/jpeg\" \/>\n<meta name=\"author\" content=\"Ded\u00e9 Mesquita\" \/>\n<meta name=\"twitter:card\" content=\"summary_large_image\" \/>\n<meta name=\"twitter:creator\" content=\"@dedemesquita\" \/>\n<meta name=\"twitter:site\" content=\"@dedemesquita\" \/>\n<meta name=\"twitter:label1\" content=\"Escrito por\" \/>\n\t<meta name=\"twitter:data1\" content=\"Ded\u00e9 Mesquita\" \/>\n\t<meta name=\"twitter:label2\" content=\"Est. tempo de leitura\" \/>\n\t<meta name=\"twitter:data2\" content=\"4 minutos\" \/>\n<script type=\"application\/ld+json\" class=\"yoast-schema-graph\">{\"@context\":\"https:\/\/schema.org\",\"@graph\":[{\"@type\":\"WebPage\",\"@id\":\"https:\/\/dedemesquita.com.br\/?p=4583\",\"url\":\"https:\/\/dedemesquita.com.br\/?p=4583\",\"name\":\"Gilmar Pretti lan\u00e7a canal no YouTube com reportagens especais e mais, mais novidades - Ded\u00e9 Mesquita\",\"isPartOf\":{\"@id\":\"https:\/\/dedemesquita.com.br\/#website\"},\"datePublished\":\"2022-07-20T00:13:16+00:00\",\"dateModified\":\"2022-07-20T00:27:27+00:00\",\"author\":{\"@id\":\"https:\/\/dedemesquita.com.br\/#\/schema\/person\/36571f81dd2d76dc3ab37231542c9e24\"},\"breadcrumb\":{\"@id\":\"https:\/\/dedemesquita.com.br\/?p=4583#breadcrumb\"},\"inLanguage\":\"pt-BR\",\"potentialAction\":[{\"@type\":\"ReadAction\",\"target\":[\"https:\/\/dedemesquita.com.br\/?p=4583\"]}]},{\"@type\":\"BreadcrumbList\",\"@id\":\"https:\/\/dedemesquita.com.br\/?p=4583#breadcrumb\",\"itemListElement\":[{\"@type\":\"ListItem\",\"position\":1,\"name\":\"In\u00edcio\",\"item\":\"https:\/\/dedemesquita.com.br\/\"},{\"@type\":\"ListItem\",\"position\":2,\"name\":\"Gilmar Pretti lan\u00e7a canal no YouTube com reportagens especais e mais, mais novidades\"}]},{\"@type\":\"WebSite\",\"@id\":\"https:\/\/dedemesquita.com.br\/#website\",\"url\":\"https:\/\/dedemesquita.com.br\/\",\"name\":\"Ded\u00e9 Mesquita\",\"description\":\"Um site que mostra os bastidores da imprensa no estado do Par\u00e1 e em Bel\u00e9m\",\"potentialAction\":[{\"@type\":\"SearchAction\",\"target\":{\"@type\":\"EntryPoint\",\"urlTemplate\":\"https:\/\/dedemesquita.com.br\/?s={search_term_string}\"},\"query-input\":\"required name=search_term_string\"}],\"inLanguage\":\"pt-BR\"},{\"@type\":\"Person\",\"@id\":\"https:\/\/dedemesquita.com.br\/#\/schema\/person\/36571f81dd2d76dc3ab37231542c9e24\",\"name\":\"Ded\u00e9 Mesquita\",\"image\":{\"@type\":\"ImageObject\",\"inLanguage\":\"pt-BR\",\"@id\":\"https:\/\/dedemesquita.com.br\/#\/schema\/person\/image\/\",\"url\":\"https:\/\/dedemesquita.com.br\/wp-content\/uploads\/2021\/02\/foto_perfil-150x150.jpg\",\"contentUrl\":\"https:\/\/dedemesquita.com.br\/wp-content\/uploads\/2021\/02\/foto_perfil-150x150.jpg\",\"caption\":\"Ded\u00e9 Mesquita\"},\"sameAs\":[\"https:\/\/dedemesquita.com.br\"]}]}<\/script>\n<!-- \/ Yoast SEO plugin. -->","yoast_head_json":{"title":"Gilmar Pretti lan\u00e7a canal no YouTube com reportagens especais e mais, mais novidades - Ded\u00e9 Mesquita","robots":{"index":"index","follow":"follow","max-snippet":"max-snippet:-1","max-image-preview":"max-image-preview:large","max-video-preview":"max-video-preview:-1"},"canonical":"https:\/\/dedemesquita.com.br\/?p=4583","og_locale":"pt_BR","og_type":"article","og_title":"Gilmar Pretti lan\u00e7a canal no YouTube com reportagens especais e mais, mais novidades - Ded\u00e9 Mesquita","og_description":"Mais uma semana e estamos por c\u00e1 no esporte favorito que \u00e9 o de informar a quantas anda a movimenta\u00e7\u00e3o na imprensa de Bel\u00e9m. Esp\u00edrito &#8211; Gilmar Pretti, jornalista e rep\u00f3rter da r\u00e1dio CBN Bel\u00e9m, tem um canal no YouTube, com trabalho independente, no qual faz reportagens e document\u00e1rios. Recentemente, ele postou v\u00eddeo sobre o [&hellip;]","og_url":"https:\/\/dedemesquita.com.br\/?p=4583","og_site_name":"Ded\u00e9 Mesquita","article_publisher":"https:\/\/www.facebook.com\/dede.mesquita","article_published_time":"2022-07-20T00:13:16+00:00","article_modified_time":"2022-07-20T00:27:27+00:00","og_image":[{"width":639,"height":466,"url":"https:\/\/dedemesquita.com.br\/wp-content\/uploads\/2022\/07\/GILMAR_PRETTI.jpg","type":"image\/jpeg"}],"author":"Ded\u00e9 Mesquita","twitter_card":"summary_large_image","twitter_creator":"@dedemesquita","twitter_site":"@dedemesquita","twitter_misc":{"Escrito por":"Ded\u00e9 Mesquita","Est. tempo de leitura":"4 minutos"},"schema":{"@context":"https:\/\/schema.org","@graph":[{"@type":"WebPage","@id":"https:\/\/dedemesquita.com.br\/?p=4583","url":"https:\/\/dedemesquita.com.br\/?p=4583","name":"Gilmar Pretti lan\u00e7a canal no YouTube com reportagens especais e mais, mais novidades - Ded\u00e9 Mesquita","isPartOf":{"@id":"https:\/\/dedemesquita.com.br\/#website"},"datePublished":"2022-07-20T00:13:16+00:00","dateModified":"2022-07-20T00:27:27+00:00","author":{"@id":"https:\/\/dedemesquita.com.br\/#\/schema\/person\/36571f81dd2d76dc3ab37231542c9e24"},"breadcrumb":{"@id":"https:\/\/dedemesquita.com.br\/?p=4583#breadcrumb"},"inLanguage":"pt-BR","potentialAction":[{"@type":"ReadAction","target":["https:\/\/dedemesquita.com.br\/?p=4583"]}]},{"@type":"BreadcrumbList","@id":"https:\/\/dedemesquita.com.br\/?p=4583#breadcrumb","itemListElement":[{"@type":"ListItem","position":1,"name":"In\u00edcio","item":"https:\/\/dedemesquita.com.br\/"},{"@type":"ListItem","position":2,"name":"Gilmar Pretti lan\u00e7a canal no YouTube com reportagens especais e mais, mais novidades"}]},{"@type":"WebSite","@id":"https:\/\/dedemesquita.com.br\/#website","url":"https:\/\/dedemesquita.com.br\/","name":"Ded\u00e9 Mesquita","description":"Um site que mostra os bastidores da imprensa no estado do Par\u00e1 e em Bel\u00e9m","potentialAction":[{"@type":"SearchAction","target":{"@type":"EntryPoint","urlTemplate":"https:\/\/dedemesquita.com.br\/?s={search_term_string}"},"query-input":"required name=search_term_string"}],"inLanguage":"pt-BR"},{"@type":"Person","@id":"https:\/\/dedemesquita.com.br\/#\/schema\/person\/36571f81dd2d76dc3ab37231542c9e24","name":"Ded\u00e9 Mesquita","image":{"@type":"ImageObject","inLanguage":"pt-BR","@id":"https:\/\/dedemesquita.com.br\/#\/schema\/person\/image\/","url":"https:\/\/dedemesquita.com.br\/wp-content\/uploads\/2021\/02\/foto_perfil-150x150.jpg","contentUrl":"https:\/\/dedemesquita.com.br\/wp-content\/uploads\/2021\/02\/foto_perfil-150x150.jpg","caption":"Ded\u00e9 Mesquita"},"sameAs":["https:\/\/dedemesquita.com.br"]}]}},"_links":{"self":[{"href":"https:\/\/dedemesquita.com.br\/index.php?rest_route=\/wp\/v2\/posts\/4583"}],"collection":[{"href":"https:\/\/dedemesquita.com.br\/index.php?rest_route=\/wp\/v2\/posts"}],"about":[{"href":"https:\/\/dedemesquita.com.br\/index.php?rest_route=\/wp\/v2\/types\/post"}],"author":[{"embeddable":true,"href":"https:\/\/dedemesquita.com.br\/index.php?rest_route=\/wp\/v2\/users\/2"}],"replies":[{"embeddable":true,"href":"https:\/\/dedemesquita.com.br\/index.php?rest_route=%2Fwp%2Fv2%2Fcomments&post=4583"}],"version-history":[{"count":8,"href":"https:\/\/dedemesquita.com.br\/index.php?rest_route=\/wp\/v2\/posts\/4583\/revisions"}],"predecessor-version":[{"id":4601,"href":"https:\/\/dedemesquita.com.br\/index.php?rest_route=\/wp\/v2\/posts\/4583\/revisions\/4601"}],"wp:featuredmedia":[{"embeddable":true,"href":"https:\/\/dedemesquita.com.br\/index.php?rest_route=\/wp\/v2\/media\/4591"}],"wp:attachment":[{"href":"https:\/\/dedemesquita.com.br\/index.php?rest_route=%2Fwp%2Fv2%2Fmedia&parent=4583"}],"wp:term":[{"taxonomy":"category","embeddable":true,"href":"https:\/\/dedemesquita.com.br\/index.php?rest_route=%2Fwp%2Fv2%2Fcategories&post=4583"},{"taxonomy":"post_tag","embeddable":true,"href":"https:\/\/dedemesquita.com.br\/index.php?rest_route=%2Fwp%2Fv2%2Ftags&post=4583"}],"curies":[{"name":"wp","href":"https:\/\/api.w.org\/{rel}","templated":true}]}}