{"id":4579,"date":"2022-07-16T16:30:32","date_gmt":"2022-07-16T19:30:32","guid":{"rendered":"https:\/\/dedemesquita.com.br\/?p=4579"},"modified":"2022-07-16T16:30:34","modified_gmt":"2022-07-16T19:30:34","slug":"ana-danin-esta-de-volta-ao-grupo-liberal-e-comanda-nova-fase-da-plataforma-liberal-amazon","status":"publish","type":"post","link":"https:\/\/dedemesquita.com.br\/?p=4579","title":{"rendered":"Ana Danin est\u00e1 de volta ao grupo Liberal e comanda nova fase da plataforma Liberal Amazon"},"content":{"rendered":"\n<p>A jornalista <strong>Ana Danin<\/strong>, que trabalhou no grupo O Liberal, no in\u00edcio dos anos 2000, no jornal Amaz\u00f4nia, como rep\u00f3rter, produtora-executiva e editora, est\u00e1 de volta \u00e0 velha casa, depois de ter passado pela comunica\u00e7\u00e3o empresarial na mineradora Hydro. Danin \u00e9 a nova editora-executiva da plataforma Liberal Amazon, que ter\u00e1 a primeira edi\u00e7\u00e3o neste domingo, dia 17. <\/p>\n\n\n\n<p>Liberal Amazon \u00e9 uma nova plataforma que ecoa vozes da Amaz\u00f4nia para o mundo. O projeto agora tem equipe pr\u00f3pria, &#8216;hub&#8217; de conte\u00fado multim\u00eddia bil\u00edngue e parcerias com institui\u00e7\u00f5es e articulistas de renome da regi\u00e3o. <\/p>\n\n\n\n<p>Quem tamb\u00e9m integra a equipe \u00e9 a jornalista <strong>Alice Morais<\/strong>, que tamb\u00e9m \u00e9 especialista em Comunica\u00e7\u00e3o Cient\u00edfica pelo Programa Internacional de Forma\u00e7\u00e3o de Especialistas em Desenvolvimento da Amaz\u00f4nia, da Universidade Federal do Par\u00e1 (UFPA). Em 2021, Alice foi a vencedora da regi\u00e3o Norte do programa FactCheckLab, da Ag\u00eancia Lupa com a Embaixada dos Estados Unidos, com um projeto de checagem de fatos.<\/p>\n\n\n\n<p><strong>Bil\u00edngue &#8211; <\/strong>A nova plataforma bil\u00edngue do grupo Liberal ir\u00e1 aprofundar e dar maior visibilidade para as quest\u00f5es amaz\u00f4nicas, a partir de pontos de vista de quem vive e conhece as diferentes realidades da regi\u00e3o. O projeto Liberal Amazon teve in\u00edcio em em 2021 e amplia a produ\u00e7\u00e3o de conte\u00fado em multiplataformas nessa nova fas. O site <a href=\"http:\/\/www.liberalamazon.com\"><strong>www.liberalamazon.com<\/strong><\/a> ser\u00e1 um \u201chub\u201d que serve de base de conte\u00fado multim\u00eddia e bil\u00edngue, que ser\u00e1 distribu\u00eddo em diferentes canais e formatos.<\/p>\n\n\n\n<p>Ana Danin ser\u00e1 respons\u00e1vel pelo planejamento das pautas, produ\u00e7\u00e3o de reportagens e articula\u00e7\u00e3o institucional do projeto para articulistas. Paraense, com 25 anos de experi\u00eancia em jornalismo e comunica\u00e7\u00e3o empresarial, ela afirma que est\u00e1 bastante motivada com o novo desafio.<\/p>\n\n\n\n<p>\u201c\u00c9 um projeto que nos estimula muito, pois poderemos abordar a nossa regi\u00e3o com o olhar de quem vive na Amaz\u00f4nia, dando espa\u00e7o e voz a quem produz conhecimento e vive os desafios da nossa terra diariamente. Teremos forte di\u00e1logo com diferentes institui\u00e7\u00f5es, que v\u00e3o nos auxiliar na curadoria de pautas e tamb\u00e9m vamos ter um forte esfor\u00e7o em projetar esse conte\u00fado internacionalmente, pois \u00e9 uma plataforma que nasce bil\u00edngue\u201d, destaca Danin.<\/p>\n\n\n\n<p>Ana Danin e Alice Morais t\u00eam amplo conhecimento sobre a Amaz\u00f4nia e avan\u00e7ada flu\u00eancia em ingl\u00eas &#8211; que foram alguns dos crit\u00e9rios para a forma\u00e7\u00e3o da equipe de conte\u00fado. &#8220;Ainda h\u00e1 uma lacuna no mercado do jornalismo em produzir reportagens aprofundadas sobre a realidade amaz\u00f4nica, a partir da vis\u00e3o de pessoas da Amaz\u00f4nia. Escrever e apurar dentro do projeto \u00e9 honrar o compromisso como jornalista da regi\u00e3o, e estou animada com essa oportunidade&#8221;, destaca Alice.<\/p>\n\n\n\n<p>Al\u00e9m das reportagens e artigos, o Liberal Amazon tamb\u00e9m agregar\u00e1 o conte\u00fado que ser\u00e1 produzido pelo <strong>\u201cAmaz\u00f4nia Check\u201d<\/strong>, projeto aprovado pelo YouTube e pelo International Center for Journalists (ICFJ), dentro do programa <strong>\u201cJogo Limpo\u201d<\/strong>. Nesse esfor\u00e7o, o grupo Liberal far\u00e1 checagem de informa\u00e7\u00f5es sobre a Amaz\u00f4nia que venham a ser ditas pelos candidatos \u00e0 presid\u00eancia da Rep\u00fablica nas elei\u00e7\u00f5es deste ano. <\/p>\n\n\n\n<p>A iniciativa de O Liberal ter\u00e1 acompanhamento do projeto Comprova, liderado pela Associa\u00e7\u00e3o Brasileira de Jornalismo Investigativo (Abraji), que atuar\u00e1 no apoio para treinamento e qualifica\u00e7\u00e3o da equipe que atuar\u00e1 no per\u00edodo das elei\u00e7\u00f5es.<\/p>\n\n\n\n<p><strong>Articulistas &#8211; <\/strong>A plataforma Liberal Amazon tamb\u00e9m contar\u00e1 com articulistas que v\u00e3o escrever sobre os desafios e solu\u00e7\u00f5es da Amaz\u00f4nia, abrindo mais um canal de visibilidade e reflex\u00e3o sobre a regi\u00e3o. Logo no lan\u00e7amento, o site j\u00e1 conta com artigos do ex-ministro <strong>Aldo Rebelo <\/strong>e do professor e pesquisador de seguran\u00e7a p\u00fablica, <strong>Aiala Couto<\/strong>, da Universidade do Estado do Par\u00e1 (Uepa).<\/p>\n\n\n\n<p>Nas pr\u00f3ximas semanas tamb\u00e9m ser\u00e3o publicados artigos do reitor da Universidade Federal do Par\u00e1 (UFPA), <strong>Emmanuel Tourinho<\/strong>, do presidente da Comiss\u00e3o Pr\u00f3-Amaz\u00f4nia da CNI (Confedera\u00e7\u00e3o Nacional da Ind\u00fastria), <strong>Marcelo Thom\u00e9<\/strong>, e da pesquisadora do Museu Paraense Emilio Goeldi, <strong>Ima Vieira<\/strong>. Outros articulistas tamb\u00e9m ser\u00e3o divulgados em breve, com diferentes pontos de vista sobre a regi\u00e3o.<\/p>\n\n\n\n<p><strong>Olhar Amaz\u00f4nico &#8211; <\/strong>O Liberal Amazon tamb\u00e9m ter\u00e1 em seu site e plataformas digitais uma exposi\u00e7\u00e3o virtual. Chamada de \u201cOlhar Amaz\u00f4nico\u201d, ela dar\u00e1 mais visibilidade \u00e0 produ\u00e7\u00e3o fotogr\u00e1fica de profissionais que retratam a regi\u00e3o. Ser\u00e3o cerca de 15 a 20 imagens que poder\u00e3o ser apreciadas por quem acessar o site, com breve perfil do autor e os contatos a cada nova edi\u00e7\u00e3o. <\/p>\n\n\n\n<p>A exposi\u00e7\u00e3o de estreia, j\u00e1 dispon\u00edvel em <a href=\"http:\/\/liberalamazon.com\"><strong>liberalamazon.com<\/strong><\/a>, \u00e9 do premiado fot\u00f3grafo <strong>Luiz Braga<\/strong>. Paraense de Bel\u00e9m, Luiz Braga tem 65 anos e fotografa desde os 11 anos de idade, atuando profissionalmente desde os 17. \u201cTenho orgulho de ter constru\u00eddo e seguir construindo uma obra sobre a Amaz\u00f4nia e com ela ter ganhado o mundo. Isso \u00e9 algo que tenho muito orgulho\u201d.<\/p>\n\n\n\n<p><strong>Servi\u00e7o: <\/strong>Al\u00e9m do site liberalamazon.com, o conte\u00fado do projeto ser\u00e1 tamb\u00e9m veiculado aos domingos no jornal O Liberal e em suas plataformas digitais. O <strong>podcast Liberal Amazon<\/strong>, 100% em ingl\u00eas, pode ser acessado pelo site, mas tamb\u00e9m por plataformas de distribui\u00e7\u00e3o de \u00e1udio, como o Spotify. J\u00e1 os v\u00eddeos estar\u00e3o tamb\u00e9m nas redes sociais de @oliberal e do @liberalamazon, assim como no LibPlay, no YouTube e no DailyMotion. As redes sociais de @liberalamazon estar\u00e3o em ingl\u00eas e os conte\u00fados em portugu\u00eas ser\u00e3o publicados no perfil de @oliberal.<\/p>\n\n\n\n<p><strong><em>Com informa\u00e7\u00f5es de O Liberal<\/em><\/strong><\/p>\n","protected":false},"excerpt":{"rendered":"<p>A jornalista Ana Danin, que trabalhou no grupo O Liberal, no in\u00edcio dos anos 2000, no jornal Amaz\u00f4nia, como rep\u00f3rter, produtora-executiva e editora, est\u00e1 de volta \u00e0 velha casa, depois de ter passado pela comunica\u00e7\u00e3o empresarial na mineradora Hydro. Danin \u00e9 a nova editora-executiva da plataforma Liberal Amazon, que ter\u00e1 a primeira edi\u00e7\u00e3o neste domingo, [&hellip;]<\/p>\n","protected":false},"author":2,"featured_media":4580,"comment_status":"open","ping_status":"open","sticky":false,"template":"","format":"standard","meta":{"footnotes":""},"categories":[51,14,29],"tags":[119,120,318,144],"class_list":["post-4579","post","type-post","status-publish","format-standard","has-post-thumbnail","hentry","category-destaque","category-imprensa","category-jornalismo","tag-jornalismo","tag-jornalistas-paraenses-em-acao","tag-liberal-amazon","tag-o-liberal"],"yoast_head":"<!-- This site is optimized with the Yoast SEO plugin v19.10 - https:\/\/yoast.com\/wordpress\/plugins\/seo\/ -->\n<title>Ana Danin est\u00e1 de volta ao grupo Liberal e comanda nova fase da plataforma Liberal Amazon - Ded\u00e9 Mesquita<\/title>\n<meta name=\"robots\" content=\"index, follow, max-snippet:-1, max-image-preview:large, max-video-preview:-1\" \/>\n<link rel=\"canonical\" href=\"https:\/\/dedemesquita.com.br\/?p=4579\" \/>\n<meta property=\"og:locale\" content=\"pt_BR\" \/>\n<meta property=\"og:type\" content=\"article\" \/>\n<meta property=\"og:title\" content=\"Ana Danin est\u00e1 de volta ao grupo Liberal e comanda nova fase da plataforma Liberal Amazon - Ded\u00e9 Mesquita\" \/>\n<meta property=\"og:description\" content=\"A jornalista Ana Danin, que trabalhou no grupo O Liberal, no in\u00edcio dos anos 2000, no jornal Amaz\u00f4nia, como rep\u00f3rter, produtora-executiva e editora, est\u00e1 de volta \u00e0 velha casa, depois de ter passado pela comunica\u00e7\u00e3o empresarial na mineradora Hydro. Danin \u00e9 a nova editora-executiva da plataforma Liberal Amazon, que ter\u00e1 a primeira edi\u00e7\u00e3o neste domingo, [&hellip;]\" \/>\n<meta property=\"og:url\" content=\"https:\/\/dedemesquita.com.br\/?p=4579\" \/>\n<meta property=\"og:site_name\" content=\"Ded\u00e9 Mesquita\" \/>\n<meta property=\"article:publisher\" content=\"https:\/\/www.facebook.com\/dede.mesquita\" \/>\n<meta property=\"article:published_time\" content=\"2022-07-16T19:30:32+00:00\" \/>\n<meta property=\"article:modified_time\" content=\"2022-07-16T19:30:34+00:00\" \/>\n<meta property=\"og:image\" content=\"https:\/\/dedemesquita.com.br\/wp-content\/uploads\/2022\/07\/WhatsApp-Image-2022-07-15-at-21.04.46.jpeg\" \/>\n\t<meta property=\"og:image:width\" content=\"894\" \/>\n\t<meta property=\"og:image:height\" content=\"494\" \/>\n\t<meta property=\"og:image:type\" content=\"image\/jpeg\" \/>\n<meta name=\"author\" content=\"Ded\u00e9 Mesquita\" \/>\n<meta name=\"twitter:card\" content=\"summary_large_image\" \/>\n<meta name=\"twitter:creator\" content=\"@dedemesquita\" \/>\n<meta name=\"twitter:site\" content=\"@dedemesquita\" \/>\n<meta name=\"twitter:label1\" content=\"Escrito por\" \/>\n\t<meta name=\"twitter:data1\" content=\"Ded\u00e9 Mesquita\" \/>\n\t<meta name=\"twitter:label2\" content=\"Est. tempo de leitura\" \/>\n\t<meta name=\"twitter:data2\" content=\"5 minutos\" \/>\n<script type=\"application\/ld+json\" class=\"yoast-schema-graph\">{\"@context\":\"https:\/\/schema.org\",\"@graph\":[{\"@type\":\"WebPage\",\"@id\":\"https:\/\/dedemesquita.com.br\/?p=4579\",\"url\":\"https:\/\/dedemesquita.com.br\/?p=4579\",\"name\":\"Ana Danin est\u00e1 de volta ao grupo Liberal e comanda nova fase da plataforma Liberal Amazon - Ded\u00e9 Mesquita\",\"isPartOf\":{\"@id\":\"https:\/\/dedemesquita.com.br\/#website\"},\"datePublished\":\"2022-07-16T19:30:32+00:00\",\"dateModified\":\"2022-07-16T19:30:34+00:00\",\"author\":{\"@id\":\"https:\/\/dedemesquita.com.br\/#\/schema\/person\/36571f81dd2d76dc3ab37231542c9e24\"},\"breadcrumb\":{\"@id\":\"https:\/\/dedemesquita.com.br\/?p=4579#breadcrumb\"},\"inLanguage\":\"pt-BR\",\"potentialAction\":[{\"@type\":\"ReadAction\",\"target\":[\"https:\/\/dedemesquita.com.br\/?p=4579\"]}]},{\"@type\":\"BreadcrumbList\",\"@id\":\"https:\/\/dedemesquita.com.br\/?p=4579#breadcrumb\",\"itemListElement\":[{\"@type\":\"ListItem\",\"position\":1,\"name\":\"In\u00edcio\",\"item\":\"https:\/\/dedemesquita.com.br\/\"},{\"@type\":\"ListItem\",\"position\":2,\"name\":\"Ana Danin est\u00e1 de volta ao grupo Liberal e comanda nova fase da plataforma Liberal Amazon\"}]},{\"@type\":\"WebSite\",\"@id\":\"https:\/\/dedemesquita.com.br\/#website\",\"url\":\"https:\/\/dedemesquita.com.br\/\",\"name\":\"Ded\u00e9 Mesquita\",\"description\":\"Um site que mostra os bastidores da imprensa no estado do Par\u00e1 e em Bel\u00e9m\",\"potentialAction\":[{\"@type\":\"SearchAction\",\"target\":{\"@type\":\"EntryPoint\",\"urlTemplate\":\"https:\/\/dedemesquita.com.br\/?s={search_term_string}\"},\"query-input\":\"required name=search_term_string\"}],\"inLanguage\":\"pt-BR\"},{\"@type\":\"Person\",\"@id\":\"https:\/\/dedemesquita.com.br\/#\/schema\/person\/36571f81dd2d76dc3ab37231542c9e24\",\"name\":\"Ded\u00e9 Mesquita\",\"image\":{\"@type\":\"ImageObject\",\"inLanguage\":\"pt-BR\",\"@id\":\"https:\/\/dedemesquita.com.br\/#\/schema\/person\/image\/\",\"url\":\"https:\/\/dedemesquita.com.br\/wp-content\/uploads\/2021\/02\/foto_perfil-150x150.jpg\",\"contentUrl\":\"https:\/\/dedemesquita.com.br\/wp-content\/uploads\/2021\/02\/foto_perfil-150x150.jpg\",\"caption\":\"Ded\u00e9 Mesquita\"},\"sameAs\":[\"https:\/\/dedemesquita.com.br\"]}]}<\/script>\n<!-- \/ Yoast SEO plugin. -->","yoast_head_json":{"title":"Ana Danin est\u00e1 de volta ao grupo Liberal e comanda nova fase da plataforma Liberal Amazon - Ded\u00e9 Mesquita","robots":{"index":"index","follow":"follow","max-snippet":"max-snippet:-1","max-image-preview":"max-image-preview:large","max-video-preview":"max-video-preview:-1"},"canonical":"https:\/\/dedemesquita.com.br\/?p=4579","og_locale":"pt_BR","og_type":"article","og_title":"Ana Danin est\u00e1 de volta ao grupo Liberal e comanda nova fase da plataforma Liberal Amazon - Ded\u00e9 Mesquita","og_description":"A jornalista Ana Danin, que trabalhou no grupo O Liberal, no in\u00edcio dos anos 2000, no jornal Amaz\u00f4nia, como rep\u00f3rter, produtora-executiva e editora, est\u00e1 de volta \u00e0 velha casa, depois de ter passado pela comunica\u00e7\u00e3o empresarial na mineradora Hydro. Danin \u00e9 a nova editora-executiva da plataforma Liberal Amazon, que ter\u00e1 a primeira edi\u00e7\u00e3o neste domingo, [&hellip;]","og_url":"https:\/\/dedemesquita.com.br\/?p=4579","og_site_name":"Ded\u00e9 Mesquita","article_publisher":"https:\/\/www.facebook.com\/dede.mesquita","article_published_time":"2022-07-16T19:30:32+00:00","article_modified_time":"2022-07-16T19:30:34+00:00","og_image":[{"width":894,"height":494,"url":"https:\/\/dedemesquita.com.br\/wp-content\/uploads\/2022\/07\/WhatsApp-Image-2022-07-15-at-21.04.46.jpeg","type":"image\/jpeg"}],"author":"Ded\u00e9 Mesquita","twitter_card":"summary_large_image","twitter_creator":"@dedemesquita","twitter_site":"@dedemesquita","twitter_misc":{"Escrito por":"Ded\u00e9 Mesquita","Est. tempo de leitura":"5 minutos"},"schema":{"@context":"https:\/\/schema.org","@graph":[{"@type":"WebPage","@id":"https:\/\/dedemesquita.com.br\/?p=4579","url":"https:\/\/dedemesquita.com.br\/?p=4579","name":"Ana Danin est\u00e1 de volta ao grupo Liberal e comanda nova fase da plataforma Liberal Amazon - Ded\u00e9 Mesquita","isPartOf":{"@id":"https:\/\/dedemesquita.com.br\/#website"},"datePublished":"2022-07-16T19:30:32+00:00","dateModified":"2022-07-16T19:30:34+00:00","author":{"@id":"https:\/\/dedemesquita.com.br\/#\/schema\/person\/36571f81dd2d76dc3ab37231542c9e24"},"breadcrumb":{"@id":"https:\/\/dedemesquita.com.br\/?p=4579#breadcrumb"},"inLanguage":"pt-BR","potentialAction":[{"@type":"ReadAction","target":["https:\/\/dedemesquita.com.br\/?p=4579"]}]},{"@type":"BreadcrumbList","@id":"https:\/\/dedemesquita.com.br\/?p=4579#breadcrumb","itemListElement":[{"@type":"ListItem","position":1,"name":"In\u00edcio","item":"https:\/\/dedemesquita.com.br\/"},{"@type":"ListItem","position":2,"name":"Ana Danin est\u00e1 de volta ao grupo Liberal e comanda nova fase da plataforma Liberal Amazon"}]},{"@type":"WebSite","@id":"https:\/\/dedemesquita.com.br\/#website","url":"https:\/\/dedemesquita.com.br\/","name":"Ded\u00e9 Mesquita","description":"Um site que mostra os bastidores da imprensa no estado do Par\u00e1 e em Bel\u00e9m","potentialAction":[{"@type":"SearchAction","target":{"@type":"EntryPoint","urlTemplate":"https:\/\/dedemesquita.com.br\/?s={search_term_string}"},"query-input":"required name=search_term_string"}],"inLanguage":"pt-BR"},{"@type":"Person","@id":"https:\/\/dedemesquita.com.br\/#\/schema\/person\/36571f81dd2d76dc3ab37231542c9e24","name":"Ded\u00e9 Mesquita","image":{"@type":"ImageObject","inLanguage":"pt-BR","@id":"https:\/\/dedemesquita.com.br\/#\/schema\/person\/image\/","url":"https:\/\/dedemesquita.com.br\/wp-content\/uploads\/2021\/02\/foto_perfil-150x150.jpg","contentUrl":"https:\/\/dedemesquita.com.br\/wp-content\/uploads\/2021\/02\/foto_perfil-150x150.jpg","caption":"Ded\u00e9 Mesquita"},"sameAs":["https:\/\/dedemesquita.com.br"]}]}},"_links":{"self":[{"href":"https:\/\/dedemesquita.com.br\/index.php?rest_route=\/wp\/v2\/posts\/4579"}],"collection":[{"href":"https:\/\/dedemesquita.com.br\/index.php?rest_route=\/wp\/v2\/posts"}],"about":[{"href":"https:\/\/dedemesquita.com.br\/index.php?rest_route=\/wp\/v2\/types\/post"}],"author":[{"embeddable":true,"href":"https:\/\/dedemesquita.com.br\/index.php?rest_route=\/wp\/v2\/users\/2"}],"replies":[{"embeddable":true,"href":"https:\/\/dedemesquita.com.br\/index.php?rest_route=%2Fwp%2Fv2%2Fcomments&post=4579"}],"version-history":[{"count":1,"href":"https:\/\/dedemesquita.com.br\/index.php?rest_route=\/wp\/v2\/posts\/4579\/revisions"}],"predecessor-version":[{"id":4581,"href":"https:\/\/dedemesquita.com.br\/index.php?rest_route=\/wp\/v2\/posts\/4579\/revisions\/4581"}],"wp:featuredmedia":[{"embeddable":true,"href":"https:\/\/dedemesquita.com.br\/index.php?rest_route=\/wp\/v2\/media\/4580"}],"wp:attachment":[{"href":"https:\/\/dedemesquita.com.br\/index.php?rest_route=%2Fwp%2Fv2%2Fmedia&parent=4579"}],"wp:term":[{"taxonomy":"category","embeddable":true,"href":"https:\/\/dedemesquita.com.br\/index.php?rest_route=%2Fwp%2Fv2%2Fcategories&post=4579"},{"taxonomy":"post_tag","embeddable":true,"href":"https:\/\/dedemesquita.com.br\/index.php?rest_route=%2Fwp%2Fv2%2Ftags&post=4579"}],"curies":[{"name":"wp","href":"https:\/\/api.w.org\/{rel}","templated":true}]}}