{"id":4369,"date":"2022-06-13T09:16:20","date_gmt":"2022-06-13T12:16:20","guid":{"rendered":"https:\/\/dedemesquita.com.br\/?p=4369"},"modified":"2022-06-13T13:42:34","modified_gmt":"2022-06-13T16:42:34","slug":"primeiro-arrastao-do-arraial-do-pavulagem-leva-uma-multidao-as-ruas-de-belem","status":"publish","type":"post","link":"https:\/\/dedemesquita.com.br\/?p=4369","title":{"rendered":"Primeiro arrast\u00e3o do Arraial do Pavulagem leva uma multid\u00e3o \u00e0s ruas de Bel\u00e9m"},"content":{"rendered":"\n<p>H\u00e1 35 anos, todos conhecem essa convoca\u00e7\u00e3o: &#8220;Chamou Pavulagem, vaqueiro? Terra vai tremer!&#8221;. E tremeu. Tremeram  muito as ruas do Centro de Bel\u00e9m, entre as pra\u00e7as da Rep\u00fablica e dos Estivadores, ao longo das avenidas Presidente Vargas e Boulevard Castilhos Fran\u00e7a. <\/p>\n\n\n\n<div class=\"wp-block-image\"><figure class=\"aligncenter size-full\"><img loading=\"lazy\" decoding=\"async\" width=\"900\" height=\"1600\" src=\"https:\/\/dedemesquita.com.br\/wp-content\/uploads\/2022\/06\/pavulagem.jpg\" alt=\"\" class=\"wp-image-4409\" srcset=\"https:\/\/dedemesquita.com.br\/wp-content\/uploads\/2022\/06\/pavulagem.jpg 900w, https:\/\/dedemesquita.com.br\/wp-content\/uploads\/2022\/06\/pavulagem-768x1365.jpg 768w, https:\/\/dedemesquita.com.br\/wp-content\/uploads\/2022\/06\/pavulagem-864x1536.jpg 864w\" sizes=\"(max-width: 900px) 100vw, 900px\" \/><figcaption>E essa multid\u00e3o que lembra o C\u00edrio?<\/figcaption><\/figure><\/div>\n\n\n\n<p>E tremeram mais ainda as pessoas \u00e1vidas do Arrast\u00e3o do Pavulagem que h\u00e1 dois anos, devido \u00e0 pandemia de covid-19, n\u00e3o sa\u00eda \u00e0s ruas da capital paraense. O primeiro arrast\u00e3o neste domingo, 12, foi uma loucura de tanta gente. Quase um C\u00edrio de Nazar\u00e9.<\/p>\n\n\n\n<p>E, \u00e9 claro, o Pavulagem coloca toda a imprensa em alerta e a cobertura \u00e9 garantida. Vamos a ela.<\/p>\n\n\n\n<div class=\"wp-block-image\"><figure class=\"aligncenter size-full\"><img loading=\"lazy\" decoding=\"async\" width=\"950\" height=\"598\" src=\"https:\/\/dedemesquita.com.br\/wp-content\/uploads\/2022\/06\/WhatsApp-Image-2022-06-12-at-13.39.54-1.jpeg\" alt=\"\" class=\"wp-image-4371\" srcset=\"https:\/\/dedemesquita.com.br\/wp-content\/uploads\/2022\/06\/WhatsApp-Image-2022-06-12-at-13.39.54-1.jpeg 950w, https:\/\/dedemesquita.com.br\/wp-content\/uploads\/2022\/06\/WhatsApp-Image-2022-06-12-at-13.39.54-1-768x483.jpeg 768w\" sizes=\"(max-width: 950px) 100vw, 950px\" \/><figcaption>Olha essa sequ\u00eancia de fotos do Cl\u00e1udio Pinheiro feitas pelo Igor Mota <\/figcaption><\/figure><\/div>\n\n\n\n<div class=\"wp-block-image\"><figure class=\"aligncenter size-full\"><img loading=\"lazy\" decoding=\"async\" width=\"950\" height=\"633\" src=\"https:\/\/dedemesquita.com.br\/wp-content\/uploads\/2022\/06\/WhatsApp-Image-2022-06-12-at-13.39.54.jpeg\" alt=\"\" class=\"wp-image-4372\" srcset=\"https:\/\/dedemesquita.com.br\/wp-content\/uploads\/2022\/06\/WhatsApp-Image-2022-06-12-at-13.39.54.jpeg 950w, https:\/\/dedemesquita.com.br\/wp-content\/uploads\/2022\/06\/WhatsApp-Image-2022-06-12-at-13.39.54-768x512.jpeg 768w\" sizes=\"(max-width: 950px) 100vw, 950px\" \/><figcaption>&#8230; o Pinheiro ainda em cima do caminh\u00e3o&#8230;<\/figcaption><\/figure><\/div>\n\n\n\n<div class=\"wp-block-image\"><figure class=\"aligncenter size-full\"><img loading=\"lazy\" decoding=\"async\" width=\"900\" height=\"599\" src=\"https:\/\/dedemesquita.com.br\/wp-content\/uploads\/2022\/06\/WhatsApp-Image-2022-06-12-at-13.39.54-2.jpeg\" alt=\"\" class=\"wp-image-4373\" srcset=\"https:\/\/dedemesquita.com.br\/wp-content\/uploads\/2022\/06\/WhatsApp-Image-2022-06-12-at-13.39.54-2.jpeg 900w, https:\/\/dedemesquita.com.br\/wp-content\/uploads\/2022\/06\/WhatsApp-Image-2022-06-12-at-13.39.54-2-768x511.jpeg 768w, https:\/\/dedemesquita.com.br\/wp-content\/uploads\/2022\/06\/WhatsApp-Image-2022-06-12-at-13.39.54-2-600x398.jpeg 600w\" sizes=\"(max-width: 900px) 100vw, 900px\" \/><figcaption>&#8230; e Pinheiro no ch\u00e3o, ch\u00e3o <\/figcaption><\/figure><\/div>\n\n\n\n<div class=\"wp-block-image\"><figure class=\"aligncenter size-full\"><img loading=\"lazy\" decoding=\"async\" width=\"900\" height=\"504\" src=\"https:\/\/dedemesquita.com.br\/wp-content\/uploads\/2022\/06\/WhatsApp-Image-2022-06-12-at-13.40.52.jpeg\" alt=\"\" class=\"wp-image-4374\" srcset=\"https:\/\/dedemesquita.com.br\/wp-content\/uploads\/2022\/06\/WhatsApp-Image-2022-06-12-at-13.40.52.jpeg 900w, https:\/\/dedemesquita.com.br\/wp-content\/uploads\/2022\/06\/WhatsApp-Image-2022-06-12-at-13.40.52-768x430.jpeg 768w\" sizes=\"(max-width: 900px) 100vw, 900px\" \/><figcaption>Osmarino Sousa em plena a\u00e7\u00e3o em foto do Igor Mota <\/figcaption><\/figure><\/div>\n\n\n\n<div class=\"wp-block-image\"><figure class=\"aligncenter size-full\"><img loading=\"lazy\" decoding=\"async\" width=\"900\" height=\"504\" src=\"https:\/\/dedemesquita.com.br\/wp-content\/uploads\/2022\/06\/WhatsApp-Image-2022-06-12-at-13.40.53.jpeg\" alt=\"\" class=\"wp-image-4375\" srcset=\"https:\/\/dedemesquita.com.br\/wp-content\/uploads\/2022\/06\/WhatsApp-Image-2022-06-12-at-13.40.53.jpeg 900w, https:\/\/dedemesquita.com.br\/wp-content\/uploads\/2022\/06\/WhatsApp-Image-2022-06-12-at-13.40.53-768x430.jpeg 768w\" sizes=\"(max-width: 900px) 100vw, 900px\" \/><figcaption>E Osmarino encantado com o boi, olha o boi&#8230;  (foto de Igor Mota) <\/figcaption><\/figure><\/div>\n\n\n\n<div class=\"wp-block-image\"><figure class=\"aligncenter size-full\"><img loading=\"lazy\" decoding=\"async\" width=\"900\" height=\"593\" src=\"https:\/\/dedemesquita.com.br\/wp-content\/uploads\/2022\/06\/WhatsApp-Image-2022-06-12-at-13.41.15.jpeg\" alt=\"\" class=\"wp-image-4376\" srcset=\"https:\/\/dedemesquita.com.br\/wp-content\/uploads\/2022\/06\/WhatsApp-Image-2022-06-12-at-13.41.15.jpeg 900w, https:\/\/dedemesquita.com.br\/wp-content\/uploads\/2022\/06\/WhatsApp-Image-2022-06-12-at-13.41.15-768x506.jpeg 768w, https:\/\/dedemesquita.com.br\/wp-content\/uploads\/2022\/06\/WhatsApp-Image-2022-06-12-at-13.41.15-850x560.jpeg 850w, https:\/\/dedemesquita.com.br\/wp-content\/uploads\/2022\/06\/WhatsApp-Image-2022-06-12-at-13.41.15-455x300.jpeg 455w\" sizes=\"(max-width: 900px) 100vw, 900px\" \/><figcaption>Fabyo Cruz, da Reda\u00e7\u00e3o Integrada O Liberal (foto de Osmarino Sousa)<\/figcaption><\/figure><\/div>\n\n\n\n<div class=\"wp-block-image\"><figure class=\"aligncenter size-full\"><img loading=\"lazy\" decoding=\"async\" width=\"900\" height=\"581\" src=\"https:\/\/dedemesquita.com.br\/wp-content\/uploads\/2022\/06\/WhatsApp-Image-2022-06-12-at-13.37.27.jpeg\" alt=\"\" class=\"wp-image-4377\" srcset=\"https:\/\/dedemesquita.com.br\/wp-content\/uploads\/2022\/06\/WhatsApp-Image-2022-06-12-at-13.37.27.jpeg 900w, https:\/\/dedemesquita.com.br\/wp-content\/uploads\/2022\/06\/WhatsApp-Image-2022-06-12-at-13.37.27-768x496.jpeg 768w\" sizes=\"(max-width: 900px) 100vw, 900px\" \/><figcaption>S\u00f3 assim pro Heldisssss aparecer no meu site, em pauta positiva. Rum!  (foto de Osmarino Sousa) <\/figcaption><\/figure><\/div>\n\n\n\n<div class=\"wp-block-image\"><figure class=\"aligncenter size-full\"><img loading=\"lazy\" decoding=\"async\" width=\"950\" height=\"590\" src=\"https:\/\/dedemesquita.com.br\/wp-content\/uploads\/2022\/06\/WhatsApp-Image-2022-06-12-at-16.42.24.jpeg\" alt=\"\" class=\"wp-image-4378\" srcset=\"https:\/\/dedemesquita.com.br\/wp-content\/uploads\/2022\/06\/WhatsApp-Image-2022-06-12-at-16.42.24.jpeg 950w, https:\/\/dedemesquita.com.br\/wp-content\/uploads\/2022\/06\/WhatsApp-Image-2022-06-12-at-16.42.24-768x477.jpeg 768w\" sizes=\"(max-width: 950px) 100vw, 950px\" \/><figcaption>Est\u00e1 pensando que \u00e9 f\u00e1cil? Tem que colocar o povo mais animado ainda, n\u00e9, Motinha?  (foto de Osmarino Sousa) <\/figcaption><\/figure><\/div>\n\n\n\n<div class=\"wp-block-image\"><figure class=\"aligncenter size-full\"><img loading=\"lazy\" decoding=\"async\" width=\"716\" height=\"491\" src=\"https:\/\/dedemesquita.com.br\/wp-content\/uploads\/2022\/06\/WhatsApp-Image-2022-06-12-at-16.54.04.jpeg\" alt=\"\" class=\"wp-image-4379\"\/><figcaption>Antenor Filho e Igor Mota  (foto de Osmarino Sousa) <\/figcaption><\/figure><\/div>\n\n\n\n<div class=\"wp-block-image\"><figure class=\"aligncenter size-full\"><img loading=\"lazy\" decoding=\"async\" width=\"718\" height=\"487\" src=\"https:\/\/dedemesquita.com.br\/wp-content\/uploads\/2022\/06\/WhatsApp-Image-2022-06-13-at-08.15.19-3.jpeg\" alt=\"\" class=\"wp-image-4380\"\/><figcaption>O Filipe Bispo Vale \u00e9 pavulagem, sim <\/figcaption><\/figure><\/div>\n\n\n\n<div class=\"wp-block-image\"><figure class=\"aligncenter size-full\"><img loading=\"lazy\" decoding=\"async\" width=\"720\" height=\"930\" src=\"https:\/\/dedemesquita.com.br\/wp-content\/uploads\/2022\/06\/WhatsApp-Image-2022-06-13-at-08.15.19-2.jpeg\" alt=\"\" class=\"wp-image-4381\"\/><figcaption>Os retratistas Marx Vasconcelos, Filipe Bispo, Thiago Gomes e Carmem Helena <\/figcaption><\/figure><\/div>\n\n\n\n<div class=\"wp-block-image\"><figure class=\"aligncenter size-full\"><img loading=\"lazy\" decoding=\"async\" width=\"720\" height=\"779\" src=\"https:\/\/dedemesquita.com.br\/wp-content\/uploads\/2022\/06\/WhatsApp-Image-2022-06-13-at-08.15.19-1.jpeg\" alt=\"\" class=\"wp-image-4382\"\/><figcaption>Thiago Gomes e Marx Vasconcelos na gaiatices, sempre <\/figcaption><\/figure><\/div>\n\n\n\n<div class=\"wp-block-image\"><figure class=\"aligncenter size-full\"><img loading=\"lazy\" decoding=\"async\" width=\"720\" height=\"938\" src=\"https:\/\/dedemesquita.com.br\/wp-content\/uploads\/2022\/06\/WhatsApp-Image-2022-06-13-at-08.15.19.jpeg\" alt=\"\" class=\"wp-image-4383\"\/><figcaption>E o Marx Vasconcelos que faz parte do Batalh\u00e3o das Estrelas? Arrasou, migs!!!<\/figcaption><\/figure><\/div>\n\n\n\n<div class=\"wp-block-image\"><figure class=\"aligncenter size-full\"><img loading=\"lazy\" decoding=\"async\" width=\"720\" height=\"847\" src=\"https:\/\/dedemesquita.com.br\/wp-content\/uploads\/2022\/06\/WhatsApp-Image-2022-06-13-at-08.15.18.jpeg\" alt=\"\" class=\"wp-image-4384\"\/><figcaption>A equipe da TV Liberal com o Gustavo Ferreira e o cinegrafista Mois\u00e9s Nascimento <\/figcaption><\/figure><\/div>\n\n\n\n<div class=\"wp-block-image\"><figure class=\"aligncenter size-full\"><img loading=\"lazy\" decoding=\"async\" width=\"900\" height=\"900\" src=\"https:\/\/dedemesquita.com.br\/wp-content\/uploads\/2022\/06\/WhatsApp-Image-2022-06-13-at-13.17.14.jpeg\" alt=\"\" class=\"wp-image-4414\" srcset=\"https:\/\/dedemesquita.com.br\/wp-content\/uploads\/2022\/06\/WhatsApp-Image-2022-06-13-at-13.17.14.jpeg 900w, https:\/\/dedemesquita.com.br\/wp-content\/uploads\/2022\/06\/WhatsApp-Image-2022-06-13-at-13.17.14-150x150.jpeg 150w, https:\/\/dedemesquita.com.br\/wp-content\/uploads\/2022\/06\/WhatsApp-Image-2022-06-13-at-13.17.14-768x768.jpeg 768w\" sizes=\"(max-width: 900px) 100vw, 900px\" \/><figcaption>Filipe Bispo Vale no meio da multid\u00e3o e do Pavulagem <\/figcaption><\/figure><\/div>\n\n\n\n<div class=\"wp-block-image\"><figure class=\"aligncenter size-full\"><img loading=\"lazy\" decoding=\"async\" width=\"900\" height=\"900\" src=\"https:\/\/dedemesquita.com.br\/wp-content\/uploads\/2022\/06\/WhatsApp-Image-2022-06-13-at-13.17.14-1.jpeg\" alt=\"\" class=\"wp-image-4415\" srcset=\"https:\/\/dedemesquita.com.br\/wp-content\/uploads\/2022\/06\/WhatsApp-Image-2022-06-13-at-13.17.14-1.jpeg 900w, https:\/\/dedemesquita.com.br\/wp-content\/uploads\/2022\/06\/WhatsApp-Image-2022-06-13-at-13.17.14-1-150x150.jpeg 150w, https:\/\/dedemesquita.com.br\/wp-content\/uploads\/2022\/06\/WhatsApp-Image-2022-06-13-at-13.17.14-1-768x768.jpeg 768w\" sizes=\"(max-width: 900px) 100vw, 900px\" \/><figcaption>Bruno Carachesti e essa &#8220;olimpus&#8221;? <\/figcaption><\/figure><\/div>\n\n\n\n<div class=\"wp-block-image\"><figure class=\"aligncenter size-full\"><img loading=\"lazy\" decoding=\"async\" width=\"900\" height=\"900\" src=\"https:\/\/dedemesquita.com.br\/wp-content\/uploads\/2022\/06\/WhatsApp-Image-2022-06-13-at-13.17.15.jpeg\" alt=\"\" class=\"wp-image-4416\" srcset=\"https:\/\/dedemesquita.com.br\/wp-content\/uploads\/2022\/06\/WhatsApp-Image-2022-06-13-at-13.17.15.jpeg 900w, https:\/\/dedemesquita.com.br\/wp-content\/uploads\/2022\/06\/WhatsApp-Image-2022-06-13-at-13.17.15-150x150.jpeg 150w, https:\/\/dedemesquita.com.br\/wp-content\/uploads\/2022\/06\/WhatsApp-Image-2022-06-13-at-13.17.15-768x768.jpeg 768w\" sizes=\"(max-width: 900px) 100vw, 900px\" \/><figcaption>Pela TV Cultura, Anna Paula Mello e o o R\u00f4mulo <\/figcaption><\/figure><\/div>\n","protected":false},"excerpt":{"rendered":"<p>H\u00e1 35 anos, todos conhecem essa convoca\u00e7\u00e3o: &#8220;Chamou Pavulagem, vaqueiro? Terra vai tremer!&#8221;. E tremeu. Tremeram muito as ruas do Centro de Bel\u00e9m, entre as pra\u00e7as da Rep\u00fablica e dos Estivadores, ao longo das avenidas Presidente Vargas e Boulevard Castilhos Fran\u00e7a. E tremeram mais ainda as pessoas \u00e1vidas do Arrast\u00e3o do Pavulagem que h\u00e1 dois [&hellip;]<\/p>\n","protected":false},"author":2,"featured_media":4370,"comment_status":"open","ping_status":"open","sticky":false,"template":"","format":"standard","meta":{"footnotes":""},"categories":[51,14,29],"tags":[311,181,119,120,144,137],"class_list":["post-4369","post","type-post","status-publish","format-standard","has-post-thumbnail","hentry","category-destaque","category-imprensa","category-jornalismo","tag-arrastao-do-pavulagem","tag-diario-do-para","tag-jornalismo","tag-jornalistas-paraenses-em-acao","tag-o-liberal","tag-tv-liberal"],"yoast_head":"<!-- This site is optimized with the Yoast SEO plugin v19.10 - https:\/\/yoast.com\/wordpress\/plugins\/seo\/ -->\n<title>Primeiro arrast\u00e3o do Arraial do Pavulagem leva uma multid\u00e3o \u00e0s ruas de Bel\u00e9m - Ded\u00e9 Mesquita<\/title>\n<meta name=\"robots\" content=\"index, follow, max-snippet:-1, max-image-preview:large, max-video-preview:-1\" \/>\n<link rel=\"canonical\" href=\"https:\/\/dedemesquita.com.br\/?p=4369\" \/>\n<meta property=\"og:locale\" content=\"pt_BR\" \/>\n<meta property=\"og:type\" content=\"article\" \/>\n<meta property=\"og:title\" content=\"Primeiro arrast\u00e3o do Arraial do Pavulagem leva uma multid\u00e3o \u00e0s ruas de Bel\u00e9m - Ded\u00e9 Mesquita\" \/>\n<meta property=\"og:description\" content=\"H\u00e1 35 anos, todos conhecem essa convoca\u00e7\u00e3o: &#8220;Chamou Pavulagem, vaqueiro? Terra vai tremer!&#8221;. E tremeu. Tremeram muito as ruas do Centro de Bel\u00e9m, entre as pra\u00e7as da Rep\u00fablica e dos Estivadores, ao longo das avenidas Presidente Vargas e Boulevard Castilhos Fran\u00e7a. E tremeram mais ainda as pessoas \u00e1vidas do Arrast\u00e3o do Pavulagem que h\u00e1 dois [&hellip;]\" \/>\n<meta property=\"og:url\" content=\"https:\/\/dedemesquita.com.br\/?p=4369\" \/>\n<meta property=\"og:site_name\" content=\"Ded\u00e9 Mesquita\" \/>\n<meta property=\"article:publisher\" content=\"https:\/\/www.facebook.com\/dede.mesquita\" \/>\n<meta property=\"article:published_time\" content=\"2022-06-13T12:16:20+00:00\" \/>\n<meta property=\"article:modified_time\" content=\"2022-06-13T16:42:34+00:00\" \/>\n<meta property=\"og:image\" content=\"https:\/\/dedemesquita.com.br\/wp-content\/uploads\/2022\/06\/WhatsApp-Image-2022-06-12-at-13.40.40.jpeg\" \/>\n\t<meta property=\"og:image:width\" content=\"1000\" \/>\n\t<meta property=\"og:image:height\" content=\"649\" \/>\n\t<meta property=\"og:image:type\" content=\"image\/jpeg\" \/>\n<meta name=\"author\" content=\"Ded\u00e9 Mesquita\" \/>\n<meta name=\"twitter:card\" content=\"summary_large_image\" \/>\n<meta name=\"twitter:creator\" content=\"@dedemesquita\" \/>\n<meta name=\"twitter:site\" content=\"@dedemesquita\" \/>\n<meta name=\"twitter:label1\" content=\"Escrito por\" \/>\n\t<meta name=\"twitter:data1\" content=\"Ded\u00e9 Mesquita\" \/>\n\t<meta name=\"twitter:label2\" content=\"Est. tempo de leitura\" \/>\n\t<meta name=\"twitter:data2\" content=\"6 minutos\" \/>\n<script type=\"application\/ld+json\" class=\"yoast-schema-graph\">{\"@context\":\"https:\/\/schema.org\",\"@graph\":[{\"@type\":\"WebPage\",\"@id\":\"https:\/\/dedemesquita.com.br\/?p=4369\",\"url\":\"https:\/\/dedemesquita.com.br\/?p=4369\",\"name\":\"Primeiro arrast\u00e3o do Arraial do Pavulagem leva uma multid\u00e3o \u00e0s ruas de Bel\u00e9m - Ded\u00e9 Mesquita\",\"isPartOf\":{\"@id\":\"https:\/\/dedemesquita.com.br\/#website\"},\"datePublished\":\"2022-06-13T12:16:20+00:00\",\"dateModified\":\"2022-06-13T16:42:34+00:00\",\"author\":{\"@id\":\"https:\/\/dedemesquita.com.br\/#\/schema\/person\/36571f81dd2d76dc3ab37231542c9e24\"},\"breadcrumb\":{\"@id\":\"https:\/\/dedemesquita.com.br\/?p=4369#breadcrumb\"},\"inLanguage\":\"pt-BR\",\"potentialAction\":[{\"@type\":\"ReadAction\",\"target\":[\"https:\/\/dedemesquita.com.br\/?p=4369\"]}]},{\"@type\":\"BreadcrumbList\",\"@id\":\"https:\/\/dedemesquita.com.br\/?p=4369#breadcrumb\",\"itemListElement\":[{\"@type\":\"ListItem\",\"position\":1,\"name\":\"In\u00edcio\",\"item\":\"https:\/\/dedemesquita.com.br\/\"},{\"@type\":\"ListItem\",\"position\":2,\"name\":\"Primeiro arrast\u00e3o do Arraial do Pavulagem leva uma multid\u00e3o \u00e0s ruas de Bel\u00e9m\"}]},{\"@type\":\"WebSite\",\"@id\":\"https:\/\/dedemesquita.com.br\/#website\",\"url\":\"https:\/\/dedemesquita.com.br\/\",\"name\":\"Ded\u00e9 Mesquita\",\"description\":\"Um site que mostra os bastidores da imprensa no estado do Par\u00e1 e em Bel\u00e9m\",\"potentialAction\":[{\"@type\":\"SearchAction\",\"target\":{\"@type\":\"EntryPoint\",\"urlTemplate\":\"https:\/\/dedemesquita.com.br\/?s={search_term_string}\"},\"query-input\":\"required name=search_term_string\"}],\"inLanguage\":\"pt-BR\"},{\"@type\":\"Person\",\"@id\":\"https:\/\/dedemesquita.com.br\/#\/schema\/person\/36571f81dd2d76dc3ab37231542c9e24\",\"name\":\"Ded\u00e9 Mesquita\",\"image\":{\"@type\":\"ImageObject\",\"inLanguage\":\"pt-BR\",\"@id\":\"https:\/\/dedemesquita.com.br\/#\/schema\/person\/image\/\",\"url\":\"https:\/\/dedemesquita.com.br\/wp-content\/uploads\/2021\/02\/foto_perfil-150x150.jpg\",\"contentUrl\":\"https:\/\/dedemesquita.com.br\/wp-content\/uploads\/2021\/02\/foto_perfil-150x150.jpg\",\"caption\":\"Ded\u00e9 Mesquita\"},\"sameAs\":[\"https:\/\/dedemesquita.com.br\"]}]}<\/script>\n<!-- \/ Yoast SEO plugin. -->","yoast_head_json":{"title":"Primeiro arrast\u00e3o do Arraial do Pavulagem leva uma multid\u00e3o \u00e0s ruas de Bel\u00e9m - Ded\u00e9 Mesquita","robots":{"index":"index","follow":"follow","max-snippet":"max-snippet:-1","max-image-preview":"max-image-preview:large","max-video-preview":"max-video-preview:-1"},"canonical":"https:\/\/dedemesquita.com.br\/?p=4369","og_locale":"pt_BR","og_type":"article","og_title":"Primeiro arrast\u00e3o do Arraial do Pavulagem leva uma multid\u00e3o \u00e0s ruas de Bel\u00e9m - Ded\u00e9 Mesquita","og_description":"H\u00e1 35 anos, todos conhecem essa convoca\u00e7\u00e3o: &#8220;Chamou Pavulagem, vaqueiro? Terra vai tremer!&#8221;. E tremeu. Tremeram muito as ruas do Centro de Bel\u00e9m, entre as pra\u00e7as da Rep\u00fablica e dos Estivadores, ao longo das avenidas Presidente Vargas e Boulevard Castilhos Fran\u00e7a. E tremeram mais ainda as pessoas \u00e1vidas do Arrast\u00e3o do Pavulagem que h\u00e1 dois [&hellip;]","og_url":"https:\/\/dedemesquita.com.br\/?p=4369","og_site_name":"Ded\u00e9 Mesquita","article_publisher":"https:\/\/www.facebook.com\/dede.mesquita","article_published_time":"2022-06-13T12:16:20+00:00","article_modified_time":"2022-06-13T16:42:34+00:00","og_image":[{"width":1000,"height":649,"url":"https:\/\/dedemesquita.com.br\/wp-content\/uploads\/2022\/06\/WhatsApp-Image-2022-06-12-at-13.40.40.jpeg","type":"image\/jpeg"}],"author":"Ded\u00e9 Mesquita","twitter_card":"summary_large_image","twitter_creator":"@dedemesquita","twitter_site":"@dedemesquita","twitter_misc":{"Escrito por":"Ded\u00e9 Mesquita","Est. tempo de leitura":"6 minutos"},"schema":{"@context":"https:\/\/schema.org","@graph":[{"@type":"WebPage","@id":"https:\/\/dedemesquita.com.br\/?p=4369","url":"https:\/\/dedemesquita.com.br\/?p=4369","name":"Primeiro arrast\u00e3o do Arraial do Pavulagem leva uma multid\u00e3o \u00e0s ruas de Bel\u00e9m - Ded\u00e9 Mesquita","isPartOf":{"@id":"https:\/\/dedemesquita.com.br\/#website"},"datePublished":"2022-06-13T12:16:20+00:00","dateModified":"2022-06-13T16:42:34+00:00","author":{"@id":"https:\/\/dedemesquita.com.br\/#\/schema\/person\/36571f81dd2d76dc3ab37231542c9e24"},"breadcrumb":{"@id":"https:\/\/dedemesquita.com.br\/?p=4369#breadcrumb"},"inLanguage":"pt-BR","potentialAction":[{"@type":"ReadAction","target":["https:\/\/dedemesquita.com.br\/?p=4369"]}]},{"@type":"BreadcrumbList","@id":"https:\/\/dedemesquita.com.br\/?p=4369#breadcrumb","itemListElement":[{"@type":"ListItem","position":1,"name":"In\u00edcio","item":"https:\/\/dedemesquita.com.br\/"},{"@type":"ListItem","position":2,"name":"Primeiro arrast\u00e3o do Arraial do Pavulagem leva uma multid\u00e3o \u00e0s ruas de Bel\u00e9m"}]},{"@type":"WebSite","@id":"https:\/\/dedemesquita.com.br\/#website","url":"https:\/\/dedemesquita.com.br\/","name":"Ded\u00e9 Mesquita","description":"Um site que mostra os bastidores da imprensa no estado do Par\u00e1 e em Bel\u00e9m","potentialAction":[{"@type":"SearchAction","target":{"@type":"EntryPoint","urlTemplate":"https:\/\/dedemesquita.com.br\/?s={search_term_string}"},"query-input":"required name=search_term_string"}],"inLanguage":"pt-BR"},{"@type":"Person","@id":"https:\/\/dedemesquita.com.br\/#\/schema\/person\/36571f81dd2d76dc3ab37231542c9e24","name":"Ded\u00e9 Mesquita","image":{"@type":"ImageObject","inLanguage":"pt-BR","@id":"https:\/\/dedemesquita.com.br\/#\/schema\/person\/image\/","url":"https:\/\/dedemesquita.com.br\/wp-content\/uploads\/2021\/02\/foto_perfil-150x150.jpg","contentUrl":"https:\/\/dedemesquita.com.br\/wp-content\/uploads\/2021\/02\/foto_perfil-150x150.jpg","caption":"Ded\u00e9 Mesquita"},"sameAs":["https:\/\/dedemesquita.com.br"]}]}},"_links":{"self":[{"href":"https:\/\/dedemesquita.com.br\/index.php?rest_route=\/wp\/v2\/posts\/4369"}],"collection":[{"href":"https:\/\/dedemesquita.com.br\/index.php?rest_route=\/wp\/v2\/posts"}],"about":[{"href":"https:\/\/dedemesquita.com.br\/index.php?rest_route=\/wp\/v2\/types\/post"}],"author":[{"embeddable":true,"href":"https:\/\/dedemesquita.com.br\/index.php?rest_route=\/wp\/v2\/users\/2"}],"replies":[{"embeddable":true,"href":"https:\/\/dedemesquita.com.br\/index.php?rest_route=%2Fwp%2Fv2%2Fcomments&post=4369"}],"version-history":[{"count":25,"href":"https:\/\/dedemesquita.com.br\/index.php?rest_route=\/wp\/v2\/posts\/4369\/revisions"}],"predecessor-version":[{"id":4419,"href":"https:\/\/dedemesquita.com.br\/index.php?rest_route=\/wp\/v2\/posts\/4369\/revisions\/4419"}],"wp:featuredmedia":[{"embeddable":true,"href":"https:\/\/dedemesquita.com.br\/index.php?rest_route=\/wp\/v2\/media\/4370"}],"wp:attachment":[{"href":"https:\/\/dedemesquita.com.br\/index.php?rest_route=%2Fwp%2Fv2%2Fmedia&parent=4369"}],"wp:term":[{"taxonomy":"category","embeddable":true,"href":"https:\/\/dedemesquita.com.br\/index.php?rest_route=%2Fwp%2Fv2%2Fcategories&post=4369"},{"taxonomy":"post_tag","embeddable":true,"href":"https:\/\/dedemesquita.com.br\/index.php?rest_route=%2Fwp%2Fv2%2Ftags&post=4369"}],"curies":[{"name":"wp","href":"https:\/\/api.w.org\/{rel}","templated":true}]}}