{"id":4326,"date":"2022-06-10T10:49:09","date_gmt":"2022-06-10T13:49:09","guid":{"rendered":"https:\/\/dedemesquita.com.br\/?p=4326"},"modified":"2022-06-10T15:57:01","modified_gmt":"2022-06-10T18:57:01","slug":"celia-pinho-deixa-a-tv-record-e-outras-novidades-da-imprensa-em-belem","status":"publish","type":"post","link":"https:\/\/dedemesquita.com.br\/?p=4326","title":{"rendered":"C\u00e9lia Pinho deixa a TV Record e outras novidades da imprensa em Bel\u00e9m"},"content":{"rendered":"\n<p>Buenas a todos. N\u00e3o \u00e9 uma edi\u00e7\u00e3o extra, mas a segunda parte das tantas novidades e mudan\u00e7as que est\u00e3o rolando nas reda\u00e7\u00f5es de Bel\u00e9m.<\/p>\n\n\n\n<p><strong>C\u00e9lia &#8211; <\/strong>&#8220;Ela disse adeus&#8221;. Na edi\u00e7\u00e3o de quinta-feira, 9, do programa &#8220;Balan\u00e7o Geral Bel\u00e9m&#8221;, a intr\u00e9pida rep\u00f3rter <strong>C\u00e9lia Pinho<\/strong> deu adeus \u00e0 emissora Record TV Bel\u00e9m. Veja a despedida: &#8220;Foi uma despedida serena\u2026. abra\u00e7os de bem querer, palavras de como\u00e7\u00e3o e o susto que logo se desfez diante da leveza de agir. A cada um dos colegas da Record TV Bel\u00e9m&nbsp;, obrigada! Saio deixando um rastro de alegria, apesar dos pesares. Que venha a pr\u00f3xima jornada de aprendizado\u201d, escreveu no perfil dela no Instagram.<\/p>\n\n\n\n<div class=\"wp-block-image\"><figure class=\"aligncenter size-full\"><img loading=\"lazy\" decoding=\"async\" width=\"611\" height=\"351\" src=\"https:\/\/dedemesquita.com.br\/wp-content\/uploads\/2022\/06\/ce2.png\" alt=\"\" class=\"wp-image-4341\"\/><figcaption>Despedida de C\u00e9lia Pinho <\/figcaption><\/figure><\/div>\n\n\n\n<p><strong>S\u00e9rie Maraj\u00f3 &#8211; <\/strong>Come\u00e7ou a ser publicada no domingo, dia 4, pelo grupo O Liberal, a s\u00e9rie de reportagens &#8220;Maraj\u00f3&#8221;, produzida com textos do rep\u00f3rter <strong>Dilson Pimentel<\/strong>, com fotos e v\u00eddeos de <strong>Tarso Sarraf<\/strong>. A s\u00e9rie volta aos locais onde Tarso esteve em 2021 na cobertura da pandemia de covid-19 e busca mostrar com as pessoas enfocadas no ano passado est\u00e3o atualmente. <\/p>\n\n\n\n<p>Veja a primeira reportagem aqui: <a href=\"https:\/\/www.oliberal.com\/seriedomarajo\/marajo-a-volta-da-normalidade-com-velhos-desafios-da-regiao-apos-o-pico-da-pandemia-da-covid-19-1.542917?asdas=dasd\"><strong>https:\/\/www.oliberal.com\/seriedomarajo\/marajo-a-volta-da-normalidade-com-velhos-desafios-da-regiao-apos-o-pico-da-pandemia-da-covid-19-1.542917?asdas=dasd<\/strong><\/a><\/p>\n\n\n\n<div class=\"wp-block-image\"><figure class=\"aligncenter size-full\"><img loading=\"lazy\" decoding=\"async\" width=\"1000\" height=\"579\" src=\"https:\/\/dedemesquita.com.br\/wp-content\/uploads\/2022\/06\/WhatsApp-Image-2022-06-08-at-11.21.40-1.jpeg\" alt=\"\" class=\"wp-image-4342\" srcset=\"https:\/\/dedemesquita.com.br\/wp-content\/uploads\/2022\/06\/WhatsApp-Image-2022-06-08-at-11.21.40-1.jpeg 1000w, https:\/\/dedemesquita.com.br\/wp-content\/uploads\/2022\/06\/WhatsApp-Image-2022-06-08-at-11.21.40-1-768x445.jpeg 768w\" sizes=\"(max-width: 1000px) 100vw, 1000px\" \/><figcaption>Tarso Sarraf e Dilson Pimentel durante a produ\u00e7\u00e3o da s\u00e9rie de reportagens &#8220;Maraj\u00f3&#8221;<\/figcaption><\/figure><\/div>\n\n\n\n<p><strong>Sette &#8211;<\/strong> O fot\u00f3grafo <strong>Fernando Sette<\/strong> est\u00e1 de volta a Bel\u00e9m e j\u00e1 com novidades, com o v\u00eddeo sobre o projeto &#8220;Arte em Cores&#8221; , patrocinado pelo Instituto Cultural Vale. No mesmo v\u00eddeo, ele convida para ver o primeiro epis\u00f3dio da segunda temporada da webs\u00e9rie &#8220;Papo de Raiz&#8221;, tamb\u00e9m no YouTube desse mesmo instituto.<\/p>\n\n\n\n<div class=\"wp-block-image\"><figure class=\"aligncenter size-full\"><img loading=\"lazy\" decoding=\"async\" width=\"935\" height=\"652\" src=\"https:\/\/dedemesquita.com.br\/wp-content\/uploads\/2022\/06\/sette.png\" alt=\"\" class=\"wp-image-4344\" srcset=\"https:\/\/dedemesquita.com.br\/wp-content\/uploads\/2022\/06\/sette.png 935w, https:\/\/dedemesquita.com.br\/wp-content\/uploads\/2022\/06\/sette-768x536.png 768w\" sizes=\"(max-width: 935px) 100vw, 935px\" \/><figcaption>Sette est\u00e1 de volta a Bel\u00e9m <\/figcaption><\/figure><\/div>\n\n\n\n<p><strong>Roma News &#8211; Chrys Machado<\/strong> \u00e9 o novo jornalista do portal Roma News. Ele ter\u00e1 sua primeira experi\u00eancia em reda\u00e7\u00e3o como rep\u00f3rter. E outra: <strong>Saul Anjos <\/strong>agora faz parte da Reda\u00e7\u00e3o Integrada O Liberal. Ele apresentava um programa <em>geek<\/em> no Roma News e fazia parte da editoria de cidades.<\/p>\n\n\n\n<div class=\"wp-block-image\"><figure class=\"aligncenter size-full\"><img loading=\"lazy\" decoding=\"async\" width=\"881\" height=\"559\" src=\"https:\/\/dedemesquita.com.br\/wp-content\/uploads\/2022\/06\/WhatsApp-Image-2022-06-09-at-10.22.13.jpeg\" alt=\"\" class=\"wp-image-4345\" srcset=\"https:\/\/dedemesquita.com.br\/wp-content\/uploads\/2022\/06\/WhatsApp-Image-2022-06-09-at-10.22.13.jpeg 881w, https:\/\/dedemesquita.com.br\/wp-content\/uploads\/2022\/06\/WhatsApp-Image-2022-06-09-at-10.22.13-768x487.jpeg 768w\" sizes=\"(max-width: 881px) 100vw, 881px\" \/><figcaption>Saul Anjos deixou o Roma News pela reda\u00e7\u00e3o de O Liberal <\/figcaption><\/figure><\/div>\n\n\n\n<div class=\"wp-block-image\"><figure class=\"aligncenter size-full\"><img loading=\"lazy\" decoding=\"async\" width=\"713\" height=\"476\" src=\"https:\/\/dedemesquita.com.br\/wp-content\/uploads\/2022\/06\/WhatsApp-Image-2022-06-09-at-10.39.01.jpeg\" alt=\"\" class=\"wp-image-4346\"\/><figcaption>Chrys Machado \u00e9 o novo rep\u00f3rter do portal Roma News<\/figcaption><\/figure><\/div>\n\n\n\n<p><strong>Ainda O Liberal &#8211;<\/strong> O mais novo contratado pelo jornal O Liberal \u00e9 o fot\u00f3grafo <strong>Fl\u00e1vio Contente<\/strong>. Quem deixou aquela reda\u00e7\u00e3o foi a <strong>Byanka Arruda<\/strong> e <strong>Camila Azevedo<\/strong>, que estagiou na TV Record Bel\u00e9m, tamb\u00e9m come\u00e7ou como rep\u00f3rter na Reda\u00e7\u00e3o Integrada O Liberal. <\/p>\n\n\n\n<div class=\"wp-block-image\"><figure class=\"aligncenter size-full\"><img loading=\"lazy\" decoding=\"async\" width=\"723\" height=\"543\" src=\"https:\/\/dedemesquita.com.br\/wp-content\/uploads\/2022\/06\/flavio.jpg\" alt=\"\" class=\"wp-image-4347\"\/><figcaption>Fl\u00e1vio Contente em O Liberal (foto de Cezar Magalh\u00e3es) <\/figcaption><\/figure><\/div>\n\n\n\n<p><strong>Novo \u00c9 do Par\u00e1 &#8211;<\/strong> Um dos programas mais queridos pelo p\u00fablico paraense est\u00e1 de cara nova. A nova fase do \u201c\u00c9 do Par\u00e1\u201d ser\u00e1 apresentada neste s\u00e1bado, dia 11 para os telespectadores. Sob o comando da jornalista <strong>Tain\u00e1 Aires<\/strong>, que est\u00e1 de volta em Bel\u00e9m, a atra\u00e7\u00e3o chega repaginada, com tecnologia de ponta e muito mais entretenimento e divers\u00e3o. O programa j\u00e1 est\u00e1 no ar h\u00e1 18 anos e passou por algumas transforma\u00e7\u00f5es, sem perder a liga\u00e7\u00e3o carinhosa com o p\u00fablico paraense. Os telespectadores podem conferir as novidades a partir de s\u00e1bado, 11, \u00e0s 11h45min na TV Liberal, ap\u00f3s o programa \u201c\u00c9 de Casa\u201d, na TV Liberal.<\/p>\n\n\n\n<div class=\"wp-block-image\"><figure class=\"aligncenter size-full\"><img loading=\"lazy\" decoding=\"async\" width=\"488\" height=\"423\" src=\"https:\/\/dedemesquita.com.br\/wp-content\/uploads\/2022\/06\/TAINA_AIRES.png\" alt=\"\" class=\"wp-image-4348\"\/><figcaption>Tain\u00e1 Aires est\u00e1 de volta ao programa \u00c9 do Par\u00e1 <\/figcaption><\/figure><\/div>\n\n\n\n<p><strong>Di\u00f3genes &#8211; <\/strong>O programa <strong>Di\u00f3genes Brand\u00e3o na Rede<\/strong> tem se destacado como o \u00fanico <em>talk show<\/em> da TV paraense, sendo veiculado toda ter\u00e7a-feira, \u00e0s 21h30, na RedeTV Bel\u00e9m, canal 47.1. Mesmo com apenas sete semanas no ar, j\u00e1 tem uma audi\u00eancia que surpreende a outros apresentadores e profissionais da imprensa paraense. Segundo o diretor do programa, esse sucesso em t\u00e3o pouco tempo se d\u00e1 tanto pelo dinamismo de Di\u00f3genes, que tem expertise tanto por tr\u00e1s das c\u00e2meras, mas principalmente por ser um estrategista na cria\u00e7\u00e3o de conte\u00fado nas novas m\u00eddias digitais e tamb\u00e9m pela forma descontra\u00edda com que conduz as entrevistas com pol\u00edticos, artistas e outras personalidades.<\/p>\n\n\n\n<div class=\"wp-block-image\"><figure class=\"aligncenter size-full\"><img loading=\"lazy\" decoding=\"async\" width=\"490\" height=\"402\" src=\"https:\/\/dedemesquita.com.br\/wp-content\/uploads\/2022\/06\/Dio.png\" alt=\"\" class=\"wp-image-4349\"\/><figcaption>Di\u00f3genes Brand\u00e3o \u00e9 sucesso na Rede TV Bel\u00e9m <\/figcaption><\/figure><\/div>\n\n\n\n<p><strong>Anna Cristina &#8211;<\/strong> A jornalista <strong>Ana Cristina Campos,<\/strong> que estava na assessoria de comunica\u00e7\u00e3o do Hemopa, se formou na turma de Oficiais, Sargentos e Cabos do Comando do Norte do Ex\u00e9rcito Brasileiro, no \u00faltimo dia 14 de maio. Agora, ela faz parte da comunica\u00e7\u00e3o dessa entidade. <\/p>\n\n\n\n<div class=\"wp-block-image\"><figure class=\"aligncenter size-full\"><img loading=\"lazy\" decoding=\"async\" width=\"601\" height=\"478\" src=\"https:\/\/dedemesquita.com.br\/wp-content\/uploads\/2022\/06\/ANA.png\" alt=\"\" class=\"wp-image-4350\"\/><figcaption>Anna Cristina Campos \u00e9 oficial do Ex\u00e9rcito Brasileiro <\/figcaption><\/figure><\/div>\n\n\n\n<p><strong>M\u00e1rio Carvalho &#8211;<\/strong> O jornalista paraense <strong>M\u00e1rio Carvalho<\/strong>, que est\u00e1 na TV Globo Pernambuco, apresentou o programa NE 1, na quarta-feira, dia 8. Ele tamb\u00e9m participou de entradas, ao vivo, nos programas da Globo nacional, durante a cobertura das chuvas na Regi\u00e3o Metropolitana de Recife. <\/p>\n\n\n\n<div class=\"wp-block-image\"><figure class=\"aligncenter size-full\"><img loading=\"lazy\" decoding=\"async\" width=\"598\" height=\"351\" src=\"https:\/\/dedemesquita.com.br\/wp-content\/uploads\/2022\/06\/mario.png\" alt=\"\" class=\"wp-image-4351\"\/><figcaption>M\u00e1rio Carvalho apresentou o telejornal NE 1, no hor\u00e1rio de meio dia <\/figcaption><\/figure><\/div>\n\n\n\n<p><strong>Formatura &#8211;<\/strong> No final do m\u00eas de maio, a jornalista <strong>Julie Rocha<\/strong> colou grau em Licenciatura em Letras Ingl\u00eas Portugu\u00eas pela faculdade Unicesumar Bel\u00e9m.<\/p>\n\n\n\n<div class=\"wp-block-image\"><figure class=\"aligncenter size-full\"><img loading=\"lazy\" decoding=\"async\" width=\"950\" height=\"689\" src=\"https:\/\/dedemesquita.com.br\/wp-content\/uploads\/2022\/06\/JULIE.jpg\" alt=\"\" class=\"wp-image-4352\" srcset=\"https:\/\/dedemesquita.com.br\/wp-content\/uploads\/2022\/06\/JULIE.jpg 950w, https:\/\/dedemesquita.com.br\/wp-content\/uploads\/2022\/06\/JULIE-768x557.jpg 768w\" sizes=\"(max-width: 950px) 100vw, 950px\" \/><figcaption>Julie Rocha engatou mais um gradua\u00e7\u00e3o <\/figcaption><\/figure><\/div>\n\n\n\n<p><strong>Festival dos Rios &#8211;<\/strong> Come\u00e7ou na quinta-feira, 8, e segue at\u00e9 domingo, 12, o Festival dos Rios, no Distrito de Alter do Ch\u00e3o, em Santar\u00e9m, que tem comando do publicit\u00e1rio e DJ Zek Nascimento, o <strong>Zek Picoteiro<\/strong>. <\/p>\n\n\n\n<div class=\"wp-block-image\"><figure class=\"aligncenter size-full\"><img loading=\"lazy\" decoding=\"async\" width=\"900\" height=\"611\" src=\"https:\/\/dedemesquita.com.br\/wp-content\/uploads\/2022\/06\/WhatsApp-Image-2022-06-10-at-11.17.16.jpeg\" alt=\"\" class=\"wp-image-4353\" srcset=\"https:\/\/dedemesquita.com.br\/wp-content\/uploads\/2022\/06\/WhatsApp-Image-2022-06-10-at-11.17.16.jpeg 900w, https:\/\/dedemesquita.com.br\/wp-content\/uploads\/2022\/06\/WhatsApp-Image-2022-06-10-at-11.17.16-768x521.jpeg 768w\" sizes=\"(max-width: 900px) 100vw, 900px\" \/><figcaption>Zek Picoteiro comando o Festival dos Rios em Alter do Ch\u00e3o <\/figcaption><\/figure><\/div>\n\n\n\n<p> <\/p>\n\n\n\n<p><strong>Celso &#8211; <\/strong>Agora uma not\u00edcia n\u00e3o muito boa assim. Nosso colega <strong>Celso Freire<\/strong> pediu para avisar que a esposa dele, Mary Reis, perdeu o beb\u00ea, uma menina, que estava esperando. A gravidez era de risco e ela acabou sofrendo um aborto espont\u00e2neo. Celso tamb\u00e9m passou por uma cirurgia na \u00e1rea do ombro, no m\u00eas de maio, para analisar uma inflama\u00e7\u00e3o nos g\u00e2nglios, ficou uma semana em recupera\u00e7\u00e3o, mas j\u00e1 est\u00e1 de volta ao microfone da R\u00e1dio Liberal FM, pela manh\u00e3, ao lado de <strong>Markinho Pinheiro<\/strong>.<\/p>\n\n\n\n<div class=\"wp-block-image\"><figure class=\"aligncenter size-full\"><img loading=\"lazy\" decoding=\"async\" width=\"545\" height=\"413\" src=\"https:\/\/dedemesquita.com.br\/wp-content\/uploads\/2022\/06\/CELSO.png\" alt=\"\" class=\"wp-image-4354\"\/><figcaption>Celso Freire e Markinho Pinheiro comandam a manh\u00e3 na R\u00e1dio Liberal FM <\/figcaption><\/figure><\/div>\n","protected":false},"excerpt":{"rendered":"<p>Buenas a todos. N\u00e3o \u00e9 uma edi\u00e7\u00e3o extra, mas a segunda parte das tantas novidades e mudan\u00e7as que est\u00e3o rolando nas reda\u00e7\u00f5es de Bel\u00e9m. C\u00e9lia &#8211; &#8220;Ela disse adeus&#8221;. Na edi\u00e7\u00e3o de quinta-feira, 9, do programa &#8220;Balan\u00e7o Geral Bel\u00e9m&#8221;, a intr\u00e9pida rep\u00f3rter C\u00e9lia Pinho deu adeus \u00e0 emissora Record TV Bel\u00e9m. Veja a despedida: &#8220;Foi [&hellip;]<\/p>\n","protected":false},"author":2,"featured_media":4361,"comment_status":"open","ping_status":"open","sticky":false,"template":"","format":"standard","meta":{"footnotes":""},"categories":[51,14,29],"tags":[310,119,120,144,138,183,137],"class_list":["post-4326","post","type-post","status-publish","format-standard","has-post-thumbnail","hentry","category-destaque","category-imprensa","category-jornalismo","tag-celia-pinho","tag-jornalismo","tag-jornalistas-paraenses-em-acao","tag-o-liberal","tag-record-belem","tag-roma-news","tag-tv-liberal"],"yoast_head":"<!-- This site is optimized with the Yoast SEO plugin v19.10 - https:\/\/yoast.com\/wordpress\/plugins\/seo\/ -->\n<title>C\u00e9lia Pinho deixa a TV Record e outras novidades da imprensa em Bel\u00e9m - Ded\u00e9 Mesquita<\/title>\n<meta name=\"robots\" content=\"index, follow, max-snippet:-1, max-image-preview:large, max-video-preview:-1\" \/>\n<link rel=\"canonical\" href=\"https:\/\/dedemesquita.com.br\/?p=4326\" \/>\n<meta property=\"og:locale\" content=\"pt_BR\" \/>\n<meta property=\"og:type\" content=\"article\" \/>\n<meta property=\"og:title\" content=\"C\u00e9lia Pinho deixa a TV Record e outras novidades da imprensa em Bel\u00e9m - Ded\u00e9 Mesquita\" \/>\n<meta property=\"og:description\" content=\"Buenas a todos. N\u00e3o \u00e9 uma edi\u00e7\u00e3o extra, mas a segunda parte das tantas novidades e mudan\u00e7as que est\u00e3o rolando nas reda\u00e7\u00f5es de Bel\u00e9m. C\u00e9lia &#8211; &#8220;Ela disse adeus&#8221;. Na edi\u00e7\u00e3o de quinta-feira, 9, do programa &#8220;Balan\u00e7o Geral Bel\u00e9m&#8221;, a intr\u00e9pida rep\u00f3rter C\u00e9lia Pinho deu adeus \u00e0 emissora Record TV Bel\u00e9m. Veja a despedida: &#8220;Foi [&hellip;]\" \/>\n<meta property=\"og:url\" content=\"https:\/\/dedemesquita.com.br\/?p=4326\" \/>\n<meta property=\"og:site_name\" content=\"Ded\u00e9 Mesquita\" \/>\n<meta property=\"article:publisher\" content=\"https:\/\/www.facebook.com\/dede.mesquita\" \/>\n<meta property=\"article:published_time\" content=\"2022-06-10T13:49:09+00:00\" \/>\n<meta property=\"article:modified_time\" content=\"2022-06-10T18:57:01+00:00\" \/>\n<meta property=\"og:image\" content=\"https:\/\/dedemesquita.com.br\/wp-content\/uploads\/2022\/06\/aa3.png\" \/>\n\t<meta property=\"og:image:width\" content=\"590\" \/>\n\t<meta property=\"og:image:height\" content=\"374\" \/>\n\t<meta property=\"og:image:type\" content=\"image\/png\" \/>\n<meta name=\"author\" content=\"Ded\u00e9 Mesquita\" \/>\n<meta name=\"twitter:card\" content=\"summary_large_image\" \/>\n<meta name=\"twitter:creator\" content=\"@dedemesquita\" \/>\n<meta name=\"twitter:site\" content=\"@dedemesquita\" \/>\n<meta name=\"twitter:label1\" content=\"Escrito por\" \/>\n\t<meta name=\"twitter:data1\" content=\"Ded\u00e9 Mesquita\" \/>\n\t<meta name=\"twitter:label2\" content=\"Est. tempo de leitura\" \/>\n\t<meta name=\"twitter:data2\" content=\"8 minutos\" \/>\n<script type=\"application\/ld+json\" class=\"yoast-schema-graph\">{\"@context\":\"https:\/\/schema.org\",\"@graph\":[{\"@type\":\"WebPage\",\"@id\":\"https:\/\/dedemesquita.com.br\/?p=4326\",\"url\":\"https:\/\/dedemesquita.com.br\/?p=4326\",\"name\":\"C\u00e9lia Pinho deixa a TV Record e outras novidades da imprensa em Bel\u00e9m - Ded\u00e9 Mesquita\",\"isPartOf\":{\"@id\":\"https:\/\/dedemesquita.com.br\/#website\"},\"datePublished\":\"2022-06-10T13:49:09+00:00\",\"dateModified\":\"2022-06-10T18:57:01+00:00\",\"author\":{\"@id\":\"https:\/\/dedemesquita.com.br\/#\/schema\/person\/36571f81dd2d76dc3ab37231542c9e24\"},\"breadcrumb\":{\"@id\":\"https:\/\/dedemesquita.com.br\/?p=4326#breadcrumb\"},\"inLanguage\":\"pt-BR\",\"potentialAction\":[{\"@type\":\"ReadAction\",\"target\":[\"https:\/\/dedemesquita.com.br\/?p=4326\"]}]},{\"@type\":\"BreadcrumbList\",\"@id\":\"https:\/\/dedemesquita.com.br\/?p=4326#breadcrumb\",\"itemListElement\":[{\"@type\":\"ListItem\",\"position\":1,\"name\":\"In\u00edcio\",\"item\":\"https:\/\/dedemesquita.com.br\/\"},{\"@type\":\"ListItem\",\"position\":2,\"name\":\"C\u00e9lia Pinho deixa a TV Record e outras novidades da imprensa em Bel\u00e9m\"}]},{\"@type\":\"WebSite\",\"@id\":\"https:\/\/dedemesquita.com.br\/#website\",\"url\":\"https:\/\/dedemesquita.com.br\/\",\"name\":\"Ded\u00e9 Mesquita\",\"description\":\"Um site que mostra os bastidores da imprensa no estado do Par\u00e1 e em Bel\u00e9m\",\"potentialAction\":[{\"@type\":\"SearchAction\",\"target\":{\"@type\":\"EntryPoint\",\"urlTemplate\":\"https:\/\/dedemesquita.com.br\/?s={search_term_string}\"},\"query-input\":\"required name=search_term_string\"}],\"inLanguage\":\"pt-BR\"},{\"@type\":\"Person\",\"@id\":\"https:\/\/dedemesquita.com.br\/#\/schema\/person\/36571f81dd2d76dc3ab37231542c9e24\",\"name\":\"Ded\u00e9 Mesquita\",\"image\":{\"@type\":\"ImageObject\",\"inLanguage\":\"pt-BR\",\"@id\":\"https:\/\/dedemesquita.com.br\/#\/schema\/person\/image\/\",\"url\":\"https:\/\/dedemesquita.com.br\/wp-content\/uploads\/2021\/02\/foto_perfil-150x150.jpg\",\"contentUrl\":\"https:\/\/dedemesquita.com.br\/wp-content\/uploads\/2021\/02\/foto_perfil-150x150.jpg\",\"caption\":\"Ded\u00e9 Mesquita\"},\"sameAs\":[\"https:\/\/dedemesquita.com.br\"]}]}<\/script>\n<!-- \/ Yoast SEO plugin. -->","yoast_head_json":{"title":"C\u00e9lia Pinho deixa a TV Record e outras novidades da imprensa em Bel\u00e9m - Ded\u00e9 Mesquita","robots":{"index":"index","follow":"follow","max-snippet":"max-snippet:-1","max-image-preview":"max-image-preview:large","max-video-preview":"max-video-preview:-1"},"canonical":"https:\/\/dedemesquita.com.br\/?p=4326","og_locale":"pt_BR","og_type":"article","og_title":"C\u00e9lia Pinho deixa a TV Record e outras novidades da imprensa em Bel\u00e9m - Ded\u00e9 Mesquita","og_description":"Buenas a todos. N\u00e3o \u00e9 uma edi\u00e7\u00e3o extra, mas a segunda parte das tantas novidades e mudan\u00e7as que est\u00e3o rolando nas reda\u00e7\u00f5es de Bel\u00e9m. C\u00e9lia &#8211; &#8220;Ela disse adeus&#8221;. Na edi\u00e7\u00e3o de quinta-feira, 9, do programa &#8220;Balan\u00e7o Geral Bel\u00e9m&#8221;, a intr\u00e9pida rep\u00f3rter C\u00e9lia Pinho deu adeus \u00e0 emissora Record TV Bel\u00e9m. Veja a despedida: &#8220;Foi [&hellip;]","og_url":"https:\/\/dedemesquita.com.br\/?p=4326","og_site_name":"Ded\u00e9 Mesquita","article_publisher":"https:\/\/www.facebook.com\/dede.mesquita","article_published_time":"2022-06-10T13:49:09+00:00","article_modified_time":"2022-06-10T18:57:01+00:00","og_image":[{"width":590,"height":374,"url":"https:\/\/dedemesquita.com.br\/wp-content\/uploads\/2022\/06\/aa3.png","type":"image\/png"}],"author":"Ded\u00e9 Mesquita","twitter_card":"summary_large_image","twitter_creator":"@dedemesquita","twitter_site":"@dedemesquita","twitter_misc":{"Escrito por":"Ded\u00e9 Mesquita","Est. tempo de leitura":"8 minutos"},"schema":{"@context":"https:\/\/schema.org","@graph":[{"@type":"WebPage","@id":"https:\/\/dedemesquita.com.br\/?p=4326","url":"https:\/\/dedemesquita.com.br\/?p=4326","name":"C\u00e9lia Pinho deixa a TV Record e outras novidades da imprensa em Bel\u00e9m - Ded\u00e9 Mesquita","isPartOf":{"@id":"https:\/\/dedemesquita.com.br\/#website"},"datePublished":"2022-06-10T13:49:09+00:00","dateModified":"2022-06-10T18:57:01+00:00","author":{"@id":"https:\/\/dedemesquita.com.br\/#\/schema\/person\/36571f81dd2d76dc3ab37231542c9e24"},"breadcrumb":{"@id":"https:\/\/dedemesquita.com.br\/?p=4326#breadcrumb"},"inLanguage":"pt-BR","potentialAction":[{"@type":"ReadAction","target":["https:\/\/dedemesquita.com.br\/?p=4326"]}]},{"@type":"BreadcrumbList","@id":"https:\/\/dedemesquita.com.br\/?p=4326#breadcrumb","itemListElement":[{"@type":"ListItem","position":1,"name":"In\u00edcio","item":"https:\/\/dedemesquita.com.br\/"},{"@type":"ListItem","position":2,"name":"C\u00e9lia Pinho deixa a TV Record e outras novidades da imprensa em Bel\u00e9m"}]},{"@type":"WebSite","@id":"https:\/\/dedemesquita.com.br\/#website","url":"https:\/\/dedemesquita.com.br\/","name":"Ded\u00e9 Mesquita","description":"Um site que mostra os bastidores da imprensa no estado do Par\u00e1 e em Bel\u00e9m","potentialAction":[{"@type":"SearchAction","target":{"@type":"EntryPoint","urlTemplate":"https:\/\/dedemesquita.com.br\/?s={search_term_string}"},"query-input":"required name=search_term_string"}],"inLanguage":"pt-BR"},{"@type":"Person","@id":"https:\/\/dedemesquita.com.br\/#\/schema\/person\/36571f81dd2d76dc3ab37231542c9e24","name":"Ded\u00e9 Mesquita","image":{"@type":"ImageObject","inLanguage":"pt-BR","@id":"https:\/\/dedemesquita.com.br\/#\/schema\/person\/image\/","url":"https:\/\/dedemesquita.com.br\/wp-content\/uploads\/2021\/02\/foto_perfil-150x150.jpg","contentUrl":"https:\/\/dedemesquita.com.br\/wp-content\/uploads\/2021\/02\/foto_perfil-150x150.jpg","caption":"Ded\u00e9 Mesquita"},"sameAs":["https:\/\/dedemesquita.com.br"]}]}},"_links":{"self":[{"href":"https:\/\/dedemesquita.com.br\/index.php?rest_route=\/wp\/v2\/posts\/4326"}],"collection":[{"href":"https:\/\/dedemesquita.com.br\/index.php?rest_route=\/wp\/v2\/posts"}],"about":[{"href":"https:\/\/dedemesquita.com.br\/index.php?rest_route=\/wp\/v2\/types\/post"}],"author":[{"embeddable":true,"href":"https:\/\/dedemesquita.com.br\/index.php?rest_route=\/wp\/v2\/users\/2"}],"replies":[{"embeddable":true,"href":"https:\/\/dedemesquita.com.br\/index.php?rest_route=%2Fwp%2Fv2%2Fcomments&post=4326"}],"version-history":[{"count":15,"href":"https:\/\/dedemesquita.com.br\/index.php?rest_route=\/wp\/v2\/posts\/4326\/revisions"}],"predecessor-version":[{"id":4368,"href":"https:\/\/dedemesquita.com.br\/index.php?rest_route=\/wp\/v2\/posts\/4326\/revisions\/4368"}],"wp:featuredmedia":[{"embeddable":true,"href":"https:\/\/dedemesquita.com.br\/index.php?rest_route=\/wp\/v2\/media\/4361"}],"wp:attachment":[{"href":"https:\/\/dedemesquita.com.br\/index.php?rest_route=%2Fwp%2Fv2%2Fmedia&parent=4326"}],"wp:term":[{"taxonomy":"category","embeddable":true,"href":"https:\/\/dedemesquita.com.br\/index.php?rest_route=%2Fwp%2Fv2%2Fcategories&post=4326"},{"taxonomy":"post_tag","embeddable":true,"href":"https:\/\/dedemesquita.com.br\/index.php?rest_route=%2Fwp%2Fv2%2Ftags&post=4326"}],"curies":[{"name":"wp","href":"https:\/\/api.w.org\/{rel}","templated":true}]}}