{"id":4285,"date":"2022-06-07T18:18:17","date_gmt":"2022-06-07T21:18:17","guid":{"rendered":"https:\/\/dedemesquita.com.br\/?p=4285"},"modified":"2022-06-08T11:13:35","modified_gmt":"2022-06-08T14:13:35","slug":"filipe-faraon-na-comunicacao-da-policia-federal-e-outras-boas-noticias","status":"publish","type":"post","link":"https:\/\/dedemesquita.com.br\/?p=4285","title":{"rendered":"Filipe Faraon na comunica\u00e7\u00e3o da Pol\u00edcia Federal e outras boas not\u00edcias"},"content":{"rendered":"\n<p>Semana de boas not\u00edcias, daquelas que eu amo publicar aqui no site. <\/p>\n\n\n\n<p><strong>Faraon &#8211;<\/strong> Antes tudo, tenho o prazer de anunciar que temos um jornalista conhecido na assessoria de comunica\u00e7\u00e3o da Pol\u00edcia Federal no estado do Par\u00e1: <strong>Filipe Faraon.<\/strong> E posso falar \u201cde c\u00e1tedra\u201d porque acompanhei essa verdadeira odisseia de perto. Faraon foi nosso estagi\u00e1rio e depois rep\u00f3rter na reda\u00e7\u00e3o do Amazoninha (era o \u00fanico que me dava bronca, usando um belo p\u00e3o de rosas como desculpa). Depois, ele passou no concurso da Funtelpa, mas n\u00e3o se deu por satisfeito. Foi quando passou no concurso para agente da Pol\u00edcia Federal, h\u00e1 quase 10 anos.<\/p>\n\n\n\n<div class=\"wp-block-image\"><figure class=\"aligncenter size-full\"><img loading=\"lazy\" decoding=\"async\" width=\"309\" height=\"330\" src=\"https:\/\/dedemesquita.com.br\/wp-content\/uploads\/2022\/06\/faraon1.jpg\" alt=\"\" class=\"wp-image-4292\"\/><figcaption>Olha a\u00ed o Faraon na Pol\u00edcia Federal <\/figcaption><\/figure><\/div>\n\n\n\n<p>Faraon seguiu os irm\u00e3os (gatos) que tamb\u00e9m s\u00e3o da PF. Mas ele acabou perdendo a vaga \u201cpor umas quest\u00f5es paralelas\u201d. Recorreu \u00e0 Justi\u00e7a e esperou. Quase dez anos depois, eis que ele volta \u00e0 PF e, melhor ainda, est\u00e1 na assessoria de comunica\u00e7\u00e3o, onde, bem sei, ir\u00e1 honrar o cargo que foi do nosso querido Fernando S\u00e9rgio, que faleceu no ano passado. E \u00e9 isso, caros, perseverar num sonho vale muito a pena. Parab\u00e9ns, \u2018fara\u00f4nico\u2019! Tu sabes!! <\/p>\n\n\n\n<p><strong>TV Liberal &#8211;<\/strong> Bem, a not\u00edcia que recebi \u00e9 que nem estagi\u00e1rios querem ficar l\u00e1 pela TV Liberal, informa\u00e7\u00e3o que me chegou aos ouvidos, devido \u00e0 baixa remunera\u00e7\u00e3o da emissora. <\/p>\n\n\n\n<p>Na semana passada, a emissora teve duas baixas entre os estagi\u00e1rios: <strong>Erick Fonseca<\/strong> e <strong>Fernando Assun\u00e7\u00e3o<\/strong>. <\/p>\n\n\n\n<p>O <strong>Fernando<\/strong>, que teve uma passagem pelo portal Roma News, est\u00e1 se formando em Jornalismo e foi contratado como rep\u00f3rter na Reda\u00e7\u00e3o Integrada O Liberal, onde ele estagiou por 11 meses, anos atr\u00e1s. <\/p>\n\n\n\n<div class=\"wp-block-image\"><figure class=\"aligncenter size-full\"><img loading=\"lazy\" decoding=\"async\" width=\"645\" height=\"368\" src=\"https:\/\/dedemesquita.com.br\/wp-content\/uploads\/2022\/06\/WhatsApp-Image-2022-06-02-at-08.44.59-1.jpeg\" alt=\"\" class=\"wp-image-4304\"\/><figcaption>Erick Fonseca e a editora da TV Liberal Josy Maciel <\/figcaption><\/figure><\/div>\n\n\n\n<div class=\"wp-block-image\"><figure class=\"aligncenter size-full\"><img loading=\"lazy\" decoding=\"async\" width=\"717\" height=\"553\" src=\"https:\/\/dedemesquita.com.br\/wp-content\/uploads\/2022\/06\/WhatsApp-Image-2022-06-07-at-16.49.01.jpeg\" alt=\"\" class=\"wp-image-4293\"\/><figcaption>Fernando Assun\u00e7\u00e3o \u00e9 o novo rep\u00f3rter de O Liberal e Daleth Oliveira que, agora, comanda as not\u00edcias de Ananindeua e Barcarena <\/figcaption><\/figure><\/div>\n\n\n\n<p><strong>O Liberal &#8211;<\/strong> A Reda\u00e7\u00e3o Integrada O Liberal deu in\u00edcio a uma editoria regional que ter\u00e1 not\u00edcias do interior do Par\u00e1, todos os dias. A edi\u00e7\u00e3o do impresso \u00e9 de <strong>Cl\u00e9o Soares<\/strong>, com a coordena\u00e7\u00e3o de n\u00facleo de <strong>Jorge Ferreira<\/strong>. De Castanhal, as not\u00edcias est\u00e3o com <strong>Patr\u00edcia Ba\u00eda<\/strong>; de Santar\u00e9m, com<strong> \u00c2ndria Almeida<\/strong>; <strong>Daleth Oliveira<\/strong> est\u00e1 com as not\u00edcias de Barcarena e Ananindeua; e <strong>Tay Marquioro<\/strong>, diretamente de Marab\u00e1. Na edi\u00e7\u00e3o do digital est\u00e1 <strong>Fabiana Batista<\/strong>. <\/p>\n\n\n\n<div class=\"wp-block-image\"><figure class=\"aligncenter size-full\"><img loading=\"lazy\" decoding=\"async\" width=\"552\" height=\"300\" src=\"https:\/\/dedemesquita.com.br\/wp-content\/uploads\/2022\/06\/a2-1.png\" alt=\"\" class=\"wp-image-4320\"\/><figcaption>\u00c2ndria e Patr\u00edcia <\/figcaption><\/figure><\/div>\n\n\n\n<div class=\"wp-block-image\"><figure class=\"aligncenter size-full\"><img loading=\"lazy\" decoding=\"async\" width=\"531\" height=\"306\" src=\"https:\/\/dedemesquita.com.br\/wp-content\/uploads\/2022\/06\/a3.png\" alt=\"\" class=\"wp-image-4321\"\/><figcaption>Fabiana e Tay<\/figcaption><\/figure><\/div>\n\n\n\n<p><strong>Pacc\u00f3 &#8211;<\/strong> O fot\u00f3grafo <strong>Raimundo Pacc\u00f3<\/strong> est\u00e1, mais uma vez, nas p\u00e1ginas da conceituada revista Piau\u00ed. Desta vez, s\u00e3o oito p\u00e1ginas na edi\u00e7\u00e3o deste m\u00eas, mostrando o Cord\u00e3o da Bicharada em Camet\u00e1, em um ensaio que ele fez no carnaval passado. E ele est\u00e1 preparando mais duas reportagens especiais para a revista. <\/p>\n\n\n\n<div class=\"wp-block-image\"><figure class=\"aligncenter size-full\"><img loading=\"lazy\" decoding=\"async\" width=\"478\" height=\"590\" src=\"https:\/\/dedemesquita.com.br\/wp-content\/uploads\/2022\/06\/a.png\" alt=\"\" class=\"wp-image-4312\"\/><figcaption>Capa da revista Piau\u00ed, com ensaio fotogr\u00e1fico de Raimundo Pacc\u00f3 <\/figcaption><\/figure><\/div>\n\n\n\n<p><strong>Gleydson &#8211; <\/strong>No pr\u00f3ximo dia 9, Bel\u00e9m ganha mais uma coluna social e entretenimento, desta vez, assinada pelo jornalista <strong>Gleydson Souza<\/strong>. Com muita informa\u00e7\u00e3o dos bastidores do mundo da m\u00fasica, eventos sociais e culturais, a coluna semanal \u201cT\u00f4 On\u201d ser\u00e1 a novidade da revista TODA On, edi\u00e7\u00e3o online da revista TODA, que \u00e9 encartada todos os domingos no jornal Di\u00e1rio do Par\u00e1.<\/p>\n\n\n\n<div class=\"wp-block-image\"><figure class=\"aligncenter size-full\"><img loading=\"lazy\" decoding=\"async\" width=\"950\" height=\"654\" src=\"https:\/\/dedemesquita.com.br\/wp-content\/uploads\/2022\/06\/284207815_1294659711064729_3546580788818936688_n.jpg\" alt=\"\" class=\"wp-image-4296\" srcset=\"https:\/\/dedemesquita.com.br\/wp-content\/uploads\/2022\/06\/284207815_1294659711064729_3546580788818936688_n.jpg 950w, https:\/\/dedemesquita.com.br\/wp-content\/uploads\/2022\/06\/284207815_1294659711064729_3546580788818936688_n-768x529.jpg 768w\" sizes=\"(max-width: 950px) 100vw, 950px\" \/><figcaption>Gleydson Souza comanda uma coluna sobre m\u00fasica na edi\u00e7\u00e3o online da revista TODA On <\/figcaption><\/figure><\/div>\n\n\n\n<p><strong>Armarinho &#8211;<\/strong> O Armarinho Podcast, com <strong>Adelaide Oliveira<\/strong> e <strong>Rita Soares<\/strong>, come\u00e7a a segunda temporada, depois de uma breve pausa para balan\u00e7o. Agora, os epis\u00f3dios ser\u00e3o ao vivo e todos podem participar com perguntas, coment\u00e1rios ou queixas. Toda ter\u00e7a-feira, \u00e0s 20h15, no canal do YouTube ou ouvindo nas plataformas de \u00e1udio Spotify, Amazon e Google Play. O primeiro epis\u00f3dio, na ter\u00e7a-feira, 7, \u00e9 com a ativista paraense <strong>Symmy Larrat<\/strong>, uma das vozes brasileiras mais potentes contra a transfobia<strong>. <\/strong><\/p>\n\n\n\n<div class=\"wp-block-image\"><figure class=\"aligncenter size-full\"><img loading=\"lazy\" decoding=\"async\" width=\"945\" height=\"751\" src=\"https:\/\/dedemesquita.com.br\/wp-content\/uploads\/2022\/06\/aaa1.jpg\" alt=\"\" class=\"wp-image-4310\" srcset=\"https:\/\/dedemesquita.com.br\/wp-content\/uploads\/2022\/06\/aaa1.jpg 945w, https:\/\/dedemesquita.com.br\/wp-content\/uploads\/2022\/06\/aaa1-768x610.jpg 768w\" sizes=\"(max-width: 945px) 100vw, 945px\" \/><figcaption>Symmy Larrat \u00e9 a convidada do Armarinho, nesta ter\u00e7a-feira, 7 <\/figcaption><\/figure><\/div>\n\n\n\n<p><strong>Doutora &#8211; <\/strong>A jornalista e professora <strong>Avelina Castro<\/strong> defendeu &#8211; e foi aprovada &#8211; no dia 30 de maio a tese dela de doutorado em Antropologia pelo Programa de P\u00f3s-Gradua\u00e7\u00e3o em Sociologia e Antropologia da UFPA. A tese \u00e9 intitulada \u2018Meninas\u2019, \u2018Cria(da)s\u2019, \u2018Casadas\u2019: Adolescentes, \u201ccircula\u00e7\u00e3o\u201d e \u201centrega\u201d em Breves (Maraj\u00f3).<\/p>\n\n\n\n<div class=\"wp-block-image\"><figure class=\"aligncenter size-full\"><img loading=\"lazy\" decoding=\"async\" width=\"482\" height=\"402\" src=\"https:\/\/dedemesquita.com.br\/wp-content\/uploads\/2022\/06\/AVELINA_CASTRO.png\" alt=\"\" class=\"wp-image-4297\"\/><figcaption>Avelina Castro <\/figcaption><\/figure><\/div>\n\n\n\n<div class=\"wp-block-image\"><figure class=\"aligncenter size-full\"><img loading=\"lazy\" decoding=\"async\" width=\"549\" height=\"435\" src=\"https:\/\/dedemesquita.com.br\/wp-content\/uploads\/2022\/06\/Avelina.png\" alt=\"\" class=\"wp-image-4298\"\/><figcaption>Convite para a defesa de tese de doutoramento de Avelina <\/figcaption><\/figure><\/div>\n\n\n\n<p><strong>Cecim &#8211;<\/strong> O fot\u00f3grafo e artista visual paraense <strong>Bruno Cecim <\/strong>ir\u00e1 participar de uma nova exposi\u00e7\u00e3o em Mil\u00e3o, na It\u00e1lia, chamada &#8220;Ars Tempus&#8221; com o trabalho intitulado &#8220;Ciclos&#8221;. A exposi\u00e7\u00e3o ser\u00e1 de 8 a 30 de junho na moderna galeria HUB\/ART. A exposi\u00e7\u00e3o integra o evento Design Week, com participa\u00e7\u00e3o de artistas de todo o mundo como Brasil, \u00c1frica do Sul, Gr\u00e9cia, Alemanha, Fran\u00e7a, Pol\u00f4nia, Rep\u00fablica Tcheca, L\u00edbano, R\u00fassia, It\u00e1lia.<\/p>\n\n\n\n<div class=\"wp-block-image\"><figure class=\"aligncenter size-full\"><img loading=\"lazy\" decoding=\"async\" width=\"603\" height=\"513\" src=\"https:\/\/dedemesquita.com.br\/wp-content\/uploads\/2022\/06\/BRUNO_CECIM.png\" alt=\"\" class=\"wp-image-4299\"\/><figcaption>Foto de Cecim estar\u00e1 em exposi\u00e7\u00e3o em Mil\u00e3o, na It\u00e1lia <\/figcaption><\/figure><\/div>\n\n\n\n<p><strong>Dia da Imprensa &#8211;<\/strong> No dia 1\u00ba de junho, uma Sess\u00e3o Especial na Assembleia Legislativa do Par\u00e1 (Alepa) homenageou os profissionais da imprensa pelo Dia Nacional da Imprensa. Uma das homenageadas foi a equipe do portal TN Brasil TV, coordenado pelo jornalista <strong>Taciano Cassimiro<\/strong>. <\/p>\n\n\n\n<p>Quem tamb\u00e9m recebeu homenagens foram os blogueiros <strong>Eduardo Cunha<\/strong> (do site Par\u00e1 Web News) e <strong>In\u00e1cio \u2018Sangue Bom<\/strong>.<\/p>\n\n\n\n<div class=\"wp-block-image\"><figure class=\"aligncenter size-full\"><img loading=\"lazy\" decoding=\"async\" width=\"950\" height=\"553\" src=\"https:\/\/dedemesquita.com.br\/wp-content\/uploads\/2022\/06\/TN-Brasil.jpg\" alt=\"\" class=\"wp-image-4301\" srcset=\"https:\/\/dedemesquita.com.br\/wp-content\/uploads\/2022\/06\/TN-Brasil.jpg 950w, https:\/\/dedemesquita.com.br\/wp-content\/uploads\/2022\/06\/TN-Brasil-768x447.jpg 768w\" sizes=\"(max-width: 950px) 100vw, 950px\" \/><figcaption> Taciano Cassimiro (de \u00f3culos), equipe da   TN Brasil TV e o blogueiro Eduardo Cunha <\/figcaption><\/figure><\/div>\n\n\n\n<div class=\"wp-block-image\"><figure class=\"aligncenter size-full\"><img loading=\"lazy\" decoding=\"async\" width=\"895\" height=\"613\" src=\"https:\/\/dedemesquita.com.br\/wp-content\/uploads\/2022\/06\/WhatsApp-Image-2022-06-01-at-19.04.27-1.jpeg\" alt=\"\" class=\"wp-image-4316\" srcset=\"https:\/\/dedemesquita.com.br\/wp-content\/uploads\/2022\/06\/WhatsApp-Image-2022-06-01-at-19.04.27-1.jpeg 895w, https:\/\/dedemesquita.com.br\/wp-content\/uploads\/2022\/06\/WhatsApp-Image-2022-06-01-at-19.04.27-1-768x526.jpeg 768w\" sizes=\"(max-width: 895px) 100vw, 895px\" \/><figcaption> Eduardo Cunha, do site Par\u00e1 Web News, e In\u00e1cio &#8216;Sangue Bom&#8217;<\/figcaption><\/figure><\/div>\n\n\n\n<p><strong>Agress\u00f5es &#8211;<\/strong> Na semana passada, ocorreram mais dois casos de agress\u00f5es a jornalistas no interior do estado do Par\u00e1. &nbsp;O Sindicato de Jornalistas no Estado do Par\u00e1 (Sinjor-PA) e a Comiss\u00e3o em Defesa da Liberdade de Imprensa da Ordem dos Advogados do Brasil (OAB-PA), conjuntamente, repudiaram o constrangimento e as agress\u00f5es verbais que a equipe de reportagem da emissora Vale do Xingu, filiada ao SBT em Altamira, sofreu na \u00faltima quarta-feira, dia 1\u00b0 de junho, na Circunscri\u00e7\u00e3o Regional de Tr\u00e2nsito (Ciretran) de Altamira. O rep\u00f3rter <strong>Marinaldo Barros<\/strong> e o rep\u00f3rter cinematogr\u00e1fico <strong>Jos\u00e9 Ribamar da Silva J\u00fanior<\/strong> foram insultados pelo servidor p\u00fablico e ex-locutor de r\u00e1dio, Dino Silva, enquanto aguardavam para gravar uma entrevista com o gerente regional do Ciretran em Altamira, Eleandro Pereira.<\/p>\n\n\n\n<div class=\"wp-block-image\"><figure class=\"aligncenter size-full\"><img loading=\"lazy\" decoding=\"async\" width=\"598\" height=\"539\" src=\"https:\/\/dedemesquita.com.br\/wp-content\/uploads\/2022\/06\/sin.png\" alt=\"\" class=\"wp-image-4305\"\/><figcaption>Nota do Sinjor-PA <\/figcaption><\/figure><\/div>\n\n\n\n<p><strong>Outra &#8211;<\/strong> Tamb\u00e9m na quarta-feira, dia 1\u00ba, a agress\u00e3o foi em Oriximin\u00e1, regi\u00e3o oeste do Par\u00e1, promovida pelo prefeito da cidade, Willian Fonseca (PRTB), que agrediu o jornalista <strong>Waldiney Ferreira<\/strong>, da r\u00e1dio Sucesso FM. O jornalista n\u00e3o foi a \u00fanica v\u00edtima do gestor, que \u00e9 delegado da Pol\u00edcia Civil do Par\u00e1 licenciado. Um outro cidad\u00e3o, ainda n\u00e3o identificado, tamb\u00e9m foi alvo de Fonseca, quando ele deixou o pr\u00e9dio da C\u00e2mara de Vereadores. Waldiney sequer dirigiu a palavra ao prefeito. Apenas o filmava, de longe, e, ao perceb\u00ea-lo, correu em dire\u00e7\u00e3o e agrediu o jornalista.<\/p>\n\n\n\n<div class=\"wp-block-image\"><figure class=\"aligncenter size-full\"><img loading=\"lazy\" decoding=\"async\" width=\"635\" height=\"415\" src=\"https:\/\/dedemesquita.com.br\/wp-content\/uploads\/2022\/06\/agre.png\" alt=\"\" class=\"wp-image-4306\"\/><figcaption>Prefeito de Oriximin\u00e1 agride jornalista no Dia da Imprensa <\/figcaption><\/figure><\/div>\n","protected":false},"excerpt":{"rendered":"<p>Semana de boas not\u00edcias, daquelas que eu amo publicar aqui no site. Faraon &#8211; Antes tudo, tenho o prazer de anunciar que temos um jornalista conhecido na assessoria de comunica\u00e7\u00e3o da Pol\u00edcia Federal no estado do Par\u00e1: Filipe Faraon. E posso falar \u201cde c\u00e1tedra\u201d porque acompanhei essa verdadeira odisseia de perto. Faraon foi nosso estagi\u00e1rio [&hellip;]<\/p>\n","protected":false},"author":2,"featured_media":4308,"comment_status":"open","ping_status":"open","sticky":false,"template":"","format":"standard","meta":{"footnotes":""},"categories":[51,14,29],"tags":[181,119,120,144,309,137],"class_list":["post-4285","post","type-post","status-publish","format-standard","has-post-thumbnail","hentry","category-destaque","category-imprensa","category-jornalismo","tag-diario-do-para","tag-jornalismo","tag-jornalistas-paraenses-em-acao","tag-o-liberal","tag-policia-federal","tag-tv-liberal"],"yoast_head":"<!-- This site is optimized with the Yoast SEO plugin v19.10 - https:\/\/yoast.com\/wordpress\/plugins\/seo\/ -->\n<title>Filipe Faraon na comunica\u00e7\u00e3o da Pol\u00edcia Federal e outras boas not\u00edcias - Ded\u00e9 Mesquita<\/title>\n<meta name=\"robots\" content=\"index, follow, max-snippet:-1, max-image-preview:large, max-video-preview:-1\" \/>\n<link rel=\"canonical\" href=\"https:\/\/dedemesquita.com.br\/?p=4285\" \/>\n<meta property=\"og:locale\" content=\"pt_BR\" \/>\n<meta property=\"og:type\" content=\"article\" \/>\n<meta property=\"og:title\" content=\"Filipe Faraon na comunica\u00e7\u00e3o da Pol\u00edcia Federal e outras boas not\u00edcias - Ded\u00e9 Mesquita\" \/>\n<meta property=\"og:description\" content=\"Semana de boas not\u00edcias, daquelas que eu amo publicar aqui no site. Faraon &#8211; Antes tudo, tenho o prazer de anunciar que temos um jornalista conhecido na assessoria de comunica\u00e7\u00e3o da Pol\u00edcia Federal no estado do Par\u00e1: Filipe Faraon. E posso falar \u201cde c\u00e1tedra\u201d porque acompanhei essa verdadeira odisseia de perto. Faraon foi nosso estagi\u00e1rio [&hellip;]\" \/>\n<meta property=\"og:url\" content=\"https:\/\/dedemesquita.com.br\/?p=4285\" \/>\n<meta property=\"og:site_name\" content=\"Ded\u00e9 Mesquita\" \/>\n<meta property=\"article:publisher\" content=\"https:\/\/www.facebook.com\/dede.mesquita\" \/>\n<meta property=\"article:published_time\" content=\"2022-06-07T21:18:17+00:00\" \/>\n<meta property=\"article:modified_time\" content=\"2022-06-08T14:13:35+00:00\" \/>\n<meta property=\"og:image\" content=\"https:\/\/dedemesquita.com.br\/wp-content\/uploads\/2022\/06\/FARAON.png\" \/>\n\t<meta property=\"og:image:width\" content=\"670\" \/>\n\t<meta property=\"og:image:height\" content=\"462\" \/>\n\t<meta property=\"og:image:type\" content=\"image\/png\" \/>\n<meta name=\"author\" content=\"Ded\u00e9 Mesquita\" \/>\n<meta name=\"twitter:card\" content=\"summary_large_image\" \/>\n<meta name=\"twitter:creator\" content=\"@dedemesquita\" \/>\n<meta name=\"twitter:site\" content=\"@dedemesquita\" \/>\n<meta name=\"twitter:label1\" content=\"Escrito por\" \/>\n\t<meta name=\"twitter:data1\" content=\"Ded\u00e9 Mesquita\" \/>\n\t<meta name=\"twitter:label2\" content=\"Est. tempo de leitura\" \/>\n\t<meta name=\"twitter:data2\" content=\"9 minutos\" \/>\n<script type=\"application\/ld+json\" class=\"yoast-schema-graph\">{\"@context\":\"https:\/\/schema.org\",\"@graph\":[{\"@type\":\"WebPage\",\"@id\":\"https:\/\/dedemesquita.com.br\/?p=4285\",\"url\":\"https:\/\/dedemesquita.com.br\/?p=4285\",\"name\":\"Filipe Faraon na comunica\u00e7\u00e3o da Pol\u00edcia Federal e outras boas not\u00edcias - Ded\u00e9 Mesquita\",\"isPartOf\":{\"@id\":\"https:\/\/dedemesquita.com.br\/#website\"},\"datePublished\":\"2022-06-07T21:18:17+00:00\",\"dateModified\":\"2022-06-08T14:13:35+00:00\",\"author\":{\"@id\":\"https:\/\/dedemesquita.com.br\/#\/schema\/person\/36571f81dd2d76dc3ab37231542c9e24\"},\"breadcrumb\":{\"@id\":\"https:\/\/dedemesquita.com.br\/?p=4285#breadcrumb\"},\"inLanguage\":\"pt-BR\",\"potentialAction\":[{\"@type\":\"ReadAction\",\"target\":[\"https:\/\/dedemesquita.com.br\/?p=4285\"]}]},{\"@type\":\"BreadcrumbList\",\"@id\":\"https:\/\/dedemesquita.com.br\/?p=4285#breadcrumb\",\"itemListElement\":[{\"@type\":\"ListItem\",\"position\":1,\"name\":\"In\u00edcio\",\"item\":\"https:\/\/dedemesquita.com.br\/\"},{\"@type\":\"ListItem\",\"position\":2,\"name\":\"Filipe Faraon na comunica\u00e7\u00e3o da Pol\u00edcia Federal e outras boas not\u00edcias\"}]},{\"@type\":\"WebSite\",\"@id\":\"https:\/\/dedemesquita.com.br\/#website\",\"url\":\"https:\/\/dedemesquita.com.br\/\",\"name\":\"Ded\u00e9 Mesquita\",\"description\":\"Um site que mostra os bastidores da imprensa no estado do Par\u00e1 e em Bel\u00e9m\",\"potentialAction\":[{\"@type\":\"SearchAction\",\"target\":{\"@type\":\"EntryPoint\",\"urlTemplate\":\"https:\/\/dedemesquita.com.br\/?s={search_term_string}\"},\"query-input\":\"required name=search_term_string\"}],\"inLanguage\":\"pt-BR\"},{\"@type\":\"Person\",\"@id\":\"https:\/\/dedemesquita.com.br\/#\/schema\/person\/36571f81dd2d76dc3ab37231542c9e24\",\"name\":\"Ded\u00e9 Mesquita\",\"image\":{\"@type\":\"ImageObject\",\"inLanguage\":\"pt-BR\",\"@id\":\"https:\/\/dedemesquita.com.br\/#\/schema\/person\/image\/\",\"url\":\"https:\/\/dedemesquita.com.br\/wp-content\/uploads\/2021\/02\/foto_perfil-150x150.jpg\",\"contentUrl\":\"https:\/\/dedemesquita.com.br\/wp-content\/uploads\/2021\/02\/foto_perfil-150x150.jpg\",\"caption\":\"Ded\u00e9 Mesquita\"},\"sameAs\":[\"https:\/\/dedemesquita.com.br\"]}]}<\/script>\n<!-- \/ Yoast SEO plugin. -->","yoast_head_json":{"title":"Filipe Faraon na comunica\u00e7\u00e3o da Pol\u00edcia Federal e outras boas not\u00edcias - Ded\u00e9 Mesquita","robots":{"index":"index","follow":"follow","max-snippet":"max-snippet:-1","max-image-preview":"max-image-preview:large","max-video-preview":"max-video-preview:-1"},"canonical":"https:\/\/dedemesquita.com.br\/?p=4285","og_locale":"pt_BR","og_type":"article","og_title":"Filipe Faraon na comunica\u00e7\u00e3o da Pol\u00edcia Federal e outras boas not\u00edcias - Ded\u00e9 Mesquita","og_description":"Semana de boas not\u00edcias, daquelas que eu amo publicar aqui no site. Faraon &#8211; Antes tudo, tenho o prazer de anunciar que temos um jornalista conhecido na assessoria de comunica\u00e7\u00e3o da Pol\u00edcia Federal no estado do Par\u00e1: Filipe Faraon. E posso falar \u201cde c\u00e1tedra\u201d porque acompanhei essa verdadeira odisseia de perto. Faraon foi nosso estagi\u00e1rio [&hellip;]","og_url":"https:\/\/dedemesquita.com.br\/?p=4285","og_site_name":"Ded\u00e9 Mesquita","article_publisher":"https:\/\/www.facebook.com\/dede.mesquita","article_published_time":"2022-06-07T21:18:17+00:00","article_modified_time":"2022-06-08T14:13:35+00:00","og_image":[{"width":670,"height":462,"url":"https:\/\/dedemesquita.com.br\/wp-content\/uploads\/2022\/06\/FARAON.png","type":"image\/png"}],"author":"Ded\u00e9 Mesquita","twitter_card":"summary_large_image","twitter_creator":"@dedemesquita","twitter_site":"@dedemesquita","twitter_misc":{"Escrito por":"Ded\u00e9 Mesquita","Est. tempo de leitura":"9 minutos"},"schema":{"@context":"https:\/\/schema.org","@graph":[{"@type":"WebPage","@id":"https:\/\/dedemesquita.com.br\/?p=4285","url":"https:\/\/dedemesquita.com.br\/?p=4285","name":"Filipe Faraon na comunica\u00e7\u00e3o da Pol\u00edcia Federal e outras boas not\u00edcias - Ded\u00e9 Mesquita","isPartOf":{"@id":"https:\/\/dedemesquita.com.br\/#website"},"datePublished":"2022-06-07T21:18:17+00:00","dateModified":"2022-06-08T14:13:35+00:00","author":{"@id":"https:\/\/dedemesquita.com.br\/#\/schema\/person\/36571f81dd2d76dc3ab37231542c9e24"},"breadcrumb":{"@id":"https:\/\/dedemesquita.com.br\/?p=4285#breadcrumb"},"inLanguage":"pt-BR","potentialAction":[{"@type":"ReadAction","target":["https:\/\/dedemesquita.com.br\/?p=4285"]}]},{"@type":"BreadcrumbList","@id":"https:\/\/dedemesquita.com.br\/?p=4285#breadcrumb","itemListElement":[{"@type":"ListItem","position":1,"name":"In\u00edcio","item":"https:\/\/dedemesquita.com.br\/"},{"@type":"ListItem","position":2,"name":"Filipe Faraon na comunica\u00e7\u00e3o da Pol\u00edcia Federal e outras boas not\u00edcias"}]},{"@type":"WebSite","@id":"https:\/\/dedemesquita.com.br\/#website","url":"https:\/\/dedemesquita.com.br\/","name":"Ded\u00e9 Mesquita","description":"Um site que mostra os bastidores da imprensa no estado do Par\u00e1 e em Bel\u00e9m","potentialAction":[{"@type":"SearchAction","target":{"@type":"EntryPoint","urlTemplate":"https:\/\/dedemesquita.com.br\/?s={search_term_string}"},"query-input":"required name=search_term_string"}],"inLanguage":"pt-BR"},{"@type":"Person","@id":"https:\/\/dedemesquita.com.br\/#\/schema\/person\/36571f81dd2d76dc3ab37231542c9e24","name":"Ded\u00e9 Mesquita","image":{"@type":"ImageObject","inLanguage":"pt-BR","@id":"https:\/\/dedemesquita.com.br\/#\/schema\/person\/image\/","url":"https:\/\/dedemesquita.com.br\/wp-content\/uploads\/2021\/02\/foto_perfil-150x150.jpg","contentUrl":"https:\/\/dedemesquita.com.br\/wp-content\/uploads\/2021\/02\/foto_perfil-150x150.jpg","caption":"Ded\u00e9 Mesquita"},"sameAs":["https:\/\/dedemesquita.com.br"]}]}},"_links":{"self":[{"href":"https:\/\/dedemesquita.com.br\/index.php?rest_route=\/wp\/v2\/posts\/4285"}],"collection":[{"href":"https:\/\/dedemesquita.com.br\/index.php?rest_route=\/wp\/v2\/posts"}],"about":[{"href":"https:\/\/dedemesquita.com.br\/index.php?rest_route=\/wp\/v2\/types\/post"}],"author":[{"embeddable":true,"href":"https:\/\/dedemesquita.com.br\/index.php?rest_route=\/wp\/v2\/users\/2"}],"replies":[{"embeddable":true,"href":"https:\/\/dedemesquita.com.br\/index.php?rest_route=%2Fwp%2Fv2%2Fcomments&post=4285"}],"version-history":[{"count":12,"href":"https:\/\/dedemesquita.com.br\/index.php?rest_route=\/wp\/v2\/posts\/4285\/revisions"}],"predecessor-version":[{"id":4324,"href":"https:\/\/dedemesquita.com.br\/index.php?rest_route=\/wp\/v2\/posts\/4285\/revisions\/4324"}],"wp:featuredmedia":[{"embeddable":true,"href":"https:\/\/dedemesquita.com.br\/index.php?rest_route=\/wp\/v2\/media\/4308"}],"wp:attachment":[{"href":"https:\/\/dedemesquita.com.br\/index.php?rest_route=%2Fwp%2Fv2%2Fmedia&parent=4285"}],"wp:term":[{"taxonomy":"category","embeddable":true,"href":"https:\/\/dedemesquita.com.br\/index.php?rest_route=%2Fwp%2Fv2%2Fcategories&post=4285"},{"taxonomy":"post_tag","embeddable":true,"href":"https:\/\/dedemesquita.com.br\/index.php?rest_route=%2Fwp%2Fv2%2Ftags&post=4285"}],"curies":[{"name":"wp","href":"https:\/\/api.w.org\/{rel}","templated":true}]}}