{"id":4252,"date":"2022-05-27T10:05:58","date_gmt":"2022-05-27T13:05:58","guid":{"rendered":"https:\/\/dedemesquita.com.br\/?p=4252"},"modified":"2022-05-27T10:11:29","modified_gmt":"2022-05-27T13:11:29","slug":"jornalistas-do-grupo-rba-usam-preto-em-protesto-pelas-perdas-salariais","status":"publish","type":"post","link":"https:\/\/dedemesquita.com.br\/?p=4252","title":{"rendered":"Jornalistas do grupo RBA usam preto em protesto pelas perdas salariais"},"content":{"rendered":"\n<p>O Sindicato dos Jornalistas no Estado do Par\u00e1 (Sinjor-PA) com a nova gest\u00e3o \u201cSempre na Luta\u201d tem tentado h\u00e1 um ano negociar reajustes dignos para a categoria com os principais grupos de comunica\u00e7\u00e3o do Estado. H\u00e1 cinco anos sem reajuste, as perdas da categoria ultrapassam 26%. <\/p>\n\n\n\n<p>Desde a semana passada, o Sinjor come\u00e7ou uma s\u00e9rie de manifesta\u00e7\u00f5es nas ruas, em frente \u00e0 sede do ve\u00edculos de comunica\u00e7\u00e3o em Bel\u00e9m. Nesta sexta-feira, 27, membros do sindicatos ent\u00e3o em frente \u00e0 TV RBA, na avenida Almirante Barroso, no bairro do Marcos, desde a 8 horas. Na sexta-feira passada, dia 20, a mobiliza\u00e7\u00e3o foi em frente \u00e0 TV Liberal, no bairro de Nazar\u00e9. <\/p>\n\n\n\n<p>O Sinjor-PA solicitou que os jornalistas trabalhem, nesta sexta-feira, usando roupas pretas em sinal de protesto. No que foi atendido, prontamente, no grupo RBA. <\/p>\n\n\n\n<p>Ao longo dos \u00faltimos anos, a realidade dos jornalistas no Par\u00e1 ficou ainda mais dif\u00edcil e prec\u00e1ria com aumento de demandas com produ\u00e7\u00e3o de conte\u00fado para redes sociais juntamente com mat\u00e9rias, al\u00e9m de diminui\u00e7\u00e3o de frota de carros de reportagem pr\u00f3prios das empresas para ado\u00e7\u00e3o de carros de aplicativos para as equipes de reportagens.<\/p>\n\n\n\n<p>No grupo Di\u00e1rio do Par\u00e1\/RBA \u00e9 a mesma realidade. Com condi\u00e7\u00f5es cada vez mais prec\u00e1rias de trabalho sem respeito e dignidade aos trabalhadores, o grupo n\u00e3o reajustava os sal\u00e1rios h\u00e1 cinco anos, mas a partir desta gest\u00e3o, o Sinjor-PA buscou o grupo Di\u00e1rio\/RBA para elaborar um novo acordo coletivo. <\/p>\n\n\n\n<p>Os jornalistas apresentaram uma lista com 32 pontos para negocia\u00e7\u00e3o, desde reposi\u00e7\u00e3o salarial das perdas inflacion\u00e1rias acumuladas desde 2017, como pagamento de retroativos, plano de sa\u00fade, pagamento de horas extras, pagamento de feriados, aux\u00edlio creche ou escola e outros.<\/p>\n\n\n\n<p>Durante a negocia\u00e7\u00e3o, os jornalistas aceitaram em assembleia geral diminuir o percentual de reposi\u00e7\u00e3o de 14% para 12%. Entretanto, a \u00faltima proposta da empresa aos trabalhadores, em reuni\u00e3o com o diretor Camilo Centeno, foi de reajuste de apenas 7% para os jornalistas do Di\u00e1rio e portal DOL, e 5% para os jornalistas da RBA TV, o que seguia a proposta de reajuste do Sindicato das Empresas de R\u00e1dio e Televis\u00e3o do Estado do Par\u00e1 (Sertep).<\/p>\n\n\n\n<p>As propostas do grupo ficaram abaixo da infla\u00e7\u00e3o do ano passado, que chegou a medir de maio de 2020 a abril de 2021 a 7,14%. O percentual n\u00e3o chegou \u00e0 metade das perdas salariais da categoria at\u00e9 o ano passado que ultrapassavam 14%.<\/p>\n\n\n\n<p>Em reuni\u00e3o com a dire\u00e7\u00e3o do Grupo, o Sinjor-PA foi informado que essa seria a \u00faltima proposta da empresa para os jornalistas. O que praticamente fechou as portas para avan\u00e7os ou para discutir o restante das perdas salariais.<\/p>\n\n\n\n<p>Diante do impasse e do tratamento desigual, que os patr\u00f5es querem submeter os jornalistas da TV RBA para o restante do grupo, o Sinjor procurou este ano a media\u00e7\u00e3o do Minist\u00e9rio P\u00fablico do Trabalho do Par\u00e1 e Amap\u00e1 (MPT-PA AP) para que ajude na negocia\u00e7\u00e3o.<\/p>\n\n\n\n<p>O adiantamento de 7% no sal\u00e1rio dos jornalistas concedido pela empresa no final do ano passado foi utilizado como forma de tentar pressionar os trabalhadores para aceitar logo o acordo prejudicial. O reajuste tamb\u00e9m n\u00e3o foi concedido a todos os jornalistas do grupo, mas apenas aqueles com mais tempo de casa. Refor\u00e7ando o tratamento desigual dentro da empresa.<\/p>\n\n\n\n<p><strong>Perdas &#8211; <\/strong>Somente de 2021 para 2022, a infla\u00e7\u00e3o no per\u00edodo alcan\u00e7ou 12,89%. Com a somat\u00f3ria dos anos 2018, 2019 e 2020, os jornalistas acumulam perdas de mais de 26% do sal\u00e1rio. Os 7% propostos no ano passado est\u00e3o muito abaixo da infla\u00e7\u00e3o inclusive deste ano.<\/p>\n\n\n\n<p>Essa \u00e9 a pr\u00e1tica tradicional dos ve\u00edculos de comunica\u00e7\u00e3o do Par\u00e1: esperam acumular as perdas salariais ao longo dos anos, n\u00e3o reajustando os sal\u00e1rios (o que poderia ser feito pelas pr\u00f3prias empresas). Os patr\u00f5es esperam a defasagem salarial aumentar para depois pressionar o SINJOR-PA e os trabalhadores a aceitarem migalhas dos seus bolsos milion\u00e1rios.<\/p>\n\n\n\n<p>Os jornalistas do grupo RBA, Di\u00e1rio do Par\u00e1, DOL e R\u00e1dio Clube gritam por respeito e querem o percentual de 26% de aumento salarial. <\/p>\n\n\n\n<p><strong>Texto: Sinjor-PA<\/strong><\/p>\n","protected":false},"excerpt":{"rendered":"<p>O Sindicato dos Jornalistas no Estado do Par\u00e1 (Sinjor-PA) com a nova gest\u00e3o \u201cSempre na Luta\u201d tem tentado h\u00e1 um ano negociar reajustes dignos para a categoria com os principais grupos de comunica\u00e7\u00e3o do Estado. H\u00e1 cinco anos sem reajuste, as perdas da categoria ultrapassam 26%. Desde a semana passada, o Sinjor come\u00e7ou uma s\u00e9rie [&hellip;]<\/p>\n","protected":false},"author":2,"featured_media":4253,"comment_status":"open","ping_status":"open","sticky":false,"template":"","format":"standard","meta":{"footnotes":""},"categories":[51,14,29],"tags":[181,184,119,120,165,145,130],"class_list":["post-4252","post","type-post","status-publish","format-standard","has-post-thumbnail","hentry","category-destaque","category-imprensa","category-jornalismo","tag-diario-do-para","tag-dol","tag-jornalismo","tag-jornalistas-paraenses-em-acao","tag-radio-clube","tag-rbatv","tag-sinjor-pa"],"yoast_head":"<!-- This site is optimized with the Yoast SEO plugin v19.10 - https:\/\/yoast.com\/wordpress\/plugins\/seo\/ -->\n<title>Jornalistas do grupo RBA usam preto em protesto pelas perdas salariais - Ded\u00e9 Mesquita<\/title>\n<meta name=\"robots\" content=\"index, follow, max-snippet:-1, max-image-preview:large, max-video-preview:-1\" \/>\n<link rel=\"canonical\" href=\"https:\/\/dedemesquita.com.br\/?p=4252\" \/>\n<meta property=\"og:locale\" content=\"pt_BR\" \/>\n<meta property=\"og:type\" content=\"article\" \/>\n<meta property=\"og:title\" content=\"Jornalistas do grupo RBA usam preto em protesto pelas perdas salariais - Ded\u00e9 Mesquita\" \/>\n<meta property=\"og:description\" content=\"O Sindicato dos Jornalistas no Estado do Par\u00e1 (Sinjor-PA) com a nova gest\u00e3o \u201cSempre na Luta\u201d tem tentado h\u00e1 um ano negociar reajustes dignos para a categoria com os principais grupos de comunica\u00e7\u00e3o do Estado. H\u00e1 cinco anos sem reajuste, as perdas da categoria ultrapassam 26%. Desde a semana passada, o Sinjor come\u00e7ou uma s\u00e9rie [&hellip;]\" \/>\n<meta property=\"og:url\" content=\"https:\/\/dedemesquita.com.br\/?p=4252\" \/>\n<meta property=\"og:site_name\" content=\"Ded\u00e9 Mesquita\" \/>\n<meta property=\"article:publisher\" content=\"https:\/\/www.facebook.com\/dede.mesquita\" \/>\n<meta property=\"article:published_time\" content=\"2022-05-27T13:05:58+00:00\" \/>\n<meta property=\"article:modified_time\" content=\"2022-05-27T13:11:29+00:00\" \/>\n<meta property=\"og:image\" content=\"https:\/\/dedemesquita.com.br\/wp-content\/uploads\/2022\/05\/aaa3.jpg\" \/>\n\t<meta property=\"og:image:width\" content=\"950\" \/>\n\t<meta property=\"og:image:height\" content=\"644\" \/>\n\t<meta property=\"og:image:type\" content=\"image\/jpeg\" \/>\n<meta name=\"author\" content=\"Ded\u00e9 Mesquita\" \/>\n<meta name=\"twitter:card\" content=\"summary_large_image\" \/>\n<meta name=\"twitter:creator\" content=\"@dedemesquita\" \/>\n<meta name=\"twitter:site\" content=\"@dedemesquita\" \/>\n<meta name=\"twitter:label1\" content=\"Escrito por\" \/>\n\t<meta name=\"twitter:data1\" content=\"Ded\u00e9 Mesquita\" \/>\n\t<meta name=\"twitter:label2\" content=\"Est. tempo de leitura\" \/>\n\t<meta name=\"twitter:data2\" content=\"4 minutos\" \/>\n<script type=\"application\/ld+json\" class=\"yoast-schema-graph\">{\"@context\":\"https:\/\/schema.org\",\"@graph\":[{\"@type\":\"WebPage\",\"@id\":\"https:\/\/dedemesquita.com.br\/?p=4252\",\"url\":\"https:\/\/dedemesquita.com.br\/?p=4252\",\"name\":\"Jornalistas do grupo RBA usam preto em protesto pelas perdas salariais - Ded\u00e9 Mesquita\",\"isPartOf\":{\"@id\":\"https:\/\/dedemesquita.com.br\/#website\"},\"datePublished\":\"2022-05-27T13:05:58+00:00\",\"dateModified\":\"2022-05-27T13:11:29+00:00\",\"author\":{\"@id\":\"https:\/\/dedemesquita.com.br\/#\/schema\/person\/36571f81dd2d76dc3ab37231542c9e24\"},\"breadcrumb\":{\"@id\":\"https:\/\/dedemesquita.com.br\/?p=4252#breadcrumb\"},\"inLanguage\":\"pt-BR\",\"potentialAction\":[{\"@type\":\"ReadAction\",\"target\":[\"https:\/\/dedemesquita.com.br\/?p=4252\"]}]},{\"@type\":\"BreadcrumbList\",\"@id\":\"https:\/\/dedemesquita.com.br\/?p=4252#breadcrumb\",\"itemListElement\":[{\"@type\":\"ListItem\",\"position\":1,\"name\":\"In\u00edcio\",\"item\":\"https:\/\/dedemesquita.com.br\/\"},{\"@type\":\"ListItem\",\"position\":2,\"name\":\"Jornalistas do grupo RBA usam preto em protesto pelas perdas salariais\"}]},{\"@type\":\"WebSite\",\"@id\":\"https:\/\/dedemesquita.com.br\/#website\",\"url\":\"https:\/\/dedemesquita.com.br\/\",\"name\":\"Ded\u00e9 Mesquita\",\"description\":\"Um site que mostra os bastidores da imprensa no estado do Par\u00e1 e em Bel\u00e9m\",\"potentialAction\":[{\"@type\":\"SearchAction\",\"target\":{\"@type\":\"EntryPoint\",\"urlTemplate\":\"https:\/\/dedemesquita.com.br\/?s={search_term_string}\"},\"query-input\":\"required name=search_term_string\"}],\"inLanguage\":\"pt-BR\"},{\"@type\":\"Person\",\"@id\":\"https:\/\/dedemesquita.com.br\/#\/schema\/person\/36571f81dd2d76dc3ab37231542c9e24\",\"name\":\"Ded\u00e9 Mesquita\",\"image\":{\"@type\":\"ImageObject\",\"inLanguage\":\"pt-BR\",\"@id\":\"https:\/\/dedemesquita.com.br\/#\/schema\/person\/image\/\",\"url\":\"https:\/\/dedemesquita.com.br\/wp-content\/uploads\/2021\/02\/foto_perfil-150x150.jpg\",\"contentUrl\":\"https:\/\/dedemesquita.com.br\/wp-content\/uploads\/2021\/02\/foto_perfil-150x150.jpg\",\"caption\":\"Ded\u00e9 Mesquita\"},\"sameAs\":[\"https:\/\/dedemesquita.com.br\"]}]}<\/script>\n<!-- \/ Yoast SEO plugin. -->","yoast_head_json":{"title":"Jornalistas do grupo RBA usam preto em protesto pelas perdas salariais - Ded\u00e9 Mesquita","robots":{"index":"index","follow":"follow","max-snippet":"max-snippet:-1","max-image-preview":"max-image-preview:large","max-video-preview":"max-video-preview:-1"},"canonical":"https:\/\/dedemesquita.com.br\/?p=4252","og_locale":"pt_BR","og_type":"article","og_title":"Jornalistas do grupo RBA usam preto em protesto pelas perdas salariais - Ded\u00e9 Mesquita","og_description":"O Sindicato dos Jornalistas no Estado do Par\u00e1 (Sinjor-PA) com a nova gest\u00e3o \u201cSempre na Luta\u201d tem tentado h\u00e1 um ano negociar reajustes dignos para a categoria com os principais grupos de comunica\u00e7\u00e3o do Estado. H\u00e1 cinco anos sem reajuste, as perdas da categoria ultrapassam 26%. Desde a semana passada, o Sinjor come\u00e7ou uma s\u00e9rie [&hellip;]","og_url":"https:\/\/dedemesquita.com.br\/?p=4252","og_site_name":"Ded\u00e9 Mesquita","article_publisher":"https:\/\/www.facebook.com\/dede.mesquita","article_published_time":"2022-05-27T13:05:58+00:00","article_modified_time":"2022-05-27T13:11:29+00:00","og_image":[{"width":950,"height":644,"url":"https:\/\/dedemesquita.com.br\/wp-content\/uploads\/2022\/05\/aaa3.jpg","type":"image\/jpeg"}],"author":"Ded\u00e9 Mesquita","twitter_card":"summary_large_image","twitter_creator":"@dedemesquita","twitter_site":"@dedemesquita","twitter_misc":{"Escrito por":"Ded\u00e9 Mesquita","Est. tempo de leitura":"4 minutos"},"schema":{"@context":"https:\/\/schema.org","@graph":[{"@type":"WebPage","@id":"https:\/\/dedemesquita.com.br\/?p=4252","url":"https:\/\/dedemesquita.com.br\/?p=4252","name":"Jornalistas do grupo RBA usam preto em protesto pelas perdas salariais - Ded\u00e9 Mesquita","isPartOf":{"@id":"https:\/\/dedemesquita.com.br\/#website"},"datePublished":"2022-05-27T13:05:58+00:00","dateModified":"2022-05-27T13:11:29+00:00","author":{"@id":"https:\/\/dedemesquita.com.br\/#\/schema\/person\/36571f81dd2d76dc3ab37231542c9e24"},"breadcrumb":{"@id":"https:\/\/dedemesquita.com.br\/?p=4252#breadcrumb"},"inLanguage":"pt-BR","potentialAction":[{"@type":"ReadAction","target":["https:\/\/dedemesquita.com.br\/?p=4252"]}]},{"@type":"BreadcrumbList","@id":"https:\/\/dedemesquita.com.br\/?p=4252#breadcrumb","itemListElement":[{"@type":"ListItem","position":1,"name":"In\u00edcio","item":"https:\/\/dedemesquita.com.br\/"},{"@type":"ListItem","position":2,"name":"Jornalistas do grupo RBA usam preto em protesto pelas perdas salariais"}]},{"@type":"WebSite","@id":"https:\/\/dedemesquita.com.br\/#website","url":"https:\/\/dedemesquita.com.br\/","name":"Ded\u00e9 Mesquita","description":"Um site que mostra os bastidores da imprensa no estado do Par\u00e1 e em Bel\u00e9m","potentialAction":[{"@type":"SearchAction","target":{"@type":"EntryPoint","urlTemplate":"https:\/\/dedemesquita.com.br\/?s={search_term_string}"},"query-input":"required name=search_term_string"}],"inLanguage":"pt-BR"},{"@type":"Person","@id":"https:\/\/dedemesquita.com.br\/#\/schema\/person\/36571f81dd2d76dc3ab37231542c9e24","name":"Ded\u00e9 Mesquita","image":{"@type":"ImageObject","inLanguage":"pt-BR","@id":"https:\/\/dedemesquita.com.br\/#\/schema\/person\/image\/","url":"https:\/\/dedemesquita.com.br\/wp-content\/uploads\/2021\/02\/foto_perfil-150x150.jpg","contentUrl":"https:\/\/dedemesquita.com.br\/wp-content\/uploads\/2021\/02\/foto_perfil-150x150.jpg","caption":"Ded\u00e9 Mesquita"},"sameAs":["https:\/\/dedemesquita.com.br"]}]}},"_links":{"self":[{"href":"https:\/\/dedemesquita.com.br\/index.php?rest_route=\/wp\/v2\/posts\/4252"}],"collection":[{"href":"https:\/\/dedemesquita.com.br\/index.php?rest_route=\/wp\/v2\/posts"}],"about":[{"href":"https:\/\/dedemesquita.com.br\/index.php?rest_route=\/wp\/v2\/types\/post"}],"author":[{"embeddable":true,"href":"https:\/\/dedemesquita.com.br\/index.php?rest_route=\/wp\/v2\/users\/2"}],"replies":[{"embeddable":true,"href":"https:\/\/dedemesquita.com.br\/index.php?rest_route=%2Fwp%2Fv2%2Fcomments&post=4252"}],"version-history":[{"count":2,"href":"https:\/\/dedemesquita.com.br\/index.php?rest_route=\/wp\/v2\/posts\/4252\/revisions"}],"predecessor-version":[{"id":4255,"href":"https:\/\/dedemesquita.com.br\/index.php?rest_route=\/wp\/v2\/posts\/4252\/revisions\/4255"}],"wp:featuredmedia":[{"embeddable":true,"href":"https:\/\/dedemesquita.com.br\/index.php?rest_route=\/wp\/v2\/media\/4253"}],"wp:attachment":[{"href":"https:\/\/dedemesquita.com.br\/index.php?rest_route=%2Fwp%2Fv2%2Fmedia&parent=4252"}],"wp:term":[{"taxonomy":"category","embeddable":true,"href":"https:\/\/dedemesquita.com.br\/index.php?rest_route=%2Fwp%2Fv2%2Fcategories&post=4252"},{"taxonomy":"post_tag","embeddable":true,"href":"https:\/\/dedemesquita.com.br\/index.php?rest_route=%2Fwp%2Fv2%2Ftags&post=4252"}],"curies":[{"name":"wp","href":"https:\/\/api.w.org\/{rel}","templated":true}]}}