{"id":4181,"date":"2022-05-19T12:11:37","date_gmt":"2022-05-19T15:11:37","guid":{"rendered":"https:\/\/dedemesquita.com.br\/?p=4181"},"modified":"2022-06-21T08:56:41","modified_gmt":"2022-06-21T11:56:41","slug":"discussao-com-marcus-pimenta-faz-editor-chefe-do-balanco-geral-de-belem-pedir-demissao-durante-programa","status":"publish","type":"post","link":"https:\/\/dedemesquita.com.br\/?p=4181","title":{"rendered":"Discuss\u00e3o com Marcus Pimenta faz editor-chefe do Balan\u00e7o Geral de Bel\u00e9m pedir demiss\u00e3o durante programa"},"content":{"rendered":"\n<p>O clima n\u00e3o \u00e9 dos melhores na reda\u00e7\u00e3o da Record TV, em Bel\u00e9m. Que o apresentador e atual pr\u00e9-candidato a deputado estadual pelo estado do Par\u00e1, Marcus Pimenta, n\u00e3o \u00e9 nem um pouco amig\u00e1vel por tr\u00e1s das c\u00e2meras e vive \u00e0 base de gritos com sua equipe, muitos j\u00e1 sabem.<\/p>\n\n\n\n<p>Na \u00faltima quarta-feira, 18, a situa\u00e7\u00e3o chegou ao extremo na sede do canal 10 e fez com que o experiente jornalista Rosivaldo Almeida, ent\u00e3o editor-chefe do programa Balan\u00e7o Geral, abandonasse o <em>switcher<\/em> [local de comando dos programas ao vivo], descesse at\u00e9 a sala da chefia de reda\u00e7\u00e3o e pedisse demiss\u00e3o.<\/p>\n\n\n\n<p>Quem presenciou a cena estranhou a rea\u00e7\u00e3o de Rosivaldo que aguentou por muitos anos os gritos e surtos do apresentador baiano durante o programa. A discuss\u00e3o teria come\u00e7ado minutos ap\u00f3s o programa entrar no ar. Alguns erros aconteceram e Pimenta deu mais um show de gritos com o editor-chefe, que pulou do barco e deixou o comando com uma editora que sempre o substitui. <\/p>\n\n\n\n<p><strong>Sem volta &#8211; <\/strong>\u00c0 tarde, Rosivaldo voltou \u00e0 emissora e se reuniu com o gerente de jornalismo e com a chefia de reda\u00e7\u00e3o, mas n\u00e3o mudou a decis\u00e3o de pedir para sair. Rosivaldo j\u00e1 saiu at\u00e9 de alguns grupos dos jornalistas da Record Bel\u00e9m no WhatsApp.<\/p>\n\n\n\n<p>Nos bastidores, o clima \u00e9 sempre tenso. A equipe trabalha sobressaltada com o apresentador que gosta de mandar em todos os setores do programa. H\u00e1 den\u00fancia de ass\u00e9dio moral que pesa contra Pimenta, que sempre grita na frente de todos, mas quer pedir desculpa em particular.<\/p>\n\n\n\n<p>Depois do programa de quarta-feira, ele ainda ligou para Rosivaldo, mas n\u00e3o teve conversa. As m\u00e1s l\u00ednguas dizem que Pimenta precisaria aumentar as doses de u\u00edsque que bebe antes de apresentar para ver se melhora o astral dele.<\/p>\n\n\n\n<p>Rosivaldo Almeida \u00e9 um jornalista muito experiente e estava na Record Bel\u00e9m h\u00e1 mais de 10 anos, onde come\u00e7ou a carreira como estagi\u00e1rio.<\/p>\n\n\n\n<div class=\"wp-block-image\"><figure class=\"aligncenter size-full\"><img loading=\"lazy\" decoding=\"async\" width=\"636\" height=\"402\" src=\"https:\/\/dedemesquita.com.br\/wp-content\/uploads\/2022\/05\/ris.jpg\" alt=\"\" class=\"wp-image-4185\"\/><figcaption>Rosivaldo Almeida em foto com a jornalista e apresentadora Nara Bandeira <\/figcaption><\/figure><\/div>\n\n\n\n<p><strong>Elei\u00e7\u00f5es &#8211; <\/strong>O que deixa a preocupa\u00e7\u00e3o \u00e9 que Marcus Pimenta pretende se candidatar \u00e0 deputado pelo estado do Par\u00e1. J\u00e1 fica o aviso aos que o amam e s\u00f3 o veem \u00e0 frente das c\u00e2meras.<\/p>\n","protected":false},"excerpt":{"rendered":"<p>O clima n\u00e3o \u00e9 dos melhores na reda\u00e7\u00e3o da Record TV, em Bel\u00e9m. Que o apresentador e atual pr\u00e9-candidato a deputado estadual pelo estado do Par\u00e1, Marcus Pimenta, n\u00e3o \u00e9 nem um pouco amig\u00e1vel por tr\u00e1s das c\u00e2meras e vive \u00e0 base de gritos com sua equipe, muitos j\u00e1 sabem. Na \u00faltima quarta-feira, 18, a [&hellip;]<\/p>\n","protected":false},"author":2,"featured_media":4182,"comment_status":"open","ping_status":"open","sticky":false,"template":"","format":"standard","meta":{"footnotes":""},"categories":[51,14,29],"tags":[138],"class_list":["post-4181","post","type-post","status-publish","format-standard","has-post-thumbnail","hentry","category-destaque","category-imprensa","category-jornalismo","tag-record-belem"],"yoast_head":"<!-- This site is optimized with the Yoast SEO plugin v19.10 - https:\/\/yoast.com\/wordpress\/plugins\/seo\/ -->\n<title>Discuss\u00e3o com Marcus Pimenta faz editor-chefe do Balan\u00e7o Geral de Bel\u00e9m pedir demiss\u00e3o durante programa - Ded\u00e9 Mesquita<\/title>\n<meta name=\"robots\" content=\"index, follow, max-snippet:-1, max-image-preview:large, max-video-preview:-1\" \/>\n<link rel=\"canonical\" href=\"https:\/\/dedemesquita.com.br\/?p=4181\" \/>\n<meta property=\"og:locale\" content=\"pt_BR\" \/>\n<meta property=\"og:type\" content=\"article\" \/>\n<meta property=\"og:title\" content=\"Discuss\u00e3o com Marcus Pimenta faz editor-chefe do Balan\u00e7o Geral de Bel\u00e9m pedir demiss\u00e3o durante programa - Ded\u00e9 Mesquita\" \/>\n<meta property=\"og:description\" content=\"O clima n\u00e3o \u00e9 dos melhores na reda\u00e7\u00e3o da Record TV, em Bel\u00e9m. Que o apresentador e atual pr\u00e9-candidato a deputado estadual pelo estado do Par\u00e1, Marcus Pimenta, n\u00e3o \u00e9 nem um pouco amig\u00e1vel por tr\u00e1s das c\u00e2meras e vive \u00e0 base de gritos com sua equipe, muitos j\u00e1 sabem. Na \u00faltima quarta-feira, 18, a [&hellip;]\" \/>\n<meta property=\"og:url\" content=\"https:\/\/dedemesquita.com.br\/?p=4181\" \/>\n<meta property=\"og:site_name\" content=\"Ded\u00e9 Mesquita\" \/>\n<meta property=\"article:publisher\" content=\"https:\/\/www.facebook.com\/dede.mesquita\" \/>\n<meta property=\"article:published_time\" content=\"2022-05-19T15:11:37+00:00\" \/>\n<meta property=\"article:modified_time\" content=\"2022-06-21T11:56:41+00:00\" \/>\n<meta property=\"og:image\" content=\"https:\/\/dedemesquita.com.br\/wp-content\/uploads\/2022\/05\/marcus.jpg\" \/>\n\t<meta property=\"og:image:width\" content=\"971\" \/>\n\t<meta property=\"og:image:height\" content=\"513\" \/>\n\t<meta property=\"og:image:type\" content=\"image\/jpeg\" \/>\n<meta name=\"author\" content=\"Ded\u00e9 Mesquita\" \/>\n<meta name=\"twitter:card\" content=\"summary_large_image\" \/>\n<meta name=\"twitter:creator\" content=\"@dedemesquita\" \/>\n<meta name=\"twitter:site\" content=\"@dedemesquita\" \/>\n<meta name=\"twitter:label1\" content=\"Escrito por\" \/>\n\t<meta name=\"twitter:data1\" content=\"Ded\u00e9 Mesquita\" \/>\n\t<meta name=\"twitter:label2\" content=\"Est. tempo de leitura\" \/>\n\t<meta name=\"twitter:data2\" content=\"3 minutos\" \/>\n<script type=\"application\/ld+json\" class=\"yoast-schema-graph\">{\"@context\":\"https:\/\/schema.org\",\"@graph\":[{\"@type\":\"WebPage\",\"@id\":\"https:\/\/dedemesquita.com.br\/?p=4181\",\"url\":\"https:\/\/dedemesquita.com.br\/?p=4181\",\"name\":\"Discuss\u00e3o com Marcus Pimenta faz editor-chefe do Balan\u00e7o Geral de Bel\u00e9m pedir demiss\u00e3o durante programa - Ded\u00e9 Mesquita\",\"isPartOf\":{\"@id\":\"https:\/\/dedemesquita.com.br\/#website\"},\"datePublished\":\"2022-05-19T15:11:37+00:00\",\"dateModified\":\"2022-06-21T11:56:41+00:00\",\"author\":{\"@id\":\"https:\/\/dedemesquita.com.br\/#\/schema\/person\/36571f81dd2d76dc3ab37231542c9e24\"},\"breadcrumb\":{\"@id\":\"https:\/\/dedemesquita.com.br\/?p=4181#breadcrumb\"},\"inLanguage\":\"pt-BR\",\"potentialAction\":[{\"@type\":\"ReadAction\",\"target\":[\"https:\/\/dedemesquita.com.br\/?p=4181\"]}]},{\"@type\":\"BreadcrumbList\",\"@id\":\"https:\/\/dedemesquita.com.br\/?p=4181#breadcrumb\",\"itemListElement\":[{\"@type\":\"ListItem\",\"position\":1,\"name\":\"In\u00edcio\",\"item\":\"https:\/\/dedemesquita.com.br\/\"},{\"@type\":\"ListItem\",\"position\":2,\"name\":\"Discuss\u00e3o com Marcus Pimenta faz editor-chefe do Balan\u00e7o Geral de Bel\u00e9m pedir demiss\u00e3o durante programa\"}]},{\"@type\":\"WebSite\",\"@id\":\"https:\/\/dedemesquita.com.br\/#website\",\"url\":\"https:\/\/dedemesquita.com.br\/\",\"name\":\"Ded\u00e9 Mesquita\",\"description\":\"Um site que mostra os bastidores da imprensa no estado do Par\u00e1 e em Bel\u00e9m\",\"potentialAction\":[{\"@type\":\"SearchAction\",\"target\":{\"@type\":\"EntryPoint\",\"urlTemplate\":\"https:\/\/dedemesquita.com.br\/?s={search_term_string}\"},\"query-input\":\"required name=search_term_string\"}],\"inLanguage\":\"pt-BR\"},{\"@type\":\"Person\",\"@id\":\"https:\/\/dedemesquita.com.br\/#\/schema\/person\/36571f81dd2d76dc3ab37231542c9e24\",\"name\":\"Ded\u00e9 Mesquita\",\"image\":{\"@type\":\"ImageObject\",\"inLanguage\":\"pt-BR\",\"@id\":\"https:\/\/dedemesquita.com.br\/#\/schema\/person\/image\/\",\"url\":\"https:\/\/dedemesquita.com.br\/wp-content\/uploads\/2021\/02\/foto_perfil-150x150.jpg\",\"contentUrl\":\"https:\/\/dedemesquita.com.br\/wp-content\/uploads\/2021\/02\/foto_perfil-150x150.jpg\",\"caption\":\"Ded\u00e9 Mesquita\"},\"sameAs\":[\"https:\/\/dedemesquita.com.br\"]}]}<\/script>\n<!-- \/ Yoast SEO plugin. -->","yoast_head_json":{"title":"Discuss\u00e3o com Marcus Pimenta faz editor-chefe do Balan\u00e7o Geral de Bel\u00e9m pedir demiss\u00e3o durante programa - Ded\u00e9 Mesquita","robots":{"index":"index","follow":"follow","max-snippet":"max-snippet:-1","max-image-preview":"max-image-preview:large","max-video-preview":"max-video-preview:-1"},"canonical":"https:\/\/dedemesquita.com.br\/?p=4181","og_locale":"pt_BR","og_type":"article","og_title":"Discuss\u00e3o com Marcus Pimenta faz editor-chefe do Balan\u00e7o Geral de Bel\u00e9m pedir demiss\u00e3o durante programa - Ded\u00e9 Mesquita","og_description":"O clima n\u00e3o \u00e9 dos melhores na reda\u00e7\u00e3o da Record TV, em Bel\u00e9m. Que o apresentador e atual pr\u00e9-candidato a deputado estadual pelo estado do Par\u00e1, Marcus Pimenta, n\u00e3o \u00e9 nem um pouco amig\u00e1vel por tr\u00e1s das c\u00e2meras e vive \u00e0 base de gritos com sua equipe, muitos j\u00e1 sabem. Na \u00faltima quarta-feira, 18, a [&hellip;]","og_url":"https:\/\/dedemesquita.com.br\/?p=4181","og_site_name":"Ded\u00e9 Mesquita","article_publisher":"https:\/\/www.facebook.com\/dede.mesquita","article_published_time":"2022-05-19T15:11:37+00:00","article_modified_time":"2022-06-21T11:56:41+00:00","og_image":[{"width":971,"height":513,"url":"https:\/\/dedemesquita.com.br\/wp-content\/uploads\/2022\/05\/marcus.jpg","type":"image\/jpeg"}],"author":"Ded\u00e9 Mesquita","twitter_card":"summary_large_image","twitter_creator":"@dedemesquita","twitter_site":"@dedemesquita","twitter_misc":{"Escrito por":"Ded\u00e9 Mesquita","Est. tempo de leitura":"3 minutos"},"schema":{"@context":"https:\/\/schema.org","@graph":[{"@type":"WebPage","@id":"https:\/\/dedemesquita.com.br\/?p=4181","url":"https:\/\/dedemesquita.com.br\/?p=4181","name":"Discuss\u00e3o com Marcus Pimenta faz editor-chefe do Balan\u00e7o Geral de Bel\u00e9m pedir demiss\u00e3o durante programa - Ded\u00e9 Mesquita","isPartOf":{"@id":"https:\/\/dedemesquita.com.br\/#website"},"datePublished":"2022-05-19T15:11:37+00:00","dateModified":"2022-06-21T11:56:41+00:00","author":{"@id":"https:\/\/dedemesquita.com.br\/#\/schema\/person\/36571f81dd2d76dc3ab37231542c9e24"},"breadcrumb":{"@id":"https:\/\/dedemesquita.com.br\/?p=4181#breadcrumb"},"inLanguage":"pt-BR","potentialAction":[{"@type":"ReadAction","target":["https:\/\/dedemesquita.com.br\/?p=4181"]}]},{"@type":"BreadcrumbList","@id":"https:\/\/dedemesquita.com.br\/?p=4181#breadcrumb","itemListElement":[{"@type":"ListItem","position":1,"name":"In\u00edcio","item":"https:\/\/dedemesquita.com.br\/"},{"@type":"ListItem","position":2,"name":"Discuss\u00e3o com Marcus Pimenta faz editor-chefe do Balan\u00e7o Geral de Bel\u00e9m pedir demiss\u00e3o durante programa"}]},{"@type":"WebSite","@id":"https:\/\/dedemesquita.com.br\/#website","url":"https:\/\/dedemesquita.com.br\/","name":"Ded\u00e9 Mesquita","description":"Um site que mostra os bastidores da imprensa no estado do Par\u00e1 e em Bel\u00e9m","potentialAction":[{"@type":"SearchAction","target":{"@type":"EntryPoint","urlTemplate":"https:\/\/dedemesquita.com.br\/?s={search_term_string}"},"query-input":"required name=search_term_string"}],"inLanguage":"pt-BR"},{"@type":"Person","@id":"https:\/\/dedemesquita.com.br\/#\/schema\/person\/36571f81dd2d76dc3ab37231542c9e24","name":"Ded\u00e9 Mesquita","image":{"@type":"ImageObject","inLanguage":"pt-BR","@id":"https:\/\/dedemesquita.com.br\/#\/schema\/person\/image\/","url":"https:\/\/dedemesquita.com.br\/wp-content\/uploads\/2021\/02\/foto_perfil-150x150.jpg","contentUrl":"https:\/\/dedemesquita.com.br\/wp-content\/uploads\/2021\/02\/foto_perfil-150x150.jpg","caption":"Ded\u00e9 Mesquita"},"sameAs":["https:\/\/dedemesquita.com.br"]}]}},"_links":{"self":[{"href":"https:\/\/dedemesquita.com.br\/index.php?rest_route=\/wp\/v2\/posts\/4181"}],"collection":[{"href":"https:\/\/dedemesquita.com.br\/index.php?rest_route=\/wp\/v2\/posts"}],"about":[{"href":"https:\/\/dedemesquita.com.br\/index.php?rest_route=\/wp\/v2\/types\/post"}],"author":[{"embeddable":true,"href":"https:\/\/dedemesquita.com.br\/index.php?rest_route=\/wp\/v2\/users\/2"}],"replies":[{"embeddable":true,"href":"https:\/\/dedemesquita.com.br\/index.php?rest_route=%2Fwp%2Fv2%2Fcomments&post=4181"}],"version-history":[{"count":3,"href":"https:\/\/dedemesquita.com.br\/index.php?rest_route=\/wp\/v2\/posts\/4181\/revisions"}],"predecessor-version":[{"id":4187,"href":"https:\/\/dedemesquita.com.br\/index.php?rest_route=\/wp\/v2\/posts\/4181\/revisions\/4187"}],"wp:featuredmedia":[{"embeddable":true,"href":"https:\/\/dedemesquita.com.br\/index.php?rest_route=\/wp\/v2\/media\/4182"}],"wp:attachment":[{"href":"https:\/\/dedemesquita.com.br\/index.php?rest_route=%2Fwp%2Fv2%2Fmedia&parent=4181"}],"wp:term":[{"taxonomy":"category","embeddable":true,"href":"https:\/\/dedemesquita.com.br\/index.php?rest_route=%2Fwp%2Fv2%2Fcategories&post=4181"},{"taxonomy":"post_tag","embeddable":true,"href":"https:\/\/dedemesquita.com.br\/index.php?rest_route=%2Fwp%2Fv2%2Ftags&post=4181"}],"curies":[{"name":"wp","href":"https:\/\/api.w.org\/{rel}","templated":true}]}}