{"id":4152,"date":"2022-05-17T14:41:14","date_gmt":"2022-05-17T17:41:14","guid":{"rendered":"https:\/\/dedemesquita.com.br\/?p=4152"},"modified":"2022-05-17T15:07:24","modified_gmt":"2022-05-17T18:07:24","slug":"4152","status":"publish","type":"post","link":"https:\/\/dedemesquita.com.br\/?p=4152","title":{"rendered":"Denilson d&#8217; Almeida deixa o jornal Di\u00e1rio do Par\u00e1 e outras novidades da imprensa"},"content":{"rendered":"\n<p>Mais uma semana come\u00e7ando e com algumas novidades da imprensa em Bel\u00e9m e no estado do Par\u00e1. Vamos conhecer as novas por aqui. <\/p>\n\n\n\n<p><strong>Den\u00edlson &#8211;<\/strong> O jornalista <strong>Den\u00edlson d\u2019 Almeida<\/strong>, ap\u00f3s 10 anos na reportagem do Di\u00e1rio do Par\u00e1, encerrou um ciclo naquele jornal. Ele disse que foi uma decis\u00e3o dif\u00edcil, mas a melhor que poderia tomar no momento. \u201cSigo como rep\u00f3rter no portal Di\u00e1rio on Line (DOL) e dispon\u00edvel para trabalhos em assessoria de imprensa\u201d, disse o rep\u00f3rter.<\/p>\n\n\n\n<div class=\"wp-block-image\"><figure class=\"aligncenter size-full\"><img loading=\"lazy\" decoding=\"async\" width=\"400\" height=\"378\" src=\"https:\/\/dedemesquita.com.br\/wp-content\/uploads\/2022\/05\/DENILSON_ALMEIDA.png\" alt=\"\" class=\"wp-image-4164\"\/><figcaption>Denilson d&#8217; Almeida no \u00faltimo plant\u00e3o no jornal Di\u00e1rio do Par\u00e1 <\/figcaption><\/figure><\/div>\n\n\n\n<p><strong>S\u00e9rgio <\/strong>&#8211; <strong>S\u00e9rgio Moraes<\/strong>, depois de passagens pela Secom-PA e pela Reda\u00e7\u00e3o Integrada O Liberal, est\u00e1 trabalhando no Parque de Ci\u00eancia e Tecnologia do Guam\u00e1 (PGT), Espa\u00e7o de Inova\u00e7\u00e3o, \u00f3rg\u00e3o ligado ao Governo do Par\u00e1.<\/p>\n\n\n\n<div class=\"wp-block-image\"><figure class=\"aligncenter size-full\"><img loading=\"lazy\" decoding=\"async\" width=\"638\" height=\"429\" src=\"https:\/\/dedemesquita.com.br\/wp-content\/uploads\/2022\/05\/SERGIO_MORAES.jpg\" alt=\"\" class=\"wp-image-4173\"\/><figcaption>S\u00e9rgio Moraes est\u00e1 no  Parque de Ci\u00eancia e Tecnologia do Guam\u00e1 <\/figcaption><\/figure><\/div>\n\n\n\n<p><strong>Especialista &#8211; Lu\u00eds Fernando Machado<\/strong> \u00e9 agora, oficialmente, especialista em Comunica\u00e7\u00e3o Cient\u00edfica na Amaz\u00f4nia, pelo N\u00facleo de Altos Estudos Amaz\u00f4nicos da Universidade Federal do Par\u00e1 (NAEA\/UFPA). Foi por meio dessa especializa\u00e7\u00e3o que ele desenvolveu o &#8220;Poraqu\u00ea&#8221;, canal no YouTube que aborda, sobretudo, o desenvolvimento da ci\u00eancia na Amaz\u00f4nia e os saberes dos povos tradicionais que habitam a Amaz\u00f4nia.<\/p>\n\n\n\n<div class=\"wp-block-image\"><figure class=\"aligncenter size-full\"><img loading=\"lazy\" decoding=\"async\" width=\"488\" height=\"388\" src=\"https:\/\/dedemesquita.com.br\/wp-content\/uploads\/2022\/05\/LUIS_FERNANDO.png\" alt=\"\" class=\"wp-image-4166\"\/><figcaption>Lu\u00eds Fernando em NAEA\/ UFPA<\/figcaption><\/figure><\/div>\n\n\n\n<p><strong>Novo diagramador &#8211; <\/strong>O designer <strong>M\u00e1rcio Alvarenga<\/strong> come\u00e7ou um novo cargo de diagramador na Reda\u00e7\u00e3o Integrada O Liberal.<\/p>\n\n\n\n<p><strong>Novo cargo, novo jornal &#8211; <\/strong>O jornalista <strong>Mayron Gouv\u00eaa<\/strong>, depois de uma passagem pela TV Liberal, est\u00e1 como rep\u00f3rter no novo jornal em Bel\u00e9m, o <a href=\"https:\/\/para.jor.br\/\"><strong>https:\/\/para.jor.br\/<\/strong><\/a><\/p>\n\n\n\n<div class=\"wp-block-image\"><figure class=\"aligncenter size-full\"><img loading=\"lazy\" decoding=\"async\" width=\"603\" height=\"404\" src=\"https:\/\/dedemesquita.com.br\/wp-content\/uploads\/2022\/05\/MAYRON_GOUVEA.png\" alt=\"\" class=\"wp-image-4176\"\/><figcaption>Mayron Gouv\u00eaa est\u00e1 em emprego novo <\/figcaption><\/figure><\/div>\n\n\n\n<p><strong>Questiona Brasil &#8211; Olavo Dutra<\/strong> \u00e9 o novo colunista do site <strong>Questiona Brasil<\/strong>. O jornalista \u00e9 de Belterra, regi\u00e3o oeste do Par\u00e1, come\u00e7ou a carreira profissional em A Prov\u00edncia do Par\u00e1, vinculada aos Di\u00e1rios e Emissoras Associados; passou pelos jornais Di\u00e1rio do Par\u00e1 e O Liberal, neste integrava equipe de redatores da prestigiada coluna Rep\u00f3rter 70.<\/p>\n\n\n\n<p><strong>Jornalista &#8211; Cirineu Santos<\/strong>, morador de Uruar\u00e1 e profissional de imprensa, encarou o desafio de cursar Jornalismo e \u00e9 o primeiro jornalista formado pela Uninter na Transamaz\u00f4nica. Ele j\u00e1 formado em Marketing, tamb\u00e9m pela Uninter, e encarou o desafio de cursar Jornalismo.<\/p>\n\n\n\n<div class=\"wp-block-image\"><figure class=\"aligncenter size-full\"><img loading=\"lazy\" decoding=\"async\" width=\"620\" height=\"425\" src=\"https:\/\/dedemesquita.com.br\/wp-content\/uploads\/2022\/05\/CIRINEU.jpg\" alt=\"\" class=\"wp-image-4171\"\/><figcaption>Cirineu Santos, depois da forma\u00e7\u00e3o em Marketing, se formou em Jornalismo <\/figcaption><\/figure><\/div>\n\n\n\n<p><strong>Pl\u00e1cido &#8211; <\/strong>O jornalista <strong>Pl\u00e1cido Ramos<\/strong> est\u00e1 com um podcast no ar, que foi criado h\u00e1 duas semanas e j\u00e1 tem dois epis\u00f3dios no ar: o <strong>Bora Pra Cima<\/strong>, que pode ser acessado neste link: <a href=\"https:\/\/www.youtube.com\/channel\/UCsW0wJ7g-JPug3jtXCfp2uw\"><strong>https:\/\/www.youtube.com\/channel\/UCsW0wJ7g-JPug3jtXCfp2uw<\/strong><\/a>. Os epis\u00f3dios s\u00e3o com JR Avelar e M\u00e1rcio Lins. <\/p>\n\n\n\n<div class=\"wp-block-image\"><figure class=\"aligncenter size-full\"><img loading=\"lazy\" decoding=\"async\" width=\"640\" height=\"640\" src=\"https:\/\/dedemesquita.com.br\/wp-content\/uploads\/2022\/05\/PLACIDO_RAMOS.jpg\" alt=\"\" class=\"wp-image-4169\" srcset=\"https:\/\/dedemesquita.com.br\/wp-content\/uploads\/2022\/05\/PLACIDO_RAMOS.jpg 640w, https:\/\/dedemesquita.com.br\/wp-content\/uploads\/2022\/05\/PLACIDO_RAMOS-150x150.jpg 150w\" sizes=\"(max-width: 640px) 100vw, 640px\" \/><figcaption>Pl\u00e1cido Ramos est\u00e1 com podcast no ar <\/figcaption><\/figure><\/div>\n\n\n\n<p><strong>Sede &#8211; <\/strong>Na ter\u00e7a-feira, dia 11, foi inaugurada a sede\/sala da <strong>Associa\u00e7\u00e3o Internacional dos Jornalistas da Amaz\u00f4nia<\/strong> (AIJAM), que fica no bairro de Nazar\u00e9, em Bel\u00e9m.<\/p>\n\n\n\n<p><strong>Premia\u00e7\u00e3o &#8211; <\/strong>Pelo segundo ano, a <strong>Danielly Gomes<\/strong>, rep\u00f3rter da CBN Bel\u00e9m, teve pr\u00eamio e investimento do Pulitzer Center, com um podcast sobre a explora\u00e7\u00e3o ilegal de mangan\u00eas no Par\u00e1. Veja aqui: <a href=\"https:\/\/rainforestjournalismfund.org\/pt-br\/node\/26735\"><strong>https:\/\/rainforestjournalismfund.org\/pt-br\/node\/26735<\/strong><\/a><\/p>\n\n\n\n<div class=\"wp-block-image\"><figure class=\"aligncenter size-full\"><img loading=\"lazy\" decoding=\"async\" width=\"460\" height=\"460\" src=\"https:\/\/dedemesquita.com.br\/wp-content\/uploads\/2022\/05\/DANIELLY_GOMES.jpg\" alt=\"\" class=\"wp-image-4167\" srcset=\"https:\/\/dedemesquita.com.br\/wp-content\/uploads\/2022\/05\/DANIELLY_GOMES.jpg 460w, https:\/\/dedemesquita.com.br\/wp-content\/uploads\/2022\/05\/DANIELLY_GOMES-150x150.jpg 150w\" sizes=\"(max-width: 460px) 100vw, 460px\" \/><figcaption>Danielly Gomes duplamente premiada <\/figcaption><\/figure><\/div>\n\n\n\n<p><\/p>\n","protected":false},"excerpt":{"rendered":"<p>Mais uma semana come\u00e7ando e com algumas novidades da imprensa em Bel\u00e9m e no estado do Par\u00e1. Vamos conhecer as novas por aqui. Den\u00edlson &#8211; O jornalista Den\u00edlson d\u2019 Almeida, ap\u00f3s 10 anos na reportagem do Di\u00e1rio do Par\u00e1, encerrou um ciclo naquele jornal. Ele disse que foi uma decis\u00e3o dif\u00edcil, mas a melhor que [&hellip;]<\/p>\n","protected":false},"author":2,"featured_media":4175,"comment_status":"open","ping_status":"open","sticky":false,"template":"","format":"standard","meta":{"footnotes":""},"categories":[51,14,29],"tags":[181,119,120,144],"class_list":["post-4152","post","type-post","status-publish","format-standard","has-post-thumbnail","hentry","category-destaque","category-imprensa","category-jornalismo","tag-diario-do-para","tag-jornalismo","tag-jornalistas-paraenses-em-acao","tag-o-liberal"],"yoast_head":"<!-- This site is optimized with the Yoast SEO plugin v19.10 - https:\/\/yoast.com\/wordpress\/plugins\/seo\/ -->\n<title>Denilson d&#039; Almeida deixa o jornal Di\u00e1rio do Par\u00e1 e outras novidades da imprensa - Ded\u00e9 Mesquita<\/title>\n<meta name=\"robots\" content=\"index, follow, max-snippet:-1, max-image-preview:large, max-video-preview:-1\" \/>\n<link rel=\"canonical\" href=\"https:\/\/dedemesquita.com.br\/?p=4152\" \/>\n<meta property=\"og:locale\" content=\"pt_BR\" \/>\n<meta property=\"og:type\" content=\"article\" \/>\n<meta property=\"og:title\" content=\"Denilson d&#039; Almeida deixa o jornal Di\u00e1rio do Par\u00e1 e outras novidades da imprensa - Ded\u00e9 Mesquita\" \/>\n<meta property=\"og:description\" content=\"Mais uma semana come\u00e7ando e com algumas novidades da imprensa em Bel\u00e9m e no estado do Par\u00e1. Vamos conhecer as novas por aqui. Den\u00edlson &#8211; O jornalista Den\u00edlson d\u2019 Almeida, ap\u00f3s 10 anos na reportagem do Di\u00e1rio do Par\u00e1, encerrou um ciclo naquele jornal. Ele disse que foi uma decis\u00e3o dif\u00edcil, mas a melhor que [&hellip;]\" \/>\n<meta property=\"og:url\" content=\"https:\/\/dedemesquita.com.br\/?p=4152\" \/>\n<meta property=\"og:site_name\" content=\"Ded\u00e9 Mesquita\" \/>\n<meta property=\"article:publisher\" content=\"https:\/\/www.facebook.com\/dede.mesquita\" \/>\n<meta property=\"article:published_time\" content=\"2022-05-17T17:41:14+00:00\" \/>\n<meta property=\"article:modified_time\" content=\"2022-05-17T18:07:24+00:00\" \/>\n<meta property=\"og:image\" content=\"https:\/\/dedemesquita.com.br\/wp-content\/uploads\/2022\/05\/deni.png\" \/>\n\t<meta property=\"og:image:width\" content=\"599\" \/>\n\t<meta property=\"og:image:height\" content=\"357\" \/>\n\t<meta property=\"og:image:type\" content=\"image\/png\" \/>\n<meta name=\"author\" content=\"Ded\u00e9 Mesquita\" \/>\n<meta name=\"twitter:card\" content=\"summary_large_image\" \/>\n<meta name=\"twitter:creator\" content=\"@dedemesquita\" \/>\n<meta name=\"twitter:site\" content=\"@dedemesquita\" \/>\n<meta name=\"twitter:label1\" content=\"Escrito por\" \/>\n\t<meta name=\"twitter:data1\" content=\"Ded\u00e9 Mesquita\" \/>\n\t<meta name=\"twitter:label2\" content=\"Est. tempo de leitura\" \/>\n\t<meta name=\"twitter:data2\" content=\"4 minutos\" \/>\n<script type=\"application\/ld+json\" class=\"yoast-schema-graph\">{\"@context\":\"https:\/\/schema.org\",\"@graph\":[{\"@type\":\"WebPage\",\"@id\":\"https:\/\/dedemesquita.com.br\/?p=4152\",\"url\":\"https:\/\/dedemesquita.com.br\/?p=4152\",\"name\":\"Denilson d' Almeida deixa o jornal Di\u00e1rio do Par\u00e1 e outras novidades da imprensa - Ded\u00e9 Mesquita\",\"isPartOf\":{\"@id\":\"https:\/\/dedemesquita.com.br\/#website\"},\"datePublished\":\"2022-05-17T17:41:14+00:00\",\"dateModified\":\"2022-05-17T18:07:24+00:00\",\"author\":{\"@id\":\"https:\/\/dedemesquita.com.br\/#\/schema\/person\/36571f81dd2d76dc3ab37231542c9e24\"},\"breadcrumb\":{\"@id\":\"https:\/\/dedemesquita.com.br\/?p=4152#breadcrumb\"},\"inLanguage\":\"pt-BR\",\"potentialAction\":[{\"@type\":\"ReadAction\",\"target\":[\"https:\/\/dedemesquita.com.br\/?p=4152\"]}]},{\"@type\":\"BreadcrumbList\",\"@id\":\"https:\/\/dedemesquita.com.br\/?p=4152#breadcrumb\",\"itemListElement\":[{\"@type\":\"ListItem\",\"position\":1,\"name\":\"In\u00edcio\",\"item\":\"https:\/\/dedemesquita.com.br\/\"},{\"@type\":\"ListItem\",\"position\":2,\"name\":\"Denilson d&#8217; Almeida deixa o jornal Di\u00e1rio do Par\u00e1 e outras novidades da imprensa\"}]},{\"@type\":\"WebSite\",\"@id\":\"https:\/\/dedemesquita.com.br\/#website\",\"url\":\"https:\/\/dedemesquita.com.br\/\",\"name\":\"Ded\u00e9 Mesquita\",\"description\":\"Um site que mostra os bastidores da imprensa no estado do Par\u00e1 e em Bel\u00e9m\",\"potentialAction\":[{\"@type\":\"SearchAction\",\"target\":{\"@type\":\"EntryPoint\",\"urlTemplate\":\"https:\/\/dedemesquita.com.br\/?s={search_term_string}\"},\"query-input\":\"required name=search_term_string\"}],\"inLanguage\":\"pt-BR\"},{\"@type\":\"Person\",\"@id\":\"https:\/\/dedemesquita.com.br\/#\/schema\/person\/36571f81dd2d76dc3ab37231542c9e24\",\"name\":\"Ded\u00e9 Mesquita\",\"image\":{\"@type\":\"ImageObject\",\"inLanguage\":\"pt-BR\",\"@id\":\"https:\/\/dedemesquita.com.br\/#\/schema\/person\/image\/\",\"url\":\"https:\/\/dedemesquita.com.br\/wp-content\/uploads\/2021\/02\/foto_perfil-150x150.jpg\",\"contentUrl\":\"https:\/\/dedemesquita.com.br\/wp-content\/uploads\/2021\/02\/foto_perfil-150x150.jpg\",\"caption\":\"Ded\u00e9 Mesquita\"},\"sameAs\":[\"https:\/\/dedemesquita.com.br\"]}]}<\/script>\n<!-- \/ Yoast SEO plugin. -->","yoast_head_json":{"title":"Denilson d' Almeida deixa o jornal Di\u00e1rio do Par\u00e1 e outras novidades da imprensa - Ded\u00e9 Mesquita","robots":{"index":"index","follow":"follow","max-snippet":"max-snippet:-1","max-image-preview":"max-image-preview:large","max-video-preview":"max-video-preview:-1"},"canonical":"https:\/\/dedemesquita.com.br\/?p=4152","og_locale":"pt_BR","og_type":"article","og_title":"Denilson d' Almeida deixa o jornal Di\u00e1rio do Par\u00e1 e outras novidades da imprensa - Ded\u00e9 Mesquita","og_description":"Mais uma semana come\u00e7ando e com algumas novidades da imprensa em Bel\u00e9m e no estado do Par\u00e1. Vamos conhecer as novas por aqui. Den\u00edlson &#8211; O jornalista Den\u00edlson d\u2019 Almeida, ap\u00f3s 10 anos na reportagem do Di\u00e1rio do Par\u00e1, encerrou um ciclo naquele jornal. Ele disse que foi uma decis\u00e3o dif\u00edcil, mas a melhor que [&hellip;]","og_url":"https:\/\/dedemesquita.com.br\/?p=4152","og_site_name":"Ded\u00e9 Mesquita","article_publisher":"https:\/\/www.facebook.com\/dede.mesquita","article_published_time":"2022-05-17T17:41:14+00:00","article_modified_time":"2022-05-17T18:07:24+00:00","og_image":[{"width":599,"height":357,"url":"https:\/\/dedemesquita.com.br\/wp-content\/uploads\/2022\/05\/deni.png","type":"image\/png"}],"author":"Ded\u00e9 Mesquita","twitter_card":"summary_large_image","twitter_creator":"@dedemesquita","twitter_site":"@dedemesquita","twitter_misc":{"Escrito por":"Ded\u00e9 Mesquita","Est. tempo de leitura":"4 minutos"},"schema":{"@context":"https:\/\/schema.org","@graph":[{"@type":"WebPage","@id":"https:\/\/dedemesquita.com.br\/?p=4152","url":"https:\/\/dedemesquita.com.br\/?p=4152","name":"Denilson d' Almeida deixa o jornal Di\u00e1rio do Par\u00e1 e outras novidades da imprensa - Ded\u00e9 Mesquita","isPartOf":{"@id":"https:\/\/dedemesquita.com.br\/#website"},"datePublished":"2022-05-17T17:41:14+00:00","dateModified":"2022-05-17T18:07:24+00:00","author":{"@id":"https:\/\/dedemesquita.com.br\/#\/schema\/person\/36571f81dd2d76dc3ab37231542c9e24"},"breadcrumb":{"@id":"https:\/\/dedemesquita.com.br\/?p=4152#breadcrumb"},"inLanguage":"pt-BR","potentialAction":[{"@type":"ReadAction","target":["https:\/\/dedemesquita.com.br\/?p=4152"]}]},{"@type":"BreadcrumbList","@id":"https:\/\/dedemesquita.com.br\/?p=4152#breadcrumb","itemListElement":[{"@type":"ListItem","position":1,"name":"In\u00edcio","item":"https:\/\/dedemesquita.com.br\/"},{"@type":"ListItem","position":2,"name":"Denilson d&#8217; Almeida deixa o jornal Di\u00e1rio do Par\u00e1 e outras novidades da imprensa"}]},{"@type":"WebSite","@id":"https:\/\/dedemesquita.com.br\/#website","url":"https:\/\/dedemesquita.com.br\/","name":"Ded\u00e9 Mesquita","description":"Um site que mostra os bastidores da imprensa no estado do Par\u00e1 e em Bel\u00e9m","potentialAction":[{"@type":"SearchAction","target":{"@type":"EntryPoint","urlTemplate":"https:\/\/dedemesquita.com.br\/?s={search_term_string}"},"query-input":"required name=search_term_string"}],"inLanguage":"pt-BR"},{"@type":"Person","@id":"https:\/\/dedemesquita.com.br\/#\/schema\/person\/36571f81dd2d76dc3ab37231542c9e24","name":"Ded\u00e9 Mesquita","image":{"@type":"ImageObject","inLanguage":"pt-BR","@id":"https:\/\/dedemesquita.com.br\/#\/schema\/person\/image\/","url":"https:\/\/dedemesquita.com.br\/wp-content\/uploads\/2021\/02\/foto_perfil-150x150.jpg","contentUrl":"https:\/\/dedemesquita.com.br\/wp-content\/uploads\/2021\/02\/foto_perfil-150x150.jpg","caption":"Ded\u00e9 Mesquita"},"sameAs":["https:\/\/dedemesquita.com.br"]}]}},"_links":{"self":[{"href":"https:\/\/dedemesquita.com.br\/index.php?rest_route=\/wp\/v2\/posts\/4152"}],"collection":[{"href":"https:\/\/dedemesquita.com.br\/index.php?rest_route=\/wp\/v2\/posts"}],"about":[{"href":"https:\/\/dedemesquita.com.br\/index.php?rest_route=\/wp\/v2\/types\/post"}],"author":[{"embeddable":true,"href":"https:\/\/dedemesquita.com.br\/index.php?rest_route=\/wp\/v2\/users\/2"}],"replies":[{"embeddable":true,"href":"https:\/\/dedemesquita.com.br\/index.php?rest_route=%2Fwp%2Fv2%2Fcomments&post=4152"}],"version-history":[{"count":11,"href":"https:\/\/dedemesquita.com.br\/index.php?rest_route=\/wp\/v2\/posts\/4152\/revisions"}],"predecessor-version":[{"id":4178,"href":"https:\/\/dedemesquita.com.br\/index.php?rest_route=\/wp\/v2\/posts\/4152\/revisions\/4178"}],"wp:featuredmedia":[{"embeddable":true,"href":"https:\/\/dedemesquita.com.br\/index.php?rest_route=\/wp\/v2\/media\/4175"}],"wp:attachment":[{"href":"https:\/\/dedemesquita.com.br\/index.php?rest_route=%2Fwp%2Fv2%2Fmedia&parent=4152"}],"wp:term":[{"taxonomy":"category","embeddable":true,"href":"https:\/\/dedemesquita.com.br\/index.php?rest_route=%2Fwp%2Fv2%2Fcategories&post=4152"},{"taxonomy":"post_tag","embeddable":true,"href":"https:\/\/dedemesquita.com.br\/index.php?rest_route=%2Fwp%2Fv2%2Ftags&post=4152"}],"curies":[{"name":"wp","href":"https:\/\/api.w.org\/{rel}","templated":true}]}}