{"id":4143,"date":"2022-05-11T12:08:40","date_gmt":"2022-05-11T15:08:40","guid":{"rendered":"https:\/\/dedemesquita.com.br\/?p=4143"},"modified":"2022-05-11T12:12:07","modified_gmt":"2022-05-11T15:12:07","slug":"jornalistas-comecam-campanha-e-fazem-protesto-por-aumento-salarial-no-para","status":"publish","type":"post","link":"https:\/\/dedemesquita.com.br\/?p=4143","title":{"rendered":"Jornalistas come\u00e7am campanha e fazem protesto por aumento salarial no Par\u00e1"},"content":{"rendered":"\n<p>O Sindicato dos Jornalistas do Par\u00e1 (Sinjor-PA) lan\u00e7ou, na ter\u00e7a-feira, 10, a campanha <a href=\"https:\/\/www.instagram.com\/explore\/tags\/jornalistasporsal%C3%A1rioserespeito\/\"><strong>#JornalistasporSal\u00e1rioseRespeito<\/strong><\/a>, que come\u00e7ou no Sinjor-SP, e pede que os jornalistas se vistam de preto nas reda\u00e7\u00f5es. Pedido prontamente atendido pela reda\u00e7\u00e3o da TV Liberal. <\/p>\n\n\n\n<p>A postagem dos jornalistas da TV Liberal tinha a legenda: <em>&#8220;Uma equipe que se dedica, que se arrisca, faz o seu melhor, tamb\u00e9m merece o melhor&#8221;. <\/em><\/p>\n\n\n\n<p>A publica\u00e7\u00e3o do Sinjor-PA no perfil dele no Instagram \u00e9 acompanhada pela seguinte legenda: <em>&#8220;O momento agora \u00e9 de pressionar os patr\u00f5es, donos da m\u00eddia, para que apresentem um reajuste digno a jornalistas profissionais de todo o Par\u00e1. Chega de desrespeito! A proposta de 5,5% \u00e9 uma afronta \u00e0 categoria, que est\u00e1 desde 2018 com os sal\u00e1rios congelados. Convocamos todas e todos a se vestirem de preto e publicarem fotos ou v\u00eddeos na<\/em>s <em>redes para fortalecer a nossa mobiliza\u00e7\u00e3o virtual. Marquem o\u00a0<a href=\"https:\/\/www.instagram.com\/sinjorpa\/\">@sinjorpa<\/a>\u00a0e o\u00a0<a href=\"https:\/\/www.instagram.com\/mpt.paap\/\">@mpt.paap<\/a>, com a hashtag\u00a0<a href=\"https:\/\/www.instagram.com\/explore\/tags\/jornalistasporsal%C3%A1rioserespeito\/\">#JornalistasporSal\u00e1rioseRespeito<\/a>\u00a0(emprestada do\u00a0<a href=\"https:\/\/www.instagram.com\/jornalistassp\/\">@jornalistassp<\/a>). Sindicalizadas e sindicalizados, compare\u00e7am e participem da Assembleia Geral de s\u00e1bado, dia 14 de maio, para juntos, definirmos um calend\u00e1rio de mobiliza\u00e7\u00f5es pela reposi\u00e7\u00e3o salarial. Reajuste j\u00e1!&#8221;<\/em><\/p>\n\n\n\n<p><strong>Perdas salariais &#8211; <\/strong>A diretoria do Sindicato de Jornalistas do Par\u00e1 (Sinjor-PA) convocou trabalhadoras e trabalhadores do grupo Liberal a participarem de mobiliza\u00e7\u00e3o virtual na segunda, 9, e na ter\u00e7a-feira, 10, para pressionar a dire\u00e7\u00e3o da empresa a responder \u00e0s reivindica\u00e7\u00f5es da categoria por um novo acordo coletivo. A contraproposta da empresa foi de reajuste de 5,5%.<\/p>\n\n\n\n<p> As perdas salariais ultrapassam 24%, al\u00e9m da falta da progress\u00e3o da carreira, n\u00e3o pagamento de horas extras, precariza\u00e7\u00e3o do trabalho, e aumento da carga hor\u00e1ria.<\/p>\n\n\n\n<p><strong>Apoio &#8211;<\/strong> A jornalista Regina Alves, professora aposentada do curso de Jornalismo da Universidade Federal do Par\u00e1 (UFPA) e ex-funcion\u00e1ria da TV Liberal, tamb\u00e9m prestou solidariedade aos jornalistas.<\/p>\n\n\n\n<p>Regina escreveu: <strong>&#8220;<\/strong>Trabalhada no pretinho b\u00e1sico em solidariedade aos companheiros jornalistas.<strong>&nbsp;<a href=\"https:\/\/www.facebook.com\/hashtag\/jornalistasporsal%C3%A1rioserespeito?__eep__=6&amp;__cft__[0]=AZXhFwY9zcr6OGA1mWorSXF6t6_OwqWVJ--RUnG7zQn4y0fd-eclVmkx2k2S_gEENcH7ki5d-yS3qLASoJd5QN4QqSs5o_jOnG0zunKErV3YdBkhMWn4gwQtaD1moXx3WTY&amp;__tn__=*NK*F\">#jornalistasporsal\u00e1rioserespeito<\/a><\/strong>&#8220;<\/p>\n\n\n\n<div class=\"wp-block-image\"><figure class=\"aligncenter size-full\"><img loading=\"lazy\" decoding=\"async\" width=\"950\" height=\"950\" src=\"https:\/\/dedemesquita.com.br\/wp-content\/uploads\/2022\/05\/REGINA_ALVES.jpg\" alt=\"\" class=\"wp-image-4145\" srcset=\"https:\/\/dedemesquita.com.br\/wp-content\/uploads\/2022\/05\/REGINA_ALVES.jpg 950w, https:\/\/dedemesquita.com.br\/wp-content\/uploads\/2022\/05\/REGINA_ALVES-150x150.jpg 150w, https:\/\/dedemesquita.com.br\/wp-content\/uploads\/2022\/05\/REGINA_ALVES-768x768.jpg 768w\" sizes=\"(max-width: 950px) 100vw, 950px\" \/><figcaption>Regina Alves n\u00e3o foge da luta <\/figcaption><\/figure><\/div>\n","protected":false},"excerpt":{"rendered":"<p>O Sindicato dos Jornalistas do Par\u00e1 (Sinjor-PA) lan\u00e7ou, na ter\u00e7a-feira, 10, a campanha #JornalistasporSal\u00e1rioseRespeito, que come\u00e7ou no Sinjor-SP, e pede que os jornalistas se vistam de preto nas reda\u00e7\u00f5es. Pedido prontamente atendido pela reda\u00e7\u00e3o da TV Liberal. A postagem dos jornalistas da TV Liberal tinha a legenda: &#8220;Uma equipe que se dedica, que se arrisca, [&hellip;]<\/p>\n","protected":false},"author":2,"featured_media":4146,"comment_status":"open","ping_status":"open","sticky":false,"template":"","format":"standard","meta":{"footnotes":""},"categories":[51,14,29],"tags":[303,119,120,130,137],"class_list":["post-4143","post","type-post","status-publish","format-standard","has-post-thumbnail","hentry","category-destaque","category-imprensa","category-jornalismo","tag-campanha-salarial","tag-jornalismo","tag-jornalistas-paraenses-em-acao","tag-sinjor-pa","tag-tv-liberal"],"yoast_head":"<!-- This site is optimized with the Yoast SEO plugin v19.10 - https:\/\/yoast.com\/wordpress\/plugins\/seo\/ -->\n<title>Jornalistas come\u00e7am campanha e fazem protesto por aumento salarial no Par\u00e1 - Ded\u00e9 Mesquita<\/title>\n<meta name=\"robots\" content=\"index, follow, max-snippet:-1, max-image-preview:large, max-video-preview:-1\" \/>\n<link rel=\"canonical\" href=\"https:\/\/dedemesquita.com.br\/?p=4143\" \/>\n<meta property=\"og:locale\" content=\"pt_BR\" \/>\n<meta property=\"og:type\" content=\"article\" \/>\n<meta property=\"og:title\" content=\"Jornalistas come\u00e7am campanha e fazem protesto por aumento salarial no Par\u00e1 - Ded\u00e9 Mesquita\" \/>\n<meta property=\"og:description\" content=\"O Sindicato dos Jornalistas do Par\u00e1 (Sinjor-PA) lan\u00e7ou, na ter\u00e7a-feira, 10, a campanha #JornalistasporSal\u00e1rioseRespeito, que come\u00e7ou no Sinjor-SP, e pede que os jornalistas se vistam de preto nas reda\u00e7\u00f5es. Pedido prontamente atendido pela reda\u00e7\u00e3o da TV Liberal. A postagem dos jornalistas da TV Liberal tinha a legenda: &#8220;Uma equipe que se dedica, que se arrisca, [&hellip;]\" \/>\n<meta property=\"og:url\" content=\"https:\/\/dedemesquita.com.br\/?p=4143\" \/>\n<meta property=\"og:site_name\" content=\"Ded\u00e9 Mesquita\" \/>\n<meta property=\"article:publisher\" content=\"https:\/\/www.facebook.com\/dede.mesquita\" \/>\n<meta property=\"article:published_time\" content=\"2022-05-11T15:08:40+00:00\" \/>\n<meta property=\"article:modified_time\" content=\"2022-05-11T15:12:07+00:00\" \/>\n<meta property=\"og:image\" content=\"https:\/\/dedemesquita.com.br\/wp-content\/uploads\/2022\/05\/LIB.jpg\" \/>\n\t<meta property=\"og:image:width\" content=\"719\" \/>\n\t<meta property=\"og:image:height\" content=\"621\" \/>\n\t<meta property=\"og:image:type\" content=\"image\/jpeg\" \/>\n<meta name=\"author\" content=\"Ded\u00e9 Mesquita\" \/>\n<meta name=\"twitter:card\" content=\"summary_large_image\" \/>\n<meta name=\"twitter:creator\" content=\"@dedemesquita\" \/>\n<meta name=\"twitter:site\" content=\"@dedemesquita\" \/>\n<meta name=\"twitter:label1\" content=\"Escrito por\" \/>\n\t<meta name=\"twitter:data1\" content=\"Ded\u00e9 Mesquita\" \/>\n\t<meta name=\"twitter:label2\" content=\"Est. tempo de leitura\" \/>\n\t<meta name=\"twitter:data2\" content=\"2 minutos\" \/>\n<script type=\"application\/ld+json\" class=\"yoast-schema-graph\">{\"@context\":\"https:\/\/schema.org\",\"@graph\":[{\"@type\":\"WebPage\",\"@id\":\"https:\/\/dedemesquita.com.br\/?p=4143\",\"url\":\"https:\/\/dedemesquita.com.br\/?p=4143\",\"name\":\"Jornalistas come\u00e7am campanha e fazem protesto por aumento salarial no Par\u00e1 - Ded\u00e9 Mesquita\",\"isPartOf\":{\"@id\":\"https:\/\/dedemesquita.com.br\/#website\"},\"datePublished\":\"2022-05-11T15:08:40+00:00\",\"dateModified\":\"2022-05-11T15:12:07+00:00\",\"author\":{\"@id\":\"https:\/\/dedemesquita.com.br\/#\/schema\/person\/36571f81dd2d76dc3ab37231542c9e24\"},\"breadcrumb\":{\"@id\":\"https:\/\/dedemesquita.com.br\/?p=4143#breadcrumb\"},\"inLanguage\":\"pt-BR\",\"potentialAction\":[{\"@type\":\"ReadAction\",\"target\":[\"https:\/\/dedemesquita.com.br\/?p=4143\"]}]},{\"@type\":\"BreadcrumbList\",\"@id\":\"https:\/\/dedemesquita.com.br\/?p=4143#breadcrumb\",\"itemListElement\":[{\"@type\":\"ListItem\",\"position\":1,\"name\":\"In\u00edcio\",\"item\":\"https:\/\/dedemesquita.com.br\/\"},{\"@type\":\"ListItem\",\"position\":2,\"name\":\"Jornalistas come\u00e7am campanha e fazem protesto por aumento salarial no Par\u00e1\"}]},{\"@type\":\"WebSite\",\"@id\":\"https:\/\/dedemesquita.com.br\/#website\",\"url\":\"https:\/\/dedemesquita.com.br\/\",\"name\":\"Ded\u00e9 Mesquita\",\"description\":\"Um site que mostra os bastidores da imprensa no estado do Par\u00e1 e em Bel\u00e9m\",\"potentialAction\":[{\"@type\":\"SearchAction\",\"target\":{\"@type\":\"EntryPoint\",\"urlTemplate\":\"https:\/\/dedemesquita.com.br\/?s={search_term_string}\"},\"query-input\":\"required name=search_term_string\"}],\"inLanguage\":\"pt-BR\"},{\"@type\":\"Person\",\"@id\":\"https:\/\/dedemesquita.com.br\/#\/schema\/person\/36571f81dd2d76dc3ab37231542c9e24\",\"name\":\"Ded\u00e9 Mesquita\",\"image\":{\"@type\":\"ImageObject\",\"inLanguage\":\"pt-BR\",\"@id\":\"https:\/\/dedemesquita.com.br\/#\/schema\/person\/image\/\",\"url\":\"https:\/\/dedemesquita.com.br\/wp-content\/uploads\/2021\/02\/foto_perfil-150x150.jpg\",\"contentUrl\":\"https:\/\/dedemesquita.com.br\/wp-content\/uploads\/2021\/02\/foto_perfil-150x150.jpg\",\"caption\":\"Ded\u00e9 Mesquita\"},\"sameAs\":[\"https:\/\/dedemesquita.com.br\"]}]}<\/script>\n<!-- \/ Yoast SEO plugin. -->","yoast_head_json":{"title":"Jornalistas come\u00e7am campanha e fazem protesto por aumento salarial no Par\u00e1 - Ded\u00e9 Mesquita","robots":{"index":"index","follow":"follow","max-snippet":"max-snippet:-1","max-image-preview":"max-image-preview:large","max-video-preview":"max-video-preview:-1"},"canonical":"https:\/\/dedemesquita.com.br\/?p=4143","og_locale":"pt_BR","og_type":"article","og_title":"Jornalistas come\u00e7am campanha e fazem protesto por aumento salarial no Par\u00e1 - Ded\u00e9 Mesquita","og_description":"O Sindicato dos Jornalistas do Par\u00e1 (Sinjor-PA) lan\u00e7ou, na ter\u00e7a-feira, 10, a campanha #JornalistasporSal\u00e1rioseRespeito, que come\u00e7ou no Sinjor-SP, e pede que os jornalistas se vistam de preto nas reda\u00e7\u00f5es. Pedido prontamente atendido pela reda\u00e7\u00e3o da TV Liberal. A postagem dos jornalistas da TV Liberal tinha a legenda: &#8220;Uma equipe que se dedica, que se arrisca, [&hellip;]","og_url":"https:\/\/dedemesquita.com.br\/?p=4143","og_site_name":"Ded\u00e9 Mesquita","article_publisher":"https:\/\/www.facebook.com\/dede.mesquita","article_published_time":"2022-05-11T15:08:40+00:00","article_modified_time":"2022-05-11T15:12:07+00:00","og_image":[{"width":719,"height":621,"url":"https:\/\/dedemesquita.com.br\/wp-content\/uploads\/2022\/05\/LIB.jpg","type":"image\/jpeg"}],"author":"Ded\u00e9 Mesquita","twitter_card":"summary_large_image","twitter_creator":"@dedemesquita","twitter_site":"@dedemesquita","twitter_misc":{"Escrito por":"Ded\u00e9 Mesquita","Est. tempo de leitura":"2 minutos"},"schema":{"@context":"https:\/\/schema.org","@graph":[{"@type":"WebPage","@id":"https:\/\/dedemesquita.com.br\/?p=4143","url":"https:\/\/dedemesquita.com.br\/?p=4143","name":"Jornalistas come\u00e7am campanha e fazem protesto por aumento salarial no Par\u00e1 - Ded\u00e9 Mesquita","isPartOf":{"@id":"https:\/\/dedemesquita.com.br\/#website"},"datePublished":"2022-05-11T15:08:40+00:00","dateModified":"2022-05-11T15:12:07+00:00","author":{"@id":"https:\/\/dedemesquita.com.br\/#\/schema\/person\/36571f81dd2d76dc3ab37231542c9e24"},"breadcrumb":{"@id":"https:\/\/dedemesquita.com.br\/?p=4143#breadcrumb"},"inLanguage":"pt-BR","potentialAction":[{"@type":"ReadAction","target":["https:\/\/dedemesquita.com.br\/?p=4143"]}]},{"@type":"BreadcrumbList","@id":"https:\/\/dedemesquita.com.br\/?p=4143#breadcrumb","itemListElement":[{"@type":"ListItem","position":1,"name":"In\u00edcio","item":"https:\/\/dedemesquita.com.br\/"},{"@type":"ListItem","position":2,"name":"Jornalistas come\u00e7am campanha e fazem protesto por aumento salarial no Par\u00e1"}]},{"@type":"WebSite","@id":"https:\/\/dedemesquita.com.br\/#website","url":"https:\/\/dedemesquita.com.br\/","name":"Ded\u00e9 Mesquita","description":"Um site que mostra os bastidores da imprensa no estado do Par\u00e1 e em Bel\u00e9m","potentialAction":[{"@type":"SearchAction","target":{"@type":"EntryPoint","urlTemplate":"https:\/\/dedemesquita.com.br\/?s={search_term_string}"},"query-input":"required name=search_term_string"}],"inLanguage":"pt-BR"},{"@type":"Person","@id":"https:\/\/dedemesquita.com.br\/#\/schema\/person\/36571f81dd2d76dc3ab37231542c9e24","name":"Ded\u00e9 Mesquita","image":{"@type":"ImageObject","inLanguage":"pt-BR","@id":"https:\/\/dedemesquita.com.br\/#\/schema\/person\/image\/","url":"https:\/\/dedemesquita.com.br\/wp-content\/uploads\/2021\/02\/foto_perfil-150x150.jpg","contentUrl":"https:\/\/dedemesquita.com.br\/wp-content\/uploads\/2021\/02\/foto_perfil-150x150.jpg","caption":"Ded\u00e9 Mesquita"},"sameAs":["https:\/\/dedemesquita.com.br"]}]}},"_links":{"self":[{"href":"https:\/\/dedemesquita.com.br\/index.php?rest_route=\/wp\/v2\/posts\/4143"}],"collection":[{"href":"https:\/\/dedemesquita.com.br\/index.php?rest_route=\/wp\/v2\/posts"}],"about":[{"href":"https:\/\/dedemesquita.com.br\/index.php?rest_route=\/wp\/v2\/types\/post"}],"author":[{"embeddable":true,"href":"https:\/\/dedemesquita.com.br\/index.php?rest_route=\/wp\/v2\/users\/2"}],"replies":[{"embeddable":true,"href":"https:\/\/dedemesquita.com.br\/index.php?rest_route=%2Fwp%2Fv2%2Fcomments&post=4143"}],"version-history":[{"count":3,"href":"https:\/\/dedemesquita.com.br\/index.php?rest_route=\/wp\/v2\/posts\/4143\/revisions"}],"predecessor-version":[{"id":4150,"href":"https:\/\/dedemesquita.com.br\/index.php?rest_route=\/wp\/v2\/posts\/4143\/revisions\/4150"}],"wp:featuredmedia":[{"embeddable":true,"href":"https:\/\/dedemesquita.com.br\/index.php?rest_route=\/wp\/v2\/media\/4146"}],"wp:attachment":[{"href":"https:\/\/dedemesquita.com.br\/index.php?rest_route=%2Fwp%2Fv2%2Fmedia&parent=4143"}],"wp:term":[{"taxonomy":"category","embeddable":true,"href":"https:\/\/dedemesquita.com.br\/index.php?rest_route=%2Fwp%2Fv2%2Fcategories&post=4143"},{"taxonomy":"post_tag","embeddable":true,"href":"https:\/\/dedemesquita.com.br\/index.php?rest_route=%2Fwp%2Fv2%2Ftags&post=4143"}],"curies":[{"name":"wp","href":"https:\/\/api.w.org\/{rel}","templated":true}]}}