{"id":4053,"date":"2022-05-03T20:36:42","date_gmt":"2022-05-03T23:36:42","guid":{"rendered":"https:\/\/dedemesquita.com.br\/?p=4053"},"modified":"2022-05-03T21:56:49","modified_gmt":"2022-05-04T00:56:49","slug":"igor-fonseca-de-volta-a-tv-liberal-e-outras-novidades-da-imprensa-em-belem","status":"publish","type":"post","link":"https:\/\/dedemesquita.com.br\/?p=4053","title":{"rendered":"Igor Fonseca de volta \u00e0 TV Liberal e outras novidades da imprensa em Bel\u00e9m"},"content":{"rendered":"\n<p>\u00c9, meus colegas, a vida da imprensa de Bel\u00e9m &#8220;n\u00e3o \u00e9 f\u00e1cil&#8221;, parafraseando aquele rapaz no Tik Tok. E temos not\u00edcias bem bacanas para divulgar nesta ter\u00e7a-feira, e vamos a elas.<\/p>\n\n\n\n<p><strong>Igor &#8211;<\/strong> O jornalista e rep\u00f3rter <strong>Igor Fonseca<\/strong> est\u00e1 de volta \u00e0 TV Liberal, onde trabalhou anos atr\u00e1s. Ele assumiu a gest\u00e3o do N\u00facleo de Entretenimento e Produ\u00e7\u00e3o da TV Liberal (NEP), afiliada da Rede Globo no Par\u00e1. Rec\u00e9m-inaugurado pela emissora, o N\u00facleo \u00e9 uma Unidade de Neg\u00f3cios do Grupo Liberal tendo a produ\u00e7\u00e3o audiovisual como cadeia produtiva e ir\u00e1 realizar desde produ\u00e7\u00f5es independentes, produ\u00e7\u00f5es art\u00edsticas at\u00e9 produ\u00e7\u00f5es de cunho comercial voltadas para o mercado publicit\u00e1rio paraense, marketing corporativo e para a promo\u00e7\u00e3o da cultura e entretenimento na Amaz\u00f4nia por meio de a\u00e7\u00f5es de incentivo \u00e0 produ\u00e7\u00e3o audiovisual. Um banco de talentos j\u00e1 est\u00e1 sendo organizado, al\u00e9m de capta\u00e7\u00e3o de patrocinadores para a realiza\u00e7\u00e3o de projetos no setor audiovisual.<\/p>\n\n\n\n<div class=\"wp-block-image\"><figure class=\"aligncenter size-full\"><img loading=\"lazy\" decoding=\"async\" width=\"312\" height=\"251\" src=\"https:\/\/dedemesquita.com.br\/wp-content\/uploads\/2022\/05\/igor.png\" alt=\"\" class=\"wp-image-4055\"\/><figcaption>Igor no  N\u00facleo de Entretenimento e Produ\u00e7\u00e3o da TV Liberal (NEP) <\/figcaption><\/figure><\/div>\n\n\n\n<p>Al\u00e9m de jornalista, administrador de empresas e especialista em marketing corporativo, Igor possui vasta experi\u00eancia na \u00e1rea de neg\u00f3cios e promo\u00e7\u00e3o de projetos de inova\u00e7\u00e3o. Em 2015, Igor representou o Brasil nos Encontros Internacionais das Cidades Criativas da Unesco na It\u00e1lia e na Turquia, contribuindo para a conquista de Cidade Criativa da Gastronomia para Bel\u00e9m do Par\u00e1.<\/p>\n\n\n\n<div class=\"wp-block-image\"><figure class=\"aligncenter size-full\"><img loading=\"lazy\" decoding=\"async\" width=\"717\" height=\"570\" src=\"https:\/\/dedemesquita.com.br\/wp-content\/uploads\/2022\/05\/WhatsApp-Image-2022-05-03-at-09.14.13.jpeg\" alt=\"\" class=\"wp-image-4056\"\/><figcaption>Igor Fonseca j\u00e1 foi rep\u00f3rter da TV Liberal <\/figcaption><\/figure><\/div>\n\n\n\n<p>Igor trabalhou como coordenador de campanhas em ag\u00eancias, foi diretor e CEO de duas produtoras de v\u00eddeo, coordenou equipes de produ\u00e7\u00e3o de programas de TV na Rec Filmes e 3D Produ\u00e7\u00f5es, foi Secret\u00e1rio Municipal na administra\u00e7\u00e3o p\u00fablica por tr\u00eas vezes, em diferentes cargos p\u00fablicos; coordenou o jornalismo em portal de not\u00edcias e entretenimento do Grupo Roma e ultimamente foi consultor de marketing de um grande escrit\u00f3rio de advocacia e coordenador do n\u00facleo de comunica\u00e7\u00e3o da Secretaria de Desenvolvimento, Minera\u00e7\u00e3o e Energia do Governo do Estado do Par\u00e1 (Sedeme), gest\u00e3o Helder Barbalho.<\/p>\n\n\n\n<div class=\"wp-block-image\"><figure class=\"aligncenter size-full\"><img loading=\"lazy\" decoding=\"async\" width=\"679\" height=\"367\" src=\"https:\/\/dedemesquita.com.br\/wp-content\/uploads\/2022\/05\/WhatsApp-Image-2022-05-03-at-09.16.10.jpeg\" alt=\"\" class=\"wp-image-4057\"\/><figcaption>Igor em a\u00e7\u00e3o antigo LibCop da TV Liberal <\/figcaption><\/figure><\/div>\n\n\n\n<p><strong>Academia &#8211;<\/strong> Um grupo de jornalistas independentes liderados pelo jornalista Evandro Corr\u00eaa e sua esposa, a advogada Joseane Souza, criou e lan\u00e7ou na \u00faltima quinta-feira, 28, a <strong>Associa\u00e7\u00e3o Internacional dos Jornalistas da Amaz\u00f4nia \u2013 AIJAM<\/strong>, entidade sem fins lucrativos que objetiva agregar profissionais de imprensa independentes em todos os estados da Amaz\u00f4nia Legal, e dos pa\u00edses que integram a regi\u00e3o da Amaz\u00f4nia Internacional que s\u00e3o Brasil, Bol\u00edvia, Peru, Equador, Col\u00f4mbia, Venezuela, Guiana, Suriname, e Guiana Francesa (departamento ultramarino franc\u00eas).<\/p>\n\n\n\n<p>Do time que fundou a entidade est\u00e3o os jornalistas Evandro Corr\u00eaa, Jo\u00e3o Freitas, Roberto Barbosa, Nazar\u00e9 Sarmento Barbosa, Erison J\u00fanior, Raymar Bentes, Olavo Dutra, Cleiton Palmeira, M\u00e1rio Quadros, Paula Portilho, Shirley Castilho, Ray Nonato, Advaldo Nobre (Passarinho), Braz Chucre, Marcelino Cinegrafista e Chico Cinegrafista, que ser\u00e1 o tesoureiro da entidade.<\/p>\n\n\n\n<div class=\"wp-block-image\"><figure class=\"aligncenter size-full\"><img loading=\"lazy\" decoding=\"async\" width=\"705\" height=\"486\" src=\"https:\/\/dedemesquita.com.br\/wp-content\/uploads\/2022\/05\/academia.jpg\" alt=\"\" class=\"wp-image-4060\"\/><figcaption>Membros fundadores da  Associa\u00e7\u00e3o Internacional dos Jornalistas da Amaz\u00f4nia (AIJAM)<\/figcaption><\/figure><\/div>\n\n\n\n<p><strong>Petterson &#8211;<\/strong> Nosso muito querido <strong>Petterson Farias<\/strong>, publicit\u00e1rio que trabalhou na Secom-PA, se mudou de Bel\u00e9m e est\u00e1 morando e trabalhando no Rio de Janeiro, onde j\u00e1 est\u00e1 agitando todas. Na segunda-feira, 2, ele ministrou a palestra dele sobre conte\u00fados digitais para\u00a0a loja Riachuelo, dentro do projeto &#8220;Visto Riachu&#8221;, criado pra acelerar o crescimento de nano e microinfluenciadores de todo o Brasil. Foram escolhidos pela loja 30 creators  para um papo sobre Marketing de Conte\u00fado. <\/p>\n\n\n\n<div class=\"wp-block-image\"><figure class=\"aligncenter size-full\"><img loading=\"lazy\" decoding=\"async\" width=\"599\" height=\"558\" src=\"https:\/\/dedemesquita.com.br\/wp-content\/uploads\/2022\/05\/PETTERSON_FARIAS-.png\" alt=\"\" class=\"wp-image-4063\"\/><figcaption>Petterson Farias est\u00e1 morando e trabalhando no Rio de Janeiro (RJ) <\/figcaption><\/figure><\/div>\n\n\n\n<p><strong>Luciana &#8211;<\/strong> A jornalista <strong>Luciana Kellen<\/strong>, que trabalhou na R\u00e1dio Margarida e na Fasepa\/ Secom-PA, est\u00e1 agora no Instituto Peabiru, em Bel\u00e9m. <\/p>\n\n\n\n<div class=\"wp-block-image\"><figure class=\"aligncenter size-full\"><img loading=\"lazy\" decoding=\"async\" width=\"677\" height=\"485\" src=\"https:\/\/dedemesquita.com.br\/wp-content\/uploads\/2022\/05\/LUCIANA_KELLEN-1.jpg\" alt=\"\" class=\"wp-image-4074\"\/><figcaption>Luciana Kellen <\/figcaption><\/figure><\/div>\n\n\n\n<p><strong>Cleide &#8211; <\/strong>A jornalista e s\u00f3cia na Temple Comunica\u00e7\u00e3o,<strong> Cleide Pinheiro<\/strong>, \u00e9 a nova conselheira fiscal da Associa\u00e7\u00e3o Brasileira das Ag\u00eancias de Comunica\u00e7\u00e3o (Abracom).<\/p>\n\n\n\n<div class=\"wp-block-image\"><figure class=\"aligncenter size-full\"><img loading=\"lazy\" decoding=\"async\" width=\"597\" height=\"545\" src=\"https:\/\/dedemesquita.com.br\/wp-content\/uploads\/2022\/05\/cleide-1.png\" alt=\"\" class=\"wp-image-4077\"\/><figcaption>Cleide Pinheiro, da Temple Comunica\u00e7\u00e3o<\/figcaption><\/figure><\/div>\n\n\n\n<p><strong>Fabiano &#8211;<\/strong> Entre mais de 900 reportagens inscritas, de 65 pa\u00edses, uma reportagem de <strong>Fabiano Villela,<\/strong> do n\u00facleo de Rede da TV Liberal, est\u00e1 entre as tr\u00eas finalistas na categoria &#8220;V\u00eddeo &#8211; Cobertura Di\u00e1ria&#8221;, do pr\u00eamio Covering Climate Now, projeto da prestigiada&nbsp;Universidade Columbia, dos Estados Unidos, em parceria com The Guardian, The Nation Magazine e WNYC, e que re\u00fane mais de 500 empresas de m\u00eddia de todas as partes do mundo. Fabiano acumulou a produ\u00e7\u00e3o, reportagem e edi\u00e7\u00e3o, esta \u00faltima em parceria com&nbsp;Antenor Filho e imagens de Fernanda Ligabue. A  reportagem especial exibida no Bom Dia Brasil, ano passado. A equipe percorreu as duas regi\u00f5es mais atingidas pelas queimadas e desmatamento na Amaz\u00f4nia e foi mostrada a rela\u00e7\u00e3o da destrui\u00e7\u00e3o da floresta com as mudan\u00e7as clim\u00e1ticas.<\/p>\n\n\n\n<div class=\"wp-block-image\"><figure class=\"aligncenter size-full\"><img loading=\"lazy\" decoding=\"async\" width=\"603\" height=\"331\" src=\"https:\/\/dedemesquita.com.br\/wp-content\/uploads\/2022\/05\/FABIANO_VILLELA-1.png\" alt=\"\" class=\"wp-image-4080\"\/><figcaption>Fabiano Villela na reportagem que \u00e9 finalista de pr\u00eamio internacional<\/figcaption><\/figure><\/div>\n\n\n\n<p><strong>\u00darsula &#8211; <\/strong>A jornalista <strong>\u00darsula Pereira<\/strong>, que trabalhou na mineradora Vale e na Secretaria de Estado de Cultura (Secult-PA), \u00e9 a nova assessora de comunica\u00e7\u00e3o do Theatro da Paz e do Festival de \u00d3pera do Theatro da Paz <\/p>\n\n\n\n<div class=\"wp-block-image\"><figure class=\"aligncenter size-full\"><img loading=\"lazy\" decoding=\"async\" width=\"720\" height=\"776\" src=\"https:\/\/dedemesquita.com.br\/wp-content\/uploads\/2022\/05\/WhatsApp-Image-2022-05-03-at-20.28.52.jpeg\" alt=\"\" class=\"wp-image-4066\"\/><figcaption>\u00darsula Pereira est\u00e1 na comunica\u00e7\u00e3o do Theatro da Paz e do Festival de \u00d3pera <\/figcaption><\/figure><\/div>\n","protected":false},"excerpt":{"rendered":"<p>\u00c9, meus colegas, a vida da imprensa de Bel\u00e9m &#8220;n\u00e3o \u00e9 f\u00e1cil&#8221;, parafraseando aquele rapaz no Tik Tok. E temos not\u00edcias bem bacanas para divulgar nesta ter\u00e7a-feira, e vamos a elas. Igor &#8211; O jornalista e rep\u00f3rter Igor Fonseca est\u00e1 de volta \u00e0 TV Liberal, onde trabalhou anos atr\u00e1s. Ele assumiu a gest\u00e3o do N\u00facleo [&hellip;]<\/p>\n","protected":false},"author":2,"featured_media":4059,"comment_status":"open","ping_status":"open","sticky":false,"template":"","format":"standard","meta":{"footnotes":""},"categories":[51,14,29],"tags":[302,119,120,162,137],"class_list":["post-4053","post","type-post","status-publish","format-standard","has-post-thumbnail","hentry","category-destaque","category-imprensa","category-jornalismo","tag-instituto-peabiru","tag-jornalismo","tag-jornalistas-paraenses-em-acao","tag-temple-comunicacao","tag-tv-liberal"],"yoast_head":"<!-- This site is optimized with the Yoast SEO plugin v19.10 - https:\/\/yoast.com\/wordpress\/plugins\/seo\/ -->\n<title>Igor Fonseca de volta \u00e0 TV Liberal e outras novidades da imprensa em Bel\u00e9m - Ded\u00e9 Mesquita<\/title>\n<meta name=\"robots\" content=\"index, follow, max-snippet:-1, max-image-preview:large, max-video-preview:-1\" \/>\n<link rel=\"canonical\" href=\"https:\/\/dedemesquita.com.br\/?p=4053\" \/>\n<meta property=\"og:locale\" content=\"pt_BR\" \/>\n<meta property=\"og:type\" content=\"article\" \/>\n<meta property=\"og:title\" content=\"Igor Fonseca de volta \u00e0 TV Liberal e outras novidades da imprensa em Bel\u00e9m - Ded\u00e9 Mesquita\" \/>\n<meta property=\"og:description\" content=\"\u00c9, meus colegas, a vida da imprensa de Bel\u00e9m &#8220;n\u00e3o \u00e9 f\u00e1cil&#8221;, parafraseando aquele rapaz no Tik Tok. E temos not\u00edcias bem bacanas para divulgar nesta ter\u00e7a-feira, e vamos a elas. Igor &#8211; O jornalista e rep\u00f3rter Igor Fonseca est\u00e1 de volta \u00e0 TV Liberal, onde trabalhou anos atr\u00e1s. Ele assumiu a gest\u00e3o do N\u00facleo [&hellip;]\" \/>\n<meta property=\"og:url\" content=\"https:\/\/dedemesquita.com.br\/?p=4053\" \/>\n<meta property=\"og:site_name\" content=\"Ded\u00e9 Mesquita\" \/>\n<meta property=\"article:publisher\" content=\"https:\/\/www.facebook.com\/dede.mesquita\" \/>\n<meta property=\"article:published_time\" content=\"2022-05-03T23:36:42+00:00\" \/>\n<meta property=\"article:modified_time\" content=\"2022-05-04T00:56:49+00:00\" \/>\n<meta property=\"og:image\" content=\"https:\/\/dedemesquita.com.br\/wp-content\/uploads\/2022\/05\/WhatsApp-Image-2022-05-03-at-09.17.38.jpeg\" \/>\n\t<meta property=\"og:image:width\" content=\"950\" \/>\n\t<meta property=\"og:image:height\" content=\"606\" \/>\n\t<meta property=\"og:image:type\" content=\"image\/jpeg\" \/>\n<meta name=\"author\" content=\"Ded\u00e9 Mesquita\" \/>\n<meta name=\"twitter:card\" content=\"summary_large_image\" \/>\n<meta name=\"twitter:creator\" content=\"@dedemesquita\" \/>\n<meta name=\"twitter:site\" content=\"@dedemesquita\" \/>\n<meta name=\"twitter:label1\" content=\"Escrito por\" \/>\n\t<meta name=\"twitter:data1\" content=\"Ded\u00e9 Mesquita\" \/>\n\t<meta name=\"twitter:label2\" content=\"Est. tempo de leitura\" \/>\n\t<meta name=\"twitter:data2\" content=\"7 minutos\" \/>\n<script type=\"application\/ld+json\" class=\"yoast-schema-graph\">{\"@context\":\"https:\/\/schema.org\",\"@graph\":[{\"@type\":\"WebPage\",\"@id\":\"https:\/\/dedemesquita.com.br\/?p=4053\",\"url\":\"https:\/\/dedemesquita.com.br\/?p=4053\",\"name\":\"Igor Fonseca de volta \u00e0 TV Liberal e outras novidades da imprensa em Bel\u00e9m - Ded\u00e9 Mesquita\",\"isPartOf\":{\"@id\":\"https:\/\/dedemesquita.com.br\/#website\"},\"datePublished\":\"2022-05-03T23:36:42+00:00\",\"dateModified\":\"2022-05-04T00:56:49+00:00\",\"author\":{\"@id\":\"https:\/\/dedemesquita.com.br\/#\/schema\/person\/36571f81dd2d76dc3ab37231542c9e24\"},\"breadcrumb\":{\"@id\":\"https:\/\/dedemesquita.com.br\/?p=4053#breadcrumb\"},\"inLanguage\":\"pt-BR\",\"potentialAction\":[{\"@type\":\"ReadAction\",\"target\":[\"https:\/\/dedemesquita.com.br\/?p=4053\"]}]},{\"@type\":\"BreadcrumbList\",\"@id\":\"https:\/\/dedemesquita.com.br\/?p=4053#breadcrumb\",\"itemListElement\":[{\"@type\":\"ListItem\",\"position\":1,\"name\":\"In\u00edcio\",\"item\":\"https:\/\/dedemesquita.com.br\/\"},{\"@type\":\"ListItem\",\"position\":2,\"name\":\"Igor Fonseca de volta \u00e0 TV Liberal e outras novidades da imprensa em Bel\u00e9m\"}]},{\"@type\":\"WebSite\",\"@id\":\"https:\/\/dedemesquita.com.br\/#website\",\"url\":\"https:\/\/dedemesquita.com.br\/\",\"name\":\"Ded\u00e9 Mesquita\",\"description\":\"Um site que mostra os bastidores da imprensa no estado do Par\u00e1 e em Bel\u00e9m\",\"potentialAction\":[{\"@type\":\"SearchAction\",\"target\":{\"@type\":\"EntryPoint\",\"urlTemplate\":\"https:\/\/dedemesquita.com.br\/?s={search_term_string}\"},\"query-input\":\"required name=search_term_string\"}],\"inLanguage\":\"pt-BR\"},{\"@type\":\"Person\",\"@id\":\"https:\/\/dedemesquita.com.br\/#\/schema\/person\/36571f81dd2d76dc3ab37231542c9e24\",\"name\":\"Ded\u00e9 Mesquita\",\"image\":{\"@type\":\"ImageObject\",\"inLanguage\":\"pt-BR\",\"@id\":\"https:\/\/dedemesquita.com.br\/#\/schema\/person\/image\/\",\"url\":\"https:\/\/dedemesquita.com.br\/wp-content\/uploads\/2021\/02\/foto_perfil-150x150.jpg\",\"contentUrl\":\"https:\/\/dedemesquita.com.br\/wp-content\/uploads\/2021\/02\/foto_perfil-150x150.jpg\",\"caption\":\"Ded\u00e9 Mesquita\"},\"sameAs\":[\"https:\/\/dedemesquita.com.br\"]}]}<\/script>\n<!-- \/ Yoast SEO plugin. -->","yoast_head_json":{"title":"Igor Fonseca de volta \u00e0 TV Liberal e outras novidades da imprensa em Bel\u00e9m - Ded\u00e9 Mesquita","robots":{"index":"index","follow":"follow","max-snippet":"max-snippet:-1","max-image-preview":"max-image-preview:large","max-video-preview":"max-video-preview:-1"},"canonical":"https:\/\/dedemesquita.com.br\/?p=4053","og_locale":"pt_BR","og_type":"article","og_title":"Igor Fonseca de volta \u00e0 TV Liberal e outras novidades da imprensa em Bel\u00e9m - Ded\u00e9 Mesquita","og_description":"\u00c9, meus colegas, a vida da imprensa de Bel\u00e9m &#8220;n\u00e3o \u00e9 f\u00e1cil&#8221;, parafraseando aquele rapaz no Tik Tok. E temos not\u00edcias bem bacanas para divulgar nesta ter\u00e7a-feira, e vamos a elas. Igor &#8211; O jornalista e rep\u00f3rter Igor Fonseca est\u00e1 de volta \u00e0 TV Liberal, onde trabalhou anos atr\u00e1s. Ele assumiu a gest\u00e3o do N\u00facleo [&hellip;]","og_url":"https:\/\/dedemesquita.com.br\/?p=4053","og_site_name":"Ded\u00e9 Mesquita","article_publisher":"https:\/\/www.facebook.com\/dede.mesquita","article_published_time":"2022-05-03T23:36:42+00:00","article_modified_time":"2022-05-04T00:56:49+00:00","og_image":[{"width":950,"height":606,"url":"https:\/\/dedemesquita.com.br\/wp-content\/uploads\/2022\/05\/WhatsApp-Image-2022-05-03-at-09.17.38.jpeg","type":"image\/jpeg"}],"author":"Ded\u00e9 Mesquita","twitter_card":"summary_large_image","twitter_creator":"@dedemesquita","twitter_site":"@dedemesquita","twitter_misc":{"Escrito por":"Ded\u00e9 Mesquita","Est. tempo de leitura":"7 minutos"},"schema":{"@context":"https:\/\/schema.org","@graph":[{"@type":"WebPage","@id":"https:\/\/dedemesquita.com.br\/?p=4053","url":"https:\/\/dedemesquita.com.br\/?p=4053","name":"Igor Fonseca de volta \u00e0 TV Liberal e outras novidades da imprensa em Bel\u00e9m - Ded\u00e9 Mesquita","isPartOf":{"@id":"https:\/\/dedemesquita.com.br\/#website"},"datePublished":"2022-05-03T23:36:42+00:00","dateModified":"2022-05-04T00:56:49+00:00","author":{"@id":"https:\/\/dedemesquita.com.br\/#\/schema\/person\/36571f81dd2d76dc3ab37231542c9e24"},"breadcrumb":{"@id":"https:\/\/dedemesquita.com.br\/?p=4053#breadcrumb"},"inLanguage":"pt-BR","potentialAction":[{"@type":"ReadAction","target":["https:\/\/dedemesquita.com.br\/?p=4053"]}]},{"@type":"BreadcrumbList","@id":"https:\/\/dedemesquita.com.br\/?p=4053#breadcrumb","itemListElement":[{"@type":"ListItem","position":1,"name":"In\u00edcio","item":"https:\/\/dedemesquita.com.br\/"},{"@type":"ListItem","position":2,"name":"Igor Fonseca de volta \u00e0 TV Liberal e outras novidades da imprensa em Bel\u00e9m"}]},{"@type":"WebSite","@id":"https:\/\/dedemesquita.com.br\/#website","url":"https:\/\/dedemesquita.com.br\/","name":"Ded\u00e9 Mesquita","description":"Um site que mostra os bastidores da imprensa no estado do Par\u00e1 e em Bel\u00e9m","potentialAction":[{"@type":"SearchAction","target":{"@type":"EntryPoint","urlTemplate":"https:\/\/dedemesquita.com.br\/?s={search_term_string}"},"query-input":"required name=search_term_string"}],"inLanguage":"pt-BR"},{"@type":"Person","@id":"https:\/\/dedemesquita.com.br\/#\/schema\/person\/36571f81dd2d76dc3ab37231542c9e24","name":"Ded\u00e9 Mesquita","image":{"@type":"ImageObject","inLanguage":"pt-BR","@id":"https:\/\/dedemesquita.com.br\/#\/schema\/person\/image\/","url":"https:\/\/dedemesquita.com.br\/wp-content\/uploads\/2021\/02\/foto_perfil-150x150.jpg","contentUrl":"https:\/\/dedemesquita.com.br\/wp-content\/uploads\/2021\/02\/foto_perfil-150x150.jpg","caption":"Ded\u00e9 Mesquita"},"sameAs":["https:\/\/dedemesquita.com.br"]}]}},"_links":{"self":[{"href":"https:\/\/dedemesquita.com.br\/index.php?rest_route=\/wp\/v2\/posts\/4053"}],"collection":[{"href":"https:\/\/dedemesquita.com.br\/index.php?rest_route=\/wp\/v2\/posts"}],"about":[{"href":"https:\/\/dedemesquita.com.br\/index.php?rest_route=\/wp\/v2\/types\/post"}],"author":[{"embeddable":true,"href":"https:\/\/dedemesquita.com.br\/index.php?rest_route=\/wp\/v2\/users\/2"}],"replies":[{"embeddable":true,"href":"https:\/\/dedemesquita.com.br\/index.php?rest_route=%2Fwp%2Fv2%2Fcomments&post=4053"}],"version-history":[{"count":17,"href":"https:\/\/dedemesquita.com.br\/index.php?rest_route=\/wp\/v2\/posts\/4053\/revisions"}],"predecessor-version":[{"id":4091,"href":"https:\/\/dedemesquita.com.br\/index.php?rest_route=\/wp\/v2\/posts\/4053\/revisions\/4091"}],"wp:featuredmedia":[{"embeddable":true,"href":"https:\/\/dedemesquita.com.br\/index.php?rest_route=\/wp\/v2\/media\/4059"}],"wp:attachment":[{"href":"https:\/\/dedemesquita.com.br\/index.php?rest_route=%2Fwp%2Fv2%2Fmedia&parent=4053"}],"wp:term":[{"taxonomy":"category","embeddable":true,"href":"https:\/\/dedemesquita.com.br\/index.php?rest_route=%2Fwp%2Fv2%2Fcategories&post=4053"},{"taxonomy":"post_tag","embeddable":true,"href":"https:\/\/dedemesquita.com.br\/index.php?rest_route=%2Fwp%2Fv2%2Ftags&post=4053"}],"curies":[{"name":"wp","href":"https:\/\/api.w.org\/{rel}","templated":true}]}}