{"id":4031,"date":"2022-04-27T11:02:09","date_gmt":"2022-04-27T14:02:09","guid":{"rendered":"https:\/\/dedemesquita.com.br\/?p=4031"},"modified":"2022-04-27T11:09:43","modified_gmt":"2022-04-27T14:09:43","slug":"kadu-alvorada-deixa-a-secom-pa-e-novas-noticias-sobre-a-imprensa-de-belem","status":"publish","type":"post","link":"https:\/\/dedemesquita.com.br\/?p=4031","title":{"rendered":"Kadu Alvorada deixa a Secom-PA e novas not\u00edcias sobre a imprensa de Bel\u00e9m"},"content":{"rendered":"\n<p>Depois de um tempinho sem atualiza\u00e7\u00f5es por aqui, voltamos com for\u00e7a total e com muitas novidades sobre a imprensa de Bel\u00e9m e do Par\u00e1. E vamos a elas: <\/p>\n\n\n\n<p><strong>Kadu &#8211; <\/strong>O publicit\u00e1rio <strong>Kadu Alvorada<\/strong>, que atuava h\u00e1 tr\u00eas anos nas m\u00eddias sociais da Secretaria de Estado de Comunica\u00e7\u00e3o do Par\u00e1 (Secom-PA), deu adeus \u00e0quela secretaria. Kadu publicou a despedida no perfil dele no Instagram, na ter\u00e7a-feira, 26. Antes da Secom, Kadu trabalhou na ag\u00eancia Eko. <\/p>\n\n\n\n<div class=\"wp-block-image\"><figure class=\"aligncenter size-full\"><img loading=\"lazy\" decoding=\"async\" width=\"486\" height=\"396\" src=\"https:\/\/dedemesquita.com.br\/wp-content\/uploads\/2022\/04\/KADU_ALVORADA.png\" alt=\"\" class=\"wp-image-4042\"\/><figcaption>Kadu Alvorada deixou o jornalismo digital da Secom-PA <\/figcaption><\/figure><\/div>\n\n\n\n<p><strong>Karol &#8211; <\/strong>A publicit\u00e1ria <strong>Karol Amorim<\/strong>, ex-Minera\u00e7\u00e3o Rio do Norte, come\u00e7ou em um novo cargo de Community Relations Specialist na empresa Kinross Alaska. <\/p>\n\n\n\n<div class=\"wp-block-image\"><figure class=\"aligncenter size-full\"><img loading=\"lazy\" decoding=\"async\" width=\"950\" height=\"685\" src=\"https:\/\/dedemesquita.com.br\/wp-content\/uploads\/2022\/04\/KAROL_AMORIM.jpg\" alt=\"\" class=\"wp-image-4041\" srcset=\"https:\/\/dedemesquita.com.br\/wp-content\/uploads\/2022\/04\/KAROL_AMORIM.jpg 950w, https:\/\/dedemesquita.com.br\/wp-content\/uploads\/2022\/04\/KAROL_AMORIM-768x554.jpg 768w\" sizes=\"(max-width: 950px) 100vw, 950px\" \/><figcaption>Karol Amorim continua na \u00e1rea de assessoria de comunica\u00e7\u00e3o em minera\u00e7\u00e3o <\/figcaption><\/figure><\/div>\n\n\n\n<p><strong>Mila &#8211;<\/strong> <strong>Mila Amaral<\/strong>, ex-assessoria de comunica\u00e7\u00e3o do TRE-PA, deixou a ag\u00eancia Levant Ideias, e est\u00e1 no portal Rede Par\u00e1. <\/p>\n\n\n\n<div class=\"wp-block-image\"><figure class=\"aligncenter size-full\"><img loading=\"lazy\" decoding=\"async\" width=\"893\" height=\"671\" src=\"https:\/\/dedemesquita.com.br\/wp-content\/uploads\/2022\/04\/MILA_AMARAL.jpg\" alt=\"\" class=\"wp-image-4040\" srcset=\"https:\/\/dedemesquita.com.br\/wp-content\/uploads\/2022\/04\/MILA_AMARAL.jpg 893w, https:\/\/dedemesquita.com.br\/wp-content\/uploads\/2022\/04\/MILA_AMARAL-768x577.jpg 768w\" sizes=\"(max-width: 893px) 100vw, 893px\" \/><figcaption>Mila Amaral em nova fase <\/figcaption><\/figure><\/div>\n\n\n\n<p><strong>Rede Par\u00e1 &#8211;<\/strong> Por falar no Rede Par\u00e1, esse portal lan\u00e7ou um podcast. S\u00e3o jornalistas, produtores, editores, publicit\u00e1rios, produtores de conte\u00fado em uma plataforma de converg\u00eancia de informa\u00e7\u00e3o, chamada podcast Rede Par\u00e1. Sob o comando de <strong>Edney Santos<\/strong>, est\u00e3o os jornalistas <strong>Paulo Silber<\/strong>, <strong>Christina Hayne<\/strong>, <strong>Dani Filgueiras<\/strong>, <strong>Mila Amaral <\/strong>e <strong>Ronaldo Gillet<\/strong>.<\/p>\n\n\n\n<div class=\"wp-block-image\"><figure class=\"aligncenter size-full\"><img loading=\"lazy\" decoding=\"async\" width=\"950\" height=\"561\" src=\"https:\/\/dedemesquita.com.br\/wp-content\/uploads\/2022\/04\/rede.jpg\" alt=\"\" class=\"wp-image-4034\" srcset=\"https:\/\/dedemesquita.com.br\/wp-content\/uploads\/2022\/04\/rede.jpg 950w, https:\/\/dedemesquita.com.br\/wp-content\/uploads\/2022\/04\/rede-768x454.jpg 768w\" sizes=\"(max-width: 950px) 100vw, 950px\" \/><figcaption>Dani Filgueira, Mila Amaral e Christina Hayne, ao centro <\/figcaption><\/figure><\/div>\n\n\n\n<p><strong>Keyth &#8211; <\/strong>A jornalista paraense <strong>Keyth Washington<\/strong>, que atuou inicialmente como colaboradora, foi contratada pela ag\u00eancia Imagem Corporativa, como atendimento s\u00eanior para a conta da SAP Brasil, de S\u00e3o Paulo (SP). &nbsp;<\/p>\n\n\n\n<div class=\"wp-block-image\"><figure class=\"aligncenter size-full\"><img loading=\"lazy\" decoding=\"async\" width=\"601\" height=\"466\" src=\"https:\/\/dedemesquita.com.br\/wp-content\/uploads\/2022\/04\/key.png\" alt=\"\" class=\"wp-image-4044\"\/><figcaption>Kheyth Washington mora e trabalha em S\u00e3o Paulo <\/figcaption><\/figure><\/div>\n\n\n\n<p><strong>TV Cultura &#8211; <\/strong>A TV Cultura do Par\u00e1 entrou no ar em car\u00e1ter experimental em 31 de mar\u00e7o de 1987. S\u00e3o mais de tr\u00eas d\u00e9cadas vivendo e televisionando o cotidiano, a hist\u00f3ria e a cultura paraense. Em 2022, a emissora celebra 35 anos com uma programa\u00e7\u00e3o especial e a\u00e7\u00f5es promocionais, como a Mostra TV Cultura 35 Anos, que traz oito sess\u00f5es de document\u00e1rios produzidos pela emissora, com a participa\u00e7\u00e3o de realizadores das obras, que conversam com o p\u00fablico, no cine L\u00edbero Luxardo. A segunda sess\u00e3o, no dia 2 de maio, \u00e0s 19h, denominada Sess\u00e3o Amazonas da TV, apresenta \u201cMaria das Dores\u201d, dirigido por L\u00facia Le\u00e3o, com entrada franca e media\u00e7\u00e3o do jornalista <strong>Felipe Cortez. <\/strong><\/p>\n\n\n\n<div class=\"wp-block-image\"><figure class=\"aligncenter size-full\"><img loading=\"lazy\" decoding=\"async\" width=\"646\" height=\"490\" src=\"https:\/\/dedemesquita.com.br\/wp-content\/uploads\/2022\/04\/FELIPE_CORTEZ.jpg\" alt=\"\" class=\"wp-image-4035\"\/><figcaption>Felipe Cortez apresenta o document\u00e1rio  \u201cMaria das Dores\u201d, dirigido por L\u00facia Le\u00e3o, no dia 2 de maio <\/figcaption><\/figure><\/div>\n\n\n\n<p><strong>Talk show &#8211; <\/strong>O programa <strong>\u201cDi\u00f3genes Brand\u00e3o na Rede\u201d<\/strong> estreou na ter\u00e7a-feira, 19, sendo apresentado ao vivo. A banda Sistema Vermelho o ajuda a receber os convidados no talk show. O programa vai ao ar toda ter\u00e7a-feira, a partir das 20h30, pela RedeTV Par\u00e1, canal 47.1.<\/p>\n\n\n\n<div class=\"wp-block-image\"><figure class=\"aligncenter size-full\"><img loading=\"lazy\" decoding=\"async\" width=\"1036\" height=\"537\" src=\"https:\/\/dedemesquita.com.br\/wp-content\/uploads\/2022\/04\/DIOGENES_BRANDAO.png\" alt=\"\" class=\"wp-image-4036\" srcset=\"https:\/\/dedemesquita.com.br\/wp-content\/uploads\/2022\/04\/DIOGENES_BRANDAO.png 1036w, https:\/\/dedemesquita.com.br\/wp-content\/uploads\/2022\/04\/DIOGENES_BRANDAO-768x398.png 768w\" sizes=\"(max-width: 1036px) 100vw, 1036px\" \/><figcaption>Di\u00f3genes Brand\u00e3o comanda talk show na RedeTv, canal 47.1, \u00e0s ter\u00e7as-feiras, \u00e0s 20h30 <\/figcaption><\/figure><\/div>\n\n\n\n<p><strong>Disserta\u00e7\u00e3o &#8211; <\/strong>Dois sites paraenses &#8211; portal Ver-o-Fato, de Bel\u00e9m, do jornalista <strong>Carlos Mendes<\/strong>, e o <strong>blog do Z\u00e9 Dudu<\/strong>, de Jos\u00e9 Eduardo Ferreira do Vale, de Marab\u00e1, foram selecionados para disserta\u00e7\u00e3o de mestrado da universidade paulista C\u00e1sper L\u00edbero, do rep\u00f3rter da Rede Globo\/ S\u00e3o Paulo, Walace Lara, que escolheu para o trabalho dez blogs das cinco regi\u00f5es do Brasil. O trabalho de Lara, agora divulgado, foi realizado em 2020, em plena pandemia. A disserta\u00e7\u00e3o teve como orientadora a professora doutora Marli dos Santos e intitulou-se \u201cJornalistas de blogs: uma an\u00e1lise sobre as estrat\u00e9gias de sobreviv\u00eancia\u201d. A disserta\u00e7\u00e3o completa de Lara com todos os 10 jornalistas ouvidos pelo pa\u00eds, pode ser acessada neste endere\u00e7o:<strong> <\/strong><a href=\"https:\/\/casperlibero.edu.br\/wp-content\/uploads\/2021\/04\/WALACE-LARA-.pdf\"><strong>https:\/\/casperlibero.edu.br\/wp-content\/uploads\/2021\/04\/WALACE-LARA-.pdf<\/strong><\/a><\/p>\n\n\n\n<div class=\"wp-block-image\"><figure class=\"aligncenter size-full\"><img loading=\"lazy\" decoding=\"async\" width=\"805\" height=\"673\" src=\"https:\/\/dedemesquita.com.br\/wp-content\/uploads\/2022\/04\/ZE_DUDU.jpg\" alt=\"\" class=\"wp-image-4037\" srcset=\"https:\/\/dedemesquita.com.br\/wp-content\/uploads\/2022\/04\/ZE_DUDU.jpg 805w, https:\/\/dedemesquita.com.br\/wp-content\/uploads\/2022\/04\/ZE_DUDU-768x642.jpg 768w\" sizes=\"(max-width: 805px) 100vw, 805px\" \/><figcaption>Jornalista  Jos\u00e9 Eduardo Ferreira do Vale, do blog do Z\u00e9 Dudu, de Marab\u00e1 <\/figcaption><\/figure><\/div>\n\n\n\n<p><strong>SOCIAIS: <\/strong><\/p>\n\n\n\n<p><strong>Papai de novo &#8211; <\/strong>O jornalista e radialista <strong>Celso Freire<\/strong>, da r\u00e1dio Liberal FM, ser\u00e1 pai pela segunda vez, e de uma menina. Celso j\u00e1 \u00e9 pai do Benjamin. <\/p>\n\n\n\n<div class=\"wp-block-image\"><figure class=\"aligncenter size-full\"><img loading=\"lazy\" decoding=\"async\" width=\"1000\" height=\"656\" src=\"https:\/\/dedemesquita.com.br\/wp-content\/uploads\/2022\/04\/CESLSO_FREIRE.jpg\" alt=\"\" class=\"wp-image-4038\" srcset=\"https:\/\/dedemesquita.com.br\/wp-content\/uploads\/2022\/04\/CESLSO_FREIRE.jpg 1000w, https:\/\/dedemesquita.com.br\/wp-content\/uploads\/2022\/04\/CESLSO_FREIRE-768x504.jpg 768w\" sizes=\"(max-width: 1000px) 100vw, 1000px\" \/><figcaption>Celso Freire e a sra. Freire celebram o novo beb\u00ea da fam\u00edlia <\/figcaption><\/figure><\/div>\n\n\n\n<p><strong>Casamento &#8211; <\/strong>A jornalista <strong>Mayara Albuquerque<\/strong> se casou, no dia 14 de abril, com Will Nascimento<strong>. <\/strong>Felicidades ao novo casal!! <\/p>\n\n\n\n<div class=\"wp-block-image\"><figure class=\"aligncenter size-full\"><img loading=\"lazy\" decoding=\"async\" width=\"732\" height=\"486\" src=\"https:\/\/dedemesquita.com.br\/wp-content\/uploads\/2022\/04\/MAYARA_ALBUQUERQUE.jpg\" alt=\"\" class=\"wp-image-4039\" srcset=\"https:\/\/dedemesquita.com.br\/wp-content\/uploads\/2022\/04\/MAYARA_ALBUQUERQUE.jpg 732w, https:\/\/dedemesquita.com.br\/wp-content\/uploads\/2022\/04\/MAYARA_ALBUQUERQUE-600x398.jpg 600w\" sizes=\"(max-width: 732px) 100vw, 732px\" \/><figcaption>Mayara Lima e Will Nascimento <\/figcaption><\/figure><\/div>\n","protected":false},"excerpt":{"rendered":"<p>Depois de um tempinho sem atualiza\u00e7\u00f5es por aqui, voltamos com for\u00e7a total e com muitas novidades sobre a imprensa de Bel\u00e9m e do Par\u00e1. E vamos a elas: Kadu &#8211; O publicit\u00e1rio Kadu Alvorada, que atuava h\u00e1 tr\u00eas anos nas m\u00eddias sociais da Secretaria de Estado de Comunica\u00e7\u00e3o do Par\u00e1 (Secom-PA), deu adeus \u00e0quela secretaria. [&hellip;]<\/p>\n","protected":false},"author":2,"featured_media":4049,"comment_status":"open","ping_status":"open","sticky":false,"template":"","format":"standard","meta":{"footnotes":""},"categories":[51,14],"tags":[301,186,119,120,300,178,150,197,173],"class_list":["post-4031","post","type-post","status-publish","format-standard","has-post-thumbnail","hentry","category-destaque","category-imprensa","tag-blog-do-ze-dudu","tag-diogenes-brandao","tag-jornalismo","tag-jornalistas-paraenses-em-acao","tag-rede-para","tag-rede-tv","tag-secom-pa","tag-tv-cultura","tag-ver-o-fato"],"yoast_head":"<!-- This site is optimized with the Yoast SEO plugin v19.10 - https:\/\/yoast.com\/wordpress\/plugins\/seo\/ -->\n<title>Kadu Alvorada deixa a Secom-PA e novas not\u00edcias sobre a imprensa de Bel\u00e9m - Ded\u00e9 Mesquita<\/title>\n<meta name=\"robots\" content=\"index, follow, max-snippet:-1, max-image-preview:large, max-video-preview:-1\" \/>\n<link rel=\"canonical\" href=\"https:\/\/dedemesquita.com.br\/?p=4031\" \/>\n<meta property=\"og:locale\" content=\"pt_BR\" \/>\n<meta property=\"og:type\" content=\"article\" \/>\n<meta property=\"og:title\" content=\"Kadu Alvorada deixa a Secom-PA e novas not\u00edcias sobre a imprensa de Bel\u00e9m - Ded\u00e9 Mesquita\" \/>\n<meta property=\"og:description\" content=\"Depois de um tempinho sem atualiza\u00e7\u00f5es por aqui, voltamos com for\u00e7a total e com muitas novidades sobre a imprensa de Bel\u00e9m e do Par\u00e1. E vamos a elas: Kadu &#8211; O publicit\u00e1rio Kadu Alvorada, que atuava h\u00e1 tr\u00eas anos nas m\u00eddias sociais da Secretaria de Estado de Comunica\u00e7\u00e3o do Par\u00e1 (Secom-PA), deu adeus \u00e0quela secretaria. [&hellip;]\" \/>\n<meta property=\"og:url\" content=\"https:\/\/dedemesquita.com.br\/?p=4031\" \/>\n<meta property=\"og:site_name\" content=\"Ded\u00e9 Mesquita\" \/>\n<meta property=\"article:publisher\" content=\"https:\/\/www.facebook.com\/dede.mesquita\" \/>\n<meta property=\"article:published_time\" content=\"2022-04-27T14:02:09+00:00\" \/>\n<meta property=\"article:modified_time\" content=\"2022-04-27T14:09:43+00:00\" \/>\n<meta property=\"og:image\" content=\"https:\/\/dedemesquita.com.br\/wp-content\/uploads\/2022\/04\/KADU_ALVORADA2.jpg\" \/>\n\t<meta property=\"og:image:width\" content=\"1000\" \/>\n\t<meta property=\"og:image:height\" content=\"738\" \/>\n\t<meta property=\"og:image:type\" content=\"image\/jpeg\" \/>\n<meta name=\"author\" content=\"Ded\u00e9 Mesquita\" \/>\n<meta name=\"twitter:card\" content=\"summary_large_image\" \/>\n<meta name=\"twitter:creator\" content=\"@dedemesquita\" \/>\n<meta name=\"twitter:site\" content=\"@dedemesquita\" \/>\n<meta name=\"twitter:label1\" content=\"Escrito por\" \/>\n\t<meta name=\"twitter:data1\" content=\"Ded\u00e9 Mesquita\" \/>\n\t<meta name=\"twitter:label2\" content=\"Est. tempo de leitura\" \/>\n\t<meta name=\"twitter:data2\" content=\"6 minutos\" \/>\n<script type=\"application\/ld+json\" class=\"yoast-schema-graph\">{\"@context\":\"https:\/\/schema.org\",\"@graph\":[{\"@type\":\"WebPage\",\"@id\":\"https:\/\/dedemesquita.com.br\/?p=4031\",\"url\":\"https:\/\/dedemesquita.com.br\/?p=4031\",\"name\":\"Kadu Alvorada deixa a Secom-PA e novas not\u00edcias sobre a imprensa de Bel\u00e9m - Ded\u00e9 Mesquita\",\"isPartOf\":{\"@id\":\"https:\/\/dedemesquita.com.br\/#website\"},\"datePublished\":\"2022-04-27T14:02:09+00:00\",\"dateModified\":\"2022-04-27T14:09:43+00:00\",\"author\":{\"@id\":\"https:\/\/dedemesquita.com.br\/#\/schema\/person\/36571f81dd2d76dc3ab37231542c9e24\"},\"breadcrumb\":{\"@id\":\"https:\/\/dedemesquita.com.br\/?p=4031#breadcrumb\"},\"inLanguage\":\"pt-BR\",\"potentialAction\":[{\"@type\":\"ReadAction\",\"target\":[\"https:\/\/dedemesquita.com.br\/?p=4031\"]}]},{\"@type\":\"BreadcrumbList\",\"@id\":\"https:\/\/dedemesquita.com.br\/?p=4031#breadcrumb\",\"itemListElement\":[{\"@type\":\"ListItem\",\"position\":1,\"name\":\"In\u00edcio\",\"item\":\"https:\/\/dedemesquita.com.br\/\"},{\"@type\":\"ListItem\",\"position\":2,\"name\":\"Kadu Alvorada deixa a Secom-PA e novas not\u00edcias sobre a imprensa de Bel\u00e9m\"}]},{\"@type\":\"WebSite\",\"@id\":\"https:\/\/dedemesquita.com.br\/#website\",\"url\":\"https:\/\/dedemesquita.com.br\/\",\"name\":\"Ded\u00e9 Mesquita\",\"description\":\"Um site que mostra os bastidores da imprensa no estado do Par\u00e1 e em Bel\u00e9m\",\"potentialAction\":[{\"@type\":\"SearchAction\",\"target\":{\"@type\":\"EntryPoint\",\"urlTemplate\":\"https:\/\/dedemesquita.com.br\/?s={search_term_string}\"},\"query-input\":\"required name=search_term_string\"}],\"inLanguage\":\"pt-BR\"},{\"@type\":\"Person\",\"@id\":\"https:\/\/dedemesquita.com.br\/#\/schema\/person\/36571f81dd2d76dc3ab37231542c9e24\",\"name\":\"Ded\u00e9 Mesquita\",\"image\":{\"@type\":\"ImageObject\",\"inLanguage\":\"pt-BR\",\"@id\":\"https:\/\/dedemesquita.com.br\/#\/schema\/person\/image\/\",\"url\":\"https:\/\/dedemesquita.com.br\/wp-content\/uploads\/2021\/02\/foto_perfil-150x150.jpg\",\"contentUrl\":\"https:\/\/dedemesquita.com.br\/wp-content\/uploads\/2021\/02\/foto_perfil-150x150.jpg\",\"caption\":\"Ded\u00e9 Mesquita\"},\"sameAs\":[\"https:\/\/dedemesquita.com.br\"]}]}<\/script>\n<!-- \/ Yoast SEO plugin. -->","yoast_head_json":{"title":"Kadu Alvorada deixa a Secom-PA e novas not\u00edcias sobre a imprensa de Bel\u00e9m - Ded\u00e9 Mesquita","robots":{"index":"index","follow":"follow","max-snippet":"max-snippet:-1","max-image-preview":"max-image-preview:large","max-video-preview":"max-video-preview:-1"},"canonical":"https:\/\/dedemesquita.com.br\/?p=4031","og_locale":"pt_BR","og_type":"article","og_title":"Kadu Alvorada deixa a Secom-PA e novas not\u00edcias sobre a imprensa de Bel\u00e9m - Ded\u00e9 Mesquita","og_description":"Depois de um tempinho sem atualiza\u00e7\u00f5es por aqui, voltamos com for\u00e7a total e com muitas novidades sobre a imprensa de Bel\u00e9m e do Par\u00e1. E vamos a elas: Kadu &#8211; O publicit\u00e1rio Kadu Alvorada, que atuava h\u00e1 tr\u00eas anos nas m\u00eddias sociais da Secretaria de Estado de Comunica\u00e7\u00e3o do Par\u00e1 (Secom-PA), deu adeus \u00e0quela secretaria. [&hellip;]","og_url":"https:\/\/dedemesquita.com.br\/?p=4031","og_site_name":"Ded\u00e9 Mesquita","article_publisher":"https:\/\/www.facebook.com\/dede.mesquita","article_published_time":"2022-04-27T14:02:09+00:00","article_modified_time":"2022-04-27T14:09:43+00:00","og_image":[{"width":1000,"height":738,"url":"https:\/\/dedemesquita.com.br\/wp-content\/uploads\/2022\/04\/KADU_ALVORADA2.jpg","type":"image\/jpeg"}],"author":"Ded\u00e9 Mesquita","twitter_card":"summary_large_image","twitter_creator":"@dedemesquita","twitter_site":"@dedemesquita","twitter_misc":{"Escrito por":"Ded\u00e9 Mesquita","Est. tempo de leitura":"6 minutos"},"schema":{"@context":"https:\/\/schema.org","@graph":[{"@type":"WebPage","@id":"https:\/\/dedemesquita.com.br\/?p=4031","url":"https:\/\/dedemesquita.com.br\/?p=4031","name":"Kadu Alvorada deixa a Secom-PA e novas not\u00edcias sobre a imprensa de Bel\u00e9m - Ded\u00e9 Mesquita","isPartOf":{"@id":"https:\/\/dedemesquita.com.br\/#website"},"datePublished":"2022-04-27T14:02:09+00:00","dateModified":"2022-04-27T14:09:43+00:00","author":{"@id":"https:\/\/dedemesquita.com.br\/#\/schema\/person\/36571f81dd2d76dc3ab37231542c9e24"},"breadcrumb":{"@id":"https:\/\/dedemesquita.com.br\/?p=4031#breadcrumb"},"inLanguage":"pt-BR","potentialAction":[{"@type":"ReadAction","target":["https:\/\/dedemesquita.com.br\/?p=4031"]}]},{"@type":"BreadcrumbList","@id":"https:\/\/dedemesquita.com.br\/?p=4031#breadcrumb","itemListElement":[{"@type":"ListItem","position":1,"name":"In\u00edcio","item":"https:\/\/dedemesquita.com.br\/"},{"@type":"ListItem","position":2,"name":"Kadu Alvorada deixa a Secom-PA e novas not\u00edcias sobre a imprensa de Bel\u00e9m"}]},{"@type":"WebSite","@id":"https:\/\/dedemesquita.com.br\/#website","url":"https:\/\/dedemesquita.com.br\/","name":"Ded\u00e9 Mesquita","description":"Um site que mostra os bastidores da imprensa no estado do Par\u00e1 e em Bel\u00e9m","potentialAction":[{"@type":"SearchAction","target":{"@type":"EntryPoint","urlTemplate":"https:\/\/dedemesquita.com.br\/?s={search_term_string}"},"query-input":"required name=search_term_string"}],"inLanguage":"pt-BR"},{"@type":"Person","@id":"https:\/\/dedemesquita.com.br\/#\/schema\/person\/36571f81dd2d76dc3ab37231542c9e24","name":"Ded\u00e9 Mesquita","image":{"@type":"ImageObject","inLanguage":"pt-BR","@id":"https:\/\/dedemesquita.com.br\/#\/schema\/person\/image\/","url":"https:\/\/dedemesquita.com.br\/wp-content\/uploads\/2021\/02\/foto_perfil-150x150.jpg","contentUrl":"https:\/\/dedemesquita.com.br\/wp-content\/uploads\/2021\/02\/foto_perfil-150x150.jpg","caption":"Ded\u00e9 Mesquita"},"sameAs":["https:\/\/dedemesquita.com.br"]}]}},"_links":{"self":[{"href":"https:\/\/dedemesquita.com.br\/index.php?rest_route=\/wp\/v2\/posts\/4031"}],"collection":[{"href":"https:\/\/dedemesquita.com.br\/index.php?rest_route=\/wp\/v2\/posts"}],"about":[{"href":"https:\/\/dedemesquita.com.br\/index.php?rest_route=\/wp\/v2\/types\/post"}],"author":[{"embeddable":true,"href":"https:\/\/dedemesquita.com.br\/index.php?rest_route=\/wp\/v2\/users\/2"}],"replies":[{"embeddable":true,"href":"https:\/\/dedemesquita.com.br\/index.php?rest_route=%2Fwp%2Fv2%2Fcomments&post=4031"}],"version-history":[{"count":7,"href":"https:\/\/dedemesquita.com.br\/index.php?rest_route=\/wp\/v2\/posts\/4031\/revisions"}],"predecessor-version":[{"id":4051,"href":"https:\/\/dedemesquita.com.br\/index.php?rest_route=\/wp\/v2\/posts\/4031\/revisions\/4051"}],"wp:featuredmedia":[{"embeddable":true,"href":"https:\/\/dedemesquita.com.br\/index.php?rest_route=\/wp\/v2\/media\/4049"}],"wp:attachment":[{"href":"https:\/\/dedemesquita.com.br\/index.php?rest_route=%2Fwp%2Fv2%2Fmedia&parent=4031"}],"wp:term":[{"taxonomy":"category","embeddable":true,"href":"https:\/\/dedemesquita.com.br\/index.php?rest_route=%2Fwp%2Fv2%2Fcategories&post=4031"},{"taxonomy":"post_tag","embeddable":true,"href":"https:\/\/dedemesquita.com.br\/index.php?rest_route=%2Fwp%2Fv2%2Ftags&post=4031"}],"curies":[{"name":"wp","href":"https:\/\/api.w.org\/{rel}","templated":true}]}}