{"id":3969,"date":"2022-04-12T13:39:06","date_gmt":"2022-04-12T16:39:06","guid":{"rendered":"https:\/\/dedemesquita.com.br\/?p=3969"},"modified":"2022-04-12T14:51:54","modified_gmt":"2022-04-12T17:51:54","slug":"o-liberal-faz-entrevistas-com-todos-presidenciaveis-as-eleicoes-2022-e-outras-novidades","status":"publish","type":"post","link":"https:\/\/dedemesquita.com.br\/?p=3969","title":{"rendered":"O Liberal faz entrevistas com todos presidenci\u00e1veis \u00e0s elei\u00e7\u00f5es 2022 e outras novidades"},"content":{"rendered":"\n<p>\u00c9 muito bem ver um ve\u00edculo de comunica\u00e7\u00e3o ser citado por outros canais, em n\u00edvel nacional. O Liberal fez o dever de casa direitinho. E enquanto isso, o Di\u00e1rio on Line (DOL) \u00e9 suspenso pelo Instagram por violar as regras de publica\u00e7\u00e3o dessa rede social. V\u00e3o vendo os que voc\u00eas andam acessando. V\u00e3o vendo. <\/p>\n\n\n\n<p><strong>O Liberal &#8211; <\/strong>O grupo O Liberal, de Bel\u00e9m, capital do estado do Par\u00e1, emplacou na segunda-feira, 11, uma marca que pouqu\u00edssimos ve\u00edculos de comunica\u00e7\u00e3o no Brasil conseguiram: entrevistou todos os presidenci\u00e1veis \u00e0s elei\u00e7\u00f5es majorit\u00e1rias neste ano de 2022. S\u00e3o poucos os que, a esta altura do andamento das futuras campanhas, tenham conseguido essa fa\u00e7anha.<\/p>\n\n\n\n<p>Com a entrevista com o atual presidente, e candidato \u00e0 reelei\u00e7\u00e3o, Jair Bolsonaro (Partido Liberal &#8211; PL), na manh\u00e3 de segunda-feira, 11, pelos jornalistas <strong>Daniel Nardin<\/strong>, diretor de conte\u00fado de <em>oliberal.com<\/em>, e <strong>Abner Luiz<\/strong>, pela R\u00e1dio Liberal FM, o grupo encerrou as entrevistas que tamb\u00e9m receberam Lula (PT); Ciro Gomes (PDT); Jo\u00e3o D\u00f3ria (PSDB); Eduardo Leite (PSDB); S\u00e9rgio Moro (Uni\u00e3o pelo Brasil) e Simone Tebet (MDB). <\/p>\n\n\n\n<p>Ali\u00e1s, com a declara\u00e7\u00e3o de Bolsonaro de que h\u00e1 90% de chance de que o militar da reserva Braga Neto (PL) seja o candidato a vice-presidente na chapa dele, O Liberal foi citado, pelo furo de reportagem, pela grande maioria dos ve\u00edculos de comunica\u00e7\u00e3o, sejam sites, blogs, portais de internet, jornais e televis\u00f5es, como a CNN Brasil, pelo Pa\u00eds todo. <\/p>\n\n\n\n<p><strong>Outras novidades &#8211; <\/strong>O rep\u00f3rter <strong>M\u00e1rio Carvalho<\/strong>, ex-TV Liberal, estreou na segunda-feira, 11, na Globo Pernambuco. <\/p>\n\n\n\n<div class=\"wp-block-image\"><figure class=\"aligncenter size-full\"><img loading=\"lazy\" decoding=\"async\" width=\"702\" height=\"799\" src=\"https:\/\/dedemesquita.com.br\/wp-content\/uploads\/2022\/04\/WhatsApp-Image-2022-04-12-at-14.15.45.jpeg\" alt=\"\" class=\"wp-image-3998\"\/><figcaption>M\u00e1rio Carvalho na Globo Pernambuco <\/figcaption><\/figure><\/div>\n\n\n\n<p>E<strong>sporte &#8211;<\/strong> Tem cara nova na editoria de Esportes do grupo O Liberal: <strong>Luiz Guilherme Ramos<\/strong> trocou o jornal Di\u00e1rio do Par\u00e1 por O Liberal. E quem fez o caminho inverso, isto \u00e9, deixou o grupo O Liberal pelo Di\u00e1rio, foi o <strong>Tylon Mau\u00e9s<\/strong>. Sim, j\u00e1 tem um tempinho que isso aconteceu, mas estou refor\u00e7ando. <\/p>\n\n\n\n<div class=\"wp-block-image\"><figure class=\"aligncenter size-full\"><img loading=\"lazy\" decoding=\"async\" width=\"849\" height=\"755\" src=\"https:\/\/dedemesquita.com.br\/wp-content\/uploads\/2022\/04\/LUIZ_GUILHERME.jpg\" alt=\"\" class=\"wp-image-4000\" srcset=\"https:\/\/dedemesquita.com.br\/wp-content\/uploads\/2022\/04\/LUIZ_GUILHERME.jpg 849w, https:\/\/dedemesquita.com.br\/wp-content\/uploads\/2022\/04\/LUIZ_GUILHERME-768x683.jpg 768w\" sizes=\"(max-width: 849px) 100vw, 849px\" \/><\/figure><\/div>\n\n\n\n<p><strong>Elei\u00e7\u00f5es &#8211; <\/strong>O apresentador do programa &#8220;Bora Cidade&#8221;, da RBATV, <strong>Agenor Santos<\/strong>, se filiou ao PTB e ser\u00e1 candidato a deputado federal nas elei\u00e7\u00f5es de 2022.<\/p>\n\n\n\n<p><strong>Somente a Verdade &#8211;<\/strong> J\u00e1 est\u00e1 no ar a primeira parte do epis\u00f3dio do programa &#8220;Somente a Verdade&#8221; que fala sobre o caso dos meninos emasculados de Altamira. O programa entrou no ar no \u00faltimo dia 7 e j\u00e1 pode ser visto no canal LibPlay e no portal <strong>oliberal.com<\/strong>.<\/p>\n\n\n\n<div class=\"wp-block-image\"><figure class=\"aligncenter size-full\"><img loading=\"lazy\" decoding=\"async\" width=\"1340\" height=\"641\" src=\"https:\/\/dedemesquita.com.br\/wp-content\/uploads\/2022\/04\/ema.png\" alt=\"\" class=\"wp-image-4002\" srcset=\"https:\/\/dedemesquita.com.br\/wp-content\/uploads\/2022\/04\/ema.png 1340w, https:\/\/dedemesquita.com.br\/wp-content\/uploads\/2022\/04\/ema-768x367.png 768w\" sizes=\"(max-width: 1340px) 100vw, 1340px\" \/><figcaption>Primeira parte do epis\u00f3dio sobre os meninos emasculados de Altamira j\u00e1 est\u00e1 no ar <\/figcaption><\/figure><\/div>\n\n\n\n<p><strong>Transforma\u00e7\u00e3o Digital &#8211;<\/strong> As jornalistas<strong> Sandra Rocha, <\/strong>de Bel\u00e9m<strong>; Luana Coelho de Oliveira, <\/strong>de Ananindeua<strong>; <\/strong>e<strong> Luciana Marschall, <\/strong>de Parauapebas<strong>, <\/strong>foram selecionadas pelo programa Acelerando a Transforma\u00e7\u00e3o Digital, uma promo\u00e7\u00e3o da Associa\u00e7\u00e3o Brasileira de Jornalismo Investigativo e Meta Journalism Project.<\/p>\n\n\n\n<p>Os 80 participantes, do Brasil inteiro, v\u00e3o receber mentoria com especialistas durante tr\u00eas meses, de maio a julho deste ano, e contar\u00e3o com apoio financeiro de at\u00e9&nbsp;US$ 2.500 cada um.&nbsp;A iniciativa visa estimular o fortalecimento do jornalismo local no Brasil e reduzir o n\u00famero de munic\u00edpios considerados desertos de not\u00edcias, avaliado em&nbsp;9,5%&nbsp;do total de cidades.<\/p>\n\n\n\n<div class=\"wp-block-image\"><figure class=\"aligncenter size-full\"><img loading=\"lazy\" decoding=\"async\" width=\"525\" height=\"400\" src=\"https:\/\/dedemesquita.com.br\/wp-content\/uploads\/2022\/04\/SANDRA_ROCHA.png\" alt=\"\" class=\"wp-image-4006\"\/><figcaption>Sandra Rocha j\u00e1 trabalhou nos jornais Di\u00e1rio do Par\u00e1 e O Liberal<\/figcaption><\/figure><\/div>\n\n\n\n<p><strong>Premia\u00e7\u00e3o &#8211; <\/strong>O Festival Internacional de Cinema Document\u00e1rio \u00c9 Tudo Verdade foi encerrado no domingo, dia 10, e consagrou o filme &#8220;Quando Falta o Ar&#8221;, com imagens gravadas no interior do Par\u00e1, o vencedor da Competi\u00e7\u00e3o Brasileira de Longas e M\u00e9dias-Metragens da 27\u00aa edi\u00e7\u00e3o desse Festival . O filme tem dire\u00e7\u00e3o das irm\u00e3s <strong>Ana Petta <\/strong>e<strong> Helena Petta<\/strong> e tem registros do atendimento por agentes de sa\u00fade no combate \u00e0 pandemia pela covid-19 nos munic\u00edpios de Castanhal e de Igarap\u00e9-Miri, nordeste do estado, no final de 2020. O fot\u00f3grafo paraense <strong>Tarso Sarraf<\/strong>, coordenador de audiovisual de O Liberal, participou da produ\u00e7\u00e3o.<\/p>\n\n\n\n<div class=\"wp-block-image\"><figure class=\"aligncenter size-full\"><img loading=\"lazy\" decoding=\"async\" width=\"758\" height=\"372\" src=\"https:\/\/dedemesquita.com.br\/wp-content\/uploads\/2022\/04\/FALTA_AR.png\" alt=\"\" class=\"wp-image-3976\"\/><figcaption>Cena do document\u00e1rio &#8220;Quando Falta o Ar&#8221;, que tem a participa\u00e7\u00e3o do fot\u00f3grafo Tarso Sarraf <\/figcaption><\/figure><\/div>\n","protected":false},"excerpt":{"rendered":"<p>Daniel Nardin e Abner Luiz entrevistaram o presidente &#8211;  e presidenci\u00e1vel &#8211; da Rep\u00fablica Jair Bolsonaro (PL)<\/p>\n","protected":false},"author":2,"featured_media":3993,"comment_status":"open","ping_status":"open","sticky":false,"template":"","format":"standard","meta":{"footnotes":""},"categories":[51,14,29],"tags":[181,119,120,144],"class_list":["post-3969","post","type-post","status-publish","format-standard","has-post-thumbnail","hentry","category-destaque","category-imprensa","category-jornalismo","tag-diario-do-para","tag-jornalismo","tag-jornalistas-paraenses-em-acao","tag-o-liberal"],"yoast_head":"<!-- This site is optimized with the Yoast SEO plugin v19.10 - https:\/\/yoast.com\/wordpress\/plugins\/seo\/ -->\n<title>O Liberal faz entrevistas com todos presidenci\u00e1veis \u00e0s elei\u00e7\u00f5es 2022 e outras novidades - Ded\u00e9 Mesquita<\/title>\n<meta name=\"robots\" content=\"index, follow, max-snippet:-1, max-image-preview:large, max-video-preview:-1\" \/>\n<link rel=\"canonical\" href=\"https:\/\/dedemesquita.com.br\/?p=3969\" \/>\n<meta property=\"og:locale\" content=\"pt_BR\" \/>\n<meta property=\"og:type\" content=\"article\" \/>\n<meta property=\"og:title\" content=\"O Liberal faz entrevistas com todos presidenci\u00e1veis \u00e0s elei\u00e7\u00f5es 2022 e outras novidades - Ded\u00e9 Mesquita\" \/>\n<meta property=\"og:description\" content=\"Daniel Nardin e Abner Luiz entrevistaram o presidente - e presidenci\u00e1vel - da Rep\u00fablica Jair Bolsonaro (PL)\" \/>\n<meta property=\"og:url\" content=\"https:\/\/dedemesquita.com.br\/?p=3969\" \/>\n<meta property=\"og:site_name\" content=\"Ded\u00e9 Mesquita\" \/>\n<meta property=\"article:publisher\" content=\"https:\/\/www.facebook.com\/dede.mesquita\" \/>\n<meta property=\"article:published_time\" content=\"2022-04-12T16:39:06+00:00\" \/>\n<meta property=\"article:modified_time\" content=\"2022-04-12T17:51:54+00:00\" \/>\n<meta property=\"og:image\" content=\"https:\/\/dedemesquita.com.br\/wp-content\/uploads\/2022\/04\/WhatsApp-Image-2022-04-11-at-19.35.50.jpeg\" \/>\n\t<meta property=\"og:image:width\" content=\"1000\" \/>\n\t<meta property=\"og:image:height\" content=\"750\" \/>\n\t<meta property=\"og:image:type\" content=\"image\/jpeg\" \/>\n<meta name=\"author\" content=\"Ded\u00e9 Mesquita\" \/>\n<meta name=\"twitter:card\" content=\"summary_large_image\" \/>\n<meta name=\"twitter:creator\" content=\"@dedemesquita\" \/>\n<meta name=\"twitter:site\" content=\"@dedemesquita\" \/>\n<meta name=\"twitter:label1\" content=\"Escrito por\" \/>\n\t<meta name=\"twitter:data1\" content=\"Ded\u00e9 Mesquita\" \/>\n\t<meta name=\"twitter:label2\" content=\"Est. tempo de leitura\" \/>\n\t<meta name=\"twitter:data2\" content=\"5 minutos\" \/>\n<script type=\"application\/ld+json\" class=\"yoast-schema-graph\">{\"@context\":\"https:\/\/schema.org\",\"@graph\":[{\"@type\":\"WebPage\",\"@id\":\"https:\/\/dedemesquita.com.br\/?p=3969\",\"url\":\"https:\/\/dedemesquita.com.br\/?p=3969\",\"name\":\"O Liberal faz entrevistas com todos presidenci\u00e1veis \u00e0s elei\u00e7\u00f5es 2022 e outras novidades - Ded\u00e9 Mesquita\",\"isPartOf\":{\"@id\":\"https:\/\/dedemesquita.com.br\/#website\"},\"datePublished\":\"2022-04-12T16:39:06+00:00\",\"dateModified\":\"2022-04-12T17:51:54+00:00\",\"author\":{\"@id\":\"https:\/\/dedemesquita.com.br\/#\/schema\/person\/36571f81dd2d76dc3ab37231542c9e24\"},\"breadcrumb\":{\"@id\":\"https:\/\/dedemesquita.com.br\/?p=3969#breadcrumb\"},\"inLanguage\":\"pt-BR\",\"potentialAction\":[{\"@type\":\"ReadAction\",\"target\":[\"https:\/\/dedemesquita.com.br\/?p=3969\"]}]},{\"@type\":\"BreadcrumbList\",\"@id\":\"https:\/\/dedemesquita.com.br\/?p=3969#breadcrumb\",\"itemListElement\":[{\"@type\":\"ListItem\",\"position\":1,\"name\":\"In\u00edcio\",\"item\":\"https:\/\/dedemesquita.com.br\/\"},{\"@type\":\"ListItem\",\"position\":2,\"name\":\"O Liberal faz entrevistas com todos presidenci\u00e1veis \u00e0s elei\u00e7\u00f5es 2022 e outras novidades\"}]},{\"@type\":\"WebSite\",\"@id\":\"https:\/\/dedemesquita.com.br\/#website\",\"url\":\"https:\/\/dedemesquita.com.br\/\",\"name\":\"Ded\u00e9 Mesquita\",\"description\":\"Um site que mostra os bastidores da imprensa no estado do Par\u00e1 e em Bel\u00e9m\",\"potentialAction\":[{\"@type\":\"SearchAction\",\"target\":{\"@type\":\"EntryPoint\",\"urlTemplate\":\"https:\/\/dedemesquita.com.br\/?s={search_term_string}\"},\"query-input\":\"required name=search_term_string\"}],\"inLanguage\":\"pt-BR\"},{\"@type\":\"Person\",\"@id\":\"https:\/\/dedemesquita.com.br\/#\/schema\/person\/36571f81dd2d76dc3ab37231542c9e24\",\"name\":\"Ded\u00e9 Mesquita\",\"image\":{\"@type\":\"ImageObject\",\"inLanguage\":\"pt-BR\",\"@id\":\"https:\/\/dedemesquita.com.br\/#\/schema\/person\/image\/\",\"url\":\"https:\/\/dedemesquita.com.br\/wp-content\/uploads\/2021\/02\/foto_perfil-150x150.jpg\",\"contentUrl\":\"https:\/\/dedemesquita.com.br\/wp-content\/uploads\/2021\/02\/foto_perfil-150x150.jpg\",\"caption\":\"Ded\u00e9 Mesquita\"},\"sameAs\":[\"https:\/\/dedemesquita.com.br\"]}]}<\/script>\n<!-- \/ Yoast SEO plugin. -->","yoast_head_json":{"title":"O Liberal faz entrevistas com todos presidenci\u00e1veis \u00e0s elei\u00e7\u00f5es 2022 e outras novidades - Ded\u00e9 Mesquita","robots":{"index":"index","follow":"follow","max-snippet":"max-snippet:-1","max-image-preview":"max-image-preview:large","max-video-preview":"max-video-preview:-1"},"canonical":"https:\/\/dedemesquita.com.br\/?p=3969","og_locale":"pt_BR","og_type":"article","og_title":"O Liberal faz entrevistas com todos presidenci\u00e1veis \u00e0s elei\u00e7\u00f5es 2022 e outras novidades - Ded\u00e9 Mesquita","og_description":"Daniel Nardin e Abner Luiz entrevistaram o presidente - e presidenci\u00e1vel - da Rep\u00fablica Jair Bolsonaro (PL)","og_url":"https:\/\/dedemesquita.com.br\/?p=3969","og_site_name":"Ded\u00e9 Mesquita","article_publisher":"https:\/\/www.facebook.com\/dede.mesquita","article_published_time":"2022-04-12T16:39:06+00:00","article_modified_time":"2022-04-12T17:51:54+00:00","og_image":[{"width":1000,"height":750,"url":"https:\/\/dedemesquita.com.br\/wp-content\/uploads\/2022\/04\/WhatsApp-Image-2022-04-11-at-19.35.50.jpeg","type":"image\/jpeg"}],"author":"Ded\u00e9 Mesquita","twitter_card":"summary_large_image","twitter_creator":"@dedemesquita","twitter_site":"@dedemesquita","twitter_misc":{"Escrito por":"Ded\u00e9 Mesquita","Est. tempo de leitura":"5 minutos"},"schema":{"@context":"https:\/\/schema.org","@graph":[{"@type":"WebPage","@id":"https:\/\/dedemesquita.com.br\/?p=3969","url":"https:\/\/dedemesquita.com.br\/?p=3969","name":"O Liberal faz entrevistas com todos presidenci\u00e1veis \u00e0s elei\u00e7\u00f5es 2022 e outras novidades - Ded\u00e9 Mesquita","isPartOf":{"@id":"https:\/\/dedemesquita.com.br\/#website"},"datePublished":"2022-04-12T16:39:06+00:00","dateModified":"2022-04-12T17:51:54+00:00","author":{"@id":"https:\/\/dedemesquita.com.br\/#\/schema\/person\/36571f81dd2d76dc3ab37231542c9e24"},"breadcrumb":{"@id":"https:\/\/dedemesquita.com.br\/?p=3969#breadcrumb"},"inLanguage":"pt-BR","potentialAction":[{"@type":"ReadAction","target":["https:\/\/dedemesquita.com.br\/?p=3969"]}]},{"@type":"BreadcrumbList","@id":"https:\/\/dedemesquita.com.br\/?p=3969#breadcrumb","itemListElement":[{"@type":"ListItem","position":1,"name":"In\u00edcio","item":"https:\/\/dedemesquita.com.br\/"},{"@type":"ListItem","position":2,"name":"O Liberal faz entrevistas com todos presidenci\u00e1veis \u00e0s elei\u00e7\u00f5es 2022 e outras novidades"}]},{"@type":"WebSite","@id":"https:\/\/dedemesquita.com.br\/#website","url":"https:\/\/dedemesquita.com.br\/","name":"Ded\u00e9 Mesquita","description":"Um site que mostra os bastidores da imprensa no estado do Par\u00e1 e em Bel\u00e9m","potentialAction":[{"@type":"SearchAction","target":{"@type":"EntryPoint","urlTemplate":"https:\/\/dedemesquita.com.br\/?s={search_term_string}"},"query-input":"required name=search_term_string"}],"inLanguage":"pt-BR"},{"@type":"Person","@id":"https:\/\/dedemesquita.com.br\/#\/schema\/person\/36571f81dd2d76dc3ab37231542c9e24","name":"Ded\u00e9 Mesquita","image":{"@type":"ImageObject","inLanguage":"pt-BR","@id":"https:\/\/dedemesquita.com.br\/#\/schema\/person\/image\/","url":"https:\/\/dedemesquita.com.br\/wp-content\/uploads\/2021\/02\/foto_perfil-150x150.jpg","contentUrl":"https:\/\/dedemesquita.com.br\/wp-content\/uploads\/2021\/02\/foto_perfil-150x150.jpg","caption":"Ded\u00e9 Mesquita"},"sameAs":["https:\/\/dedemesquita.com.br"]}]}},"_links":{"self":[{"href":"https:\/\/dedemesquita.com.br\/index.php?rest_route=\/wp\/v2\/posts\/3969"}],"collection":[{"href":"https:\/\/dedemesquita.com.br\/index.php?rest_route=\/wp\/v2\/posts"}],"about":[{"href":"https:\/\/dedemesquita.com.br\/index.php?rest_route=\/wp\/v2\/types\/post"}],"author":[{"embeddable":true,"href":"https:\/\/dedemesquita.com.br\/index.php?rest_route=\/wp\/v2\/users\/2"}],"replies":[{"embeddable":true,"href":"https:\/\/dedemesquita.com.br\/index.php?rest_route=%2Fwp%2Fv2%2Fcomments&post=3969"}],"version-history":[{"count":21,"href":"https:\/\/dedemesquita.com.br\/index.php?rest_route=\/wp\/v2\/posts\/3969\/revisions"}],"predecessor-version":[{"id":4008,"href":"https:\/\/dedemesquita.com.br\/index.php?rest_route=\/wp\/v2\/posts\/3969\/revisions\/4008"}],"wp:featuredmedia":[{"embeddable":true,"href":"https:\/\/dedemesquita.com.br\/index.php?rest_route=\/wp\/v2\/media\/3993"}],"wp:attachment":[{"href":"https:\/\/dedemesquita.com.br\/index.php?rest_route=%2Fwp%2Fv2%2Fmedia&parent=3969"}],"wp:term":[{"taxonomy":"category","embeddable":true,"href":"https:\/\/dedemesquita.com.br\/index.php?rest_route=%2Fwp%2Fv2%2Fcategories&post=3969"},{"taxonomy":"post_tag","embeddable":true,"href":"https:\/\/dedemesquita.com.br\/index.php?rest_route=%2Fwp%2Fv2%2Ftags&post=3969"}],"curies":[{"name":"wp","href":"https:\/\/api.w.org\/{rel}","templated":true}]}}