{"id":3962,"date":"2022-04-12T11:59:34","date_gmt":"2022-04-12T14:59:34","guid":{"rendered":"https:\/\/dedemesquita.com.br\/?p=3962"},"modified":"2022-04-12T11:59:36","modified_gmt":"2022-04-12T14:59:36","slug":"cineclube-paraense-e-cine-libero-luxardo-celebram-os-80-anos-de-barbra-streisand","status":"publish","type":"post","link":"https:\/\/dedemesquita.com.br\/?p=3962","title":{"rendered":"Cineclube Paraense e Cine L\u00edbero Luxardo celebram os 80 anos de Barbra Streisand"},"content":{"rendered":"\n<p>A atriz, diretora, roteirista, produtora, cantora e compositora Barbra Streisand celebra 80 anos de idade no pr\u00f3ximo dia 24 de abril. E para comemorar a data, o Cineclube Paraense, em parceria com o Cine L\u00edbero Luxardo, exibe naquela sala o filme \u201cYentl\u201d, dirigido por Streisand, na quinta-feira, dia 14, \u00e0s 19h, com entrada franca. <\/p>\n\n\n\n<p>A exibi\u00e7\u00e3o do filme ser\u00e1 acompanhada de uma apresenta\u00e7\u00e3o da vida e carreira de Streisand que ser\u00e1 feita pelo cin\u00e9filo e um dos maiores f\u00e3s da artista em Bel\u00e9m, Marcelo Flexa, membro do Cineclube Paraense. Ap\u00f3s a exibi\u00e7\u00e3o de \u201cYentl\u201d, haver\u00e1 um debate com o p\u00fablico e sorteio de brindes, como DVDs dos filmes de Streisand. <\/p>\n\n\n\n<p>Flexa \u00e9 f\u00e3 assumid\u00edssimo de Barbra Streisand. Ele tem todos os filmes e CDs dela e um punhado de revistas, livros e objetos que remetem \u00e0 essa paix\u00e3o. Flexa tamb\u00e9m \u00e9 uma verdadeira enciclop\u00e9dia em se tratando da atriz e cantora, sabendo de detalhes da carreira da artista que somente quem ama um \u00eddolo, como \u00e9 a rela\u00e7\u00e3o dele com Barbra, sabe. E com muita propriedade. <\/p>\n\n\n\n<div class=\"wp-block-image\"><figure class=\"aligncenter size-full\"><img loading=\"lazy\" decoding=\"async\" width=\"800\" height=\"492\" src=\"https:\/\/dedemesquita.com.br\/wp-content\/uploads\/2022\/04\/yentl3-1.png\" alt=\"\" class=\"wp-image-3966\" srcset=\"https:\/\/dedemesquita.com.br\/wp-content\/uploads\/2022\/04\/yentl3-1.png 800w, https:\/\/dedemesquita.com.br\/wp-content\/uploads\/2022\/04\/yentl3-1-768x472.png 768w\" sizes=\"(max-width: 800px) 100vw, 800px\" \/><figcaption>Cena de &#8220;Yentl&#8221; com Amy Irving e Barbra Streisand <\/figcaption><\/figure><\/div>\n\n\n\n<p>O cin\u00e9filo conta que essa paix\u00e3o come\u00e7ou quando ele tinha 11 anos, em agosto de 1984, dentro do cine Pal\u00e1cio, assistindo, justamente, \u201cYentl\u201d. \u201cFoi paix\u00e3o ao primeiro frame. Uma arrebata\u00e7\u00e3o do talento dela ao assistir ao filme e depois saber que ela tinha dirigido, atuado, produzido, roteirizado e cantando no filme. Outro talento dela que, logo depois de assistir ao filme me tomou de prazer, foi escutar aquela voz cristalina\u201d, relembra Flexa.<\/p>\n\n\n\n<p><strong>Yentl &#8211; <\/strong>\u201cYentl\u201d \u00e9 um filme do ano de 1983, que marca a estreia na dire\u00e7\u00e3o de Barbra Streisand. <\/p>\n\n\n\n<p>Quando comprou os direitos para realizar o filme em 1968, Streisand tinha 26 anos e desejava interpretar a protagonista. Anteriormente a hist\u00f3ria havia sido levada aos palcos em um espet\u00e1culo que estreou na Broadway em 1975. Mas foi somente quase uma d\u00e9cada depois que ela recebeu o aval para iniciar as filmagens. <\/p>\n\n\n\n<div class=\"wp-block-image\"><figure class=\"aligncenter size-full\"><img loading=\"lazy\" decoding=\"async\" width=\"1600\" height=\"1058\" src=\"https:\/\/dedemesquita.com.br\/wp-content\/uploads\/2022\/04\/yentl2.jpg\" alt=\"\" class=\"wp-image-3965\" srcset=\"https:\/\/dedemesquita.com.br\/wp-content\/uploads\/2022\/04\/yentl2.jpg 1600w, https:\/\/dedemesquita.com.br\/wp-content\/uploads\/2022\/04\/yentl2-768x508.jpg 768w, https:\/\/dedemesquita.com.br\/wp-content\/uploads\/2022\/04\/yentl2-1536x1016.jpg 1536w, https:\/\/dedemesquita.com.br\/wp-content\/uploads\/2022\/04\/yentl2-600x398.jpg 600w, https:\/\/dedemesquita.com.br\/wp-content\/uploads\/2022\/04\/yentl2-455x300.jpg 455w\" sizes=\"(max-width: 1600px) 100vw, 1600px\" \/><figcaption>Barbra Streisand atou, escreveu, dirigiu e produziu o filme &#8220;Yentl&#8221;<\/figcaption><\/figure><\/div>\n\n\n\n<p>O esfor\u00e7o em produzir em todas as escalas um filme acabou tornando Barbra a primeira mulher a receber o Globo de Ouro de Melhor Diretora. Mais tarde ela poderia ter sido indicada ao Oscar por \u201cPr\u00edncipe das Mar\u00e9s\u201d (em 1991), e, apesar de o filme ter tido sete nomea\u00e7\u00f5es, Barbra n\u00e3o recebeu indica\u00e7\u00e3o de Melhor Diretora. O que causou uma s\u00e9rie de protestos indignados de atrizes de Hollywood, que queriam ver Barbra recebendo essa nomea\u00e7\u00e3o. <\/p>\n\n\n\n<p><strong>Sinopse &#8211; <\/strong>Na hist\u00f3ria, Yentl Mendel (Streisand) \u00e9 uma garota judia que mora com seu pai, um homem religioso que permite que a filha estude, algo estranho \u00e0 sociedade religiosa local. Ap\u00f3s a morte do pai, e sozinha no mundo, Yentl deseja seguir seus estudos do Torah e do Talmude. A \u00fanica maneira de estudar em uma sociedade extremamente patriarcal, \u00e9 ser homem. \u00c9 a\u00ed que ela resolve se transformar em um. <\/p>\n\n\n\n<p>No meio do caminho, ela encontra Avigdor (Mandy Patinkin), um estudante por quem ela se apaixona. Um outro problema surge quando Avigdor \u00e9 impedido de se casar com sua noiva, a bela e recatada Hadass (Amy Irving). Motivado por seu amigo, Yentl acaba por se casar com a mo\u00e7a, mas, evidentemente, \u00e9 impossibilitada de consumar o ato. <\/p>\n\n\n\n<p><strong>Servi\u00e7o: <\/strong>Evento \u201cBarbra Streisand &#8211; 80 anos\u201d, quinta-feira, dia 14, \u00e0s 19 horas, no Cine L\u00edbero Luxardo (t\u00e9rreo do Centur), com exibi\u00e7\u00e3o de \u201cYentl\u201d. Haver\u00e1 debate ap\u00f3s o filme e sorteio de brindes. Promo\u00e7\u00e3o: Cineclube Paraense e Cine L\u00edbero Luxardo. <strong><em>Entrada franca. <\/em><\/strong><\/p>\n","protected":false},"excerpt":{"rendered":"<p>A atriz, diretora, roteirista, produtora, cantora e compositora Barbra Streisand celebra 80 anos de idade no pr\u00f3ximo dia 24 de abril. E para comemorar a data, o Cineclube Paraense, em parceria com o Cine L\u00edbero Luxardo, exibe naquela sala o filme \u201cYentl\u201d, dirigido por Streisand, na quinta-feira, dia 14, \u00e0s 19h, com entrada franca. A [&hellip;]<\/p>\n","protected":false},"author":2,"featured_media":3963,"comment_status":"open","ping_status":"open","sticky":false,"template":"","format":"standard","meta":{"footnotes":""},"categories":[51,14,29],"tags":[299,298,290,119,120],"class_list":["post-3962","post","type-post","status-publish","format-standard","has-post-thumbnail","hentry","category-destaque","category-imprensa","category-jornalismo","tag-barbra-streisand","tag-cine-libero-luxardo","tag-cineclube-paraense","tag-jornalismo","tag-jornalistas-paraenses-em-acao"],"yoast_head":"<!-- This site is optimized with the Yoast SEO plugin v19.10 - https:\/\/yoast.com\/wordpress\/plugins\/seo\/ -->\n<title>Cineclube Paraense e Cine L\u00edbero Luxardo celebram os 80 anos de Barbra Streisand - Ded\u00e9 Mesquita<\/title>\n<meta name=\"robots\" content=\"index, follow, max-snippet:-1, max-image-preview:large, max-video-preview:-1\" \/>\n<link rel=\"canonical\" href=\"https:\/\/dedemesquita.com.br\/?p=3962\" \/>\n<meta property=\"og:locale\" content=\"pt_BR\" \/>\n<meta property=\"og:type\" content=\"article\" \/>\n<meta property=\"og:title\" content=\"Cineclube Paraense e Cine L\u00edbero Luxardo celebram os 80 anos de Barbra Streisand - Ded\u00e9 Mesquita\" \/>\n<meta property=\"og:description\" content=\"A atriz, diretora, roteirista, produtora, cantora e compositora Barbra Streisand celebra 80 anos de idade no pr\u00f3ximo dia 24 de abril. E para comemorar a data, o Cineclube Paraense, em parceria com o Cine L\u00edbero Luxardo, exibe naquela sala o filme \u201cYentl\u201d, dirigido por Streisand, na quinta-feira, dia 14, \u00e0s 19h, com entrada franca. A [&hellip;]\" \/>\n<meta property=\"og:url\" content=\"https:\/\/dedemesquita.com.br\/?p=3962\" \/>\n<meta property=\"og:site_name\" content=\"Ded\u00e9 Mesquita\" \/>\n<meta property=\"article:publisher\" content=\"https:\/\/www.facebook.com\/dede.mesquita\" \/>\n<meta property=\"article:published_time\" content=\"2022-04-12T14:59:34+00:00\" \/>\n<meta property=\"article:modified_time\" content=\"2022-04-12T14:59:36+00:00\" \/>\n<meta property=\"og:image\" content=\"https:\/\/dedemesquita.com.br\/wp-content\/uploads\/2022\/04\/BARBRA_evento.jpeg\" \/>\n\t<meta property=\"og:image:width\" content=\"838\" \/>\n\t<meta property=\"og:image:height\" content=\"627\" \/>\n\t<meta property=\"og:image:type\" content=\"image\/jpeg\" \/>\n<meta name=\"author\" content=\"Ded\u00e9 Mesquita\" \/>\n<meta name=\"twitter:card\" content=\"summary_large_image\" \/>\n<meta name=\"twitter:creator\" content=\"@dedemesquita\" \/>\n<meta name=\"twitter:site\" content=\"@dedemesquita\" \/>\n<meta name=\"twitter:label1\" content=\"Escrito por\" \/>\n\t<meta name=\"twitter:data1\" content=\"Ded\u00e9 Mesquita\" \/>\n\t<meta name=\"twitter:label2\" content=\"Est. tempo de leitura\" \/>\n\t<meta name=\"twitter:data2\" content=\"4 minutos\" \/>\n<script type=\"application\/ld+json\" class=\"yoast-schema-graph\">{\"@context\":\"https:\/\/schema.org\",\"@graph\":[{\"@type\":\"WebPage\",\"@id\":\"https:\/\/dedemesquita.com.br\/?p=3962\",\"url\":\"https:\/\/dedemesquita.com.br\/?p=3962\",\"name\":\"Cineclube Paraense e Cine L\u00edbero Luxardo celebram os 80 anos de Barbra Streisand - Ded\u00e9 Mesquita\",\"isPartOf\":{\"@id\":\"https:\/\/dedemesquita.com.br\/#website\"},\"datePublished\":\"2022-04-12T14:59:34+00:00\",\"dateModified\":\"2022-04-12T14:59:36+00:00\",\"author\":{\"@id\":\"https:\/\/dedemesquita.com.br\/#\/schema\/person\/36571f81dd2d76dc3ab37231542c9e24\"},\"breadcrumb\":{\"@id\":\"https:\/\/dedemesquita.com.br\/?p=3962#breadcrumb\"},\"inLanguage\":\"pt-BR\",\"potentialAction\":[{\"@type\":\"ReadAction\",\"target\":[\"https:\/\/dedemesquita.com.br\/?p=3962\"]}]},{\"@type\":\"BreadcrumbList\",\"@id\":\"https:\/\/dedemesquita.com.br\/?p=3962#breadcrumb\",\"itemListElement\":[{\"@type\":\"ListItem\",\"position\":1,\"name\":\"In\u00edcio\",\"item\":\"https:\/\/dedemesquita.com.br\/\"},{\"@type\":\"ListItem\",\"position\":2,\"name\":\"Cineclube Paraense e Cine L\u00edbero Luxardo celebram os 80 anos de Barbra Streisand\"}]},{\"@type\":\"WebSite\",\"@id\":\"https:\/\/dedemesquita.com.br\/#website\",\"url\":\"https:\/\/dedemesquita.com.br\/\",\"name\":\"Ded\u00e9 Mesquita\",\"description\":\"Um site que mostra os bastidores da imprensa no estado do Par\u00e1 e em Bel\u00e9m\",\"potentialAction\":[{\"@type\":\"SearchAction\",\"target\":{\"@type\":\"EntryPoint\",\"urlTemplate\":\"https:\/\/dedemesquita.com.br\/?s={search_term_string}\"},\"query-input\":\"required name=search_term_string\"}],\"inLanguage\":\"pt-BR\"},{\"@type\":\"Person\",\"@id\":\"https:\/\/dedemesquita.com.br\/#\/schema\/person\/36571f81dd2d76dc3ab37231542c9e24\",\"name\":\"Ded\u00e9 Mesquita\",\"image\":{\"@type\":\"ImageObject\",\"inLanguage\":\"pt-BR\",\"@id\":\"https:\/\/dedemesquita.com.br\/#\/schema\/person\/image\/\",\"url\":\"https:\/\/dedemesquita.com.br\/wp-content\/uploads\/2021\/02\/foto_perfil-150x150.jpg\",\"contentUrl\":\"https:\/\/dedemesquita.com.br\/wp-content\/uploads\/2021\/02\/foto_perfil-150x150.jpg\",\"caption\":\"Ded\u00e9 Mesquita\"},\"sameAs\":[\"https:\/\/dedemesquita.com.br\"]}]}<\/script>\n<!-- \/ Yoast SEO plugin. -->","yoast_head_json":{"title":"Cineclube Paraense e Cine L\u00edbero Luxardo celebram os 80 anos de Barbra Streisand - Ded\u00e9 Mesquita","robots":{"index":"index","follow":"follow","max-snippet":"max-snippet:-1","max-image-preview":"max-image-preview:large","max-video-preview":"max-video-preview:-1"},"canonical":"https:\/\/dedemesquita.com.br\/?p=3962","og_locale":"pt_BR","og_type":"article","og_title":"Cineclube Paraense e Cine L\u00edbero Luxardo celebram os 80 anos de Barbra Streisand - Ded\u00e9 Mesquita","og_description":"A atriz, diretora, roteirista, produtora, cantora e compositora Barbra Streisand celebra 80 anos de idade no pr\u00f3ximo dia 24 de abril. E para comemorar a data, o Cineclube Paraense, em parceria com o Cine L\u00edbero Luxardo, exibe naquela sala o filme \u201cYentl\u201d, dirigido por Streisand, na quinta-feira, dia 14, \u00e0s 19h, com entrada franca. A [&hellip;]","og_url":"https:\/\/dedemesquita.com.br\/?p=3962","og_site_name":"Ded\u00e9 Mesquita","article_publisher":"https:\/\/www.facebook.com\/dede.mesquita","article_published_time":"2022-04-12T14:59:34+00:00","article_modified_time":"2022-04-12T14:59:36+00:00","og_image":[{"width":838,"height":627,"url":"https:\/\/dedemesquita.com.br\/wp-content\/uploads\/2022\/04\/BARBRA_evento.jpeg","type":"image\/jpeg"}],"author":"Ded\u00e9 Mesquita","twitter_card":"summary_large_image","twitter_creator":"@dedemesquita","twitter_site":"@dedemesquita","twitter_misc":{"Escrito por":"Ded\u00e9 Mesquita","Est. tempo de leitura":"4 minutos"},"schema":{"@context":"https:\/\/schema.org","@graph":[{"@type":"WebPage","@id":"https:\/\/dedemesquita.com.br\/?p=3962","url":"https:\/\/dedemesquita.com.br\/?p=3962","name":"Cineclube Paraense e Cine L\u00edbero Luxardo celebram os 80 anos de Barbra Streisand - Ded\u00e9 Mesquita","isPartOf":{"@id":"https:\/\/dedemesquita.com.br\/#website"},"datePublished":"2022-04-12T14:59:34+00:00","dateModified":"2022-04-12T14:59:36+00:00","author":{"@id":"https:\/\/dedemesquita.com.br\/#\/schema\/person\/36571f81dd2d76dc3ab37231542c9e24"},"breadcrumb":{"@id":"https:\/\/dedemesquita.com.br\/?p=3962#breadcrumb"},"inLanguage":"pt-BR","potentialAction":[{"@type":"ReadAction","target":["https:\/\/dedemesquita.com.br\/?p=3962"]}]},{"@type":"BreadcrumbList","@id":"https:\/\/dedemesquita.com.br\/?p=3962#breadcrumb","itemListElement":[{"@type":"ListItem","position":1,"name":"In\u00edcio","item":"https:\/\/dedemesquita.com.br\/"},{"@type":"ListItem","position":2,"name":"Cineclube Paraense e Cine L\u00edbero Luxardo celebram os 80 anos de Barbra Streisand"}]},{"@type":"WebSite","@id":"https:\/\/dedemesquita.com.br\/#website","url":"https:\/\/dedemesquita.com.br\/","name":"Ded\u00e9 Mesquita","description":"Um site que mostra os bastidores da imprensa no estado do Par\u00e1 e em Bel\u00e9m","potentialAction":[{"@type":"SearchAction","target":{"@type":"EntryPoint","urlTemplate":"https:\/\/dedemesquita.com.br\/?s={search_term_string}"},"query-input":"required name=search_term_string"}],"inLanguage":"pt-BR"},{"@type":"Person","@id":"https:\/\/dedemesquita.com.br\/#\/schema\/person\/36571f81dd2d76dc3ab37231542c9e24","name":"Ded\u00e9 Mesquita","image":{"@type":"ImageObject","inLanguage":"pt-BR","@id":"https:\/\/dedemesquita.com.br\/#\/schema\/person\/image\/","url":"https:\/\/dedemesquita.com.br\/wp-content\/uploads\/2021\/02\/foto_perfil-150x150.jpg","contentUrl":"https:\/\/dedemesquita.com.br\/wp-content\/uploads\/2021\/02\/foto_perfil-150x150.jpg","caption":"Ded\u00e9 Mesquita"},"sameAs":["https:\/\/dedemesquita.com.br"]}]}},"_links":{"self":[{"href":"https:\/\/dedemesquita.com.br\/index.php?rest_route=\/wp\/v2\/posts\/3962"}],"collection":[{"href":"https:\/\/dedemesquita.com.br\/index.php?rest_route=\/wp\/v2\/posts"}],"about":[{"href":"https:\/\/dedemesquita.com.br\/index.php?rest_route=\/wp\/v2\/types\/post"}],"author":[{"embeddable":true,"href":"https:\/\/dedemesquita.com.br\/index.php?rest_route=\/wp\/v2\/users\/2"}],"replies":[{"embeddable":true,"href":"https:\/\/dedemesquita.com.br\/index.php?rest_route=%2Fwp%2Fv2%2Fcomments&post=3962"}],"version-history":[{"count":1,"href":"https:\/\/dedemesquita.com.br\/index.php?rest_route=\/wp\/v2\/posts\/3962\/revisions"}],"predecessor-version":[{"id":3967,"href":"https:\/\/dedemesquita.com.br\/index.php?rest_route=\/wp\/v2\/posts\/3962\/revisions\/3967"}],"wp:featuredmedia":[{"embeddable":true,"href":"https:\/\/dedemesquita.com.br\/index.php?rest_route=\/wp\/v2\/media\/3963"}],"wp:attachment":[{"href":"https:\/\/dedemesquita.com.br\/index.php?rest_route=%2Fwp%2Fv2%2Fmedia&parent=3962"}],"wp:term":[{"taxonomy":"category","embeddable":true,"href":"https:\/\/dedemesquita.com.br\/index.php?rest_route=%2Fwp%2Fv2%2Fcategories&post=3962"},{"taxonomy":"post_tag","embeddable":true,"href":"https:\/\/dedemesquita.com.br\/index.php?rest_route=%2Fwp%2Fv2%2Ftags&post=3962"}],"curies":[{"name":"wp","href":"https:\/\/api.w.org\/{rel}","templated":true}]}}