{"id":3939,"date":"2022-04-11T20:26:48","date_gmt":"2022-04-11T23:26:48","guid":{"rendered":"https:\/\/dedemesquita.com.br\/?p=3939"},"modified":"2022-04-11T21:03:30","modified_gmt":"2022-04-12T00:03:30","slug":"instagram-tira-perfil-oficial-do-dol-do-ar","status":"publish","type":"post","link":"https:\/\/dedemesquita.com.br\/?p=3939","title":{"rendered":"Instagram tira perfil oficial do DOL do ar"},"content":{"rendered":"\n<p>Nesta tarde de segunda-feira, 11, tinha algo estranho no ar e n\u00e3o era &#8220;avi\u00f5es de carreira&#8221;. Quem procurou o perfil <a href=\"http:\/\/@doloficial\"><strong>@doloficial<\/strong><\/a> no Instagram n\u00e3o o encontrou. Sumiu. Desapareceu. Escafedeu-se! <\/p>\n\n\n\n<p>Quem acessar, o perfil n\u00e3o aparece e o que est\u00e3o s\u00e3o perfis como <a href=\"https:\/\/www.instagram.com\/diarioonlinedol\/\"><strong>https:\/\/www.instagram.com\/diarioonlinedol\/<\/strong><\/a> que tem zero publica\u00e7\u00e3o, com mais de 10 mil seguidores e apenas 1 perfil seguindo. <\/p>\n\n\n\n<p>Quando se clica no \u00edcone do Instagram no site do DOL, o link direciona a essa p\u00e1gina abaixo. Veja o print: <\/p>\n\n\n\n<div class=\"wp-block-image\"><figure class=\"aligncenter size-full\"><img loading=\"lazy\" decoding=\"async\" width=\"1103\" height=\"513\" src=\"https:\/\/dedemesquita.com.br\/wp-content\/uploads\/2022\/04\/dol2.png\" alt=\"\" class=\"wp-image-3957\" srcset=\"https:\/\/dedemesquita.com.br\/wp-content\/uploads\/2022\/04\/dol2.png 1103w, https:\/\/dedemesquita.com.br\/wp-content\/uploads\/2022\/04\/dol2-768x357.png 768w\" sizes=\"(max-width: 1103px) 100vw, 1103px\" \/><figcaption>&#8220;A p\u00e1gina pode ter sido removida&#8221; <\/figcaption><\/figure><\/div>\n\n\n\n<div class=\"wp-block-image\"><figure class=\"aligncenter size-full\"><img loading=\"lazy\" decoding=\"async\" width=\"720\" height=\"1176\" src=\"https:\/\/dedemesquita.com.br\/wp-content\/uploads\/2022\/04\/WhatsApp-Image-2022-04-11-at-20.30.42.jpeg\" alt=\"\" class=\"wp-image-3947\"\/><figcaption>O \u00fanico perfil do DOL no Instagram, atualmente, \u00e9 esse acima e que, apesar de se dizer oficial, n\u00e3o tem nenhuma publica\u00e7\u00e3o <\/figcaption><\/figure><\/div>\n\n\n\n<p><strong>O que ser\u00e1 que houve? <\/strong><\/p>\n\n\n\n<p>Todo sabem que a pol\u00edtica do Instagram sobre as postagens nessa rede s\u00e3o bem duras. Qualquer foto em que apare\u00e7a um mamilo \u00e9 limada. Fotos com viol\u00eancia expl\u00edcita, sangue pra todos os lados, sem a tarja de aviso, \u00e9 tirada do ar. E como todos sabem, esse \u00e9 o tipo de publica\u00e7\u00e3o do site do jornal dos Barbalho &#8211; oficial ou n\u00e3o &#8211; \u00e9 a &#8220;cara do DOL&#8221;. <\/p>\n\n\n\n<p>No ano passado, o Di\u00e1rio on Line (DOL) perdeu o dom\u00ednio [a identidade na internet]. O que era <a href=\"http:\/\/www.diarioonline.com.br\"><strong>www.diarioonline.com.b<\/strong>r<\/a>, agora \u00e9<strong> <a href=\"http:\/\/www.diarioonline.com.br\">www.dol.com.br<\/a><\/strong>. E a penaliza\u00e7\u00e3o foi dada pelo Google. Apenas isso. Motivo: excesso do click baits, aquelas reportagens que induzem ao erro e contam uma hist\u00f3ria bem diferente do que est\u00e1 na manchete\/t\u00edtulo. <\/p>\n\n\n\n<p>Muito provavelmente, vai surgir a vers\u00e3o &#8220;fomos hackeados&#8221;, mas a verdade \u00e9 que, mais provavelmente ainda, o DOL foi suspenso do Instagram. Sabe-se l\u00e1 por quanto tempo. <\/p>\n\n\n\n<p>E enquanto isso, o torre treeeeeeeme!! <\/p>\n","protected":false},"excerpt":{"rendered":"<p>Nesta tarde de segunda-feira, 11, tinha algo estranho no ar e n\u00e3o era &#8220;avi\u00f5es de carreira&#8221;. Quem procurou o perfil @doloficial no Instagram n\u00e3o o encontrou. Sumiu. Desapareceu. Escafedeu-se! Quem acessar, o perfil n\u00e3o aparece e o que est\u00e3o s\u00e3o perfis como https:\/\/www.instagram.com\/diarioonlinedol\/ que tem zero publica\u00e7\u00e3o, com mais de 10 mil seguidores e apenas [&hellip;]<\/p>\n","protected":false},"author":2,"featured_media":3958,"comment_status":"open","ping_status":"open","sticky":false,"template":"","format":"standard","meta":{"footnotes":""},"categories":[51,14,29],"tags":[181,184,119,120],"class_list":["post-3939","post","type-post","status-publish","format-standard","has-post-thumbnail","hentry","category-destaque","category-imprensa","category-jornalismo","tag-diario-do-para","tag-dol","tag-jornalismo","tag-jornalistas-paraenses-em-acao"],"yoast_head":"<!-- This site is optimized with the Yoast SEO plugin v19.10 - https:\/\/yoast.com\/wordpress\/plugins\/seo\/ -->\n<title>Instagram tira perfil oficial do DOL do ar - Ded\u00e9 Mesquita<\/title>\n<meta name=\"robots\" content=\"index, follow, max-snippet:-1, max-image-preview:large, max-video-preview:-1\" \/>\n<link rel=\"canonical\" href=\"https:\/\/dedemesquita.com.br\/?p=3939\" \/>\n<meta property=\"og:locale\" content=\"pt_BR\" \/>\n<meta property=\"og:type\" content=\"article\" \/>\n<meta property=\"og:title\" content=\"Instagram tira perfil oficial do DOL do ar - Ded\u00e9 Mesquita\" \/>\n<meta property=\"og:description\" content=\"Nesta tarde de segunda-feira, 11, tinha algo estranho no ar e n\u00e3o era &#8220;avi\u00f5es de carreira&#8221;. Quem procurou o perfil @doloficial no Instagram n\u00e3o o encontrou. Sumiu. Desapareceu. Escafedeu-se! Quem acessar, o perfil n\u00e3o aparece e o que est\u00e3o s\u00e3o perfis como https:\/\/www.instagram.com\/diarioonlinedol\/ que tem zero publica\u00e7\u00e3o, com mais de 10 mil seguidores e apenas [&hellip;]\" \/>\n<meta property=\"og:url\" content=\"https:\/\/dedemesquita.com.br\/?p=3939\" \/>\n<meta property=\"og:site_name\" content=\"Ded\u00e9 Mesquita\" \/>\n<meta property=\"article:publisher\" content=\"https:\/\/www.facebook.com\/dede.mesquita\" \/>\n<meta property=\"article:published_time\" content=\"2022-04-11T23:26:48+00:00\" \/>\n<meta property=\"article:modified_time\" content=\"2022-04-12T00:03:30+00:00\" \/>\n<meta property=\"og:image\" content=\"https:\/\/dedemesquita.com.br\/wp-content\/uploads\/2022\/04\/dol.png\" \/>\n\t<meta property=\"og:image:width\" content=\"1134\" \/>\n\t<meta property=\"og:image:height\" content=\"386\" \/>\n\t<meta property=\"og:image:type\" content=\"image\/png\" \/>\n<meta name=\"author\" content=\"Ded\u00e9 Mesquita\" \/>\n<meta name=\"twitter:card\" content=\"summary_large_image\" \/>\n<meta name=\"twitter:creator\" content=\"@dedemesquita\" \/>\n<meta name=\"twitter:site\" content=\"@dedemesquita\" \/>\n<meta name=\"twitter:label1\" content=\"Escrito por\" \/>\n\t<meta name=\"twitter:data1\" content=\"Ded\u00e9 Mesquita\" \/>\n\t<meta name=\"twitter:label2\" content=\"Est. tempo de leitura\" \/>\n\t<meta name=\"twitter:data2\" content=\"2 minutos\" \/>\n<script type=\"application\/ld+json\" class=\"yoast-schema-graph\">{\"@context\":\"https:\/\/schema.org\",\"@graph\":[{\"@type\":\"WebPage\",\"@id\":\"https:\/\/dedemesquita.com.br\/?p=3939\",\"url\":\"https:\/\/dedemesquita.com.br\/?p=3939\",\"name\":\"Instagram tira perfil oficial do DOL do ar - Ded\u00e9 Mesquita\",\"isPartOf\":{\"@id\":\"https:\/\/dedemesquita.com.br\/#website\"},\"datePublished\":\"2022-04-11T23:26:48+00:00\",\"dateModified\":\"2022-04-12T00:03:30+00:00\",\"author\":{\"@id\":\"https:\/\/dedemesquita.com.br\/#\/schema\/person\/36571f81dd2d76dc3ab37231542c9e24\"},\"breadcrumb\":{\"@id\":\"https:\/\/dedemesquita.com.br\/?p=3939#breadcrumb\"},\"inLanguage\":\"pt-BR\",\"potentialAction\":[{\"@type\":\"ReadAction\",\"target\":[\"https:\/\/dedemesquita.com.br\/?p=3939\"]}]},{\"@type\":\"BreadcrumbList\",\"@id\":\"https:\/\/dedemesquita.com.br\/?p=3939#breadcrumb\",\"itemListElement\":[{\"@type\":\"ListItem\",\"position\":1,\"name\":\"In\u00edcio\",\"item\":\"https:\/\/dedemesquita.com.br\/\"},{\"@type\":\"ListItem\",\"position\":2,\"name\":\"Instagram tira perfil oficial do DOL do ar\"}]},{\"@type\":\"WebSite\",\"@id\":\"https:\/\/dedemesquita.com.br\/#website\",\"url\":\"https:\/\/dedemesquita.com.br\/\",\"name\":\"Ded\u00e9 Mesquita\",\"description\":\"Um site que mostra os bastidores da imprensa no estado do Par\u00e1 e em Bel\u00e9m\",\"potentialAction\":[{\"@type\":\"SearchAction\",\"target\":{\"@type\":\"EntryPoint\",\"urlTemplate\":\"https:\/\/dedemesquita.com.br\/?s={search_term_string}\"},\"query-input\":\"required name=search_term_string\"}],\"inLanguage\":\"pt-BR\"},{\"@type\":\"Person\",\"@id\":\"https:\/\/dedemesquita.com.br\/#\/schema\/person\/36571f81dd2d76dc3ab37231542c9e24\",\"name\":\"Ded\u00e9 Mesquita\",\"image\":{\"@type\":\"ImageObject\",\"inLanguage\":\"pt-BR\",\"@id\":\"https:\/\/dedemesquita.com.br\/#\/schema\/person\/image\/\",\"url\":\"https:\/\/dedemesquita.com.br\/wp-content\/uploads\/2021\/02\/foto_perfil-150x150.jpg\",\"contentUrl\":\"https:\/\/dedemesquita.com.br\/wp-content\/uploads\/2021\/02\/foto_perfil-150x150.jpg\",\"caption\":\"Ded\u00e9 Mesquita\"},\"sameAs\":[\"https:\/\/dedemesquita.com.br\"]}]}<\/script>\n<!-- \/ Yoast SEO plugin. -->","yoast_head_json":{"title":"Instagram tira perfil oficial do DOL do ar - Ded\u00e9 Mesquita","robots":{"index":"index","follow":"follow","max-snippet":"max-snippet:-1","max-image-preview":"max-image-preview:large","max-video-preview":"max-video-preview:-1"},"canonical":"https:\/\/dedemesquita.com.br\/?p=3939","og_locale":"pt_BR","og_type":"article","og_title":"Instagram tira perfil oficial do DOL do ar - Ded\u00e9 Mesquita","og_description":"Nesta tarde de segunda-feira, 11, tinha algo estranho no ar e n\u00e3o era &#8220;avi\u00f5es de carreira&#8221;. Quem procurou o perfil @doloficial no Instagram n\u00e3o o encontrou. Sumiu. Desapareceu. Escafedeu-se! Quem acessar, o perfil n\u00e3o aparece e o que est\u00e3o s\u00e3o perfis como https:\/\/www.instagram.com\/diarioonlinedol\/ que tem zero publica\u00e7\u00e3o, com mais de 10 mil seguidores e apenas [&hellip;]","og_url":"https:\/\/dedemesquita.com.br\/?p=3939","og_site_name":"Ded\u00e9 Mesquita","article_publisher":"https:\/\/www.facebook.com\/dede.mesquita","article_published_time":"2022-04-11T23:26:48+00:00","article_modified_time":"2022-04-12T00:03:30+00:00","og_image":[{"width":1134,"height":386,"url":"https:\/\/dedemesquita.com.br\/wp-content\/uploads\/2022\/04\/dol.png","type":"image\/png"}],"author":"Ded\u00e9 Mesquita","twitter_card":"summary_large_image","twitter_creator":"@dedemesquita","twitter_site":"@dedemesquita","twitter_misc":{"Escrito por":"Ded\u00e9 Mesquita","Est. tempo de leitura":"2 minutos"},"schema":{"@context":"https:\/\/schema.org","@graph":[{"@type":"WebPage","@id":"https:\/\/dedemesquita.com.br\/?p=3939","url":"https:\/\/dedemesquita.com.br\/?p=3939","name":"Instagram tira perfil oficial do DOL do ar - Ded\u00e9 Mesquita","isPartOf":{"@id":"https:\/\/dedemesquita.com.br\/#website"},"datePublished":"2022-04-11T23:26:48+00:00","dateModified":"2022-04-12T00:03:30+00:00","author":{"@id":"https:\/\/dedemesquita.com.br\/#\/schema\/person\/36571f81dd2d76dc3ab37231542c9e24"},"breadcrumb":{"@id":"https:\/\/dedemesquita.com.br\/?p=3939#breadcrumb"},"inLanguage":"pt-BR","potentialAction":[{"@type":"ReadAction","target":["https:\/\/dedemesquita.com.br\/?p=3939"]}]},{"@type":"BreadcrumbList","@id":"https:\/\/dedemesquita.com.br\/?p=3939#breadcrumb","itemListElement":[{"@type":"ListItem","position":1,"name":"In\u00edcio","item":"https:\/\/dedemesquita.com.br\/"},{"@type":"ListItem","position":2,"name":"Instagram tira perfil oficial do DOL do ar"}]},{"@type":"WebSite","@id":"https:\/\/dedemesquita.com.br\/#website","url":"https:\/\/dedemesquita.com.br\/","name":"Ded\u00e9 Mesquita","description":"Um site que mostra os bastidores da imprensa no estado do Par\u00e1 e em Bel\u00e9m","potentialAction":[{"@type":"SearchAction","target":{"@type":"EntryPoint","urlTemplate":"https:\/\/dedemesquita.com.br\/?s={search_term_string}"},"query-input":"required name=search_term_string"}],"inLanguage":"pt-BR"},{"@type":"Person","@id":"https:\/\/dedemesquita.com.br\/#\/schema\/person\/36571f81dd2d76dc3ab37231542c9e24","name":"Ded\u00e9 Mesquita","image":{"@type":"ImageObject","inLanguage":"pt-BR","@id":"https:\/\/dedemesquita.com.br\/#\/schema\/person\/image\/","url":"https:\/\/dedemesquita.com.br\/wp-content\/uploads\/2021\/02\/foto_perfil-150x150.jpg","contentUrl":"https:\/\/dedemesquita.com.br\/wp-content\/uploads\/2021\/02\/foto_perfil-150x150.jpg","caption":"Ded\u00e9 Mesquita"},"sameAs":["https:\/\/dedemesquita.com.br"]}]}},"_links":{"self":[{"href":"https:\/\/dedemesquita.com.br\/index.php?rest_route=\/wp\/v2\/posts\/3939"}],"collection":[{"href":"https:\/\/dedemesquita.com.br\/index.php?rest_route=\/wp\/v2\/posts"}],"about":[{"href":"https:\/\/dedemesquita.com.br\/index.php?rest_route=\/wp\/v2\/types\/post"}],"author":[{"embeddable":true,"href":"https:\/\/dedemesquita.com.br\/index.php?rest_route=\/wp\/v2\/users\/2"}],"replies":[{"embeddable":true,"href":"https:\/\/dedemesquita.com.br\/index.php?rest_route=%2Fwp%2Fv2%2Fcomments&post=3939"}],"version-history":[{"count":11,"href":"https:\/\/dedemesquita.com.br\/index.php?rest_route=\/wp\/v2\/posts\/3939\/revisions"}],"predecessor-version":[{"id":3961,"href":"https:\/\/dedemesquita.com.br\/index.php?rest_route=\/wp\/v2\/posts\/3939\/revisions\/3961"}],"wp:featuredmedia":[{"embeddable":true,"href":"https:\/\/dedemesquita.com.br\/index.php?rest_route=\/wp\/v2\/media\/3958"}],"wp:attachment":[{"href":"https:\/\/dedemesquita.com.br\/index.php?rest_route=%2Fwp%2Fv2%2Fmedia&parent=3939"}],"wp:term":[{"taxonomy":"category","embeddable":true,"href":"https:\/\/dedemesquita.com.br\/index.php?rest_route=%2Fwp%2Fv2%2Fcategories&post=3939"},{"taxonomy":"post_tag","embeddable":true,"href":"https:\/\/dedemesquita.com.br\/index.php?rest_route=%2Fwp%2Fv2%2Ftags&post=3939"}],"curies":[{"name":"wp","href":"https:\/\/api.w.org\/{rel}","templated":true}]}}