{"id":3916,"date":"2022-04-07T12:04:44","date_gmt":"2022-04-07T15:04:44","guid":{"rendered":"https:\/\/dedemesquita.com.br\/?p=3916"},"modified":"2022-04-09T16:19:09","modified_gmt":"2022-04-09T19:19:09","slug":"clube-do-remo-perde-partida-mas-e-campeao-dentro-da-casa-do-arquirrival","status":"publish","type":"post","link":"https:\/\/dedemesquita.com.br\/?p=3916","title":{"rendered":"Clube do Remo perde partida, mas \u00e9 campe\u00e3o dentro da casa do arquirrival"},"content":{"rendered":"\n<p>Ufa! Foi um sufoco daqueles. Mas em se tratando do Clube do Remo, sempre haver\u00e1 dificuldades, mas depois de mais de 90 minutos, o Clube do Remo, o &#8220;Filho da Gl\u00f3ria e do Triunfo&#8221;, \u00e9 campe\u00e3o paraense de futebol, mais uma vez. E desta feita, como um gostinho a mais porque o t\u00edtulo foi conquistado dentro do est\u00e1dio Le\u00f4nidas Castro, a Curuzu, o <em>chiquEERRROR<\/em> (ops!). S\u00e3o 47 conquistas do t\u00edtulo paraense. <\/p>\n\n\n\n<p>Mas foi uma batalha, debaixo de chuva e com muita lama, na noite de quarta-feira, 7. No jogo passado, no domingo, dia 3, no est\u00e1dio Baen\u00e3o, o Remo aplicou uma goleada de 3 x 0 em cima do Paysandu e poderia perder no segundo jogo por dois gols de diferen\u00e7a. E veio a recupera\u00e7\u00e3o do &#8220;papinha&#8221;: antes de encerrar o primeiro tempo, o Paysandu j\u00e1 ganhava de 3 x 0, o que levaria a partida para os p\u00eanaltis.<\/p>\n\n\n\n<p>Intervalo de jogo e na volta, o Clube do Remo melhorou em campo e veio o gol salvador. Resultado final de 3 x 1 e o t\u00edtulo do Le\u00e3o. <\/p>\n\n\n\n<p><strong>Sem luz e muitos fot\u00f5es &#8211; <\/strong>Por motivos de seguran\u00e7a, os jogadores do Le\u00e3o esperaram no vesti\u00e1rio at\u00e9 que a torcida, que era \u00fanica, do Paysandu sa\u00edsse toda do est\u00e1dio. Mas, e h\u00e1 sempre um mas, no momento em que os jogadores do Le\u00e3o levantaram a ta\u00e7a de campe\u00e3o, todas as luzes da Curuzu foram apagadas. Que vergonha, hein, Pap\u00e3o? N\u00e3o sabe perder! <\/p>\n\n\n\n<p>Quem gostou dessa escurid\u00e3o foram os coleguinhas fot\u00f3grafos que aproveitaram e fizeram s\u00f3 fot\u00f5es no contraluz e arrasaram.<\/p>\n\n\n\n<p>Veja quem esteve por l\u00e1: <\/p>\n\n\n\n<div class=\"wp-block-image\"><figure class=\"aligncenter size-full\"><img loading=\"lazy\" decoding=\"async\" width=\"1000\" height=\"449\" src=\"https:\/\/dedemesquita.com.br\/wp-content\/uploads\/2022\/04\/WhatsApp-Image-2022-04-07-at-10.13.01-1.jpeg\" alt=\"\" class=\"wp-image-3918\" srcset=\"https:\/\/dedemesquita.com.br\/wp-content\/uploads\/2022\/04\/WhatsApp-Image-2022-04-07-at-10.13.01-1.jpeg 1000w, https:\/\/dedemesquita.com.br\/wp-content\/uploads\/2022\/04\/WhatsApp-Image-2022-04-07-at-10.13.01-1-768x345.jpeg 768w\" sizes=\"(max-width: 1000px) 100vw, 1000px\" \/><figcaption>Todo mundo de sombrinha tentando se proteger da chuva (foto de Wagner Santana)<\/figcaption><\/figure><\/div>\n\n\n\n<div class=\"wp-block-image\"><figure class=\"aligncenter size-full\"><img loading=\"lazy\" decoding=\"async\" width=\"1000\" height=\"449\" src=\"https:\/\/dedemesquita.com.br\/wp-content\/uploads\/2022\/04\/WhatsApp-Image-2022-04-07-at-10.13.01-2.jpeg\" alt=\"\" class=\"wp-image-3919\" srcset=\"https:\/\/dedemesquita.com.br\/wp-content\/uploads\/2022\/04\/WhatsApp-Image-2022-04-07-at-10.13.01-2.jpeg 1000w, https:\/\/dedemesquita.com.br\/wp-content\/uploads\/2022\/04\/WhatsApp-Image-2022-04-07-at-10.13.01-2-768x345.jpeg 768w\" sizes=\"(max-width: 1000px) 100vw, 1000px\" \/><figcaption> Fernando Torres e Wagner Santana (foto de Wagner Santana) <\/figcaption><\/figure><\/div>\n\n\n\n<div class=\"wp-block-image\"><figure class=\"aligncenter size-full\"><img loading=\"lazy\" decoding=\"async\" width=\"1000\" height=\"449\" src=\"https:\/\/dedemesquita.com.br\/wp-content\/uploads\/2022\/04\/WhatsApp-Image-2022-04-07-at-10.14.02.jpeg\" alt=\"\" class=\"wp-image-3920\" srcset=\"https:\/\/dedemesquita.com.br\/wp-content\/uploads\/2022\/04\/WhatsApp-Image-2022-04-07-at-10.14.02.jpeg 1000w, https:\/\/dedemesquita.com.br\/wp-content\/uploads\/2022\/04\/WhatsApp-Image-2022-04-07-at-10.14.02-768x345.jpeg 768w\" sizes=\"(max-width: 1000px) 100vw, 1000px\" \/><figcaption>Marcelo Barbosa e Wagner Santana  (foto de Wagner Santana) <\/figcaption><\/figure><\/div>\n\n\n\n<div class=\"wp-block-image\"><figure class=\"aligncenter size-full\"><img loading=\"lazy\" decoding=\"async\" width=\"1000\" height=\"666\" src=\"https:\/\/dedemesquita.com.br\/wp-content\/uploads\/2022\/04\/WhatsApp-Image-2022-04-07-at-10.16.54.jpeg\" alt=\"\" class=\"wp-image-3921\" srcset=\"https:\/\/dedemesquita.com.br\/wp-content\/uploads\/2022\/04\/WhatsApp-Image-2022-04-07-at-10.16.54.jpeg 1000w, https:\/\/dedemesquita.com.br\/wp-content\/uploads\/2022\/04\/WhatsApp-Image-2022-04-07-at-10.16.54-768x511.jpeg 768w\" sizes=\"(max-width: 1000px) 100vw, 1000px\" \/><figcaption>Marcelo Barbosa (foto de Wagner Santana) <\/figcaption><\/figure><\/div>\n\n\n\n<div class=\"wp-block-image\"><figure class=\"aligncenter size-full\"><img loading=\"lazy\" decoding=\"async\" width=\"1000\" height=\"666\" src=\"https:\/\/dedemesquita.com.br\/wp-content\/uploads\/2022\/04\/WhatsApp-Image-2022-04-07-at-10.16.55.jpeg\" alt=\"\" class=\"wp-image-3922\" srcset=\"https:\/\/dedemesquita.com.br\/wp-content\/uploads\/2022\/04\/WhatsApp-Image-2022-04-07-at-10.16.55.jpeg 1000w, https:\/\/dedemesquita.com.br\/wp-content\/uploads\/2022\/04\/WhatsApp-Image-2022-04-07-at-10.16.55-768x511.jpeg 768w\" sizes=\"(max-width: 1000px) 100vw, 1000px\" \/><figcaption>M\u00e1rcio Nagano da Reda\u00e7\u00e3o Integrada de O Liberal (foto de Wagner Santana) <\/figcaption><\/figure><\/div>\n\n\n\n<div class=\"wp-block-image\"><figure class=\"aligncenter size-full\"><img loading=\"lazy\" decoding=\"async\" width=\"707\" height=\"1137\" src=\"https:\/\/dedemesquita.com.br\/wp-content\/uploads\/2022\/04\/WhatsApp-Image-2022-04-07-at-10.13.38.jpeg\" alt=\"\" class=\"wp-image-3923\"\/><figcaption>Irene Almeida e Wagner Santana, do jornal Di\u00e1rio do Par\u00e1, e seus sapatos cobertos de lama <\/figcaption><\/figure><\/div>\n\n\n\n<div class=\"wp-block-image\"><figure class=\"aligncenter size-full\"><img loading=\"lazy\" decoding=\"async\" width=\"1000\" height=\"666\" src=\"https:\/\/dedemesquita.com.br\/wp-content\/uploads\/2022\/04\/WhatsApp-Image-2022-04-07-at-10.16.55-1.jpeg\" alt=\"\" class=\"wp-image-3924\" srcset=\"https:\/\/dedemesquita.com.br\/wp-content\/uploads\/2022\/04\/WhatsApp-Image-2022-04-07-at-10.16.55-1.jpeg 1000w, https:\/\/dedemesquita.com.br\/wp-content\/uploads\/2022\/04\/WhatsApp-Image-2022-04-07-at-10.16.55-1-768x511.jpeg 768w\" sizes=\"(max-width: 1000px) 100vw, 1000px\" \/><figcaption>Amig\u00e3o Sidney Oliveira muito concentrada (foto de Wagner Santana) <\/figcaption><\/figure><\/div>\n\n\n\n<div class=\"wp-block-image\"><figure class=\"aligncenter size-full\"><img loading=\"lazy\" decoding=\"async\" width=\"1000\" height=\"666\" src=\"https:\/\/dedemesquita.com.br\/wp-content\/uploads\/2022\/04\/WhatsApp-Image-2022-04-07-at-10.16.55-2.jpeg\" alt=\"\" class=\"wp-image-3925\" srcset=\"https:\/\/dedemesquita.com.br\/wp-content\/uploads\/2022\/04\/WhatsApp-Image-2022-04-07-at-10.16.55-2.jpeg 1000w, https:\/\/dedemesquita.com.br\/wp-content\/uploads\/2022\/04\/WhatsApp-Image-2022-04-07-at-10.16.55-2-768x511.jpeg 768w\" sizes=\"(max-width: 1000px) 100vw, 1000px\" \/><figcaption>Filipe Bispo Vale e M\u00e1rcio Nagano, da Reda\u00e7\u00e3o Integrada O Liberal (foto de Wagner Santana) <\/figcaption><\/figure><\/div>\n\n\n\n<div class=\"wp-block-image\"><figure class=\"aligncenter size-full\"><img loading=\"lazy\" decoding=\"async\" width=\"1000\" height=\"666\" src=\"https:\/\/dedemesquita.com.br\/wp-content\/uploads\/2022\/04\/WhatsApp-Image-2022-04-07-at-10.16.55-3.jpeg\" alt=\"\" class=\"wp-image-3926\" srcset=\"https:\/\/dedemesquita.com.br\/wp-content\/uploads\/2022\/04\/WhatsApp-Image-2022-04-07-at-10.16.55-3.jpeg 1000w, https:\/\/dedemesquita.com.br\/wp-content\/uploads\/2022\/04\/WhatsApp-Image-2022-04-07-at-10.16.55-3-768x511.jpeg 768w\" sizes=\"(max-width: 1000px) 100vw, 1000px\" \/><figcaption>Bruno Cruz e seu novo corte de cabelo (foto de Wagner Santana) <\/figcaption><\/figure><\/div>\n\n\n\n<div class=\"wp-block-image\"><figure class=\"aligncenter size-full\"><img loading=\"lazy\" decoding=\"async\" width=\"950\" height=\"1075\" src=\"https:\/\/dedemesquita.com.br\/wp-content\/uploads\/2022\/04\/WhatsApp-Image-2022-04-07-at-23.59.27.jpeg\" alt=\"\" class=\"wp-image-3936\" srcset=\"https:\/\/dedemesquita.com.br\/wp-content\/uploads\/2022\/04\/WhatsApp-Image-2022-04-07-at-23.59.27.jpeg 950w, https:\/\/dedemesquita.com.br\/wp-content\/uploads\/2022\/04\/WhatsApp-Image-2022-04-07-at-23.59.27-768x869.jpeg 768w\" sizes=\"(max-width: 950px) 100vw, 950px\" \/><figcaption>Amig\u00e3o Sidney Oliveira e Fernando Torres (foto de Marcus Lage) <\/figcaption><\/figure><\/div>\n","protected":false},"excerpt":{"rendered":"<p>Ufa! Foi um sufoco daqueles. Mas em se tratando do Clube do Remo, sempre haver\u00e1 dificuldades, mas depois de mais de 90 minutos, o Clube do Remo, o &#8220;Filho da Gl\u00f3ria e do Triunfo&#8221;, \u00e9 campe\u00e3o paraense de futebol, mais uma vez. E desta feita, como um gostinho a mais porque o t\u00edtulo foi conquistado [&hellip;]<\/p>\n","protected":false},"author":2,"featured_media":3917,"comment_status":"open","ping_status":"open","sticky":false,"template":"","format":"standard","meta":{"footnotes":""},"categories":[51,14,29],"tags":[181,119,120,144,197],"class_list":["post-3916","post","type-post","status-publish","format-standard","has-post-thumbnail","hentry","category-destaque","category-imprensa","category-jornalismo","tag-diario-do-para","tag-jornalismo","tag-jornalistas-paraenses-em-acao","tag-o-liberal","tag-tv-cultura"],"yoast_head":"<!-- This site is optimized with the Yoast SEO plugin v19.10 - https:\/\/yoast.com\/wordpress\/plugins\/seo\/ -->\n<title>Clube do Remo perde partida, mas \u00e9 campe\u00e3o dentro da casa do arquirrival - Ded\u00e9 Mesquita<\/title>\n<meta name=\"robots\" content=\"index, follow, max-snippet:-1, max-image-preview:large, max-video-preview:-1\" \/>\n<link rel=\"canonical\" href=\"https:\/\/dedemesquita.com.br\/?p=3916\" \/>\n<meta property=\"og:locale\" content=\"pt_BR\" \/>\n<meta property=\"og:type\" content=\"article\" \/>\n<meta property=\"og:title\" content=\"Clube do Remo perde partida, mas \u00e9 campe\u00e3o dentro da casa do arquirrival - Ded\u00e9 Mesquita\" \/>\n<meta property=\"og:description\" content=\"Ufa! Foi um sufoco daqueles. Mas em se tratando do Clube do Remo, sempre haver\u00e1 dificuldades, mas depois de mais de 90 minutos, o Clube do Remo, o &#8220;Filho da Gl\u00f3ria e do Triunfo&#8221;, \u00e9 campe\u00e3o paraense de futebol, mais uma vez. E desta feita, como um gostinho a mais porque o t\u00edtulo foi conquistado [&hellip;]\" \/>\n<meta property=\"og:url\" content=\"https:\/\/dedemesquita.com.br\/?p=3916\" \/>\n<meta property=\"og:site_name\" content=\"Ded\u00e9 Mesquita\" \/>\n<meta property=\"article:publisher\" content=\"https:\/\/www.facebook.com\/dede.mesquita\" \/>\n<meta property=\"article:published_time\" content=\"2022-04-07T15:04:44+00:00\" \/>\n<meta property=\"article:modified_time\" content=\"2022-04-09T19:19:09+00:00\" \/>\n<meta property=\"og:image\" content=\"https:\/\/dedemesquita.com.br\/wp-content\/uploads\/2022\/04\/WhatsApp-Image-2022-04-07-at-10.13.01.jpeg\" \/>\n\t<meta property=\"og:image:width\" content=\"1000\" \/>\n\t<meta property=\"og:image:height\" content=\"450\" \/>\n\t<meta property=\"og:image:type\" content=\"image\/jpeg\" \/>\n<meta name=\"author\" content=\"Ded\u00e9 Mesquita\" \/>\n<meta name=\"twitter:card\" content=\"summary_large_image\" \/>\n<meta name=\"twitter:creator\" content=\"@dedemesquita\" \/>\n<meta name=\"twitter:site\" content=\"@dedemesquita\" \/>\n<meta name=\"twitter:label1\" content=\"Escrito por\" \/>\n\t<meta name=\"twitter:data1\" content=\"Ded\u00e9 Mesquita\" \/>\n\t<meta name=\"twitter:label2\" content=\"Est. tempo de leitura\" \/>\n\t<meta name=\"twitter:data2\" content=\"5 minutos\" \/>\n<script type=\"application\/ld+json\" class=\"yoast-schema-graph\">{\"@context\":\"https:\/\/schema.org\",\"@graph\":[{\"@type\":\"WebPage\",\"@id\":\"https:\/\/dedemesquita.com.br\/?p=3916\",\"url\":\"https:\/\/dedemesquita.com.br\/?p=3916\",\"name\":\"Clube do Remo perde partida, mas \u00e9 campe\u00e3o dentro da casa do arquirrival - Ded\u00e9 Mesquita\",\"isPartOf\":{\"@id\":\"https:\/\/dedemesquita.com.br\/#website\"},\"datePublished\":\"2022-04-07T15:04:44+00:00\",\"dateModified\":\"2022-04-09T19:19:09+00:00\",\"author\":{\"@id\":\"https:\/\/dedemesquita.com.br\/#\/schema\/person\/36571f81dd2d76dc3ab37231542c9e24\"},\"breadcrumb\":{\"@id\":\"https:\/\/dedemesquita.com.br\/?p=3916#breadcrumb\"},\"inLanguage\":\"pt-BR\",\"potentialAction\":[{\"@type\":\"ReadAction\",\"target\":[\"https:\/\/dedemesquita.com.br\/?p=3916\"]}]},{\"@type\":\"BreadcrumbList\",\"@id\":\"https:\/\/dedemesquita.com.br\/?p=3916#breadcrumb\",\"itemListElement\":[{\"@type\":\"ListItem\",\"position\":1,\"name\":\"In\u00edcio\",\"item\":\"https:\/\/dedemesquita.com.br\/\"},{\"@type\":\"ListItem\",\"position\":2,\"name\":\"Clube do Remo perde partida, mas \u00e9 campe\u00e3o dentro da casa do arquirrival\"}]},{\"@type\":\"WebSite\",\"@id\":\"https:\/\/dedemesquita.com.br\/#website\",\"url\":\"https:\/\/dedemesquita.com.br\/\",\"name\":\"Ded\u00e9 Mesquita\",\"description\":\"Um site que mostra os bastidores da imprensa no estado do Par\u00e1 e em Bel\u00e9m\",\"potentialAction\":[{\"@type\":\"SearchAction\",\"target\":{\"@type\":\"EntryPoint\",\"urlTemplate\":\"https:\/\/dedemesquita.com.br\/?s={search_term_string}\"},\"query-input\":\"required name=search_term_string\"}],\"inLanguage\":\"pt-BR\"},{\"@type\":\"Person\",\"@id\":\"https:\/\/dedemesquita.com.br\/#\/schema\/person\/36571f81dd2d76dc3ab37231542c9e24\",\"name\":\"Ded\u00e9 Mesquita\",\"image\":{\"@type\":\"ImageObject\",\"inLanguage\":\"pt-BR\",\"@id\":\"https:\/\/dedemesquita.com.br\/#\/schema\/person\/image\/\",\"url\":\"https:\/\/dedemesquita.com.br\/wp-content\/uploads\/2021\/02\/foto_perfil-150x150.jpg\",\"contentUrl\":\"https:\/\/dedemesquita.com.br\/wp-content\/uploads\/2021\/02\/foto_perfil-150x150.jpg\",\"caption\":\"Ded\u00e9 Mesquita\"},\"sameAs\":[\"https:\/\/dedemesquita.com.br\"]}]}<\/script>\n<!-- \/ Yoast SEO plugin. -->","yoast_head_json":{"title":"Clube do Remo perde partida, mas \u00e9 campe\u00e3o dentro da casa do arquirrival - Ded\u00e9 Mesquita","robots":{"index":"index","follow":"follow","max-snippet":"max-snippet:-1","max-image-preview":"max-image-preview:large","max-video-preview":"max-video-preview:-1"},"canonical":"https:\/\/dedemesquita.com.br\/?p=3916","og_locale":"pt_BR","og_type":"article","og_title":"Clube do Remo perde partida, mas \u00e9 campe\u00e3o dentro da casa do arquirrival - Ded\u00e9 Mesquita","og_description":"Ufa! Foi um sufoco daqueles. Mas em se tratando do Clube do Remo, sempre haver\u00e1 dificuldades, mas depois de mais de 90 minutos, o Clube do Remo, o &#8220;Filho da Gl\u00f3ria e do Triunfo&#8221;, \u00e9 campe\u00e3o paraense de futebol, mais uma vez. E desta feita, como um gostinho a mais porque o t\u00edtulo foi conquistado [&hellip;]","og_url":"https:\/\/dedemesquita.com.br\/?p=3916","og_site_name":"Ded\u00e9 Mesquita","article_publisher":"https:\/\/www.facebook.com\/dede.mesquita","article_published_time":"2022-04-07T15:04:44+00:00","article_modified_time":"2022-04-09T19:19:09+00:00","og_image":[{"width":1000,"height":450,"url":"https:\/\/dedemesquita.com.br\/wp-content\/uploads\/2022\/04\/WhatsApp-Image-2022-04-07-at-10.13.01.jpeg","type":"image\/jpeg"}],"author":"Ded\u00e9 Mesquita","twitter_card":"summary_large_image","twitter_creator":"@dedemesquita","twitter_site":"@dedemesquita","twitter_misc":{"Escrito por":"Ded\u00e9 Mesquita","Est. tempo de leitura":"5 minutos"},"schema":{"@context":"https:\/\/schema.org","@graph":[{"@type":"WebPage","@id":"https:\/\/dedemesquita.com.br\/?p=3916","url":"https:\/\/dedemesquita.com.br\/?p=3916","name":"Clube do Remo perde partida, mas \u00e9 campe\u00e3o dentro da casa do arquirrival - Ded\u00e9 Mesquita","isPartOf":{"@id":"https:\/\/dedemesquita.com.br\/#website"},"datePublished":"2022-04-07T15:04:44+00:00","dateModified":"2022-04-09T19:19:09+00:00","author":{"@id":"https:\/\/dedemesquita.com.br\/#\/schema\/person\/36571f81dd2d76dc3ab37231542c9e24"},"breadcrumb":{"@id":"https:\/\/dedemesquita.com.br\/?p=3916#breadcrumb"},"inLanguage":"pt-BR","potentialAction":[{"@type":"ReadAction","target":["https:\/\/dedemesquita.com.br\/?p=3916"]}]},{"@type":"BreadcrumbList","@id":"https:\/\/dedemesquita.com.br\/?p=3916#breadcrumb","itemListElement":[{"@type":"ListItem","position":1,"name":"In\u00edcio","item":"https:\/\/dedemesquita.com.br\/"},{"@type":"ListItem","position":2,"name":"Clube do Remo perde partida, mas \u00e9 campe\u00e3o dentro da casa do arquirrival"}]},{"@type":"WebSite","@id":"https:\/\/dedemesquita.com.br\/#website","url":"https:\/\/dedemesquita.com.br\/","name":"Ded\u00e9 Mesquita","description":"Um site que mostra os bastidores da imprensa no estado do Par\u00e1 e em Bel\u00e9m","potentialAction":[{"@type":"SearchAction","target":{"@type":"EntryPoint","urlTemplate":"https:\/\/dedemesquita.com.br\/?s={search_term_string}"},"query-input":"required name=search_term_string"}],"inLanguage":"pt-BR"},{"@type":"Person","@id":"https:\/\/dedemesquita.com.br\/#\/schema\/person\/36571f81dd2d76dc3ab37231542c9e24","name":"Ded\u00e9 Mesquita","image":{"@type":"ImageObject","inLanguage":"pt-BR","@id":"https:\/\/dedemesquita.com.br\/#\/schema\/person\/image\/","url":"https:\/\/dedemesquita.com.br\/wp-content\/uploads\/2021\/02\/foto_perfil-150x150.jpg","contentUrl":"https:\/\/dedemesquita.com.br\/wp-content\/uploads\/2021\/02\/foto_perfil-150x150.jpg","caption":"Ded\u00e9 Mesquita"},"sameAs":["https:\/\/dedemesquita.com.br"]}]}},"_links":{"self":[{"href":"https:\/\/dedemesquita.com.br\/index.php?rest_route=\/wp\/v2\/posts\/3916"}],"collection":[{"href":"https:\/\/dedemesquita.com.br\/index.php?rest_route=\/wp\/v2\/posts"}],"about":[{"href":"https:\/\/dedemesquita.com.br\/index.php?rest_route=\/wp\/v2\/types\/post"}],"author":[{"embeddable":true,"href":"https:\/\/dedemesquita.com.br\/index.php?rest_route=\/wp\/v2\/users\/2"}],"replies":[{"embeddable":true,"href":"https:\/\/dedemesquita.com.br\/index.php?rest_route=%2Fwp%2Fv2%2Fcomments&post=3916"}],"version-history":[{"count":4,"href":"https:\/\/dedemesquita.com.br\/index.php?rest_route=\/wp\/v2\/posts\/3916\/revisions"}],"predecessor-version":[{"id":3938,"href":"https:\/\/dedemesquita.com.br\/index.php?rest_route=\/wp\/v2\/posts\/3916\/revisions\/3938"}],"wp:featuredmedia":[{"embeddable":true,"href":"https:\/\/dedemesquita.com.br\/index.php?rest_route=\/wp\/v2\/media\/3917"}],"wp:attachment":[{"href":"https:\/\/dedemesquita.com.br\/index.php?rest_route=%2Fwp%2Fv2%2Fmedia&parent=3916"}],"wp:term":[{"taxonomy":"category","embeddable":true,"href":"https:\/\/dedemesquita.com.br\/index.php?rest_route=%2Fwp%2Fv2%2Fcategories&post=3916"},{"taxonomy":"post_tag","embeddable":true,"href":"https:\/\/dedemesquita.com.br\/index.php?rest_route=%2Fwp%2Fv2%2Ftags&post=3916"}],"curies":[{"name":"wp","href":"https:\/\/api.w.org\/{rel}","templated":true}]}}