{"id":3862,"date":"2022-04-05T18:00:49","date_gmt":"2022-04-05T21:00:49","guid":{"rendered":"https:\/\/dedemesquita.com.br\/?p=3862"},"modified":"2022-04-05T18:58:37","modified_gmt":"2022-04-05T21:58:37","slug":"mudancas-nas-redacoes-bebes-chegando-e-outras-novidades-da-imprensa-de-belem","status":"publish","type":"post","link":"https:\/\/dedemesquita.com.br\/?p=3862","title":{"rendered":"Mudan\u00e7as nas reda\u00e7\u00f5es, beb\u00eas chegando e muitas novidades da imprensa de Bel\u00e9m"},"content":{"rendered":"\n<p>J\u00e1 sabemos que as atualiza\u00e7\u00f5es do site sempre s\u00e3o feitas \u00e0s ter\u00e7as-feiras. E hoje temos algumas novidades e vamos a elas.<\/p>\n\n\n\n<p><strong>Cinthia &#8211; <\/strong>A jornalista Cinthia Gatti deixou o grupo O Liberal. Antes, ela havia passado pela r\u00e1dio CBN Amaz\u00f4nia Bel\u00e9m.<\/p>\n\n\n\n<div class=\"wp-block-image\"><figure class=\"aligncenter size-full\"><img loading=\"lazy\" decoding=\"async\" width=\"720\" height=\"897\" src=\"https:\/\/dedemesquita.com.br\/wp-content\/uploads\/2022\/04\/WhatsApp-Image-2022-04-05-at-18.16.11.jpeg\" alt=\"\" class=\"wp-image-3881\"\/><figcaption>Cinthia Gatti deixou a Reda\u00e7\u00e3o Integrada O Liberal <\/figcaption><\/figure><\/div>\n\n\n\n<p><strong>Anna Cristina &#8211; Anna Cristina Campos<\/strong>, ex-TV Liberal e TV Cultura, deixou a assessoria de comunica\u00e7\u00e3o do Hemopa, a pedido da jornalista.<\/p>\n\n\n\n<div class=\"wp-block-image\"><figure class=\"aligncenter size-full\"><img loading=\"lazy\" decoding=\"async\" width=\"720\" height=\"742\" src=\"https:\/\/dedemesquita.com.br\/wp-content\/uploads\/2022\/04\/WhatsApp-Image-2022-04-05-at-18.16.12.jpeg\" alt=\"\" class=\"wp-image-3883\"\/><figcaption>Anna Cristina Campos n\u00e3o faz mais parte da assessoria de comunica\u00e7\u00e3o do Hemopa <\/figcaption><\/figure><\/div>\n\n\n\n<p><strong>Bel\u00e9m Tr\u00e2nsito &#8211; <\/strong>O jornalista <strong>Ingo Muller<\/strong>, editor da TV Liberal, est\u00e1 colaborando com o site Bel\u00e9m Tr\u00e2nsito (BT), sim, aquele perfil no Twitter que falava de tr\u00e2nsito em Bel\u00e9m (PA), mas agora, n\u00e3o mais. Para quem n\u00e3o sabe, o BT, <em>enquanto site<\/em> (gostaram?), est\u00e1 sob as asas da ag\u00eancia <strong>Tucupix<\/strong>, dos jornalistas <strong>Ney Messias<\/strong> e <strong>Mary Tupiassu<\/strong>. Entenderam??? <\/p>\n\n\n\n<p><strong>R\u00e1dio Clube &#8211; <\/strong>Mudan\u00e7as tamb\u00e9m na R\u00e1dio Clube do Par\u00e1. Quem deixou a reda\u00e7\u00e3o daquela r\u00e1dio, ap\u00f3s tr\u00eas anos na produ\u00e7\u00e3o, foi o jornalista <strong>Rafael Rocha<\/strong> que agora vai para CBN Amaz\u00f4nia Bel\u00e9m. E quem chegou por l\u00e1 foi a jornalista <strong>Jamile Marques<\/strong>, que j\u00e1 havia passado pelo N\u00facleo de M\u00eddia Social da emissora e agora ser\u00e1 do time de produtores, coordenado pelo jornalista Gleydson Souza.<\/p>\n\n\n\n<div class=\"wp-block-image\"><figure class=\"aligncenter size-full\"><img loading=\"lazy\" decoding=\"async\" width=\"718\" height=\"490\" src=\"https:\/\/dedemesquita.com.br\/wp-content\/uploads\/2022\/04\/276059489_718392649153378_3006363169443037878_n.jpg\" alt=\"\" class=\"wp-image-3872\"\/><figcaption>Jamile Marques passou \u00e0 produ\u00e7\u00e3o da R\u00e1dio Clube do Par\u00e1 <\/figcaption><\/figure><\/div>\n\n\n\n<div class=\"wp-block-image\"><figure class=\"aligncenter size-full\"><img loading=\"lazy\" decoding=\"async\" width=\"718\" height=\"439\" src=\"https:\/\/dedemesquita.com.br\/wp-content\/uploads\/2022\/04\/277541629_4901424006579352_9111666153071494801_n.jpg\" alt=\"\" class=\"wp-image-3873\"\/><figcaption>Rafael Rocha trocou a R\u00e1dio Clube do Par\u00e1 pela CBN Bel\u00e9m <\/figcaption><\/figure><\/div>\n\n\n\n<p><strong>Mestrado &#8211; <\/strong>E temos mais um jornalista-mestre. O jornalista <strong>Adison Ferrei<\/strong>ra \u00e9 mestre em Ci\u00eancias da Comunica\u00e7\u00e3o pela Universidade Federal do Par\u00e1 (UFPA) A disserta\u00e7\u00e3o, com tema sobre a esmola\u00e7\u00e3o de S\u00e3o Benedito em Bragan\u00e7a (PA), foi aprovada, indicada para publica\u00e7\u00e3o e orientada pela professora e jornalista V\u00e2nia Torres. A defesa foi na semana passada, dia 1\u00ba de abril.<\/p>\n\n\n\n<div class=\"wp-block-image\"><figure class=\"aligncenter size-full\"><img loading=\"lazy\" decoding=\"async\" width=\"1099\" height=\"497\" src=\"https:\/\/dedemesquita.com.br\/wp-content\/uploads\/2022\/04\/adison.jpg\" alt=\"\" class=\"wp-image-3878\" srcset=\"https:\/\/dedemesquita.com.br\/wp-content\/uploads\/2022\/04\/adison.jpg 1099w, https:\/\/dedemesquita.com.br\/wp-content\/uploads\/2022\/04\/adison-768x347.jpg 768w\" sizes=\"(max-width: 1099px) 100vw, 1099px\" \/><figcaption>Adison Ferreira, no detalho, \u00e9 o mais novo mestre em comunica\u00e7\u00e3o pela UFPA <\/figcaption><\/figure><\/div>\n\n\n\n<p><strong>Sess\u00e3o M\u00e3es Jornalistas &#8211; <\/strong>A jornalista <strong>Gabriela Dutra<\/strong>, ex-coordenadora adjunta da Comus\/PMB, est\u00e1 gr\u00e1vida do primeiro filho, que se chamar\u00e1 Gael. O site tamb\u00e9m manda felicita\u00e7\u00f5es para a<strong> Isabela Quirino<\/strong> que tamb\u00e9m gr\u00e1vida, \u00e0 espera da Helena. Sa\u00fade \u00e0s mam\u00e3es e aos beb\u00eas. <\/p>\n\n\n\n<p>A <strong>Lissa de Alexandria<\/strong> que \u00e9 mam\u00e3e da Maria Flor, primeira filha dela, apresentou a fofa aos amigos e colegas, pelo Instagram. <\/p>\n\n\n\n<div class=\"wp-block-image\"><figure class=\"aligncenter size-full\"><img loading=\"lazy\" decoding=\"async\" width=\"720\" height=\"571\" src=\"https:\/\/dedemesquita.com.br\/wp-content\/uploads\/2022\/04\/WhatsApp-Image-2022-04-05-at-18.30.17.jpeg\" alt=\"\" class=\"wp-image-3889\"\/><figcaption>Isabela Quirino e o marido dela, Carlinhos, est\u00e3o \u00e0 espera da Helena, primeira filha do casal <\/figcaption><\/figure><\/div>\n\n\n\n<div class=\"wp-block-image\"><figure class=\"aligncenter size-full\"><img loading=\"lazy\" decoding=\"async\" width=\"950\" height=\"824\" src=\"https:\/\/dedemesquita.com.br\/wp-content\/uploads\/2022\/04\/WhatsApp-Image-2022-04-03-at-11.18.44.jpeg\" alt=\"\" class=\"wp-image-3875\" srcset=\"https:\/\/dedemesquita.com.br\/wp-content\/uploads\/2022\/04\/WhatsApp-Image-2022-04-03-at-11.18.44.jpeg 950w, https:\/\/dedemesquita.com.br\/wp-content\/uploads\/2022\/04\/WhatsApp-Image-2022-04-03-at-11.18.44-768x666.jpeg 768w\" sizes=\"(max-width: 950px) 100vw, 950px\" \/><figcaption>Gabriela e Guga, os felizes papais do Gael, que chega em breve (foto de Alessandra Serr\u00e3o)<\/figcaption><\/figure><\/div>\n\n\n\n<div class=\"wp-block-image\"><figure class=\"aligncenter size-full\"><img loading=\"lazy\" decoding=\"async\" width=\"720\" height=\"908\" src=\"https:\/\/dedemesquita.com.br\/wp-content\/uploads\/2022\/04\/WhatsApp-Image-2022-04-05-at-18.23.18.jpeg\" alt=\"\" class=\"wp-image-3887\"\/><figcaption>Pessoas, apresentamos a jornalistazinha Maria Flor, primeira filhota da Lissa de Alexandria <\/figcaption><\/figure><\/div>\n\n\n\n<p><strong>Livros &#8211; <\/strong>No dia 30 de mar\u00e7o, foi realizado o lan\u00e7amento coletivo de livros e relatos de pesquisa no PPGCOM UFPA, com textos das professoras da FACOM, <strong>V\u00e2nia Torres<\/strong> e de <strong>Alda Cristina Costa<\/strong>, em parceria com o PPGCLC da Unama, professor Paulo Nunes.<strong> <\/strong><\/p>\n\n\n\n<div class=\"wp-block-image\"><figure class=\"aligncenter size-full\"><img loading=\"lazy\" decoding=\"async\" width=\"1600\" height=\"1200\" src=\"https:\/\/dedemesquita.com.br\/wp-content\/uploads\/2022\/04\/FACOM.jpg\" alt=\"\" class=\"wp-image-3876\" srcset=\"https:\/\/dedemesquita.com.br\/wp-content\/uploads\/2022\/04\/FACOM.jpg 1600w, https:\/\/dedemesquita.com.br\/wp-content\/uploads\/2022\/04\/FACOM-768x576.jpg 768w, https:\/\/dedemesquita.com.br\/wp-content\/uploads\/2022\/04\/FACOM-1536x1152.jpg 1536w\" sizes=\"(max-width: 1600px) 100vw, 1600px\" \/><figcaption>Os professores da FACOM\/ UFPA <\/figcaption><\/figure><\/div>\n\n\n\n<p><strong>Lambateria &#8211; <\/strong>O querido <strong>Zek Picoteiro<\/strong>, publicit\u00e1rio dos bons que nos abandonou e est\u00e1 morando e trabalhando em Alter do Ch\u00e3o, regi\u00e3o oeste do Par\u00e1, assumiu o Espa\u00e7o Alter, mais conhecido &#8220;Bor\u00f4&#8221;, que levar\u00e1 para aquele distrito, definitivamente, a festa Lambateria, aqui de Bel\u00e9m. O espa\u00e7o passa por algumas reformas necess\u00e1rias e em breve estreia por l\u00e1. Sucesso, Zek!!<\/p>\n\n\n\n<div class=\"wp-block-image\"><figure class=\"aligncenter size-full\"><img loading=\"lazy\" decoding=\"async\" width=\"680\" height=\"467\" src=\"https:\/\/dedemesquita.com.br\/wp-content\/uploads\/2022\/04\/alter.jpg\" alt=\"\" class=\"wp-image-3877\"\/><figcaption>Zek Picoteiro vai comandar o Espa\u00e7o Alter <\/figcaption><\/figure><\/div>\n","protected":false},"excerpt":{"rendered":"<p>J\u00e1 sabemos que as atualiza\u00e7\u00f5es do site sempre s\u00e3o feitas \u00e0s ter\u00e7as-feiras. E hoje temos algumas novidades e vamos a elas. Cinthia &#8211; A jornalista Cinthia Gatti deixou o grupo O Liberal. Antes, ela havia passado pela r\u00e1dio CBN Amaz\u00f4nia Bel\u00e9m. Anna Cristina &#8211; Anna Cristina Campos, ex-TV Liberal e TV Cultura, deixou a assessoria [&hellip;]<\/p>\n","protected":false},"author":2,"featured_media":3892,"comment_status":"open","ping_status":"open","sticky":false,"template":"","format":"standard","meta":{"footnotes":""},"categories":[51,14,29],"tags":[155,119,120,144,165],"class_list":["post-3862","post","type-post","status-publish","format-standard","has-post-thumbnail","hentry","category-destaque","category-imprensa","category-jornalismo","tag-cbn-belem","tag-jornalismo","tag-jornalistas-paraenses-em-acao","tag-o-liberal","tag-radio-clube"],"yoast_head":"<!-- This site is optimized with the Yoast SEO plugin v19.10 - https:\/\/yoast.com\/wordpress\/plugins\/seo\/ -->\n<title>Mudan\u00e7as nas reda\u00e7\u00f5es, beb\u00eas chegando e muitas novidades da imprensa de Bel\u00e9m - Ded\u00e9 Mesquita<\/title>\n<meta name=\"robots\" content=\"index, follow, max-snippet:-1, max-image-preview:large, max-video-preview:-1\" \/>\n<link rel=\"canonical\" href=\"https:\/\/dedemesquita.com.br\/?p=3862\" \/>\n<meta property=\"og:locale\" content=\"pt_BR\" \/>\n<meta property=\"og:type\" content=\"article\" \/>\n<meta property=\"og:title\" content=\"Mudan\u00e7as nas reda\u00e7\u00f5es, beb\u00eas chegando e muitas novidades da imprensa de Bel\u00e9m - Ded\u00e9 Mesquita\" \/>\n<meta property=\"og:description\" content=\"J\u00e1 sabemos que as atualiza\u00e7\u00f5es do site sempre s\u00e3o feitas \u00e0s ter\u00e7as-feiras. E hoje temos algumas novidades e vamos a elas. Cinthia &#8211; A jornalista Cinthia Gatti deixou o grupo O Liberal. Antes, ela havia passado pela r\u00e1dio CBN Amaz\u00f4nia Bel\u00e9m. Anna Cristina &#8211; Anna Cristina Campos, ex-TV Liberal e TV Cultura, deixou a assessoria [&hellip;]\" \/>\n<meta property=\"og:url\" content=\"https:\/\/dedemesquita.com.br\/?p=3862\" \/>\n<meta property=\"og:site_name\" content=\"Ded\u00e9 Mesquita\" \/>\n<meta property=\"article:publisher\" content=\"https:\/\/www.facebook.com\/dede.mesquita\" \/>\n<meta property=\"article:published_time\" content=\"2022-04-05T21:00:49+00:00\" \/>\n<meta property=\"article:modified_time\" content=\"2022-04-05T21:58:37+00:00\" \/>\n<meta property=\"og:image\" content=\"https:\/\/dedemesquita.com.br\/wp-content\/uploads\/2022\/04\/WhatsApp-Image-2022-04-03-at-11.21.39.jpeg\" \/>\n\t<meta property=\"og:image:width\" content=\"1000\" \/>\n\t<meta property=\"og:image:height\" content=\"678\" \/>\n\t<meta property=\"og:image:type\" content=\"image\/jpeg\" \/>\n<meta name=\"author\" content=\"Ded\u00e9 Mesquita\" \/>\n<meta name=\"twitter:card\" content=\"summary_large_image\" \/>\n<meta name=\"twitter:creator\" content=\"@dedemesquita\" \/>\n<meta name=\"twitter:site\" content=\"@dedemesquita\" \/>\n<meta name=\"twitter:label1\" content=\"Escrito por\" \/>\n\t<meta name=\"twitter:data1\" content=\"Ded\u00e9 Mesquita\" \/>\n\t<meta name=\"twitter:label2\" content=\"Est. tempo de leitura\" \/>\n\t<meta name=\"twitter:data2\" content=\"5 minutos\" \/>\n<script type=\"application\/ld+json\" class=\"yoast-schema-graph\">{\"@context\":\"https:\/\/schema.org\",\"@graph\":[{\"@type\":\"WebPage\",\"@id\":\"https:\/\/dedemesquita.com.br\/?p=3862\",\"url\":\"https:\/\/dedemesquita.com.br\/?p=3862\",\"name\":\"Mudan\u00e7as nas reda\u00e7\u00f5es, beb\u00eas chegando e muitas novidades da imprensa de Bel\u00e9m - Ded\u00e9 Mesquita\",\"isPartOf\":{\"@id\":\"https:\/\/dedemesquita.com.br\/#website\"},\"datePublished\":\"2022-04-05T21:00:49+00:00\",\"dateModified\":\"2022-04-05T21:58:37+00:00\",\"author\":{\"@id\":\"https:\/\/dedemesquita.com.br\/#\/schema\/person\/36571f81dd2d76dc3ab37231542c9e24\"},\"breadcrumb\":{\"@id\":\"https:\/\/dedemesquita.com.br\/?p=3862#breadcrumb\"},\"inLanguage\":\"pt-BR\",\"potentialAction\":[{\"@type\":\"ReadAction\",\"target\":[\"https:\/\/dedemesquita.com.br\/?p=3862\"]}]},{\"@type\":\"BreadcrumbList\",\"@id\":\"https:\/\/dedemesquita.com.br\/?p=3862#breadcrumb\",\"itemListElement\":[{\"@type\":\"ListItem\",\"position\":1,\"name\":\"In\u00edcio\",\"item\":\"https:\/\/dedemesquita.com.br\/\"},{\"@type\":\"ListItem\",\"position\":2,\"name\":\"Mudan\u00e7as nas reda\u00e7\u00f5es, beb\u00eas chegando e muitas novidades da imprensa de Bel\u00e9m\"}]},{\"@type\":\"WebSite\",\"@id\":\"https:\/\/dedemesquita.com.br\/#website\",\"url\":\"https:\/\/dedemesquita.com.br\/\",\"name\":\"Ded\u00e9 Mesquita\",\"description\":\"Um site que mostra os bastidores da imprensa no estado do Par\u00e1 e em Bel\u00e9m\",\"potentialAction\":[{\"@type\":\"SearchAction\",\"target\":{\"@type\":\"EntryPoint\",\"urlTemplate\":\"https:\/\/dedemesquita.com.br\/?s={search_term_string}\"},\"query-input\":\"required name=search_term_string\"}],\"inLanguage\":\"pt-BR\"},{\"@type\":\"Person\",\"@id\":\"https:\/\/dedemesquita.com.br\/#\/schema\/person\/36571f81dd2d76dc3ab37231542c9e24\",\"name\":\"Ded\u00e9 Mesquita\",\"image\":{\"@type\":\"ImageObject\",\"inLanguage\":\"pt-BR\",\"@id\":\"https:\/\/dedemesquita.com.br\/#\/schema\/person\/image\/\",\"url\":\"https:\/\/dedemesquita.com.br\/wp-content\/uploads\/2021\/02\/foto_perfil-150x150.jpg\",\"contentUrl\":\"https:\/\/dedemesquita.com.br\/wp-content\/uploads\/2021\/02\/foto_perfil-150x150.jpg\",\"caption\":\"Ded\u00e9 Mesquita\"},\"sameAs\":[\"https:\/\/dedemesquita.com.br\"]}]}<\/script>\n<!-- \/ Yoast SEO plugin. -->","yoast_head_json":{"title":"Mudan\u00e7as nas reda\u00e7\u00f5es, beb\u00eas chegando e muitas novidades da imprensa de Bel\u00e9m - Ded\u00e9 Mesquita","robots":{"index":"index","follow":"follow","max-snippet":"max-snippet:-1","max-image-preview":"max-image-preview:large","max-video-preview":"max-video-preview:-1"},"canonical":"https:\/\/dedemesquita.com.br\/?p=3862","og_locale":"pt_BR","og_type":"article","og_title":"Mudan\u00e7as nas reda\u00e7\u00f5es, beb\u00eas chegando e muitas novidades da imprensa de Bel\u00e9m - Ded\u00e9 Mesquita","og_description":"J\u00e1 sabemos que as atualiza\u00e7\u00f5es do site sempre s\u00e3o feitas \u00e0s ter\u00e7as-feiras. E hoje temos algumas novidades e vamos a elas. Cinthia &#8211; A jornalista Cinthia Gatti deixou o grupo O Liberal. Antes, ela havia passado pela r\u00e1dio CBN Amaz\u00f4nia Bel\u00e9m. Anna Cristina &#8211; Anna Cristina Campos, ex-TV Liberal e TV Cultura, deixou a assessoria [&hellip;]","og_url":"https:\/\/dedemesquita.com.br\/?p=3862","og_site_name":"Ded\u00e9 Mesquita","article_publisher":"https:\/\/www.facebook.com\/dede.mesquita","article_published_time":"2022-04-05T21:00:49+00:00","article_modified_time":"2022-04-05T21:58:37+00:00","og_image":[{"width":1000,"height":678,"url":"https:\/\/dedemesquita.com.br\/wp-content\/uploads\/2022\/04\/WhatsApp-Image-2022-04-03-at-11.21.39.jpeg","type":"image\/jpeg"}],"author":"Ded\u00e9 Mesquita","twitter_card":"summary_large_image","twitter_creator":"@dedemesquita","twitter_site":"@dedemesquita","twitter_misc":{"Escrito por":"Ded\u00e9 Mesquita","Est. tempo de leitura":"5 minutos"},"schema":{"@context":"https:\/\/schema.org","@graph":[{"@type":"WebPage","@id":"https:\/\/dedemesquita.com.br\/?p=3862","url":"https:\/\/dedemesquita.com.br\/?p=3862","name":"Mudan\u00e7as nas reda\u00e7\u00f5es, beb\u00eas chegando e muitas novidades da imprensa de Bel\u00e9m - Ded\u00e9 Mesquita","isPartOf":{"@id":"https:\/\/dedemesquita.com.br\/#website"},"datePublished":"2022-04-05T21:00:49+00:00","dateModified":"2022-04-05T21:58:37+00:00","author":{"@id":"https:\/\/dedemesquita.com.br\/#\/schema\/person\/36571f81dd2d76dc3ab37231542c9e24"},"breadcrumb":{"@id":"https:\/\/dedemesquita.com.br\/?p=3862#breadcrumb"},"inLanguage":"pt-BR","potentialAction":[{"@type":"ReadAction","target":["https:\/\/dedemesquita.com.br\/?p=3862"]}]},{"@type":"BreadcrumbList","@id":"https:\/\/dedemesquita.com.br\/?p=3862#breadcrumb","itemListElement":[{"@type":"ListItem","position":1,"name":"In\u00edcio","item":"https:\/\/dedemesquita.com.br\/"},{"@type":"ListItem","position":2,"name":"Mudan\u00e7as nas reda\u00e7\u00f5es, beb\u00eas chegando e muitas novidades da imprensa de Bel\u00e9m"}]},{"@type":"WebSite","@id":"https:\/\/dedemesquita.com.br\/#website","url":"https:\/\/dedemesquita.com.br\/","name":"Ded\u00e9 Mesquita","description":"Um site que mostra os bastidores da imprensa no estado do Par\u00e1 e em Bel\u00e9m","potentialAction":[{"@type":"SearchAction","target":{"@type":"EntryPoint","urlTemplate":"https:\/\/dedemesquita.com.br\/?s={search_term_string}"},"query-input":"required name=search_term_string"}],"inLanguage":"pt-BR"},{"@type":"Person","@id":"https:\/\/dedemesquita.com.br\/#\/schema\/person\/36571f81dd2d76dc3ab37231542c9e24","name":"Ded\u00e9 Mesquita","image":{"@type":"ImageObject","inLanguage":"pt-BR","@id":"https:\/\/dedemesquita.com.br\/#\/schema\/person\/image\/","url":"https:\/\/dedemesquita.com.br\/wp-content\/uploads\/2021\/02\/foto_perfil-150x150.jpg","contentUrl":"https:\/\/dedemesquita.com.br\/wp-content\/uploads\/2021\/02\/foto_perfil-150x150.jpg","caption":"Ded\u00e9 Mesquita"},"sameAs":["https:\/\/dedemesquita.com.br"]}]}},"_links":{"self":[{"href":"https:\/\/dedemesquita.com.br\/index.php?rest_route=\/wp\/v2\/posts\/3862"}],"collection":[{"href":"https:\/\/dedemesquita.com.br\/index.php?rest_route=\/wp\/v2\/posts"}],"about":[{"href":"https:\/\/dedemesquita.com.br\/index.php?rest_route=\/wp\/v2\/types\/post"}],"author":[{"embeddable":true,"href":"https:\/\/dedemesquita.com.br\/index.php?rest_route=\/wp\/v2\/users\/2"}],"replies":[{"embeddable":true,"href":"https:\/\/dedemesquita.com.br\/index.php?rest_route=%2Fwp%2Fv2%2Fcomments&post=3862"}],"version-history":[{"count":14,"href":"https:\/\/dedemesquita.com.br\/index.php?rest_route=\/wp\/v2\/posts\/3862\/revisions"}],"predecessor-version":[{"id":3896,"href":"https:\/\/dedemesquita.com.br\/index.php?rest_route=\/wp\/v2\/posts\/3862\/revisions\/3896"}],"wp:featuredmedia":[{"embeddable":true,"href":"https:\/\/dedemesquita.com.br\/index.php?rest_route=\/wp\/v2\/media\/3892"}],"wp:attachment":[{"href":"https:\/\/dedemesquita.com.br\/index.php?rest_route=%2Fwp%2Fv2%2Fmedia&parent=3862"}],"wp:term":[{"taxonomy":"category","embeddable":true,"href":"https:\/\/dedemesquita.com.br\/index.php?rest_route=%2Fwp%2Fv2%2Fcategories&post=3862"},{"taxonomy":"post_tag","embeddable":true,"href":"https:\/\/dedemesquita.com.br\/index.php?rest_route=%2Fwp%2Fv2%2Ftags&post=3862"}],"curies":[{"name":"wp","href":"https:\/\/api.w.org\/{rel}","templated":true}]}}