{"id":3815,"date":"2022-03-31T16:04:04","date_gmt":"2022-03-31T19:04:04","guid":{"rendered":"https:\/\/dedemesquita.com.br\/?p=3815"},"modified":"2022-03-31T16:27:12","modified_gmt":"2022-03-31T19:27:12","slug":"quinta-feira-e-dia-de-relembrar-o-passado-da-imprensa-em-belem","status":"publish","type":"post","link":"https:\/\/dedemesquita.com.br\/?p=3815","title":{"rendered":"Quinta-feira \u00e9 dia de relembrar o passado da imprensa em Bel\u00e9m"},"content":{"rendered":"\n<p>O tal <strong>TBT<\/strong> \u00e9 na quinta-feira e dia de relembrar o passado como fotos do coleguinhas em a\u00e7\u00e3o.<\/p>\n\n\n\n<div class=\"wp-block-image\"><figure class=\"aligncenter size-full\"><img loading=\"lazy\" decoding=\"async\" width=\"1000\" height=\"520\" src=\"https:\/\/dedemesquita.com.br\/wp-content\/uploads\/2022\/03\/12504995495_7b19f3ab47_o.jpg\" alt=\"\" class=\"wp-image-3846\" srcset=\"https:\/\/dedemesquita.com.br\/wp-content\/uploads\/2022\/03\/12504995495_7b19f3ab47_o.jpg 1000w, https:\/\/dedemesquita.com.br\/wp-content\/uploads\/2022\/03\/12504995495_7b19f3ab47_o-768x399.jpg 768w\" sizes=\"(max-width: 1000px) 100vw, 1000px\" \/><figcaption>Galera da Secom-PA, jornalistas, fot\u00f3grafos e administra\u00e7\u00e3o, \u00e0 \u00e9poca do governo de Ana J\u00falia Carepa (foto de David Alves) <\/figcaption><\/figure><\/div>\n\n\n\n<div class=\"wp-block-image\"><figure class=\"aligncenter size-full\"><img loading=\"lazy\" decoding=\"async\" width=\"2048\" height=\"1152\" src=\"https:\/\/dedemesquita.com.br\/wp-content\/uploads\/2022\/03\/WILMA.jpg\" alt=\"\" class=\"wp-image-3813\" srcset=\"https:\/\/dedemesquita.com.br\/wp-content\/uploads\/2022\/03\/WILMA.jpg 2048w, https:\/\/dedemesquita.com.br\/wp-content\/uploads\/2022\/03\/WILMA-768x432.jpg 768w, https:\/\/dedemesquita.com.br\/wp-content\/uploads\/2022\/03\/WILMA-1600x900.jpg 1600w, https:\/\/dedemesquita.com.br\/wp-content\/uploads\/2022\/03\/WILMA-1536x864.jpg 1536w\" sizes=\"(max-width: 2048px) 100vw, 2048px\" \/><figcaption>As jornalistas Rusele Mendes (que j\u00e1 nos deixou), Wilma e Marisa Ferrari <\/figcaption><\/figure><\/div>\n\n\n\n<div class=\"wp-block-image\"><figure class=\"aligncenter size-full\"><img loading=\"lazy\" decoding=\"async\" width=\"950\" height=\"642\" src=\"https:\/\/dedemesquita.com.br\/wp-content\/uploads\/2022\/03\/lilia.jpg\" alt=\"\" class=\"wp-image-3812\" srcset=\"https:\/\/dedemesquita.com.br\/wp-content\/uploads\/2022\/03\/lilia.jpg 950w, https:\/\/dedemesquita.com.br\/wp-content\/uploads\/2022\/03\/lilia-768x519.jpg 768w\" sizes=\"(max-width: 950px) 100vw, 950px\" \/><figcaption>Lilia Afonso na \u00e9poca de rep\u00f3rter da TV Cultura <\/figcaption><\/figure><\/div>\n\n\n\n<div class=\"wp-block-image\"><figure class=\"aligncenter size-full\"><img loading=\"lazy\" decoding=\"async\" width=\"1080\" height=\"771\" src=\"https:\/\/dedemesquita.com.br\/wp-content\/uploads\/2022\/03\/IACI_GOMES.jpg\" alt=\"\" class=\"wp-image-3811\" srcset=\"https:\/\/dedemesquita.com.br\/wp-content\/uploads\/2022\/03\/IACI_GOMES.jpg 1080w, https:\/\/dedemesquita.com.br\/wp-content\/uploads\/2022\/03\/IACI_GOMES-768x548.jpg 768w\" sizes=\"(max-width: 1080px) 100vw, 1080px\" \/><figcaption>Uma jovem Iaci Gomes quando estava no jornal Di\u00e1rio do Par\u00e1 <\/figcaption><\/figure><\/div>\n\n\n\n<div class=\"wp-block-image\"><figure class=\"aligncenter size-full\"><img loading=\"lazy\" decoding=\"async\" width=\"1181\" height=\"787\" src=\"https:\/\/dedemesquita.com.br\/wp-content\/uploads\/2022\/03\/DSC_6990.jpg\" alt=\"\" class=\"wp-image-3810\" srcset=\"https:\/\/dedemesquita.com.br\/wp-content\/uploads\/2022\/03\/DSC_6990.jpg 1181w, https:\/\/dedemesquita.com.br\/wp-content\/uploads\/2022\/03\/DSC_6990-768x512.jpg 768w\" sizes=\"(max-width: 1181px) 100vw, 1181px\" \/><figcaption>Tarso Sarraf fotografando a ex-governadora Ana J\u00falia Carepa (foto de David Alves) <\/figcaption><\/figure><\/div>\n\n\n\n<div class=\"wp-block-image\"><figure class=\"aligncenter size-full\"><img loading=\"lazy\" decoding=\"async\" width=\"2048\" height=\"1152\" src=\"https:\/\/dedemesquita.com.br\/wp-content\/uploads\/2022\/03\/cultura.jpg\" alt=\"\" class=\"wp-image-3809\" srcset=\"https:\/\/dedemesquita.com.br\/wp-content\/uploads\/2022\/03\/cultura.jpg 2048w, https:\/\/dedemesquita.com.br\/wp-content\/uploads\/2022\/03\/cultura-768x432.jpg 768w, https:\/\/dedemesquita.com.br\/wp-content\/uploads\/2022\/03\/cultura-1600x900.jpg 1600w, https:\/\/dedemesquita.com.br\/wp-content\/uploads\/2022\/03\/cultura-1536x864.jpg 1536w\" sizes=\"(max-width: 2048px) 100vw, 2048px\" \/><figcaption>Andr\u00e9 Mardock, J\u00fassia Carvalho e Felipe Cortez da TV Cultura <\/figcaption><\/figure><\/div>\n\n\n\n<div class=\"wp-block-image\"><figure class=\"aligncenter size-full\"><img loading=\"lazy\" decoding=\"async\" width=\"720\" height=\"480\" src=\"https:\/\/dedemesquita.com.br\/wp-content\/uploads\/2022\/03\/dan.jpg\" alt=\"\" class=\"wp-image-3826\"\/><figcaption>Euzinha e Daniel Nardin, na \u00e9poca em que ele era assessor de comunica\u00e7\u00e3o do senador Flexa Ribeiro (foto de Tarso Sarraf) <\/figcaption><\/figure><\/div>\n\n\n\n<div class=\"wp-block-image\"><figure class=\"aligncenter size-full\"><img loading=\"lazy\" decoding=\"async\" width=\"1168\" height=\"657\" src=\"https:\/\/dedemesquita.com.br\/wp-content\/uploads\/2022\/03\/david.jpg\" alt=\"\" class=\"wp-image-3828\" srcset=\"https:\/\/dedemesquita.com.br\/wp-content\/uploads\/2022\/03\/david.jpg 1168w, https:\/\/dedemesquita.com.br\/wp-content\/uploads\/2022\/03\/david-768x432.jpg 768w\" sizes=\"(max-width: 1168px) 100vw, 1168px\" \/><figcaption>As confras de fim de ano dos fot\u00f3grafos no Ver-o-Peso, com Ivan Cardoso, Geraldo Ramos, Ant\u00f4nio C\u00edcero, David Alves, Alex Ribeiro e Tarso Sarraf (foto de Tarso Sarraf)  <\/figcaption><\/figure><\/div>\n\n\n\n<div class=\"wp-block-image\"><figure class=\"aligncenter size-full\"><img loading=\"lazy\" decoding=\"async\" width=\"450\" height=\"600\" src=\"https:\/\/dedemesquita.com.br\/wp-content\/uploads\/2022\/03\/glamour2.jpg\" alt=\"\" class=\"wp-image-3831\"\/><figcaption>O glamour do jornalismo, \u00e0 espera de uma pauta em uma &#8220;quebrada&#8221; de Bel\u00e9m (foto de Lauro Lima) <\/figcaption><\/figure><\/div>\n\n\n\n<div class=\"wp-block-image\"><figure class=\"aligncenter size-full\"><img loading=\"lazy\" decoding=\"async\" width=\"640\" height=\"480\" src=\"https:\/\/dedemesquita.com.br\/wp-content\/uploads\/2022\/03\/wagner.jpeg\" alt=\"\" class=\"wp-image-3833\"\/><figcaption>No centro da foto, eu e Wagner Santana na Marujada de Bragan\u00e7a (foto de Salim Wariss) <\/figcaption><\/figure><\/div>\n","protected":false},"excerpt":{"rendered":"<p>O tal TBT \u00e9 na quinta-feira e dia de relembrar o passado como fotos do coleguinhas em a\u00e7\u00e3o.<\/p>\n","protected":false},"author":2,"featured_media":3825,"comment_status":"open","ping_status":"open","sticky":false,"template":"","format":"standard","meta":{"footnotes":""},"categories":[51,14,29],"tags":[150,197],"class_list":["post-3815","post","type-post","status-publish","format-standard","has-post-thumbnail","hentry","category-destaque","category-imprensa","category-jornalismo","tag-secom-pa","tag-tv-cultura"],"yoast_head":"<!-- This site is optimized with the Yoast SEO plugin v19.10 - https:\/\/yoast.com\/wordpress\/plugins\/seo\/ -->\n<title>Quinta-feira \u00e9 dia de relembrar o passado da imprensa em Bel\u00e9m - Ded\u00e9 Mesquita<\/title>\n<meta name=\"robots\" content=\"index, follow, max-snippet:-1, max-image-preview:large, max-video-preview:-1\" \/>\n<link rel=\"canonical\" href=\"https:\/\/dedemesquita.com.br\/?p=3815\" \/>\n<meta property=\"og:locale\" content=\"pt_BR\" \/>\n<meta property=\"og:type\" content=\"article\" \/>\n<meta property=\"og:title\" content=\"Quinta-feira \u00e9 dia de relembrar o passado da imprensa em Bel\u00e9m - Ded\u00e9 Mesquita\" \/>\n<meta property=\"og:description\" content=\"O tal TBT \u00e9 na quinta-feira e dia de relembrar o passado como fotos do coleguinhas em a\u00e7\u00e3o.\" \/>\n<meta property=\"og:url\" content=\"https:\/\/dedemesquita.com.br\/?p=3815\" \/>\n<meta property=\"og:site_name\" content=\"Ded\u00e9 Mesquita\" \/>\n<meta property=\"article:publisher\" content=\"https:\/\/www.facebook.com\/dede.mesquita\" \/>\n<meta property=\"article:published_time\" content=\"2022-03-31T19:04:04+00:00\" \/>\n<meta property=\"article:modified_time\" content=\"2022-03-31T19:27:12+00:00\" \/>\n<meta property=\"og:image\" content=\"https:\/\/dedemesquita.com.br\/wp-content\/uploads\/2022\/03\/fabi.jpg\" \/>\n\t<meta property=\"og:image:width\" content=\"986\" \/>\n\t<meta property=\"og:image:height\" content=\"657\" \/>\n\t<meta property=\"og:image:type\" content=\"image\/jpeg\" \/>\n<meta name=\"author\" content=\"Ded\u00e9 Mesquita\" \/>\n<meta name=\"twitter:card\" content=\"summary_large_image\" \/>\n<meta name=\"twitter:creator\" content=\"@dedemesquita\" \/>\n<meta name=\"twitter:site\" content=\"@dedemesquita\" \/>\n<meta name=\"twitter:label1\" content=\"Escrito por\" \/>\n\t<meta name=\"twitter:data1\" content=\"Ded\u00e9 Mesquita\" \/>\n\t<meta name=\"twitter:label2\" content=\"Est. tempo de leitura\" \/>\n\t<meta name=\"twitter:data2\" content=\"3 minutos\" \/>\n<script type=\"application\/ld+json\" class=\"yoast-schema-graph\">{\"@context\":\"https:\/\/schema.org\",\"@graph\":[{\"@type\":\"WebPage\",\"@id\":\"https:\/\/dedemesquita.com.br\/?p=3815\",\"url\":\"https:\/\/dedemesquita.com.br\/?p=3815\",\"name\":\"Quinta-feira \u00e9 dia de relembrar o passado da imprensa em Bel\u00e9m - Ded\u00e9 Mesquita\",\"isPartOf\":{\"@id\":\"https:\/\/dedemesquita.com.br\/#website\"},\"datePublished\":\"2022-03-31T19:04:04+00:00\",\"dateModified\":\"2022-03-31T19:27:12+00:00\",\"author\":{\"@id\":\"https:\/\/dedemesquita.com.br\/#\/schema\/person\/36571f81dd2d76dc3ab37231542c9e24\"},\"breadcrumb\":{\"@id\":\"https:\/\/dedemesquita.com.br\/?p=3815#breadcrumb\"},\"inLanguage\":\"pt-BR\",\"potentialAction\":[{\"@type\":\"ReadAction\",\"target\":[\"https:\/\/dedemesquita.com.br\/?p=3815\"]}]},{\"@type\":\"BreadcrumbList\",\"@id\":\"https:\/\/dedemesquita.com.br\/?p=3815#breadcrumb\",\"itemListElement\":[{\"@type\":\"ListItem\",\"position\":1,\"name\":\"In\u00edcio\",\"item\":\"https:\/\/dedemesquita.com.br\/\"},{\"@type\":\"ListItem\",\"position\":2,\"name\":\"Quinta-feira \u00e9 dia de relembrar o passado da imprensa em Bel\u00e9m\"}]},{\"@type\":\"WebSite\",\"@id\":\"https:\/\/dedemesquita.com.br\/#website\",\"url\":\"https:\/\/dedemesquita.com.br\/\",\"name\":\"Ded\u00e9 Mesquita\",\"description\":\"Um site que mostra os bastidores da imprensa no estado do Par\u00e1 e em Bel\u00e9m\",\"potentialAction\":[{\"@type\":\"SearchAction\",\"target\":{\"@type\":\"EntryPoint\",\"urlTemplate\":\"https:\/\/dedemesquita.com.br\/?s={search_term_string}\"},\"query-input\":\"required name=search_term_string\"}],\"inLanguage\":\"pt-BR\"},{\"@type\":\"Person\",\"@id\":\"https:\/\/dedemesquita.com.br\/#\/schema\/person\/36571f81dd2d76dc3ab37231542c9e24\",\"name\":\"Ded\u00e9 Mesquita\",\"image\":{\"@type\":\"ImageObject\",\"inLanguage\":\"pt-BR\",\"@id\":\"https:\/\/dedemesquita.com.br\/#\/schema\/person\/image\/\",\"url\":\"https:\/\/dedemesquita.com.br\/wp-content\/uploads\/2021\/02\/foto_perfil-150x150.jpg\",\"contentUrl\":\"https:\/\/dedemesquita.com.br\/wp-content\/uploads\/2021\/02\/foto_perfil-150x150.jpg\",\"caption\":\"Ded\u00e9 Mesquita\"},\"sameAs\":[\"https:\/\/dedemesquita.com.br\"]}]}<\/script>\n<!-- \/ Yoast SEO plugin. -->","yoast_head_json":{"title":"Quinta-feira \u00e9 dia de relembrar o passado da imprensa em Bel\u00e9m - Ded\u00e9 Mesquita","robots":{"index":"index","follow":"follow","max-snippet":"max-snippet:-1","max-image-preview":"max-image-preview:large","max-video-preview":"max-video-preview:-1"},"canonical":"https:\/\/dedemesquita.com.br\/?p=3815","og_locale":"pt_BR","og_type":"article","og_title":"Quinta-feira \u00e9 dia de relembrar o passado da imprensa em Bel\u00e9m - Ded\u00e9 Mesquita","og_description":"O tal TBT \u00e9 na quinta-feira e dia de relembrar o passado como fotos do coleguinhas em a\u00e7\u00e3o.","og_url":"https:\/\/dedemesquita.com.br\/?p=3815","og_site_name":"Ded\u00e9 Mesquita","article_publisher":"https:\/\/www.facebook.com\/dede.mesquita","article_published_time":"2022-03-31T19:04:04+00:00","article_modified_time":"2022-03-31T19:27:12+00:00","og_image":[{"width":986,"height":657,"url":"https:\/\/dedemesquita.com.br\/wp-content\/uploads\/2022\/03\/fabi.jpg","type":"image\/jpeg"}],"author":"Ded\u00e9 Mesquita","twitter_card":"summary_large_image","twitter_creator":"@dedemesquita","twitter_site":"@dedemesquita","twitter_misc":{"Escrito por":"Ded\u00e9 Mesquita","Est. tempo de leitura":"3 minutos"},"schema":{"@context":"https:\/\/schema.org","@graph":[{"@type":"WebPage","@id":"https:\/\/dedemesquita.com.br\/?p=3815","url":"https:\/\/dedemesquita.com.br\/?p=3815","name":"Quinta-feira \u00e9 dia de relembrar o passado da imprensa em Bel\u00e9m - Ded\u00e9 Mesquita","isPartOf":{"@id":"https:\/\/dedemesquita.com.br\/#website"},"datePublished":"2022-03-31T19:04:04+00:00","dateModified":"2022-03-31T19:27:12+00:00","author":{"@id":"https:\/\/dedemesquita.com.br\/#\/schema\/person\/36571f81dd2d76dc3ab37231542c9e24"},"breadcrumb":{"@id":"https:\/\/dedemesquita.com.br\/?p=3815#breadcrumb"},"inLanguage":"pt-BR","potentialAction":[{"@type":"ReadAction","target":["https:\/\/dedemesquita.com.br\/?p=3815"]}]},{"@type":"BreadcrumbList","@id":"https:\/\/dedemesquita.com.br\/?p=3815#breadcrumb","itemListElement":[{"@type":"ListItem","position":1,"name":"In\u00edcio","item":"https:\/\/dedemesquita.com.br\/"},{"@type":"ListItem","position":2,"name":"Quinta-feira \u00e9 dia de relembrar o passado da imprensa em Bel\u00e9m"}]},{"@type":"WebSite","@id":"https:\/\/dedemesquita.com.br\/#website","url":"https:\/\/dedemesquita.com.br\/","name":"Ded\u00e9 Mesquita","description":"Um site que mostra os bastidores da imprensa no estado do Par\u00e1 e em Bel\u00e9m","potentialAction":[{"@type":"SearchAction","target":{"@type":"EntryPoint","urlTemplate":"https:\/\/dedemesquita.com.br\/?s={search_term_string}"},"query-input":"required name=search_term_string"}],"inLanguage":"pt-BR"},{"@type":"Person","@id":"https:\/\/dedemesquita.com.br\/#\/schema\/person\/36571f81dd2d76dc3ab37231542c9e24","name":"Ded\u00e9 Mesquita","image":{"@type":"ImageObject","inLanguage":"pt-BR","@id":"https:\/\/dedemesquita.com.br\/#\/schema\/person\/image\/","url":"https:\/\/dedemesquita.com.br\/wp-content\/uploads\/2021\/02\/foto_perfil-150x150.jpg","contentUrl":"https:\/\/dedemesquita.com.br\/wp-content\/uploads\/2021\/02\/foto_perfil-150x150.jpg","caption":"Ded\u00e9 Mesquita"},"sameAs":["https:\/\/dedemesquita.com.br"]}]}},"_links":{"self":[{"href":"https:\/\/dedemesquita.com.br\/index.php?rest_route=\/wp\/v2\/posts\/3815"}],"collection":[{"href":"https:\/\/dedemesquita.com.br\/index.php?rest_route=\/wp\/v2\/posts"}],"about":[{"href":"https:\/\/dedemesquita.com.br\/index.php?rest_route=\/wp\/v2\/types\/post"}],"author":[{"embeddable":true,"href":"https:\/\/dedemesquita.com.br\/index.php?rest_route=\/wp\/v2\/users\/2"}],"replies":[{"embeddable":true,"href":"https:\/\/dedemesquita.com.br\/index.php?rest_route=%2Fwp%2Fv2%2Fcomments&post=3815"}],"version-history":[{"count":16,"href":"https:\/\/dedemesquita.com.br\/index.php?rest_route=\/wp\/v2\/posts\/3815\/revisions"}],"predecessor-version":[{"id":3847,"href":"https:\/\/dedemesquita.com.br\/index.php?rest_route=\/wp\/v2\/posts\/3815\/revisions\/3847"}],"wp:featuredmedia":[{"embeddable":true,"href":"https:\/\/dedemesquita.com.br\/index.php?rest_route=\/wp\/v2\/media\/3825"}],"wp:attachment":[{"href":"https:\/\/dedemesquita.com.br\/index.php?rest_route=%2Fwp%2Fv2%2Fmedia&parent=3815"}],"wp:term":[{"taxonomy":"category","embeddable":true,"href":"https:\/\/dedemesquita.com.br\/index.php?rest_route=%2Fwp%2Fv2%2Fcategories&post=3815"},{"taxonomy":"post_tag","embeddable":true,"href":"https:\/\/dedemesquita.com.br\/index.php?rest_route=%2Fwp%2Fv2%2Ftags&post=3815"}],"curies":[{"name":"wp","href":"https:\/\/api.w.org\/{rel}","templated":true}]}}