{"id":3677,"date":"2022-03-15T13:29:51","date_gmt":"2022-03-15T16:29:51","guid":{"rendered":"https:\/\/dedemesquita.com.br\/?p=3677"},"modified":"2022-03-15T20:33:01","modified_gmt":"2022-03-15T23:33:01","slug":"novo-episodio-da-serie-somente-a-verdade-e-outras-novas-da-imprensa-em-belem","status":"publish","type":"post","link":"https:\/\/dedemesquita.com.br\/?p=3677","title":{"rendered":"Novo epis\u00f3dio da s\u00e9rie Somente a Verdade e outras novas da imprensa em Bel\u00e9m"},"content":{"rendered":"\n<p>\u00c9 isso mesmo, &#8220;amigos da Rede Globo&#8221;, chega a ter\u00e7a-feira e temos que dar aquela atualizada no que est\u00e1 rolando na imprensa de Bel\u00e9m e do Par\u00e1.<\/p>\n\n\n\n<p><strong>Emasculados &#8211; <\/strong>J\u00e1 est\u00e1 em produ\u00e7\u00e3o o novo epis\u00f3dio da s\u00e9rie documental <strong>&#8220;Somente a Verdade&#8221;<\/strong>, do portal <strong>oliberal.com<\/strong>. A s\u00e9rie, que tem dire\u00e7\u00e3o geral de <strong>Daniel Nardin<\/strong> e <strong>Pascoal Gemaque<\/strong>, da TV Liberal, como jornalista respons\u00e1vel, mostra e relembra casos policiais que tiveram grande repercuss\u00e3o no Par\u00e1. O tema do pr\u00f3ximo epis\u00f3dio ser\u00e1 o caso dos meninos emasculados de Altamira. Uma hist\u00f3ria que mistura viol\u00eancia e at\u00e9 magia negra. <\/p>\n\n\n\n<p>Por ter tido muitos desdobramentos, esse epis\u00f3dio ser\u00e1 dividido em duas partes. Enquanto o novo epis\u00f3dio n\u00e3o chega, assista ao que est\u00e1 no ar, que versa sobre o assassinato de deputado paraense Paulo Fonteles. Veja aqui:<strong> <a href=\"https:\/\/www.oliberal.com\/play\/somente-a-verdade\/somente-a-verdade-ep-3-o-advogado-do-mato-o-assassinato-de-paulo-fonteles-1.488721\">https:\/\/www.oliberal.com\/play\/somente-a-verdade\/somente-a-verdade-ep-3-o-advogado-do-mato-o-assassinato-de-paulo-fonteles-1.488721<\/a><\/strong><\/p>\n\n\n\n<p><strong>TV Liberal &#8211; <\/strong>A TV Liberal est\u00e1 atravessando uma mar\u00e9 braba, desde 2019. Somente na semana passada, tr\u00eas jornalistas disseram adeus \u00e0quela emissora: <strong>M\u00e1rio Carvalho<\/strong>, <strong>Luciano Cuns<\/strong> e <strong>Mayron Gouveia<\/strong>. M\u00e1rio vai mudar at\u00e9 de cidade e come\u00e7ar\u00e1 em breve na Globo Recife, em Pernambuco; o Luciano fez o j\u00e1 famoso caminho que liga a avenida Nazar\u00e9 ao bairro do Marco e ser\u00e1 mais um na Secom-PA; e o Mayron vai exercer a fun\u00e7\u00e3o de advogado, j\u00e1 que \u00e9 formado em Direito tamb\u00e9m. Mas assim, papai!! <\/p>\n\n\n\n<div class=\"wp-block-image\"><figure class=\"aligncenter size-full\"><img loading=\"lazy\" decoding=\"async\" width=\"720\" height=\"755\" src=\"https:\/\/dedemesquita.com.br\/wp-content\/uploads\/2022\/03\/WhatsApp-Image-2022-03-14-at-13.02.41.jpeg\" alt=\"\" class=\"wp-image-3689\"\/><figcaption>Luciano Cuns na tradicional foto de boas-vindas da querida Verinha e de Alinne Passos, na morada nova, a Secom-PA <\/figcaption><\/figure><\/div>\n\n\n\n<div class=\"wp-block-image\"><figure class=\"aligncenter size-full\"><img loading=\"lazy\" decoding=\"async\" width=\"720\" height=\"780\" src=\"https:\/\/dedemesquita.com.br\/wp-content\/uploads\/2022\/03\/WhatsApp-Image-2022-03-15-at-14.05.22.jpeg\" alt=\"\" class=\"wp-image-3690\"\/><figcaption>M\u00e1rio Carvalho deixou a TV Liberal e vai para Recife (PE) <\/figcaption><\/figure><\/div>\n\n\n\n<p><strong>Jader &#8211; <\/strong>Por falar em Secom-PA, mais um fotojornalista deixou a secretaria. Desta vez foi o Jader Paes, que j\u00e1 teve passagens por O Liberal e Di\u00e1rio do Par\u00e1. <\/p>\n\n\n\n<p><strong>Yvana &#8211; Yvana Crizanto<\/strong> deixou a ag\u00eancia Oficina Consultoria, onde esteve por pouco mais de tr\u00eas anos e era coordenadora de comunica\u00e7\u00e3o digital para a Norte Energia, e come\u00e7ou agora em mar\u00e7o como executiva na Vianews Hotwire, de S\u00e3o Paulo, para o relacionamento com clientes e imprensa, com foco em Tecnologia e Finan\u00e7as. Ela foi anteriormente, por mais de seis anos, gerente de comunica\u00e7\u00e3o da Prodepa.<\/p>\n\n\n\n<div class=\"wp-block-image\"><figure class=\"aligncenter size-full\"><img loading=\"lazy\" decoding=\"async\" width=\"738\" height=\"485\" src=\"https:\/\/dedemesquita.com.br\/wp-content\/uploads\/2022\/03\/yavana.jpg\" alt=\"\" class=\"wp-image-3693\" srcset=\"https:\/\/dedemesquita.com.br\/wp-content\/uploads\/2022\/03\/yavana.jpg 738w, https:\/\/dedemesquita.com.br\/wp-content\/uploads\/2022\/03\/yavana-455x300.jpg 455w\" sizes=\"(max-width: 738px) 100vw, 738px\" \/><figcaption>Yvana Crizanto deixou a Norte Energia <\/figcaption><\/figure><\/div>\n\n\n\n<p><strong>Feira do Som &#8211;<\/strong> Na semana passado o tradicional programa de r\u00e1dio paraense <strong>A Feira do Som<\/strong> completou 50 anos ininterruptos no ar. A Feira come\u00e7ou na antiga R\u00e1dio Clube, passou pela extinta R\u00e1dio Cidade e estacionou na R\u00e1dio Cultura FM, onde est\u00e1 at\u00e9 hoje, sob o comando do radialista e jornalista <strong>Edgar Augusto Proen\u00e7a<\/strong>. Daqui mandamos os votos de muitos mais anos no ar para A Feira do Som.<\/p>\n\n\n\n<div class=\"wp-block-image\"><figure class=\"aligncenter size-full\"><img loading=\"lazy\" decoding=\"async\" width=\"857\" height=\"561\" src=\"https:\/\/dedemesquita.com.br\/wp-content\/uploads\/2022\/03\/EDGAR_AUGUSTO.jpg\" alt=\"\" class=\"wp-image-3688\" srcset=\"https:\/\/dedemesquita.com.br\/wp-content\/uploads\/2022\/03\/EDGAR_AUGUSTO.jpg 857w, https:\/\/dedemesquita.com.br\/wp-content\/uploads\/2022\/03\/EDGAR_AUGUSTO-768x503.jpg 768w\" sizes=\"(max-width: 857px) 100vw, 857px\" \/><figcaption>&#8220;Meus amigos da Cultura, fala o Edgar Augusto&#8221;, quem nunca ouviu esse bord\u00e3o? <\/figcaption><\/figure><\/div>\n\n\n\n<p><strong>Homenagem &#8211;<\/strong> A jornalista <strong>C\u00e9lia Pinho<\/strong>, merecidamente, foi eleita uma das Mulheres do Ano 2021 pela revista Bacana, de Marcelo Marques, que acaba de completar 20 anos. A festa foi realizada na semana passada. <\/p>\n\n\n\n<div class=\"wp-block-image\"><figure class=\"aligncenter size-full\"><img loading=\"lazy\" decoding=\"async\" width=\"950\" height=\"1098\" src=\"https:\/\/dedemesquita.com.br\/wp-content\/uploads\/2022\/03\/CELIA_PINHO.jpg\" alt=\"\" class=\"wp-image-3685\" srcset=\"https:\/\/dedemesquita.com.br\/wp-content\/uploads\/2022\/03\/CELIA_PINHO.jpg 950w, https:\/\/dedemesquita.com.br\/wp-content\/uploads\/2022\/03\/CELIA_PINHO-768x888.jpg 768w\" sizes=\"(max-width: 950px) 100vw, 950px\" \/><figcaption>Ela n\u00e3o anda, ela desfila. C\u00e9lia Pinho na festa do Bacana que homenageou as Mulheres do Ano 2021<\/figcaption><\/figure><\/div>\n\n\n\n<p><strong>Sess\u00e3o Mam\u00e3es Jornalistas &#8211;<\/strong> Vez por outra, temos um verdadeiro <em>baby boom<\/em> na imprensa de Bel\u00e9m. Na semana passada chegou Maria Flor, primeira filha da jornalista <strong>Lissa de Alexandria<\/strong>, que trabalha no G1 Par\u00e1. As jornalistas <strong>Ang\u00e9lica Nunes<\/strong> e <strong>J\u00fassia Carvalho<\/strong> est\u00e3o esperando seus segundos beb\u00eas. Ang\u00e9lica j\u00e1 \u00e9 m\u00e3e da Valentina e J\u00fassia, do In\u00e1cio, que vai ganhar o irm\u00e3ozinho Vicente. <\/p>\n\n\n\n<div class=\"wp-block-image\"><figure class=\"aligncenter size-full\"><img loading=\"lazy\" decoding=\"async\" width=\"720\" height=\"843\" src=\"https:\/\/dedemesquita.com.br\/wp-content\/uploads\/2022\/03\/WhatsApp-Image-2022-03-15-at-14.05.23.jpeg\" alt=\"\" class=\"wp-image-3686\"\/><figcaption>J\u00fassia Carvalho ser\u00e1 m\u00e3e de Vicente, em breve. Ela j\u00e1 \u00e9 mam\u00e3e do In\u00e1cio <\/figcaption><\/figure><\/div>\n\n\n\n<p><strong>Visita &#8211;<\/strong> Quem est\u00e1 por l\u00e1 num <em>tour<\/em> de f\u00e9rias em Bel\u00e9m \u00e9 a <strong>Irna Cavalcante<\/strong>, jornalista paraense que mora em Fortaleza (CE) e trabalha no jornal O Povo. Irna veio com toda fam\u00edlia e aproveitou para mostrar a capital paraense para a ca\u00e7ula dela, a Bruna. Na programa\u00e7\u00e3o, muitos reencontros com os amigos jornalistas de Bel\u00e9m. <\/p>\n\n\n\n<div class=\"wp-block-image\"><figure class=\"aligncenter size-full\"><img loading=\"lazy\" decoding=\"async\" width=\"1000\" height=\"609\" src=\"https:\/\/dedemesquita.com.br\/wp-content\/uploads\/2022\/03\/irna.jpg\" alt=\"\" class=\"wp-image-3687\" srcset=\"https:\/\/dedemesquita.com.br\/wp-content\/uploads\/2022\/03\/irna.jpg 1000w, https:\/\/dedemesquita.com.br\/wp-content\/uploads\/2022\/03\/irna-768x468.jpg 768w\" sizes=\"(max-width: 1000px) 100vw, 1000px\" \/><figcaption>Irna Cavalcante (a loura ao centro), com as amigas jornalistas de Bel\u00e9m (da esquerda pra direita), Aline Brelaz, Myriam Magalh\u00e3es, Alexandra Cavalcanti, Leidemar Oliveira e Marly Quadros <\/figcaption><\/figure><\/div>\n","protected":false},"excerpt":{"rendered":"<p>\u00c9 isso mesmo, &#8220;amigos da Rede Globo&#8221;, chega a ter\u00e7a-feira e temos que dar aquela atualizada no que est\u00e1 rolando na imprensa de Bel\u00e9m e do Par\u00e1. Emasculados &#8211; J\u00e1 est\u00e1 em produ\u00e7\u00e3o o novo epis\u00f3dio da s\u00e9rie documental &#8220;Somente a Verdade&#8221;, do portal oliberal.com. A s\u00e9rie, que tem dire\u00e7\u00e3o geral de Daniel Nardin e [&hellip;]<\/p>\n","protected":false},"author":2,"featured_media":3695,"comment_status":"open","ping_status":"open","sticky":false,"template":"","format":"standard","meta":{"footnotes":""},"categories":[51,14,29],"tags":[119,120,144,143,150,137],"class_list":["post-3677","post","type-post","status-publish","format-standard","has-post-thumbnail","hentry","category-destaque","category-imprensa","category-jornalismo","tag-jornalismo","tag-jornalistas-paraenses-em-acao","tag-o-liberal","tag-radio-cultura-fm","tag-secom-pa","tag-tv-liberal"],"yoast_head":"<!-- This site is optimized with the Yoast SEO plugin v19.10 - https:\/\/yoast.com\/wordpress\/plugins\/seo\/ -->\n<title>Novo epis\u00f3dio da s\u00e9rie Somente a Verdade e outras novas da imprensa em Bel\u00e9m - Ded\u00e9 Mesquita<\/title>\n<meta name=\"robots\" content=\"index, follow, max-snippet:-1, max-image-preview:large, max-video-preview:-1\" \/>\n<link rel=\"canonical\" href=\"https:\/\/dedemesquita.com.br\/?p=3677\" \/>\n<meta property=\"og:locale\" content=\"pt_BR\" \/>\n<meta property=\"og:type\" content=\"article\" \/>\n<meta property=\"og:title\" content=\"Novo epis\u00f3dio da s\u00e9rie Somente a Verdade e outras novas da imprensa em Bel\u00e9m - Ded\u00e9 Mesquita\" \/>\n<meta property=\"og:description\" content=\"\u00c9 isso mesmo, &#8220;amigos da Rede Globo&#8221;, chega a ter\u00e7a-feira e temos que dar aquela atualizada no que est\u00e1 rolando na imprensa de Bel\u00e9m e do Par\u00e1. Emasculados &#8211; J\u00e1 est\u00e1 em produ\u00e7\u00e3o o novo epis\u00f3dio da s\u00e9rie documental &#8220;Somente a Verdade&#8221;, do portal oliberal.com. A s\u00e9rie, que tem dire\u00e7\u00e3o geral de Daniel Nardin e [&hellip;]\" \/>\n<meta property=\"og:url\" content=\"https:\/\/dedemesquita.com.br\/?p=3677\" \/>\n<meta property=\"og:site_name\" content=\"Ded\u00e9 Mesquita\" \/>\n<meta property=\"article:publisher\" content=\"https:\/\/www.facebook.com\/dede.mesquita\" \/>\n<meta property=\"article:published_time\" content=\"2022-03-15T16:29:51+00:00\" \/>\n<meta property=\"article:modified_time\" content=\"2022-03-15T23:33:01+00:00\" \/>\n<meta property=\"og:image\" content=\"https:\/\/dedemesquita.com.br\/wp-content\/uploads\/2022\/03\/emascu.png\" \/>\n\t<meta property=\"og:image:width\" content=\"662\" \/>\n\t<meta property=\"og:image:height\" content=\"429\" \/>\n\t<meta property=\"og:image:type\" content=\"image\/png\" \/>\n<meta name=\"author\" content=\"Ded\u00e9 Mesquita\" \/>\n<meta name=\"twitter:card\" content=\"summary_large_image\" \/>\n<meta name=\"twitter:creator\" content=\"@dedemesquita\" \/>\n<meta name=\"twitter:site\" content=\"@dedemesquita\" \/>\n<meta name=\"twitter:label1\" content=\"Escrito por\" \/>\n\t<meta name=\"twitter:data1\" content=\"Ded\u00e9 Mesquita\" \/>\n\t<meta name=\"twitter:label2\" content=\"Est. tempo de leitura\" \/>\n\t<meta name=\"twitter:data2\" content=\"5 minutos\" \/>\n<script type=\"application\/ld+json\" class=\"yoast-schema-graph\">{\"@context\":\"https:\/\/schema.org\",\"@graph\":[{\"@type\":\"WebPage\",\"@id\":\"https:\/\/dedemesquita.com.br\/?p=3677\",\"url\":\"https:\/\/dedemesquita.com.br\/?p=3677\",\"name\":\"Novo epis\u00f3dio da s\u00e9rie Somente a Verdade e outras novas da imprensa em Bel\u00e9m - Ded\u00e9 Mesquita\",\"isPartOf\":{\"@id\":\"https:\/\/dedemesquita.com.br\/#website\"},\"datePublished\":\"2022-03-15T16:29:51+00:00\",\"dateModified\":\"2022-03-15T23:33:01+00:00\",\"author\":{\"@id\":\"https:\/\/dedemesquita.com.br\/#\/schema\/person\/36571f81dd2d76dc3ab37231542c9e24\"},\"breadcrumb\":{\"@id\":\"https:\/\/dedemesquita.com.br\/?p=3677#breadcrumb\"},\"inLanguage\":\"pt-BR\",\"potentialAction\":[{\"@type\":\"ReadAction\",\"target\":[\"https:\/\/dedemesquita.com.br\/?p=3677\"]}]},{\"@type\":\"BreadcrumbList\",\"@id\":\"https:\/\/dedemesquita.com.br\/?p=3677#breadcrumb\",\"itemListElement\":[{\"@type\":\"ListItem\",\"position\":1,\"name\":\"In\u00edcio\",\"item\":\"https:\/\/dedemesquita.com.br\/\"},{\"@type\":\"ListItem\",\"position\":2,\"name\":\"Novo epis\u00f3dio da s\u00e9rie Somente a Verdade e outras novas da imprensa em Bel\u00e9m\"}]},{\"@type\":\"WebSite\",\"@id\":\"https:\/\/dedemesquita.com.br\/#website\",\"url\":\"https:\/\/dedemesquita.com.br\/\",\"name\":\"Ded\u00e9 Mesquita\",\"description\":\"Um site que mostra os bastidores da imprensa no estado do Par\u00e1 e em Bel\u00e9m\",\"potentialAction\":[{\"@type\":\"SearchAction\",\"target\":{\"@type\":\"EntryPoint\",\"urlTemplate\":\"https:\/\/dedemesquita.com.br\/?s={search_term_string}\"},\"query-input\":\"required name=search_term_string\"}],\"inLanguage\":\"pt-BR\"},{\"@type\":\"Person\",\"@id\":\"https:\/\/dedemesquita.com.br\/#\/schema\/person\/36571f81dd2d76dc3ab37231542c9e24\",\"name\":\"Ded\u00e9 Mesquita\",\"image\":{\"@type\":\"ImageObject\",\"inLanguage\":\"pt-BR\",\"@id\":\"https:\/\/dedemesquita.com.br\/#\/schema\/person\/image\/\",\"url\":\"https:\/\/dedemesquita.com.br\/wp-content\/uploads\/2021\/02\/foto_perfil-150x150.jpg\",\"contentUrl\":\"https:\/\/dedemesquita.com.br\/wp-content\/uploads\/2021\/02\/foto_perfil-150x150.jpg\",\"caption\":\"Ded\u00e9 Mesquita\"},\"sameAs\":[\"https:\/\/dedemesquita.com.br\"]}]}<\/script>\n<!-- \/ Yoast SEO plugin. -->","yoast_head_json":{"title":"Novo epis\u00f3dio da s\u00e9rie Somente a Verdade e outras novas da imprensa em Bel\u00e9m - Ded\u00e9 Mesquita","robots":{"index":"index","follow":"follow","max-snippet":"max-snippet:-1","max-image-preview":"max-image-preview:large","max-video-preview":"max-video-preview:-1"},"canonical":"https:\/\/dedemesquita.com.br\/?p=3677","og_locale":"pt_BR","og_type":"article","og_title":"Novo epis\u00f3dio da s\u00e9rie Somente a Verdade e outras novas da imprensa em Bel\u00e9m - Ded\u00e9 Mesquita","og_description":"\u00c9 isso mesmo, &#8220;amigos da Rede Globo&#8221;, chega a ter\u00e7a-feira e temos que dar aquela atualizada no que est\u00e1 rolando na imprensa de Bel\u00e9m e do Par\u00e1. Emasculados &#8211; J\u00e1 est\u00e1 em produ\u00e7\u00e3o o novo epis\u00f3dio da s\u00e9rie documental &#8220;Somente a Verdade&#8221;, do portal oliberal.com. A s\u00e9rie, que tem dire\u00e7\u00e3o geral de Daniel Nardin e [&hellip;]","og_url":"https:\/\/dedemesquita.com.br\/?p=3677","og_site_name":"Ded\u00e9 Mesquita","article_publisher":"https:\/\/www.facebook.com\/dede.mesquita","article_published_time":"2022-03-15T16:29:51+00:00","article_modified_time":"2022-03-15T23:33:01+00:00","og_image":[{"width":662,"height":429,"url":"https:\/\/dedemesquita.com.br\/wp-content\/uploads\/2022\/03\/emascu.png","type":"image\/png"}],"author":"Ded\u00e9 Mesquita","twitter_card":"summary_large_image","twitter_creator":"@dedemesquita","twitter_site":"@dedemesquita","twitter_misc":{"Escrito por":"Ded\u00e9 Mesquita","Est. tempo de leitura":"5 minutos"},"schema":{"@context":"https:\/\/schema.org","@graph":[{"@type":"WebPage","@id":"https:\/\/dedemesquita.com.br\/?p=3677","url":"https:\/\/dedemesquita.com.br\/?p=3677","name":"Novo epis\u00f3dio da s\u00e9rie Somente a Verdade e outras novas da imprensa em Bel\u00e9m - Ded\u00e9 Mesquita","isPartOf":{"@id":"https:\/\/dedemesquita.com.br\/#website"},"datePublished":"2022-03-15T16:29:51+00:00","dateModified":"2022-03-15T23:33:01+00:00","author":{"@id":"https:\/\/dedemesquita.com.br\/#\/schema\/person\/36571f81dd2d76dc3ab37231542c9e24"},"breadcrumb":{"@id":"https:\/\/dedemesquita.com.br\/?p=3677#breadcrumb"},"inLanguage":"pt-BR","potentialAction":[{"@type":"ReadAction","target":["https:\/\/dedemesquita.com.br\/?p=3677"]}]},{"@type":"BreadcrumbList","@id":"https:\/\/dedemesquita.com.br\/?p=3677#breadcrumb","itemListElement":[{"@type":"ListItem","position":1,"name":"In\u00edcio","item":"https:\/\/dedemesquita.com.br\/"},{"@type":"ListItem","position":2,"name":"Novo epis\u00f3dio da s\u00e9rie Somente a Verdade e outras novas da imprensa em Bel\u00e9m"}]},{"@type":"WebSite","@id":"https:\/\/dedemesquita.com.br\/#website","url":"https:\/\/dedemesquita.com.br\/","name":"Ded\u00e9 Mesquita","description":"Um site que mostra os bastidores da imprensa no estado do Par\u00e1 e em Bel\u00e9m","potentialAction":[{"@type":"SearchAction","target":{"@type":"EntryPoint","urlTemplate":"https:\/\/dedemesquita.com.br\/?s={search_term_string}"},"query-input":"required name=search_term_string"}],"inLanguage":"pt-BR"},{"@type":"Person","@id":"https:\/\/dedemesquita.com.br\/#\/schema\/person\/36571f81dd2d76dc3ab37231542c9e24","name":"Ded\u00e9 Mesquita","image":{"@type":"ImageObject","inLanguage":"pt-BR","@id":"https:\/\/dedemesquita.com.br\/#\/schema\/person\/image\/","url":"https:\/\/dedemesquita.com.br\/wp-content\/uploads\/2021\/02\/foto_perfil-150x150.jpg","contentUrl":"https:\/\/dedemesquita.com.br\/wp-content\/uploads\/2021\/02\/foto_perfil-150x150.jpg","caption":"Ded\u00e9 Mesquita"},"sameAs":["https:\/\/dedemesquita.com.br"]}]}},"_links":{"self":[{"href":"https:\/\/dedemesquita.com.br\/index.php?rest_route=\/wp\/v2\/posts\/3677"}],"collection":[{"href":"https:\/\/dedemesquita.com.br\/index.php?rest_route=\/wp\/v2\/posts"}],"about":[{"href":"https:\/\/dedemesquita.com.br\/index.php?rest_route=\/wp\/v2\/types\/post"}],"author":[{"embeddable":true,"href":"https:\/\/dedemesquita.com.br\/index.php?rest_route=\/wp\/v2\/users\/2"}],"replies":[{"embeddable":true,"href":"https:\/\/dedemesquita.com.br\/index.php?rest_route=%2Fwp%2Fv2%2Fcomments&post=3677"}],"version-history":[{"count":9,"href":"https:\/\/dedemesquita.com.br\/index.php?rest_route=\/wp\/v2\/posts\/3677\/revisions"}],"predecessor-version":[{"id":3702,"href":"https:\/\/dedemesquita.com.br\/index.php?rest_route=\/wp\/v2\/posts\/3677\/revisions\/3702"}],"wp:featuredmedia":[{"embeddable":true,"href":"https:\/\/dedemesquita.com.br\/index.php?rest_route=\/wp\/v2\/media\/3695"}],"wp:attachment":[{"href":"https:\/\/dedemesquita.com.br\/index.php?rest_route=%2Fwp%2Fv2%2Fmedia&parent=3677"}],"wp:term":[{"taxonomy":"category","embeddable":true,"href":"https:\/\/dedemesquita.com.br\/index.php?rest_route=%2Fwp%2Fv2%2Fcategories&post=3677"},{"taxonomy":"post_tag","embeddable":true,"href":"https:\/\/dedemesquita.com.br\/index.php?rest_route=%2Fwp%2Fv2%2Ftags&post=3677"}],"curies":[{"name":"wp","href":"https:\/\/api.w.org\/{rel}","templated":true}]}}