{"id":3603,"date":"2022-02-22T22:27:47","date_gmt":"2022-02-23T01:27:47","guid":{"rendered":"https:\/\/dedemesquita.com.br\/?p=3603"},"modified":"2022-02-22T22:36:12","modified_gmt":"2022-02-23T01:36:12","slug":"projeto-de-o-liberal-e-selecionado-a-programa-patrocinado-pelo-facebook","status":"publish","type":"post","link":"https:\/\/dedemesquita.com.br\/?p=3603","title":{"rendered":"Projeto de O Liberal \u00e9 selecionado a programa patrocinado pelo Meta\/Facebook"},"content":{"rendered":"\n<p>Semana com poucas novidades novamente, mas sempre h\u00e1 um jeitinho de trazer as novas da imprensa paraense para c\u00e1.<\/p>\n\n\n\n<p><strong>Meta &#8211; <\/strong>Um projeto da Reda\u00e7\u00e3o Integrada O Liberal foi aprovado e est\u00e1 entre os 25 ve\u00edculos de todo Brasil a participar do programa <strong>\u201cAcelerando a Transforma\u00e7\u00e3o Digital\u201d<\/strong>, realizado pela Meta Journalism Project, empresa que re\u00fane Facebook e Instagram; Centro Internacional para Jornalistas (ICFJ); Associa\u00e7\u00e3o Nacional de Jornais (ANJ) e Associa\u00e7\u00e3o Nacional dos Editores de Revistas (Aner). \u00c0 frente do projeto do grupo Liberal, o \u00fanico selecionado da regi\u00e3o Norte do pa\u00eds, est\u00e3o Daniel Nardin, Carlos Fellip e Rafael Silveira<strong>.<\/strong><\/p>\n\n\n\n<p><strong>Thiago &#8211; <\/strong>O jornalista <strong>Thiago Barros<\/strong>, que era produtor da TV Liberal em Bel\u00e9m, \u00e9 o mais novo rep\u00f3rter dessa emissora, em Parauapebas, regi\u00e3o sudeste do Par\u00e1<strong>.<\/strong><\/p>\n\n\n\n<div class=\"wp-block-image\"><figure class=\"aligncenter size-full\"><img loading=\"lazy\" decoding=\"async\" width=\"709\" height=\"564\" src=\"https:\/\/dedemesquita.com.br\/wp-content\/uploads\/2022\/02\/WhatsApp-Image-2022-02-22-at-22.17.21.jpeg\" alt=\"\" class=\"wp-image-3606\"\/><figcaption>Thiago Barros \u00e9 o novo rep\u00f3rter da TV Liberal em Parauapebas <\/figcaption><\/figure><\/div>\n\n\n\n<p><strong>Diego &#8211; <\/strong>O jornalista <strong>Diego Monteiro<\/strong>, depois de um temporada na comunica\u00e7\u00e3o do Hospital Metropolitano, estava contribuindo para as colunas do Mauro Bonna. Mas agora, ele passa a fazer parte do time de rep\u00f3rteres do jornal Di\u00e1rio do Par\u00e1.<\/p>\n\n\n\n<div class=\"wp-block-image\"><figure class=\"aligncenter size-full\"><img loading=\"lazy\" decoding=\"async\" width=\"1000\" height=\"744\" src=\"https:\/\/dedemesquita.com.br\/wp-content\/uploads\/2022\/02\/DIEGO_MONTEIRO.jpeg\" alt=\"\" class=\"wp-image-3607\" srcset=\"https:\/\/dedemesquita.com.br\/wp-content\/uploads\/2022\/02\/DIEGO_MONTEIRO.jpeg 1000w, https:\/\/dedemesquita.com.br\/wp-content\/uploads\/2022\/02\/DIEGO_MONTEIRO-768x571.jpeg 768w\" sizes=\"(max-width: 1000px) 100vw, 1000px\" \/><figcaption>Diego Monteiro mostra logo onde ele est\u00e1 <\/figcaption><\/figure><\/div>\n\n\n\n<p><strong>Ana Vict\u00f3ria &#8211; <\/strong>A jornalista <strong>Ana Vict\u00f3ria Botelho<\/strong>, com passagem pela produ\u00e7\u00e3o da TV Liberal, assumiu a assessoria da Oncol\u00f3gica do Brasil.<\/p>\n\n\n\n<div class=\"wp-block-image\"><figure class=\"aligncenter size-full\"><img loading=\"lazy\" decoding=\"async\" width=\"1000\" height=\"706\" src=\"https:\/\/dedemesquita.com.br\/wp-content\/uploads\/2022\/02\/ANA_VITORIA.jpeg\" alt=\"\" class=\"wp-image-3608\" srcset=\"https:\/\/dedemesquita.com.br\/wp-content\/uploads\/2022\/02\/ANA_VITORIA.jpeg 1000w, https:\/\/dedemesquita.com.br\/wp-content\/uploads\/2022\/02\/ANA_VITORIA-768x542.jpeg 768w\" sizes=\"(max-width: 1000px) 100vw, 1000px\" \/><figcaption>Ana Vict\u00f3ria est\u00e1 na assessoria da  Oncol\u00f3gica do Brasil <\/figcaption><\/figure><\/div>\n\n\n\n<p><strong>Muito tric\u00f4 &#8211; <\/strong>As jornalistas <strong>Adelaide Oliveira<\/strong>, ex-presidente da Funtelpa, e <strong>Rita Soares<\/strong>, colunista de O Liberal, est\u00e3o promovendo lives pelos perfis do Instagram delas, nas quais rolam o \u201cmaior tric\u00f4\u201d. Fiquem de olho nas redes sociais das meninas, porque elas falam dos mais diversos assuntos, mas que t\u00eam grande import\u00e2ncia no dia a dia de todos.<\/p>\n\n\n\n<div class=\"wp-block-image\"><figure class=\"aligncenter size-full\"><img loading=\"lazy\" decoding=\"async\" width=\"1280\" height=\"880\" src=\"https:\/\/dedemesquita.com.br\/wp-content\/uploads\/2022\/02\/WhatsApp-Image-2022-02-22-at-22.15.28.jpeg\" alt=\"\" class=\"wp-image-3609\" srcset=\"https:\/\/dedemesquita.com.br\/wp-content\/uploads\/2022\/02\/WhatsApp-Image-2022-02-22-at-22.15.28.jpeg 1280w, https:\/\/dedemesquita.com.br\/wp-content\/uploads\/2022\/02\/WhatsApp-Image-2022-02-22-at-22.15.28-768x528.jpeg 768w\" sizes=\"(max-width: 1280px) 100vw, 1280px\" \/><figcaption>Rita Soares e Adelaide Oliveira conversam sobre os mais variados assuntos (foto de Walda Marques) <\/figcaption><\/figure><\/div>\n\n\n\n<p><strong>Document\u00e1rio de Ariela &#8211; <\/strong>Na ter\u00e7a-feira passada, dia 15, o Canal Futura exibiu o document\u00e1rio \u201cRessignificando a Identidade na Inf\u00e2ncia\u201d, em parceria com a Funda\u00e7\u00e3o Maria Cec\u00edlia Souto Vidigal. A dire\u00e7\u00e3o \u00e9 da jornalista paraense, formada pela Unama, e produtora de audiovisual <strong>Ariela Motizuki<\/strong>. O filme retrata a hist\u00f3ria de Jorge e Ana Lu\u00edsa, crian\u00e7as quilombolas da comunidade Abacatal, em Ananindeua, munic\u00edpio da Regi\u00e3o Metropolitana de Bel\u00e9m, no Par\u00e1. Esta \u00e9 a terceira produ\u00e7\u00e3o de Ariela para o Canal Futura.<\/p>\n\n\n\n<div class=\"wp-block-image\"><figure class=\"aligncenter size-full\"><img loading=\"lazy\" decoding=\"async\" width=\"600\" height=\"399\" src=\"https:\/\/dedemesquita.com.br\/wp-content\/uploads\/2022\/02\/ARIELLA.jpg\" alt=\"\" class=\"wp-image-3610\"\/><figcaption>Ariela Motizuki no set do \u00faltimo document\u00e1rio que dirigiu para o Canal Futura <\/figcaption><\/figure><\/div>\n\n\n\n<p><strong>Novo blog de not\u00edcias &#8211; <\/strong>O rep\u00f3rter <strong>Igor Wilson<\/strong>, do portal Di\u00e1rio Online (Dol) h\u00e1 cinco anos, criou um blog de reportagens chamado A Base. Nele, ele conta hist\u00f3rias das pessoas da periferia, ou seja, da grande maioria dos paraenses. A primeira reportagem se chama &#8220;Era uma vez um portinho&#8221;, sobre um pequeno porto na S\u00e9tima Rua, em Icoaraci, que era tranquilo, uma rota alternativa, mas que se tornou um caos di\u00e1rio, depois que a ponte que liga Icoaraci a Outeiro foi interditada por causa de danos na estrutura. O link \u00e9 este aqui: <strong><a href=\"https:\/\/abasedotblog.wordpress.com\/\">https:\/\/abasedotblog.wordpress.com\/<\/a><\/strong><\/p>\n\n\n\n<div class=\"wp-block-image\"><figure class=\"aligncenter size-full\"><img loading=\"lazy\" decoding=\"async\" width=\"1000\" height=\"742\" src=\"https:\/\/dedemesquita.com.br\/wp-content\/uploads\/2022\/02\/IGOR_WILSON.jpg\" alt=\"\" class=\"wp-image-3611\" srcset=\"https:\/\/dedemesquita.com.br\/wp-content\/uploads\/2022\/02\/IGOR_WILSON.jpg 1000w, https:\/\/dedemesquita.com.br\/wp-content\/uploads\/2022\/02\/IGOR_WILSON-768x570.jpg 768w\" sizes=\"(max-width: 1000px) 100vw, 1000px\" \/><figcaption>Igor Wilson lan\u00e7ou o blog de not\u00edcias A Base <\/figcaption><\/figure><\/div>\n","protected":false},"excerpt":{"rendered":"<p>Semana com poucas novidades novamente, mas sempre h\u00e1 um jeitinho de trazer as novas da imprensa paraense para c\u00e1. Meta &#8211; Um projeto da Reda\u00e7\u00e3o Integrada O Liberal foi aprovado e est\u00e1 entre os 25 ve\u00edculos de todo Brasil a participar do programa \u201cAcelerando a Transforma\u00e7\u00e3o Digital\u201d, realizado pela Meta Journalism Project, empresa que re\u00fane [&hellip;]<\/p>\n","protected":false},"author":2,"featured_media":3376,"comment_status":"open","ping_status":"open","sticky":false,"template":"","format":"standard","meta":{"footnotes":""},"categories":[51,14,29],"tags":[181,184,119,120,144,137],"class_list":["post-3603","post","type-post","status-publish","format-standard","has-post-thumbnail","hentry","category-destaque","category-imprensa","category-jornalismo","tag-diario-do-para","tag-dol","tag-jornalismo","tag-jornalistas-paraenses-em-acao","tag-o-liberal","tag-tv-liberal"],"yoast_head":"<!-- This site is optimized with the Yoast SEO plugin v19.10 - https:\/\/yoast.com\/wordpress\/plugins\/seo\/ -->\n<title>Projeto de O Liberal \u00e9 selecionado a programa patrocinado pelo Meta\/Facebook - Ded\u00e9 Mesquita<\/title>\n<meta name=\"robots\" content=\"index, follow, max-snippet:-1, max-image-preview:large, max-video-preview:-1\" \/>\n<link rel=\"canonical\" href=\"https:\/\/dedemesquita.com.br\/?p=3603\" \/>\n<meta property=\"og:locale\" content=\"pt_BR\" \/>\n<meta property=\"og:type\" content=\"article\" \/>\n<meta property=\"og:title\" content=\"Projeto de O Liberal \u00e9 selecionado a programa patrocinado pelo Meta\/Facebook - Ded\u00e9 Mesquita\" \/>\n<meta property=\"og:description\" content=\"Semana com poucas novidades novamente, mas sempre h\u00e1 um jeitinho de trazer as novas da imprensa paraense para c\u00e1. Meta &#8211; Um projeto da Reda\u00e7\u00e3o Integrada O Liberal foi aprovado e est\u00e1 entre os 25 ve\u00edculos de todo Brasil a participar do programa \u201cAcelerando a Transforma\u00e7\u00e3o Digital\u201d, realizado pela Meta Journalism Project, empresa que re\u00fane [&hellip;]\" \/>\n<meta property=\"og:url\" content=\"https:\/\/dedemesquita.com.br\/?p=3603\" \/>\n<meta property=\"og:site_name\" content=\"Ded\u00e9 Mesquita\" \/>\n<meta property=\"article:publisher\" content=\"https:\/\/www.facebook.com\/dede.mesquita\" \/>\n<meta property=\"article:published_time\" content=\"2022-02-23T01:27:47+00:00\" \/>\n<meta property=\"article:modified_time\" content=\"2022-02-23T01:36:12+00:00\" \/>\n<meta property=\"og:image\" content=\"https:\/\/dedemesquita.com.br\/wp-content\/uploads\/2022\/01\/WhatsApp-Image-2022-01-13-at-16.24.50.jpeg\" \/>\n\t<meta property=\"og:image:width\" content=\"1000\" \/>\n\t<meta property=\"og:image:height\" content=\"562\" \/>\n\t<meta property=\"og:image:type\" content=\"image\/jpeg\" \/>\n<meta name=\"author\" content=\"Ded\u00e9 Mesquita\" \/>\n<meta name=\"twitter:card\" content=\"summary_large_image\" \/>\n<meta name=\"twitter:creator\" content=\"@dedemesquita\" \/>\n<meta name=\"twitter:site\" content=\"@dedemesquita\" \/>\n<meta name=\"twitter:label1\" content=\"Escrito por\" \/>\n\t<meta name=\"twitter:data1\" content=\"Ded\u00e9 Mesquita\" \/>\n\t<meta name=\"twitter:label2\" content=\"Est. tempo de leitura\" \/>\n\t<meta name=\"twitter:data2\" content=\"4 minutos\" \/>\n<script type=\"application\/ld+json\" class=\"yoast-schema-graph\">{\"@context\":\"https:\/\/schema.org\",\"@graph\":[{\"@type\":\"WebPage\",\"@id\":\"https:\/\/dedemesquita.com.br\/?p=3603\",\"url\":\"https:\/\/dedemesquita.com.br\/?p=3603\",\"name\":\"Projeto de O Liberal \u00e9 selecionado a programa patrocinado pelo Meta\/Facebook - Ded\u00e9 Mesquita\",\"isPartOf\":{\"@id\":\"https:\/\/dedemesquita.com.br\/#website\"},\"datePublished\":\"2022-02-23T01:27:47+00:00\",\"dateModified\":\"2022-02-23T01:36:12+00:00\",\"author\":{\"@id\":\"https:\/\/dedemesquita.com.br\/#\/schema\/person\/36571f81dd2d76dc3ab37231542c9e24\"},\"breadcrumb\":{\"@id\":\"https:\/\/dedemesquita.com.br\/?p=3603#breadcrumb\"},\"inLanguage\":\"pt-BR\",\"potentialAction\":[{\"@type\":\"ReadAction\",\"target\":[\"https:\/\/dedemesquita.com.br\/?p=3603\"]}]},{\"@type\":\"BreadcrumbList\",\"@id\":\"https:\/\/dedemesquita.com.br\/?p=3603#breadcrumb\",\"itemListElement\":[{\"@type\":\"ListItem\",\"position\":1,\"name\":\"In\u00edcio\",\"item\":\"https:\/\/dedemesquita.com.br\/\"},{\"@type\":\"ListItem\",\"position\":2,\"name\":\"Projeto de O Liberal \u00e9 selecionado a programa patrocinado pelo Meta\/Facebook\"}]},{\"@type\":\"WebSite\",\"@id\":\"https:\/\/dedemesquita.com.br\/#website\",\"url\":\"https:\/\/dedemesquita.com.br\/\",\"name\":\"Ded\u00e9 Mesquita\",\"description\":\"Um site que mostra os bastidores da imprensa no estado do Par\u00e1 e em Bel\u00e9m\",\"potentialAction\":[{\"@type\":\"SearchAction\",\"target\":{\"@type\":\"EntryPoint\",\"urlTemplate\":\"https:\/\/dedemesquita.com.br\/?s={search_term_string}\"},\"query-input\":\"required name=search_term_string\"}],\"inLanguage\":\"pt-BR\"},{\"@type\":\"Person\",\"@id\":\"https:\/\/dedemesquita.com.br\/#\/schema\/person\/36571f81dd2d76dc3ab37231542c9e24\",\"name\":\"Ded\u00e9 Mesquita\",\"image\":{\"@type\":\"ImageObject\",\"inLanguage\":\"pt-BR\",\"@id\":\"https:\/\/dedemesquita.com.br\/#\/schema\/person\/image\/\",\"url\":\"https:\/\/dedemesquita.com.br\/wp-content\/uploads\/2021\/02\/foto_perfil-150x150.jpg\",\"contentUrl\":\"https:\/\/dedemesquita.com.br\/wp-content\/uploads\/2021\/02\/foto_perfil-150x150.jpg\",\"caption\":\"Ded\u00e9 Mesquita\"},\"sameAs\":[\"https:\/\/dedemesquita.com.br\"]}]}<\/script>\n<!-- \/ Yoast SEO plugin. -->","yoast_head_json":{"title":"Projeto de O Liberal \u00e9 selecionado a programa patrocinado pelo Meta\/Facebook - Ded\u00e9 Mesquita","robots":{"index":"index","follow":"follow","max-snippet":"max-snippet:-1","max-image-preview":"max-image-preview:large","max-video-preview":"max-video-preview:-1"},"canonical":"https:\/\/dedemesquita.com.br\/?p=3603","og_locale":"pt_BR","og_type":"article","og_title":"Projeto de O Liberal \u00e9 selecionado a programa patrocinado pelo Meta\/Facebook - Ded\u00e9 Mesquita","og_description":"Semana com poucas novidades novamente, mas sempre h\u00e1 um jeitinho de trazer as novas da imprensa paraense para c\u00e1. Meta &#8211; Um projeto da Reda\u00e7\u00e3o Integrada O Liberal foi aprovado e est\u00e1 entre os 25 ve\u00edculos de todo Brasil a participar do programa \u201cAcelerando a Transforma\u00e7\u00e3o Digital\u201d, realizado pela Meta Journalism Project, empresa que re\u00fane [&hellip;]","og_url":"https:\/\/dedemesquita.com.br\/?p=3603","og_site_name":"Ded\u00e9 Mesquita","article_publisher":"https:\/\/www.facebook.com\/dede.mesquita","article_published_time":"2022-02-23T01:27:47+00:00","article_modified_time":"2022-02-23T01:36:12+00:00","og_image":[{"width":1000,"height":562,"url":"https:\/\/dedemesquita.com.br\/wp-content\/uploads\/2022\/01\/WhatsApp-Image-2022-01-13-at-16.24.50.jpeg","type":"image\/jpeg"}],"author":"Ded\u00e9 Mesquita","twitter_card":"summary_large_image","twitter_creator":"@dedemesquita","twitter_site":"@dedemesquita","twitter_misc":{"Escrito por":"Ded\u00e9 Mesquita","Est. tempo de leitura":"4 minutos"},"schema":{"@context":"https:\/\/schema.org","@graph":[{"@type":"WebPage","@id":"https:\/\/dedemesquita.com.br\/?p=3603","url":"https:\/\/dedemesquita.com.br\/?p=3603","name":"Projeto de O Liberal \u00e9 selecionado a programa patrocinado pelo Meta\/Facebook - Ded\u00e9 Mesquita","isPartOf":{"@id":"https:\/\/dedemesquita.com.br\/#website"},"datePublished":"2022-02-23T01:27:47+00:00","dateModified":"2022-02-23T01:36:12+00:00","author":{"@id":"https:\/\/dedemesquita.com.br\/#\/schema\/person\/36571f81dd2d76dc3ab37231542c9e24"},"breadcrumb":{"@id":"https:\/\/dedemesquita.com.br\/?p=3603#breadcrumb"},"inLanguage":"pt-BR","potentialAction":[{"@type":"ReadAction","target":["https:\/\/dedemesquita.com.br\/?p=3603"]}]},{"@type":"BreadcrumbList","@id":"https:\/\/dedemesquita.com.br\/?p=3603#breadcrumb","itemListElement":[{"@type":"ListItem","position":1,"name":"In\u00edcio","item":"https:\/\/dedemesquita.com.br\/"},{"@type":"ListItem","position":2,"name":"Projeto de O Liberal \u00e9 selecionado a programa patrocinado pelo Meta\/Facebook"}]},{"@type":"WebSite","@id":"https:\/\/dedemesquita.com.br\/#website","url":"https:\/\/dedemesquita.com.br\/","name":"Ded\u00e9 Mesquita","description":"Um site que mostra os bastidores da imprensa no estado do Par\u00e1 e em Bel\u00e9m","potentialAction":[{"@type":"SearchAction","target":{"@type":"EntryPoint","urlTemplate":"https:\/\/dedemesquita.com.br\/?s={search_term_string}"},"query-input":"required name=search_term_string"}],"inLanguage":"pt-BR"},{"@type":"Person","@id":"https:\/\/dedemesquita.com.br\/#\/schema\/person\/36571f81dd2d76dc3ab37231542c9e24","name":"Ded\u00e9 Mesquita","image":{"@type":"ImageObject","inLanguage":"pt-BR","@id":"https:\/\/dedemesquita.com.br\/#\/schema\/person\/image\/","url":"https:\/\/dedemesquita.com.br\/wp-content\/uploads\/2021\/02\/foto_perfil-150x150.jpg","contentUrl":"https:\/\/dedemesquita.com.br\/wp-content\/uploads\/2021\/02\/foto_perfil-150x150.jpg","caption":"Ded\u00e9 Mesquita"},"sameAs":["https:\/\/dedemesquita.com.br"]}]}},"_links":{"self":[{"href":"https:\/\/dedemesquita.com.br\/index.php?rest_route=\/wp\/v2\/posts\/3603"}],"collection":[{"href":"https:\/\/dedemesquita.com.br\/index.php?rest_route=\/wp\/v2\/posts"}],"about":[{"href":"https:\/\/dedemesquita.com.br\/index.php?rest_route=\/wp\/v2\/types\/post"}],"author":[{"embeddable":true,"href":"https:\/\/dedemesquita.com.br\/index.php?rest_route=\/wp\/v2\/users\/2"}],"replies":[{"embeddable":true,"href":"https:\/\/dedemesquita.com.br\/index.php?rest_route=%2Fwp%2Fv2%2Fcomments&post=3603"}],"version-history":[{"count":3,"href":"https:\/\/dedemesquita.com.br\/index.php?rest_route=\/wp\/v2\/posts\/3603\/revisions"}],"predecessor-version":[{"id":3614,"href":"https:\/\/dedemesquita.com.br\/index.php?rest_route=\/wp\/v2\/posts\/3603\/revisions\/3614"}],"wp:featuredmedia":[{"embeddable":true,"href":"https:\/\/dedemesquita.com.br\/index.php?rest_route=\/wp\/v2\/media\/3376"}],"wp:attachment":[{"href":"https:\/\/dedemesquita.com.br\/index.php?rest_route=%2Fwp%2Fv2%2Fmedia&parent=3603"}],"wp:term":[{"taxonomy":"category","embeddable":true,"href":"https:\/\/dedemesquita.com.br\/index.php?rest_route=%2Fwp%2Fv2%2Fcategories&post=3603"},{"taxonomy":"post_tag","embeddable":true,"href":"https:\/\/dedemesquita.com.br\/index.php?rest_route=%2Fwp%2Fv2%2Ftags&post=3603"}],"curies":[{"name":"wp","href":"https:\/\/api.w.org\/{rel}","templated":true}]}}