{"id":3575,"date":"2022-02-21T11:11:23","date_gmt":"2022-02-21T14:11:23","guid":{"rendered":"https:\/\/dedemesquita.com.br\/?p=3575"},"modified":"2022-02-21T16:36:03","modified_gmt":"2022-02-21T19:36:03","slug":"primeiro-re-x-pa-do-ano-movimenta-a-imprensa-em-belem","status":"publish","type":"post","link":"https:\/\/dedemesquita.com.br\/?p=3575","title":{"rendered":"Primeiro Re X Pa do ano movimenta a imprensa em Bel\u00e9m"},"content":{"rendered":"\n<p>Foi mais um cl\u00e1ssico Re X Pa, o primeiro de 2022, valendo pelo Paraz\u00e3o 2022, daqueles que, como diversas vezes j\u00e1 ocorreu, s\u00f3 engrena no final, deixando os torcedores dos maiores rivais com o cora\u00e7\u00e3o na m\u00e3o, roendo unhas e vibrando ao apito final do juiz. A Curuzu estava lotada, numa partida de uma s\u00f3 torcida, a do Pap\u00e3o [Paysandu], mas foi o Clube do Remo quem quase estraga a festa da Fiel. No final, por\u00e9m, prevaleceu o empate em 1 x 1.<\/p>\n\n\n\n<p><strong>Empate no final &#8211;<\/strong> Nos \u00faltimos minutos, com 9 de descontos, os dois times transformaram em jogo dram\u00e1tico uma partida na qual nos 90 minutos quem dominou foi o Paysandu, que n\u00e3o traduziu em gols a superioridade, principalmente, no primeiro tempo. O Le\u00e3o [Clube do Remo] melhorou na segunda etapa, conseguiu em alguns momentos equilibrar o tempo de posse de bola, abriu o marcador aos 43 minutos do segundo tempo, com Brenner, enquanto Dioguinho, aplicando a famigerada \u201clei do ex\u201d, deixou o placar em 1 a 1. E terminou assim. <\/p>\n\n\n\n<p>Com esse empate, o Le\u00e3o est\u00e1 mantendo a escrita de n\u00e3o perder para o maior rival, desde 2020. Um tabu que j\u00e1 se encaminha para dois anos.<\/p>\n\n\n\n<p><strong>Imprensa &#8211; <\/strong>E Re X Pa, j\u00e1 sabemos, \u00e9 um frenesi de tantos fot\u00f3grafos, cinegrafistas e rep\u00f3rteres que se aglomeram \u00e0 beira do gramado para mandar as informa\u00e7\u00f5es em cima do lance.<\/p>\n\n\n\n<p>Veja quem esteve por l\u00e1: <\/p>\n\n\n\n<div class=\"wp-block-image\"><figure class=\"aligncenter size-full\"><img loading=\"lazy\" decoding=\"async\" width=\"854\" height=\"427\" src=\"https:\/\/dedemesquita.com.br\/wp-content\/uploads\/2022\/02\/time.jpeg\" alt=\"\" class=\"wp-image-3589\" srcset=\"https:\/\/dedemesquita.com.br\/wp-content\/uploads\/2022\/02\/time.jpeg 854w, https:\/\/dedemesquita.com.br\/wp-content\/uploads\/2022\/02\/time-768x384.jpeg 768w\" sizes=\"(max-width: 854px) 100vw, 854px\" \/><figcaption>No trampo do Re X Pa, Talita Baena, Fernando Torres, Filipe Bispo Vale, Osmarino Souza, Irene Almeida e Gominho &#8211; quem n\u00e3o foi identificado na foto, manda o nomezinho aeeeeee &#8211; (foto de Thiago Gomes)<\/figcaption><\/figure><\/div>\n\n\n\n<div class=\"wp-block-image\"><figure class=\"aligncenter size-full\"><img loading=\"lazy\" decoding=\"async\" width=\"1000\" height=\"666\" src=\"https:\/\/dedemesquita.com.br\/wp-content\/uploads\/2022\/02\/WhatsApp-Image-2022-02-20-at-20.56.20.jpeg\" alt=\"\" class=\"wp-image-3578\" srcset=\"https:\/\/dedemesquita.com.br\/wp-content\/uploads\/2022\/02\/WhatsApp-Image-2022-02-20-at-20.56.20.jpeg 1000w, https:\/\/dedemesquita.com.br\/wp-content\/uploads\/2022\/02\/WhatsApp-Image-2022-02-20-at-20.56.20-768x511.jpeg 768w\" sizes=\"(max-width: 1000px) 100vw, 1000px\" \/><figcaption>Coleguinha cinegrafista do Governo do Par\u00e1 (foto de Wagner Santana)<\/figcaption><\/figure><\/div>\n\n\n\n<div class=\"wp-block-image\"><figure class=\"aligncenter size-full\"><img loading=\"lazy\" decoding=\"async\" width=\"1000\" height=\"666\" src=\"https:\/\/dedemesquita.com.br\/wp-content\/uploads\/2022\/02\/WhatsApp-Image-2022-02-20-at-20.56.20-1.jpeg\" alt=\"\" class=\"wp-image-3579\" srcset=\"https:\/\/dedemesquita.com.br\/wp-content\/uploads\/2022\/02\/WhatsApp-Image-2022-02-20-at-20.56.20-1.jpeg 1000w, https:\/\/dedemesquita.com.br\/wp-content\/uploads\/2022\/02\/WhatsApp-Image-2022-02-20-at-20.56.20-1-768x511.jpeg 768w\" sizes=\"(max-width: 1000px) 100vw, 1000px\" \/><figcaption>Thiago Gomes, o Gominho, nosso retratista mais tatuado  (foto de Wagner Santana) <\/figcaption><\/figure><\/div>\n\n\n\n<div class=\"wp-block-image\"><figure class=\"aligncenter size-full\"><img loading=\"lazy\" decoding=\"async\" width=\"1000\" height=\"666\" src=\"https:\/\/dedemesquita.com.br\/wp-content\/uploads\/2022\/02\/WhatsApp-Image-2022-02-20-at-20.56.20-2.jpeg\" alt=\"\" class=\"wp-image-3580\" srcset=\"https:\/\/dedemesquita.com.br\/wp-content\/uploads\/2022\/02\/WhatsApp-Image-2022-02-20-at-20.56.20-2.jpeg 1000w, https:\/\/dedemesquita.com.br\/wp-content\/uploads\/2022\/02\/WhatsApp-Image-2022-02-20-at-20.56.20-2-768x511.jpeg 768w\" sizes=\"(max-width: 1000px) 100vw, 1000px\" \/><figcaption>Osmarino Souza e sua tradicional bandana  (foto de Wagner Santana) <\/figcaption><\/figure><\/div>\n\n\n\n<div class=\"wp-block-image\"><figure class=\"aligncenter size-full\"><img loading=\"lazy\" decoding=\"async\" width=\"840\" height=\"761\" src=\"https:\/\/dedemesquita.com.br\/wp-content\/uploads\/2022\/02\/WhatsApp-Image-2022-02-20-at-20.56.21.jpeg\" alt=\"\" class=\"wp-image-3581\" srcset=\"https:\/\/dedemesquita.com.br\/wp-content\/uploads\/2022\/02\/WhatsApp-Image-2022-02-20-at-20.56.21.jpeg 840w, https:\/\/dedemesquita.com.br\/wp-content\/uploads\/2022\/02\/WhatsApp-Image-2022-02-20-at-20.56.21-768x696.jpeg 768w\" sizes=\"(max-width: 840px) 100vw, 840px\" \/><figcaption>Filipe Bispo totalmente equipado com o kit-fotografia: c\u00e2mera, tele e banquinho e&#8230; isso \u00e9 uma Go-Pro no teu bon\u00e9, Bispo? (foto de Wagner Santana) <\/figcaption><\/figure><\/div>\n\n\n\n<div class=\"wp-block-image\"><figure class=\"aligncenter size-full\"><img loading=\"lazy\" decoding=\"async\" width=\"1000\" height=\"666\" src=\"https:\/\/dedemesquita.com.br\/wp-content\/uploads\/2022\/02\/WhatsApp-Image-2022-02-20-at-20.56.21-1.jpeg\" alt=\"\" class=\"wp-image-3583\" srcset=\"https:\/\/dedemesquita.com.br\/wp-content\/uploads\/2022\/02\/WhatsApp-Image-2022-02-20-at-20.56.21-1.jpeg 1000w, https:\/\/dedemesquita.com.br\/wp-content\/uploads\/2022\/02\/WhatsApp-Image-2022-02-20-at-20.56.21-1-768x511.jpeg 768w\" sizes=\"(max-width: 1000px) 100vw, 1000px\" \/><figcaption>Thiago Gomes \u00e0 beira do gramado e ouvindo os \u00e1udios da reda\u00e7\u00e3o (foto de Wagner Santana) <\/figcaption><\/figure><\/div>\n\n\n\n<div class=\"wp-block-image\"><figure class=\"aligncenter size-full\"><img loading=\"lazy\" decoding=\"async\" width=\"1000\" height=\"666\" src=\"https:\/\/dedemesquita.com.br\/wp-content\/uploads\/2022\/02\/WhatsApp-Image-2022-02-20-at-20.56.22.jpeg\" alt=\"\" class=\"wp-image-3584\" srcset=\"https:\/\/dedemesquita.com.br\/wp-content\/uploads\/2022\/02\/WhatsApp-Image-2022-02-20-at-20.56.22.jpeg 1000w, https:\/\/dedemesquita.com.br\/wp-content\/uploads\/2022\/02\/WhatsApp-Image-2022-02-20-at-20.56.22-768x511.jpeg 768w\" sizes=\"(max-width: 1000px) 100vw, 1000px\" \/><figcaption>Irene Almeida, do jornal Di\u00e1rio do Par\u00e1, \u00e9 uma das \u00fanicas mulheres a fotografar futebol em Bel\u00e9m. Grande Irene! (foto de Wagner Santana) <\/figcaption><\/figure><\/div>\n\n\n\n<div class=\"wp-block-image\"><figure class=\"aligncenter size-full\"><img loading=\"lazy\" decoding=\"async\" width=\"1000\" height=\"666\" src=\"https:\/\/dedemesquita.com.br\/wp-content\/uploads\/2022\/02\/WhatsApp-Image-2022-02-20-at-20.56.22-1.jpeg\" alt=\"\" class=\"wp-image-3585\" srcset=\"https:\/\/dedemesquita.com.br\/wp-content\/uploads\/2022\/02\/WhatsApp-Image-2022-02-20-at-20.56.22-1.jpeg 1000w, https:\/\/dedemesquita.com.br\/wp-content\/uploads\/2022\/02\/WhatsApp-Image-2022-02-20-at-20.56.22-1-768x511.jpeg 768w\" sizes=\"(max-width: 1000px) 100vw, 1000px\" \/><figcaption>Os meninos cinegrafistas capitaneados pelo J\u00falio Souza (foto de Wagner Santana) <\/figcaption><\/figure><\/div>\n\n\n\n<div class=\"wp-block-image\"><figure class=\"aligncenter size-full\"><img loading=\"lazy\" decoding=\"async\" width=\"1000\" height=\"827\" src=\"https:\/\/dedemesquita.com.br\/wp-content\/uploads\/2022\/02\/WhatsApp-Image-2022-02-20-at-20.56.32.jpeg\" alt=\"\" class=\"wp-image-3586\" srcset=\"https:\/\/dedemesquita.com.br\/wp-content\/uploads\/2022\/02\/WhatsApp-Image-2022-02-20-at-20.56.32.jpeg 1000w, https:\/\/dedemesquita.com.br\/wp-content\/uploads\/2022\/02\/WhatsApp-Image-2022-02-20-at-20.56.32-768x635.jpeg 768w\" sizes=\"(max-width: 1000px) 100vw, 1000px\" \/><figcaption>Wagner, Osmarino Sousa e Filipe Bispo (foto de Wagner Santana) <\/figcaption><\/figure><\/div>\n","protected":false},"excerpt":{"rendered":"<p>Foi mais um cl\u00e1ssico Re X Pa, o primeiro de 2022, valendo pelo Paraz\u00e3o 2022, daqueles que, como diversas vezes j\u00e1 ocorreu, s\u00f3 engrena no final, deixando os torcedores dos maiores rivais com o cora\u00e7\u00e3o na m\u00e3o, roendo unhas e vibrando ao apito final do juiz. A Curuzu estava lotada, numa partida de uma s\u00f3 [&hellip;]<\/p>\n","protected":false},"author":2,"featured_media":3576,"comment_status":"open","ping_status":"open","sticky":false,"template":"","format":"standard","meta":{"footnotes":""},"categories":[51,14,29],"tags":[181,119,120,144],"class_list":["post-3575","post","type-post","status-publish","format-standard","has-post-thumbnail","hentry","category-destaque","category-imprensa","category-jornalismo","tag-diario-do-para","tag-jornalismo","tag-jornalistas-paraenses-em-acao","tag-o-liberal"],"yoast_head":"<!-- This site is optimized with the Yoast SEO plugin v19.10 - https:\/\/yoast.com\/wordpress\/plugins\/seo\/ -->\n<title>Primeiro Re X Pa do ano movimenta a imprensa em Bel\u00e9m - Ded\u00e9 Mesquita<\/title>\n<meta name=\"robots\" content=\"index, follow, max-snippet:-1, max-image-preview:large, max-video-preview:-1\" \/>\n<link rel=\"canonical\" href=\"https:\/\/dedemesquita.com.br\/?p=3575\" \/>\n<meta property=\"og:locale\" content=\"pt_BR\" \/>\n<meta property=\"og:type\" content=\"article\" \/>\n<meta property=\"og:title\" content=\"Primeiro Re X Pa do ano movimenta a imprensa em Bel\u00e9m - Ded\u00e9 Mesquita\" \/>\n<meta property=\"og:description\" content=\"Foi mais um cl\u00e1ssico Re X Pa, o primeiro de 2022, valendo pelo Paraz\u00e3o 2022, daqueles que, como diversas vezes j\u00e1 ocorreu, s\u00f3 engrena no final, deixando os torcedores dos maiores rivais com o cora\u00e7\u00e3o na m\u00e3o, roendo unhas e vibrando ao apito final do juiz. A Curuzu estava lotada, numa partida de uma s\u00f3 [&hellip;]\" \/>\n<meta property=\"og:url\" content=\"https:\/\/dedemesquita.com.br\/?p=3575\" \/>\n<meta property=\"og:site_name\" content=\"Ded\u00e9 Mesquita\" \/>\n<meta property=\"article:publisher\" content=\"https:\/\/www.facebook.com\/dede.mesquita\" \/>\n<meta property=\"article:published_time\" content=\"2022-02-21T14:11:23+00:00\" \/>\n<meta property=\"article:modified_time\" content=\"2022-02-21T19:36:03+00:00\" \/>\n<meta property=\"og:image\" content=\"https:\/\/dedemesquita.com.br\/wp-content\/uploads\/2022\/02\/WhatsApp-Image-2022-02-20-at-20.56.54.jpeg\" \/>\n\t<meta property=\"og:image:width\" content=\"886\" \/>\n\t<meta property=\"og:image:height\" content=\"495\" \/>\n\t<meta property=\"og:image:type\" content=\"image\/jpeg\" \/>\n<meta name=\"author\" content=\"Ded\u00e9 Mesquita\" \/>\n<meta name=\"twitter:card\" content=\"summary_large_image\" \/>\n<meta name=\"twitter:creator\" content=\"@dedemesquita\" \/>\n<meta name=\"twitter:site\" content=\"@dedemesquita\" \/>\n<meta name=\"twitter:label1\" content=\"Escrito por\" \/>\n\t<meta name=\"twitter:data1\" content=\"Ded\u00e9 Mesquita\" \/>\n\t<meta name=\"twitter:label2\" content=\"Est. tempo de leitura\" \/>\n\t<meta name=\"twitter:data2\" content=\"4 minutos\" \/>\n<script type=\"application\/ld+json\" class=\"yoast-schema-graph\">{\"@context\":\"https:\/\/schema.org\",\"@graph\":[{\"@type\":\"WebPage\",\"@id\":\"https:\/\/dedemesquita.com.br\/?p=3575\",\"url\":\"https:\/\/dedemesquita.com.br\/?p=3575\",\"name\":\"Primeiro Re X Pa do ano movimenta a imprensa em Bel\u00e9m - Ded\u00e9 Mesquita\",\"isPartOf\":{\"@id\":\"https:\/\/dedemesquita.com.br\/#website\"},\"datePublished\":\"2022-02-21T14:11:23+00:00\",\"dateModified\":\"2022-02-21T19:36:03+00:00\",\"author\":{\"@id\":\"https:\/\/dedemesquita.com.br\/#\/schema\/person\/36571f81dd2d76dc3ab37231542c9e24\"},\"breadcrumb\":{\"@id\":\"https:\/\/dedemesquita.com.br\/?p=3575#breadcrumb\"},\"inLanguage\":\"pt-BR\",\"potentialAction\":[{\"@type\":\"ReadAction\",\"target\":[\"https:\/\/dedemesquita.com.br\/?p=3575\"]}]},{\"@type\":\"BreadcrumbList\",\"@id\":\"https:\/\/dedemesquita.com.br\/?p=3575#breadcrumb\",\"itemListElement\":[{\"@type\":\"ListItem\",\"position\":1,\"name\":\"In\u00edcio\",\"item\":\"https:\/\/dedemesquita.com.br\/\"},{\"@type\":\"ListItem\",\"position\":2,\"name\":\"Primeiro Re X Pa do ano movimenta a imprensa em Bel\u00e9m\"}]},{\"@type\":\"WebSite\",\"@id\":\"https:\/\/dedemesquita.com.br\/#website\",\"url\":\"https:\/\/dedemesquita.com.br\/\",\"name\":\"Ded\u00e9 Mesquita\",\"description\":\"Um site que mostra os bastidores da imprensa no estado do Par\u00e1 e em Bel\u00e9m\",\"potentialAction\":[{\"@type\":\"SearchAction\",\"target\":{\"@type\":\"EntryPoint\",\"urlTemplate\":\"https:\/\/dedemesquita.com.br\/?s={search_term_string}\"},\"query-input\":\"required name=search_term_string\"}],\"inLanguage\":\"pt-BR\"},{\"@type\":\"Person\",\"@id\":\"https:\/\/dedemesquita.com.br\/#\/schema\/person\/36571f81dd2d76dc3ab37231542c9e24\",\"name\":\"Ded\u00e9 Mesquita\",\"image\":{\"@type\":\"ImageObject\",\"inLanguage\":\"pt-BR\",\"@id\":\"https:\/\/dedemesquita.com.br\/#\/schema\/person\/image\/\",\"url\":\"https:\/\/dedemesquita.com.br\/wp-content\/uploads\/2021\/02\/foto_perfil-150x150.jpg\",\"contentUrl\":\"https:\/\/dedemesquita.com.br\/wp-content\/uploads\/2021\/02\/foto_perfil-150x150.jpg\",\"caption\":\"Ded\u00e9 Mesquita\"},\"sameAs\":[\"https:\/\/dedemesquita.com.br\"]}]}<\/script>\n<!-- \/ Yoast SEO plugin. -->","yoast_head_json":{"title":"Primeiro Re X Pa do ano movimenta a imprensa em Bel\u00e9m - Ded\u00e9 Mesquita","robots":{"index":"index","follow":"follow","max-snippet":"max-snippet:-1","max-image-preview":"max-image-preview:large","max-video-preview":"max-video-preview:-1"},"canonical":"https:\/\/dedemesquita.com.br\/?p=3575","og_locale":"pt_BR","og_type":"article","og_title":"Primeiro Re X Pa do ano movimenta a imprensa em Bel\u00e9m - Ded\u00e9 Mesquita","og_description":"Foi mais um cl\u00e1ssico Re X Pa, o primeiro de 2022, valendo pelo Paraz\u00e3o 2022, daqueles que, como diversas vezes j\u00e1 ocorreu, s\u00f3 engrena no final, deixando os torcedores dos maiores rivais com o cora\u00e7\u00e3o na m\u00e3o, roendo unhas e vibrando ao apito final do juiz. A Curuzu estava lotada, numa partida de uma s\u00f3 [&hellip;]","og_url":"https:\/\/dedemesquita.com.br\/?p=3575","og_site_name":"Ded\u00e9 Mesquita","article_publisher":"https:\/\/www.facebook.com\/dede.mesquita","article_published_time":"2022-02-21T14:11:23+00:00","article_modified_time":"2022-02-21T19:36:03+00:00","og_image":[{"width":886,"height":495,"url":"https:\/\/dedemesquita.com.br\/wp-content\/uploads\/2022\/02\/WhatsApp-Image-2022-02-20-at-20.56.54.jpeg","type":"image\/jpeg"}],"author":"Ded\u00e9 Mesquita","twitter_card":"summary_large_image","twitter_creator":"@dedemesquita","twitter_site":"@dedemesquita","twitter_misc":{"Escrito por":"Ded\u00e9 Mesquita","Est. tempo de leitura":"4 minutos"},"schema":{"@context":"https:\/\/schema.org","@graph":[{"@type":"WebPage","@id":"https:\/\/dedemesquita.com.br\/?p=3575","url":"https:\/\/dedemesquita.com.br\/?p=3575","name":"Primeiro Re X Pa do ano movimenta a imprensa em Bel\u00e9m - Ded\u00e9 Mesquita","isPartOf":{"@id":"https:\/\/dedemesquita.com.br\/#website"},"datePublished":"2022-02-21T14:11:23+00:00","dateModified":"2022-02-21T19:36:03+00:00","author":{"@id":"https:\/\/dedemesquita.com.br\/#\/schema\/person\/36571f81dd2d76dc3ab37231542c9e24"},"breadcrumb":{"@id":"https:\/\/dedemesquita.com.br\/?p=3575#breadcrumb"},"inLanguage":"pt-BR","potentialAction":[{"@type":"ReadAction","target":["https:\/\/dedemesquita.com.br\/?p=3575"]}]},{"@type":"BreadcrumbList","@id":"https:\/\/dedemesquita.com.br\/?p=3575#breadcrumb","itemListElement":[{"@type":"ListItem","position":1,"name":"In\u00edcio","item":"https:\/\/dedemesquita.com.br\/"},{"@type":"ListItem","position":2,"name":"Primeiro Re X Pa do ano movimenta a imprensa em Bel\u00e9m"}]},{"@type":"WebSite","@id":"https:\/\/dedemesquita.com.br\/#website","url":"https:\/\/dedemesquita.com.br\/","name":"Ded\u00e9 Mesquita","description":"Um site que mostra os bastidores da imprensa no estado do Par\u00e1 e em Bel\u00e9m","potentialAction":[{"@type":"SearchAction","target":{"@type":"EntryPoint","urlTemplate":"https:\/\/dedemesquita.com.br\/?s={search_term_string}"},"query-input":"required name=search_term_string"}],"inLanguage":"pt-BR"},{"@type":"Person","@id":"https:\/\/dedemesquita.com.br\/#\/schema\/person\/36571f81dd2d76dc3ab37231542c9e24","name":"Ded\u00e9 Mesquita","image":{"@type":"ImageObject","inLanguage":"pt-BR","@id":"https:\/\/dedemesquita.com.br\/#\/schema\/person\/image\/","url":"https:\/\/dedemesquita.com.br\/wp-content\/uploads\/2021\/02\/foto_perfil-150x150.jpg","contentUrl":"https:\/\/dedemesquita.com.br\/wp-content\/uploads\/2021\/02\/foto_perfil-150x150.jpg","caption":"Ded\u00e9 Mesquita"},"sameAs":["https:\/\/dedemesquita.com.br"]}]}},"_links":{"self":[{"href":"https:\/\/dedemesquita.com.br\/index.php?rest_route=\/wp\/v2\/posts\/3575"}],"collection":[{"href":"https:\/\/dedemesquita.com.br\/index.php?rest_route=\/wp\/v2\/posts"}],"about":[{"href":"https:\/\/dedemesquita.com.br\/index.php?rest_route=\/wp\/v2\/types\/post"}],"author":[{"embeddable":true,"href":"https:\/\/dedemesquita.com.br\/index.php?rest_route=\/wp\/v2\/users\/2"}],"replies":[{"embeddable":true,"href":"https:\/\/dedemesquita.com.br\/index.php?rest_route=%2Fwp%2Fv2%2Fcomments&post=3575"}],"version-history":[{"count":4,"href":"https:\/\/dedemesquita.com.br\/index.php?rest_route=\/wp\/v2\/posts\/3575\/revisions"}],"predecessor-version":[{"id":3591,"href":"https:\/\/dedemesquita.com.br\/index.php?rest_route=\/wp\/v2\/posts\/3575\/revisions\/3591"}],"wp:featuredmedia":[{"embeddable":true,"href":"https:\/\/dedemesquita.com.br\/index.php?rest_route=\/wp\/v2\/media\/3576"}],"wp:attachment":[{"href":"https:\/\/dedemesquita.com.br\/index.php?rest_route=%2Fwp%2Fv2%2Fmedia&parent=3575"}],"wp:term":[{"taxonomy":"category","embeddable":true,"href":"https:\/\/dedemesquita.com.br\/index.php?rest_route=%2Fwp%2Fv2%2Fcategories&post=3575"},{"taxonomy":"post_tag","embeddable":true,"href":"https:\/\/dedemesquita.com.br\/index.php?rest_route=%2Fwp%2Fv2%2Ftags&post=3575"}],"curies":[{"name":"wp","href":"https:\/\/api.w.org\/{rel}","templated":true}]}}