{"id":3509,"date":"2022-02-10T20:07:24","date_gmt":"2022-02-10T23:07:24","guid":{"rendered":"https:\/\/dedemesquita.com.br\/?p=3509"},"modified":"2022-02-15T17:43:19","modified_gmt":"2022-02-15T20:43:19","slug":"premio-simineral-de-comunicacao-divulga-os-trabalhos-vencedores-de-2022","status":"publish","type":"post","link":"https:\/\/dedemesquita.com.br\/?p=3509","title":{"rendered":"Pr\u00eamio Simineral de Comunica\u00e7\u00e3o divulga os trabalhos vencedores de 2022"},"content":{"rendered":"\n<p>O Sindicato das Ind\u00fastrias Minerais do Estado do Par\u00e1 (Simineral) realizou uma cerim\u00f4nia virtual de entrega do <strong>Pr\u00eamio Simineral de Comunica\u00e7\u00e3o<\/strong>, nesta quinta-feira, dia 10, para reconhecer e premiar os melhores conte\u00fados produzidos para redes sociais, jornal\u00edsticos e empresariais sobre a minera\u00e7\u00e3o. O pr\u00eamio \u00e9 uma realiza\u00e7\u00e3o do Simineral, com organiza\u00e7\u00e3o da Ag\u00eancia Eko e patroc\u00ednio da Vale e Mineradora Rio do Norte (MRN).<\/p>\n\n\n\n<p>O pr\u00eamio Simineral de Comunica\u00e7\u00e3o reconhece, valoriza e premia o talento de comunicadores, estudantes e produtores de conte\u00fados digitais em tr\u00eas \u00e1reas: pr\u00eamio <strong>Hamilton Pinheiro de Jornalismo<\/strong>, <strong>pr\u00eamio Simineral de Conte\u00fados para Redes Sociais <\/strong>e pr\u00eamio <strong>Simineral de Conte\u00fados Empresariais<\/strong>.<\/p>\n\n\n\n<p>Foram premiadas as melhores produ\u00e7\u00f5es e reportagens que mostraram a import\u00e2ncia da minera\u00e7\u00e3o, dentro do tema \u201chist\u00f3rias de transforma\u00e7\u00e3o\u201d e veiculadas entre 1 de janeiro de 2021 a 26 de janeiro de 2022. A proposta do tema foi o ponto de partida para que jornalistas e <em>creators <\/em>produzissem conte\u00fados sobre fatos e hist\u00f3rias que marcaram os \u00faltimos 15 anos do setor mineral no Par\u00e1. <\/p>\n\n\n\n<p>A premia\u00e7\u00e3o marca, tamb\u00e9m, os 15 anos do Simineral. Toda a an\u00e1lise dos vencedores foi feita por um j\u00fari t\u00e9cnico, formado por profissionais com atua\u00e7\u00e3o no mercado e representantes da academia.<\/p>\n\n\n\n<p>Segundo o presidente do Simineral, Anderson Baranov, o pr\u00eamio Simineral de Comunica\u00e7\u00e3o traz um recorte dos melhores trabalhos na \u00e1rea da comunica\u00e7\u00e3o dentro da proposta de mostrar a transforma\u00e7\u00e3o que a minera\u00e7\u00e3o traz para a vida das pessoas. &#8220;Parabenizamos todos os participantes dessa edi\u00e7\u00e3o&#8221;, disse. <\/p>\n\n\n\n<p><strong>Homenagens &#8211; <\/strong>A edi\u00e7\u00e3o do pr\u00eamio em 2022 tamb\u00e9m contemplou ve\u00edculos e profissionais em duas categorias especiais: pr\u00eamio Destaque Inova\u00e7\u00e3o e Comunicador do Ano. Receberam a honraria, respectivamente, o <strong>Di\u00e1rio Online \u2013 DOL<\/strong>, pelo pioneirismo e inova\u00e7\u00e3o na comunica\u00e7\u00e3o no Par\u00e1; e a rep\u00f3rter <strong>C\u00e9lia Pinho<\/strong>, da TV Record, pela trajet\u00f3ria profissional desenvolvida pela jornalista. <\/p>\n\n\n\n<div class=\"wp-block-image\"><figure class=\"aligncenter size-full\"><img loading=\"lazy\" decoding=\"async\" width=\"768\" height=\"494\" src=\"https:\/\/dedemesquita.com.br\/wp-content\/uploads\/2022\/02\/celia_pinho.jpg\" alt=\"\" class=\"wp-image-3514\"\/><figcaption>A rep\u00f3rter C\u00e9lia Pinho foi uma das homenageadas do pr\u00eamio Simineral de Comunica\u00e7\u00e3o <\/figcaption><\/figure><\/div>\n\n\n\n<p>A celebra\u00e7\u00e3o tamb\u00e9m realizou uma men\u00e7\u00e3o honrosa a <strong>Nelson Forte<\/strong>, <em>in memoriam<\/em>, pela sua grande atividade desenvolvida na comunica\u00e7\u00e3o empresarial e cerimoniais no Par\u00e1.<\/p>\n\n\n\n<p><strong>Premia\u00e7\u00e3o &#8211;<\/strong> O pr\u00eamio Simineral de Conte\u00fados para Redes Sociais destacou os melhores conte\u00fados produzidos para as redes por produtores de conte\u00fados digitais.<\/p>\n\n\n\n<p>O pr\u00eamio Hamilton Pinheiro de Jornalismo reconheceu as melhores mat\u00e9rias produzidas por jornalistas e veiculadas na imprensa paraense e brasileira em Jornalismo Impresso, Telejornalismo, Radiojornalismo, Fotojornalismo, Jornalismo Digital &#8211; Reportagem 360\u00ba e Jornalismo do Futuro, uma categoria especial para estudantes de Comunica\u00e7\u00e3o Social, com distribui\u00e7\u00e3o de pr\u00eamios para os primeiros colocados entre todas as categorias.<\/p>\n\n\n\n<p>A categoria <strong>Conte\u00fados Empresariais<\/strong> contemplou a mais criativa campanha institucional produzida por empresas para veicula\u00e7\u00e3o na web. O trabalho \u201cVeropa mais lindo\u201d, de Rafael Gomes, foi o vencedor.<\/p>\n\n\n\n<p>Conhe\u00e7a os vencedores: <strong>PR\u00caMIO SIMINERAL DE CONTE\u00daDOS PARA REDES SOCIAIS<\/strong><\/p>\n\n\n\n<p>1\u00ba lugar &#8211; R\u00f4mulo Cassio Dias<br>T\u00edtulo do Trabalho: &#8220;A conserva\u00e7\u00e3o da biodiversidade &#8211; Vale&#8221;<\/p>\n\n\n\n<p>2\u00ba lugar &#8211; Paulo Petterson<br>T\u00edtulo do Trabalho: &#8220;Quinze anos em 28 anos Escola Dom Cal\u00e1bria e a Hist\u00f3ria com o Simineral&#8221;<\/p>\n\n\n\n<p>3\u00ba lugar &#8211; Trisha Guimar\u00e3es (@acasacomoela\u00e9)<br>T\u00edtulo do Trabalho: &#8220;Reutilizando Pe\u00e7as Em Alum\u00ednio&#8221;<\/p>\n\n\n\n<p><strong>PR\u00caMIO HAMILTON PINHEIRO<\/strong>:<\/p>\n\n\n\n<p><strong>CATEGORIA JORNALISMO DIGITAL<\/strong><br>1\u00ba Lugar &#8211; Andressa Ferreira &#8211; portal DOL- Di\u00e1rio Online<br>T\u00edtulo: &#8220;PCDs na Minera\u00e7\u00e3o: inclus\u00e3o gera conquistas no Par\u00e1&#8221;<\/p>\n\n\n\n<div class=\"wp-block-image\"><figure class=\"aligncenter size-full\"><img loading=\"lazy\" decoding=\"async\" width=\"935\" height=\"747\" src=\"https:\/\/dedemesquita.com.br\/wp-content\/uploads\/2022\/02\/andressa.jpg\" alt=\"\" class=\"wp-image-3526\" srcset=\"https:\/\/dedemesquita.com.br\/wp-content\/uploads\/2022\/02\/andressa.jpg 935w, https:\/\/dedemesquita.com.br\/wp-content\/uploads\/2022\/02\/andressa-768x614.jpg 768w\" sizes=\"(max-width: 935px) 100vw, 935px\" \/><figcaption>Andressa Ferreira teve reportagem vencedora na categoria Jornalismo Digital <\/figcaption><\/figure><\/div>\n\n\n\n<p><strong>CATEGORIA TELEJORNALISMO<\/strong><br>1\u00ba Lugar- Gustavo Ferreira \u2013 TV Liberal<br>T\u00edtulo: &#8220;Projeto incentiva reuso de \u00e1gua na minera\u00e7\u00e3o&#8221;<\/p>\n\n\n\n<div class=\"wp-block-image\"><figure class=\"aligncenter size-full\"><img loading=\"lazy\" decoding=\"async\" width=\"710\" height=\"639\" src=\"https:\/\/dedemesquita.com.br\/wp-content\/uploads\/2022\/02\/WhatsApp-Image-2022-02-10-at-21.26.59.jpeg\" alt=\"\" class=\"wp-image-3530\"\/><figcaption>Gustavo Ferreira, da TV Liberal, com a reportagem vencedora em Telejornalismo <\/figcaption><\/figure><\/div>\n\n\n\n<p><strong>CATEGORIA JORNALISMO IMPRESSO<\/strong><br>1\u00ba Lugar \u2013 Camila Moreira \u2013 O Liberal<br>T\u00edtulo: &#8220;Minera\u00e7\u00e3o na Amaz\u00f4nia: Investimentos em seguran\u00e7a e sustentabilidade&#8221;<\/p>\n\n\n\n<div class=\"wp-block-image\"><figure class=\"aligncenter size-full\"><img loading=\"lazy\" decoding=\"async\" width=\"980\" height=\"596\" src=\"https:\/\/dedemesquita.com.br\/wp-content\/uploads\/2022\/02\/vence.png\" alt=\"\" class=\"wp-image-3521\" srcset=\"https:\/\/dedemesquita.com.br\/wp-content\/uploads\/2022\/02\/vence.png 980w, https:\/\/dedemesquita.com.br\/wp-content\/uploads\/2022\/02\/vence-768x467.png 768w\" sizes=\"(max-width: 980px) 100vw, 980px\" \/><figcaption>Reportagem do jornal O Liberal Amazon vencedora na categoria Jornalismo Impresso, produzida pela jornalista Camila Moreira <\/figcaption><\/figure><\/div>\n\n\n\n<div class=\"wp-block-image\"><figure class=\"aligncenter size-full\"><img loading=\"lazy\" decoding=\"async\" width=\"848\" height=\"771\" src=\"https:\/\/dedemesquita.com.br\/wp-content\/uploads\/2022\/02\/WhatsApp-Image-2022-02-10-at-20.46.24.jpeg\" alt=\"\" class=\"wp-image-3523\" srcset=\"https:\/\/dedemesquita.com.br\/wp-content\/uploads\/2022\/02\/WhatsApp-Image-2022-02-10-at-20.46.24.jpeg 848w, https:\/\/dedemesquita.com.br\/wp-content\/uploads\/2022\/02\/WhatsApp-Image-2022-02-10-at-20.46.24-768x698.jpeg 768w\" sizes=\"(max-width: 848px) 100vw, 848px\" \/><figcaption>Ana Carolina Matos escreveu a reportagem vencedora em Impresso &#8220;Minera\u00e7\u00e3o na Amaz\u00f4nia: Investimentos em seguran\u00e7a e sustentabilidade&#8221; em parceria com Andreia Almeida <\/figcaption><\/figure><\/div>\n\n\n\n<div class=\"wp-block-image\"><figure class=\"aligncenter size-full\"><img loading=\"lazy\" decoding=\"async\" width=\"635\" height=\"493\" src=\"https:\/\/dedemesquita.com.br\/wp-content\/uploads\/2022\/02\/WhatsApp-Image-2022-02-10-at-20.46.24-1.jpeg\" alt=\"\" class=\"wp-image-3524\"\/><figcaption>\u00c2ndria Almeida parceira de Ana Carolina Matos na reportagem  &#8220;Minera\u00e7\u00e3o na Amaz\u00f4nia: Investimentos em seguran\u00e7a e sustentabilidade&#8221; <\/figcaption><\/figure><\/div>\n\n\n\n<p><strong>CATEGORIA JORNALISMO DO FUTURO<\/strong><br>1\u00ba Lugar &#8211; Jordan Navegantes &#8211; portal Roma News<br>T\u00edtulo: &#8220;Do ouro de Oxum \u00e0 prata em Iemanj\u00e1; a rela\u00e7\u00e3o dos metais com as afrorreligi\u00f5es&#8221;<\/p>\n\n\n\n<div class=\"wp-block-image\"><figure class=\"aligncenter size-full\"><img loading=\"lazy\" decoding=\"async\" width=\"734\" height=\"490\" src=\"https:\/\/dedemesquita.com.br\/wp-content\/uploads\/2022\/02\/jordan_navegantes.jpg\" alt=\"\" class=\"wp-image-3533\"\/><figcaption>Jordan Navegantes foi o vencedor na categoria Jornalismo do Futuro, pelo portal Roma News <\/figcaption><\/figure><\/div>\n\n\n\n<p><strong>CATEGORIA FOTOJORNALISMO<\/strong><br>1\u00ba Lugar: Tarso Sarraf \u2013 O Liberal<br>T\u00edtulo: &#8220;Minera\u00e7\u00e3o na Amaz\u00f4nia: Investimentos em seguran\u00e7a e sustentabilidade&#8221;<\/p>\n\n\n\n<div class=\"wp-block-image\"><figure class=\"aligncenter size-full\"><img loading=\"lazy\" decoding=\"async\" width=\"1280\" height=\"853\" src=\"https:\/\/dedemesquita.com.br\/wp-content\/uploads\/2022\/02\/WhatsApp-Image-2022-02-10-at-20.42.07.jpeg\" alt=\"\" class=\"wp-image-3517\" srcset=\"https:\/\/dedemesquita.com.br\/wp-content\/uploads\/2022\/02\/WhatsApp-Image-2022-02-10-at-20.42.07.jpeg 1280w, https:\/\/dedemesquita.com.br\/wp-content\/uploads\/2022\/02\/WhatsApp-Image-2022-02-10-at-20.42.07-768x512.jpeg 768w\" sizes=\"(max-width: 1280px) 100vw, 1280px\" \/><figcaption>Foto de Tarso Sarraf, vencedora do pr\u00eamio Simineral de Comunica\u00e7\u00e3o categoria Fotojornalismo<\/figcaption><\/figure><\/div>\n\n\n\n<div class=\"wp-block-image\"><figure class=\"aligncenter size-full\"><img loading=\"lazy\" decoding=\"async\" width=\"848\" height=\"749\" src=\"https:\/\/dedemesquita.com.br\/wp-content\/uploads\/2022\/02\/WhatsApp-Image-2022-02-10-at-20.42.07-1.jpeg\" alt=\"\" class=\"wp-image-3519\" srcset=\"https:\/\/dedemesquita.com.br\/wp-content\/uploads\/2022\/02\/WhatsApp-Image-2022-02-10-at-20.42.07-1.jpeg 848w, https:\/\/dedemesquita.com.br\/wp-content\/uploads\/2022\/02\/WhatsApp-Image-2022-02-10-at-20.42.07-1-768x678.jpeg 768w\" sizes=\"(max-width: 848px) 100vw, 848px\" \/><figcaption>Tarso Sarraf foi o vencedor da categoria Fotojornalismo <\/figcaption><\/figure><\/div>\n\n\n\n<p><strong>CATEGORIA RADIOJORNALISMO<\/strong><br>1\u00ba Lugar: Iolanda Kinoshita \u2013 r\u00e1dio CBN Bel\u00e9m<br>T\u00edtulo: &#8220;Minera\u00e7\u00e3o e Sustentabilidade&#8221;<\/p>\n\n\n\n<div class=\"wp-block-image\"><figure class=\"aligncenter size-full\"><img loading=\"lazy\" decoding=\"async\" width=\"720\" height=\"542\" src=\"https:\/\/dedemesquita.com.br\/wp-content\/uploads\/2022\/02\/WhatsApp-Image-2022-02-10-at-21.14.02.jpeg\" alt=\"\" class=\"wp-image-3528\"\/><figcaption>Iolanda Kinoshita da r\u00e1dio CBN Bel\u00e9m <\/figcaption><\/figure><\/div>\n\n\n\n<p class=\"has-text-align-right\"><strong><em>Com informa\u00e7\u00f5es da ag\u00eancia Eko<\/em><\/strong><\/p>\n","protected":false},"excerpt":{"rendered":"<p>O Sindicato das Ind\u00fastrias Minerais do Estado do Par\u00e1 (Simineral) realizou uma cerim\u00f4nia virtual de entrega do Pr\u00eamio Simineral de Comunica\u00e7\u00e3o, nesta quinta-feira, dia 10, para reconhecer e premiar os melhores conte\u00fados produzidos para redes sociais, jornal\u00edsticos e empresariais sobre a minera\u00e7\u00e3o. O pr\u00eamio \u00e9 uma realiza\u00e7\u00e3o do Simineral, com organiza\u00e7\u00e3o da Ag\u00eancia Eko e [&hellip;]<\/p>\n","protected":false},"author":2,"featured_media":3510,"comment_status":"open","ping_status":"open","sticky":false,"template":"","format":"standard","meta":{"footnotes":""},"categories":[51,14,29],"tags":[181,119,120,144,204,137],"class_list":["post-3509","post","type-post","status-publish","format-standard","has-post-thumbnail","hentry","category-destaque","category-imprensa","category-jornalismo","tag-diario-do-para","tag-jornalismo","tag-jornalistas-paraenses-em-acao","tag-o-liberal","tag-radio-cbn-belem","tag-tv-liberal"],"yoast_head":"<!-- This site is optimized with the Yoast SEO plugin v19.10 - https:\/\/yoast.com\/wordpress\/plugins\/seo\/ -->\n<title>Pr\u00eamio Simineral de Comunica\u00e7\u00e3o divulga os trabalhos vencedores de 2022 - Ded\u00e9 Mesquita<\/title>\n<meta name=\"robots\" content=\"index, follow, max-snippet:-1, max-image-preview:large, max-video-preview:-1\" \/>\n<link rel=\"canonical\" href=\"https:\/\/dedemesquita.com.br\/?p=3509\" \/>\n<meta property=\"og:locale\" content=\"pt_BR\" \/>\n<meta property=\"og:type\" content=\"article\" \/>\n<meta property=\"og:title\" content=\"Pr\u00eamio Simineral de Comunica\u00e7\u00e3o divulga os trabalhos vencedores de 2022 - Ded\u00e9 Mesquita\" \/>\n<meta property=\"og:description\" content=\"O Sindicato das Ind\u00fastrias Minerais do Estado do Par\u00e1 (Simineral) realizou uma cerim\u00f4nia virtual de entrega do Pr\u00eamio Simineral de Comunica\u00e7\u00e3o, nesta quinta-feira, dia 10, para reconhecer e premiar os melhores conte\u00fados produzidos para redes sociais, jornal\u00edsticos e empresariais sobre a minera\u00e7\u00e3o. O pr\u00eamio \u00e9 uma realiza\u00e7\u00e3o do Simineral, com organiza\u00e7\u00e3o da Ag\u00eancia Eko e [&hellip;]\" \/>\n<meta property=\"og:url\" content=\"https:\/\/dedemesquita.com.br\/?p=3509\" \/>\n<meta property=\"og:site_name\" content=\"Ded\u00e9 Mesquita\" \/>\n<meta property=\"article:publisher\" content=\"https:\/\/www.facebook.com\/dede.mesquita\" \/>\n<meta property=\"article:published_time\" content=\"2022-02-10T23:07:24+00:00\" \/>\n<meta property=\"article:modified_time\" content=\"2022-02-15T20:43:19+00:00\" \/>\n<meta property=\"og:image\" content=\"https:\/\/dedemesquita.com.br\/wp-content\/uploads\/2022\/02\/WhatsApp-Image-2022-02-10-at-19.44.57.jpeg\" \/>\n\t<meta property=\"og:image:width\" content=\"620\" \/>\n\t<meta property=\"og:image:height\" content=\"330\" \/>\n\t<meta property=\"og:image:type\" content=\"image\/jpeg\" \/>\n<meta name=\"author\" content=\"Ded\u00e9 Mesquita\" \/>\n<meta name=\"twitter:card\" content=\"summary_large_image\" \/>\n<meta name=\"twitter:creator\" content=\"@dedemesquita\" \/>\n<meta name=\"twitter:site\" content=\"@dedemesquita\" \/>\n<meta name=\"twitter:label1\" content=\"Escrito por\" \/>\n\t<meta name=\"twitter:data1\" content=\"Ded\u00e9 Mesquita\" \/>\n\t<meta name=\"twitter:label2\" content=\"Est. tempo de leitura\" \/>\n\t<meta name=\"twitter:data2\" content=\"7 minutos\" \/>\n<script type=\"application\/ld+json\" class=\"yoast-schema-graph\">{\"@context\":\"https:\/\/schema.org\",\"@graph\":[{\"@type\":\"WebPage\",\"@id\":\"https:\/\/dedemesquita.com.br\/?p=3509\",\"url\":\"https:\/\/dedemesquita.com.br\/?p=3509\",\"name\":\"Pr\u00eamio Simineral de Comunica\u00e7\u00e3o divulga os trabalhos vencedores de 2022 - Ded\u00e9 Mesquita\",\"isPartOf\":{\"@id\":\"https:\/\/dedemesquita.com.br\/#website\"},\"datePublished\":\"2022-02-10T23:07:24+00:00\",\"dateModified\":\"2022-02-15T20:43:19+00:00\",\"author\":{\"@id\":\"https:\/\/dedemesquita.com.br\/#\/schema\/person\/36571f81dd2d76dc3ab37231542c9e24\"},\"breadcrumb\":{\"@id\":\"https:\/\/dedemesquita.com.br\/?p=3509#breadcrumb\"},\"inLanguage\":\"pt-BR\",\"potentialAction\":[{\"@type\":\"ReadAction\",\"target\":[\"https:\/\/dedemesquita.com.br\/?p=3509\"]}]},{\"@type\":\"BreadcrumbList\",\"@id\":\"https:\/\/dedemesquita.com.br\/?p=3509#breadcrumb\",\"itemListElement\":[{\"@type\":\"ListItem\",\"position\":1,\"name\":\"In\u00edcio\",\"item\":\"https:\/\/dedemesquita.com.br\/\"},{\"@type\":\"ListItem\",\"position\":2,\"name\":\"Pr\u00eamio Simineral de Comunica\u00e7\u00e3o divulga os trabalhos vencedores de 2022\"}]},{\"@type\":\"WebSite\",\"@id\":\"https:\/\/dedemesquita.com.br\/#website\",\"url\":\"https:\/\/dedemesquita.com.br\/\",\"name\":\"Ded\u00e9 Mesquita\",\"description\":\"Um site que mostra os bastidores da imprensa no estado do Par\u00e1 e em Bel\u00e9m\",\"potentialAction\":[{\"@type\":\"SearchAction\",\"target\":{\"@type\":\"EntryPoint\",\"urlTemplate\":\"https:\/\/dedemesquita.com.br\/?s={search_term_string}\"},\"query-input\":\"required name=search_term_string\"}],\"inLanguage\":\"pt-BR\"},{\"@type\":\"Person\",\"@id\":\"https:\/\/dedemesquita.com.br\/#\/schema\/person\/36571f81dd2d76dc3ab37231542c9e24\",\"name\":\"Ded\u00e9 Mesquita\",\"image\":{\"@type\":\"ImageObject\",\"inLanguage\":\"pt-BR\",\"@id\":\"https:\/\/dedemesquita.com.br\/#\/schema\/person\/image\/\",\"url\":\"https:\/\/dedemesquita.com.br\/wp-content\/uploads\/2021\/02\/foto_perfil-150x150.jpg\",\"contentUrl\":\"https:\/\/dedemesquita.com.br\/wp-content\/uploads\/2021\/02\/foto_perfil-150x150.jpg\",\"caption\":\"Ded\u00e9 Mesquita\"},\"sameAs\":[\"https:\/\/dedemesquita.com.br\"]}]}<\/script>\n<!-- \/ Yoast SEO plugin. -->","yoast_head_json":{"title":"Pr\u00eamio Simineral de Comunica\u00e7\u00e3o divulga os trabalhos vencedores de 2022 - Ded\u00e9 Mesquita","robots":{"index":"index","follow":"follow","max-snippet":"max-snippet:-1","max-image-preview":"max-image-preview:large","max-video-preview":"max-video-preview:-1"},"canonical":"https:\/\/dedemesquita.com.br\/?p=3509","og_locale":"pt_BR","og_type":"article","og_title":"Pr\u00eamio Simineral de Comunica\u00e7\u00e3o divulga os trabalhos vencedores de 2022 - Ded\u00e9 Mesquita","og_description":"O Sindicato das Ind\u00fastrias Minerais do Estado do Par\u00e1 (Simineral) realizou uma cerim\u00f4nia virtual de entrega do Pr\u00eamio Simineral de Comunica\u00e7\u00e3o, nesta quinta-feira, dia 10, para reconhecer e premiar os melhores conte\u00fados produzidos para redes sociais, jornal\u00edsticos e empresariais sobre a minera\u00e7\u00e3o. O pr\u00eamio \u00e9 uma realiza\u00e7\u00e3o do Simineral, com organiza\u00e7\u00e3o da Ag\u00eancia Eko e [&hellip;]","og_url":"https:\/\/dedemesquita.com.br\/?p=3509","og_site_name":"Ded\u00e9 Mesquita","article_publisher":"https:\/\/www.facebook.com\/dede.mesquita","article_published_time":"2022-02-10T23:07:24+00:00","article_modified_time":"2022-02-15T20:43:19+00:00","og_image":[{"width":620,"height":330,"url":"https:\/\/dedemesquita.com.br\/wp-content\/uploads\/2022\/02\/WhatsApp-Image-2022-02-10-at-19.44.57.jpeg","type":"image\/jpeg"}],"author":"Ded\u00e9 Mesquita","twitter_card":"summary_large_image","twitter_creator":"@dedemesquita","twitter_site":"@dedemesquita","twitter_misc":{"Escrito por":"Ded\u00e9 Mesquita","Est. tempo de leitura":"7 minutos"},"schema":{"@context":"https:\/\/schema.org","@graph":[{"@type":"WebPage","@id":"https:\/\/dedemesquita.com.br\/?p=3509","url":"https:\/\/dedemesquita.com.br\/?p=3509","name":"Pr\u00eamio Simineral de Comunica\u00e7\u00e3o divulga os trabalhos vencedores de 2022 - Ded\u00e9 Mesquita","isPartOf":{"@id":"https:\/\/dedemesquita.com.br\/#website"},"datePublished":"2022-02-10T23:07:24+00:00","dateModified":"2022-02-15T20:43:19+00:00","author":{"@id":"https:\/\/dedemesquita.com.br\/#\/schema\/person\/36571f81dd2d76dc3ab37231542c9e24"},"breadcrumb":{"@id":"https:\/\/dedemesquita.com.br\/?p=3509#breadcrumb"},"inLanguage":"pt-BR","potentialAction":[{"@type":"ReadAction","target":["https:\/\/dedemesquita.com.br\/?p=3509"]}]},{"@type":"BreadcrumbList","@id":"https:\/\/dedemesquita.com.br\/?p=3509#breadcrumb","itemListElement":[{"@type":"ListItem","position":1,"name":"In\u00edcio","item":"https:\/\/dedemesquita.com.br\/"},{"@type":"ListItem","position":2,"name":"Pr\u00eamio Simineral de Comunica\u00e7\u00e3o divulga os trabalhos vencedores de 2022"}]},{"@type":"WebSite","@id":"https:\/\/dedemesquita.com.br\/#website","url":"https:\/\/dedemesquita.com.br\/","name":"Ded\u00e9 Mesquita","description":"Um site que mostra os bastidores da imprensa no estado do Par\u00e1 e em Bel\u00e9m","potentialAction":[{"@type":"SearchAction","target":{"@type":"EntryPoint","urlTemplate":"https:\/\/dedemesquita.com.br\/?s={search_term_string}"},"query-input":"required name=search_term_string"}],"inLanguage":"pt-BR"},{"@type":"Person","@id":"https:\/\/dedemesquita.com.br\/#\/schema\/person\/36571f81dd2d76dc3ab37231542c9e24","name":"Ded\u00e9 Mesquita","image":{"@type":"ImageObject","inLanguage":"pt-BR","@id":"https:\/\/dedemesquita.com.br\/#\/schema\/person\/image\/","url":"https:\/\/dedemesquita.com.br\/wp-content\/uploads\/2021\/02\/foto_perfil-150x150.jpg","contentUrl":"https:\/\/dedemesquita.com.br\/wp-content\/uploads\/2021\/02\/foto_perfil-150x150.jpg","caption":"Ded\u00e9 Mesquita"},"sameAs":["https:\/\/dedemesquita.com.br"]}]}},"_links":{"self":[{"href":"https:\/\/dedemesquita.com.br\/index.php?rest_route=\/wp\/v2\/posts\/3509"}],"collection":[{"href":"https:\/\/dedemesquita.com.br\/index.php?rest_route=\/wp\/v2\/posts"}],"about":[{"href":"https:\/\/dedemesquita.com.br\/index.php?rest_route=\/wp\/v2\/types\/post"}],"author":[{"embeddable":true,"href":"https:\/\/dedemesquita.com.br\/index.php?rest_route=\/wp\/v2\/users\/2"}],"replies":[{"embeddable":true,"href":"https:\/\/dedemesquita.com.br\/index.php?rest_route=%2Fwp%2Fv2%2Fcomments&post=3509"}],"version-history":[{"count":9,"href":"https:\/\/dedemesquita.com.br\/index.php?rest_route=\/wp\/v2\/posts\/3509\/revisions"}],"predecessor-version":[{"id":3545,"href":"https:\/\/dedemesquita.com.br\/index.php?rest_route=\/wp\/v2\/posts\/3509\/revisions\/3545"}],"wp:featuredmedia":[{"embeddable":true,"href":"https:\/\/dedemesquita.com.br\/index.php?rest_route=\/wp\/v2\/media\/3510"}],"wp:attachment":[{"href":"https:\/\/dedemesquita.com.br\/index.php?rest_route=%2Fwp%2Fv2%2Fmedia&parent=3509"}],"wp:term":[{"taxonomy":"category","embeddable":true,"href":"https:\/\/dedemesquita.com.br\/index.php?rest_route=%2Fwp%2Fv2%2Fcategories&post=3509"},{"taxonomy":"post_tag","embeddable":true,"href":"https:\/\/dedemesquita.com.br\/index.php?rest_route=%2Fwp%2Fv2%2Ftags&post=3509"}],"curies":[{"name":"wp","href":"https:\/\/api.w.org\/{rel}","templated":true}]}}