{"id":3489,"date":"2022-02-09T11:02:14","date_gmt":"2022-02-09T14:02:14","guid":{"rendered":"https:\/\/dedemesquita.com.br\/?p=3489"},"modified":"2022-02-09T15:06:26","modified_gmt":"2022-02-09T18:06:26","slug":"esclarecimentos-sobre-o-jornal-cultura-da-funtelpa","status":"publish","type":"post","link":"https:\/\/dedemesquita.com.br\/?p=3489","title":{"rendered":"Diretora faz esclarecimentos sobre o Jornal Cultura"},"content":{"rendered":"\n<p>Este site recebeu da diretoria da TV Cultura alguns esclarecimentos sobre o Jornal Cultura, que foi citado em uma nota publicada no site na ter\u00e7a-feira, 8.<\/p>\n\n\n\n<p>A <strong>nota<\/strong> foi publicada nesta postagem: <a href=\"https:\/\/dedemesquita.com.br\/?p=3482\"><strong>https:\/\/dedemesquita.com.br\/?p=3482<\/strong><\/a><\/p>\n\n\n\n<p>Os novos apresentadores do Jornal Cultura s\u00e3o <strong>Anna Paulo Mello<\/strong> e <strong>Fellipy Fernando<\/strong>, sendo que o telejornal voltou a ser veiculado na segunda-feira, dia 7.  <\/p>\n\n\n\n<p><strong>Seguem os esclarecimentos, em nota na \u00edntegra: <\/strong><\/p>\n\n\n\n<p>&#8220;<em>Bom dia, car\u00edssima.<\/em><\/p>\n\n\n\n<p><em>Espero que estejas bem! Ficamos muito lisonjeados em estarmos na pauta de sua rede social, por\u00e9m precisamos reparar um equ\u00edvoco:<\/em><\/p>\n\n\n\n<p><em>Em 13 de abril de 2020, com a pandemia do novo coronav\u00edrus, nos vimos obrigados em reembalar a forma de levar informa\u00e7\u00e3o e conte\u00fado na TV Cultura do Par\u00e1. E em abril daquele ano, o Jornal Cultura saiu do ar, mas abrimos espa\u00e7o para drops din\u00e2micos de not\u00edcia: o Cultura da Hora.<\/em><\/p>\n\n\n\n<p><em>Ao longo da programa\u00e7\u00e3o, mantivemos o p\u00fablico atualizado com informa\u00e7\u00f5es quentinhas, al\u00e9m de resguardarmos os nossos colaboradores &#8211; pois mesmo em home office, jornalistas e editores mantiveram as atividades. Manter a reda\u00e7\u00e3o em funcionamento, nos mesmos moldes e naquele per\u00edodo, implicava arriscar a vida de 29 colaboradores.<\/em><\/p>\n\n\n\n<p><em>E nesta semana, dia 7 de fevereiro, retomamos o notici\u00e1rio di\u00e1rio, no mesmo hor\u00e1rio, com algumas novidades: Fellipy Fernando acompanhado de Anna Paula Mello e um time de jornalistas dos tr\u00eas (3) ve\u00edculos integrando o Jornal Cultura com participa\u00e7\u00e3o ao vivo no Jornal. Temos uma equipe de profissionais de r\u00e1dio, TV e Portal que agora, efetivamente, constroem coletivamente um Jornal regional.<\/em><\/p>\n\n\n\n<p><em>Grata por sua aten\u00e7\u00e3o&#8221;.<\/em><\/p>\n\n\n\n<p><strong>Nota da edi\u00e7\u00e3o: a mensagem com os esclarecimentos foi enviada pela diretora da TV Cultura, Vanessa Vasconcelos <\/strong><\/p>\n\n\n\n<div class=\"wp-block-image\"><figure class=\"aligncenter size-full\"><img loading=\"lazy\" decoding=\"async\" width=\"1000\" height=\"669\" src=\"https:\/\/dedemesquita.com.br\/wp-content\/uploads\/2022\/02\/semcensura.jpg\" alt=\"\" class=\"wp-image-3494\" srcset=\"https:\/\/dedemesquita.com.br\/wp-content\/uploads\/2022\/02\/semcensura.jpg 1000w, https:\/\/dedemesquita.com.br\/wp-content\/uploads\/2022\/02\/semcensura-768x514.jpg 768w\" sizes=\"(max-width: 1000px) 100vw, 1000px\" \/><figcaption>A jornalista Vanessa Vasconcelos \u00e9 diretora da TV Cultura e apresentadora do programa de entrevistas &#8220;Sem Censura Par\u00e1&#8221; <\/figcaption><\/figure><\/div>\n","protected":false},"excerpt":{"rendered":"<p>Este site recebeu da diretoria da TV Cultura alguns esclarecimentos sobre o Jornal Cultura, que foi citado em uma nota publicada no site na ter\u00e7a-feira, 8. A nota foi publicada nesta postagem: https:\/\/dedemesquita.com.br\/?p=3482 Os novos apresentadores do Jornal Cultura s\u00e3o Anna Paulo Mello e Fellipy Fernando, sendo que o telejornal voltou a ser veiculado na [&hellip;]<\/p>\n","protected":false},"author":2,"featured_media":3500,"comment_status":"open","ping_status":"open","sticky":false,"template":"","format":"standard","meta":{"footnotes":""},"categories":[51,14,29],"tags":[147,119,120,197],"class_list":["post-3489","post","type-post","status-publish","format-standard","has-post-thumbnail","hentry","category-destaque","category-imprensa","category-jornalismo","tag-funtelpa","tag-jornalismo","tag-jornalistas-paraenses-em-acao","tag-tv-cultura"],"yoast_head":"<!-- This site is optimized with the Yoast SEO plugin v19.10 - https:\/\/yoast.com\/wordpress\/plugins\/seo\/ -->\n<title>Diretora faz esclarecimentos sobre o Jornal Cultura - Ded\u00e9 Mesquita<\/title>\n<meta name=\"robots\" content=\"index, follow, max-snippet:-1, max-image-preview:large, max-video-preview:-1\" \/>\n<link rel=\"canonical\" href=\"https:\/\/dedemesquita.com.br\/?p=3489\" \/>\n<meta property=\"og:locale\" content=\"pt_BR\" \/>\n<meta property=\"og:type\" content=\"article\" \/>\n<meta property=\"og:title\" content=\"Diretora faz esclarecimentos sobre o Jornal Cultura - Ded\u00e9 Mesquita\" \/>\n<meta property=\"og:description\" content=\"Este site recebeu da diretoria da TV Cultura alguns esclarecimentos sobre o Jornal Cultura, que foi citado em uma nota publicada no site na ter\u00e7a-feira, 8. A nota foi publicada nesta postagem: https:\/\/dedemesquita.com.br\/?p=3482 Os novos apresentadores do Jornal Cultura s\u00e3o Anna Paulo Mello e Fellipy Fernando, sendo que o telejornal voltou a ser veiculado na [&hellip;]\" \/>\n<meta property=\"og:url\" content=\"https:\/\/dedemesquita.com.br\/?p=3489\" \/>\n<meta property=\"og:site_name\" content=\"Ded\u00e9 Mesquita\" \/>\n<meta property=\"article:publisher\" content=\"https:\/\/www.facebook.com\/dede.mesquita\" \/>\n<meta property=\"article:published_time\" content=\"2022-02-09T14:02:14+00:00\" \/>\n<meta property=\"article:modified_time\" content=\"2022-02-09T18:06:26+00:00\" \/>\n<meta property=\"og:image\" content=\"https:\/\/dedemesquita.com.br\/wp-content\/uploads\/2022\/02\/cult.jpg\" \/>\n\t<meta property=\"og:image:width\" content=\"1000\" \/>\n\t<meta property=\"og:image:height\" content=\"659\" \/>\n\t<meta property=\"og:image:type\" content=\"image\/jpeg\" \/>\n<meta name=\"author\" content=\"Ded\u00e9 Mesquita\" \/>\n<meta name=\"twitter:card\" content=\"summary_large_image\" \/>\n<meta name=\"twitter:creator\" content=\"@dedemesquita\" \/>\n<meta name=\"twitter:site\" content=\"@dedemesquita\" \/>\n<meta name=\"twitter:label1\" content=\"Escrito por\" \/>\n\t<meta name=\"twitter:data1\" content=\"Ded\u00e9 Mesquita\" \/>\n\t<meta name=\"twitter:label2\" content=\"Est. tempo de leitura\" \/>\n\t<meta name=\"twitter:data2\" content=\"2 minutos\" \/>\n<script type=\"application\/ld+json\" class=\"yoast-schema-graph\">{\"@context\":\"https:\/\/schema.org\",\"@graph\":[{\"@type\":\"WebPage\",\"@id\":\"https:\/\/dedemesquita.com.br\/?p=3489\",\"url\":\"https:\/\/dedemesquita.com.br\/?p=3489\",\"name\":\"Diretora faz esclarecimentos sobre o Jornal Cultura - Ded\u00e9 Mesquita\",\"isPartOf\":{\"@id\":\"https:\/\/dedemesquita.com.br\/#website\"},\"datePublished\":\"2022-02-09T14:02:14+00:00\",\"dateModified\":\"2022-02-09T18:06:26+00:00\",\"author\":{\"@id\":\"https:\/\/dedemesquita.com.br\/#\/schema\/person\/36571f81dd2d76dc3ab37231542c9e24\"},\"breadcrumb\":{\"@id\":\"https:\/\/dedemesquita.com.br\/?p=3489#breadcrumb\"},\"inLanguage\":\"pt-BR\",\"potentialAction\":[{\"@type\":\"ReadAction\",\"target\":[\"https:\/\/dedemesquita.com.br\/?p=3489\"]}]},{\"@type\":\"BreadcrumbList\",\"@id\":\"https:\/\/dedemesquita.com.br\/?p=3489#breadcrumb\",\"itemListElement\":[{\"@type\":\"ListItem\",\"position\":1,\"name\":\"In\u00edcio\",\"item\":\"https:\/\/dedemesquita.com.br\/\"},{\"@type\":\"ListItem\",\"position\":2,\"name\":\"Diretora faz esclarecimentos sobre o Jornal Cultura\"}]},{\"@type\":\"WebSite\",\"@id\":\"https:\/\/dedemesquita.com.br\/#website\",\"url\":\"https:\/\/dedemesquita.com.br\/\",\"name\":\"Ded\u00e9 Mesquita\",\"description\":\"Um site que mostra os bastidores da imprensa no estado do Par\u00e1 e em Bel\u00e9m\",\"potentialAction\":[{\"@type\":\"SearchAction\",\"target\":{\"@type\":\"EntryPoint\",\"urlTemplate\":\"https:\/\/dedemesquita.com.br\/?s={search_term_string}\"},\"query-input\":\"required name=search_term_string\"}],\"inLanguage\":\"pt-BR\"},{\"@type\":\"Person\",\"@id\":\"https:\/\/dedemesquita.com.br\/#\/schema\/person\/36571f81dd2d76dc3ab37231542c9e24\",\"name\":\"Ded\u00e9 Mesquita\",\"image\":{\"@type\":\"ImageObject\",\"inLanguage\":\"pt-BR\",\"@id\":\"https:\/\/dedemesquita.com.br\/#\/schema\/person\/image\/\",\"url\":\"https:\/\/dedemesquita.com.br\/wp-content\/uploads\/2021\/02\/foto_perfil-150x150.jpg\",\"contentUrl\":\"https:\/\/dedemesquita.com.br\/wp-content\/uploads\/2021\/02\/foto_perfil-150x150.jpg\",\"caption\":\"Ded\u00e9 Mesquita\"},\"sameAs\":[\"https:\/\/dedemesquita.com.br\"]}]}<\/script>\n<!-- \/ Yoast SEO plugin. -->","yoast_head_json":{"title":"Diretora faz esclarecimentos sobre o Jornal Cultura - Ded\u00e9 Mesquita","robots":{"index":"index","follow":"follow","max-snippet":"max-snippet:-1","max-image-preview":"max-image-preview:large","max-video-preview":"max-video-preview:-1"},"canonical":"https:\/\/dedemesquita.com.br\/?p=3489","og_locale":"pt_BR","og_type":"article","og_title":"Diretora faz esclarecimentos sobre o Jornal Cultura - Ded\u00e9 Mesquita","og_description":"Este site recebeu da diretoria da TV Cultura alguns esclarecimentos sobre o Jornal Cultura, que foi citado em uma nota publicada no site na ter\u00e7a-feira, 8. A nota foi publicada nesta postagem: https:\/\/dedemesquita.com.br\/?p=3482 Os novos apresentadores do Jornal Cultura s\u00e3o Anna Paulo Mello e Fellipy Fernando, sendo que o telejornal voltou a ser veiculado na [&hellip;]","og_url":"https:\/\/dedemesquita.com.br\/?p=3489","og_site_name":"Ded\u00e9 Mesquita","article_publisher":"https:\/\/www.facebook.com\/dede.mesquita","article_published_time":"2022-02-09T14:02:14+00:00","article_modified_time":"2022-02-09T18:06:26+00:00","og_image":[{"width":1000,"height":659,"url":"https:\/\/dedemesquita.com.br\/wp-content\/uploads\/2022\/02\/cult.jpg","type":"image\/jpeg"}],"author":"Ded\u00e9 Mesquita","twitter_card":"summary_large_image","twitter_creator":"@dedemesquita","twitter_site":"@dedemesquita","twitter_misc":{"Escrito por":"Ded\u00e9 Mesquita","Est. tempo de leitura":"2 minutos"},"schema":{"@context":"https:\/\/schema.org","@graph":[{"@type":"WebPage","@id":"https:\/\/dedemesquita.com.br\/?p=3489","url":"https:\/\/dedemesquita.com.br\/?p=3489","name":"Diretora faz esclarecimentos sobre o Jornal Cultura - Ded\u00e9 Mesquita","isPartOf":{"@id":"https:\/\/dedemesquita.com.br\/#website"},"datePublished":"2022-02-09T14:02:14+00:00","dateModified":"2022-02-09T18:06:26+00:00","author":{"@id":"https:\/\/dedemesquita.com.br\/#\/schema\/person\/36571f81dd2d76dc3ab37231542c9e24"},"breadcrumb":{"@id":"https:\/\/dedemesquita.com.br\/?p=3489#breadcrumb"},"inLanguage":"pt-BR","potentialAction":[{"@type":"ReadAction","target":["https:\/\/dedemesquita.com.br\/?p=3489"]}]},{"@type":"BreadcrumbList","@id":"https:\/\/dedemesquita.com.br\/?p=3489#breadcrumb","itemListElement":[{"@type":"ListItem","position":1,"name":"In\u00edcio","item":"https:\/\/dedemesquita.com.br\/"},{"@type":"ListItem","position":2,"name":"Diretora faz esclarecimentos sobre o Jornal Cultura"}]},{"@type":"WebSite","@id":"https:\/\/dedemesquita.com.br\/#website","url":"https:\/\/dedemesquita.com.br\/","name":"Ded\u00e9 Mesquita","description":"Um site que mostra os bastidores da imprensa no estado do Par\u00e1 e em Bel\u00e9m","potentialAction":[{"@type":"SearchAction","target":{"@type":"EntryPoint","urlTemplate":"https:\/\/dedemesquita.com.br\/?s={search_term_string}"},"query-input":"required name=search_term_string"}],"inLanguage":"pt-BR"},{"@type":"Person","@id":"https:\/\/dedemesquita.com.br\/#\/schema\/person\/36571f81dd2d76dc3ab37231542c9e24","name":"Ded\u00e9 Mesquita","image":{"@type":"ImageObject","inLanguage":"pt-BR","@id":"https:\/\/dedemesquita.com.br\/#\/schema\/person\/image\/","url":"https:\/\/dedemesquita.com.br\/wp-content\/uploads\/2021\/02\/foto_perfil-150x150.jpg","contentUrl":"https:\/\/dedemesquita.com.br\/wp-content\/uploads\/2021\/02\/foto_perfil-150x150.jpg","caption":"Ded\u00e9 Mesquita"},"sameAs":["https:\/\/dedemesquita.com.br"]}]}},"_links":{"self":[{"href":"https:\/\/dedemesquita.com.br\/index.php?rest_route=\/wp\/v2\/posts\/3489"}],"collection":[{"href":"https:\/\/dedemesquita.com.br\/index.php?rest_route=\/wp\/v2\/posts"}],"about":[{"href":"https:\/\/dedemesquita.com.br\/index.php?rest_route=\/wp\/v2\/types\/post"}],"author":[{"embeddable":true,"href":"https:\/\/dedemesquita.com.br\/index.php?rest_route=\/wp\/v2\/users\/2"}],"replies":[{"embeddable":true,"href":"https:\/\/dedemesquita.com.br\/index.php?rest_route=%2Fwp%2Fv2%2Fcomments&post=3489"}],"version-history":[{"count":8,"href":"https:\/\/dedemesquita.com.br\/index.php?rest_route=\/wp\/v2\/posts\/3489\/revisions"}],"predecessor-version":[{"id":3506,"href":"https:\/\/dedemesquita.com.br\/index.php?rest_route=\/wp\/v2\/posts\/3489\/revisions\/3506"}],"wp:featuredmedia":[{"embeddable":true,"href":"https:\/\/dedemesquita.com.br\/index.php?rest_route=\/wp\/v2\/media\/3500"}],"wp:attachment":[{"href":"https:\/\/dedemesquita.com.br\/index.php?rest_route=%2Fwp%2Fv2%2Fmedia&parent=3489"}],"wp:term":[{"taxonomy":"category","embeddable":true,"href":"https:\/\/dedemesquita.com.br\/index.php?rest_route=%2Fwp%2Fv2%2Fcategories&post=3489"},{"taxonomy":"post_tag","embeddable":true,"href":"https:\/\/dedemesquita.com.br\/index.php?rest_route=%2Fwp%2Fv2%2Ftags&post=3489"}],"curies":[{"name":"wp","href":"https:\/\/api.w.org\/{rel}","templated":true}]}}