{"id":3482,"date":"2022-02-08T20:19:38","date_gmt":"2022-02-08T23:19:38","guid":{"rendered":"https:\/\/dedemesquita.com.br\/?p=3482"},"modified":"2022-02-10T09:07:55","modified_gmt":"2022-02-10T12:07:55","slug":"entrega-do-premio-simineral-2022-nesta-semana-e-outras-novidades","status":"publish","type":"post","link":"https:\/\/dedemesquita.com.br\/?p=3482","title":{"rendered":"Entrega do pr\u00eamio Simineral 2022 nesta semana e outras novidades"},"content":{"rendered":"\n<p>Semana sem muitas novidades, mas sempre tem alguma coisa nova, aqui e ali, para contar a voc\u00eas. E vamos a elas:<\/p>\n\n\n\n<p><strong>Pr\u00eamio Simineral &#8211; <\/strong>Os vencedores do pr\u00eamio Simineral 2022 ser\u00e3o conhecidos na quinta-feira, dia 10. As categorias s\u00e3o: pr\u00eamio Simineral de Conte\u00fados para Redes Sociais, pr\u00eamio Hamilton Pinheiro de Jornalismo (impresso, televis\u00e3o e r\u00e1dio) e o pr\u00eamio Simineral de Conte\u00fados Empresariais. Devido \u00e0 covid-19, a solenidade de premia\u00e7\u00e3o ocorrer\u00e1 em formato online, via redes sociais oficiais do Simineral. Na primeira categoria est\u00e3o: Paulo Petterson Silva (@professorpetterson), Romulo Cassio Dias (@visiteopara) e Trisha Guimar\u00e3es (@acasacomoelae). Os indicados nas duas \u00faltimas categorias s\u00e3o: Andressa Ferreira (Di\u00e1rio do Par\u00e1), Camila Moreira (O Liberal), Cinthia Vasconcelos (O Liberal), Celso Freire (r\u00e1dio Liberal FM), Iolanda Kinoshita (r\u00e1dio CBN Bel\u00e9m), Francisco Chagas, Gustavo Ferreira (TV Liberal), Jordan Navegantes, Karla Bessa, Lorena Filgueiras, Rafael D. Gomes, Ruy Montalv\u00e3o (r\u00e1dio Unama FM), Saraah Yolanda, Tarso Sarraf (O Liberal), Ulisses Pompeu e Yuri Siqueira.<\/p>\n\n\n\n<p><strong>Jornal Cultura &#8211; <\/strong>Na segunda-feira, dia 7, voltou a ser veiculado o Jornal Cultura, da TV Cultura\/Funtelpa, que estava fora do ar desde o in\u00edcio de 2019, quando &#8220;aquele-que-n\u00e3o-deve-ser-mencionado-aqui&#8221;, vulgo, Heldissssss, assumiu o Governo do Par\u00e1 e aquele telejornal, que j\u00e1 formou v\u00e1rios profissionais da imprensa em Bel\u00e9m, saiu da grade da TV Cultura. Agora, nesta nova fase, o telejornal, que \u00e9 exibido de segunda \u00e0 sexta-feira, sempre \u00e0s 18h30, com 30 minutos de dura\u00e7\u00e3o, tem apresenta\u00e7\u00e3o de Anna Paula Mello e Fellipy Fernando.<\/p>\n\n\n\n<p><strong>Paulo &#8211; <\/strong>O cinegrafista e fot\u00f3grafo Paulo Castro foi solenemente desligado da Secom-PA. O chato disso \u00e9 que &#8220;mamacita-do-mal-Verinha&#8221; nem tomou conhecimento de que Paulo acaba de se tornar pai e o colocou na fila do desemprego. Quem ser\u00e1 o &#8220;peixe&#8221; que Verinha vai colocar nessa vaga, hein?<\/p>\n\n\n\n<p><strong>Kamilla &#8211; <\/strong>A jornalista paraense Kamilla Vulc\u00e3o, que mora e trabalha em Niter\u00f3i (RJ), foi aprovada no doutorado em comunica\u00e7\u00e3o na Universidade Federal Fluminense (UFF).<\/p>\n","protected":false},"excerpt":{"rendered":"<p>Semana sem muitas novidades, mas sempre tem alguma coisa nova, aqui e ali, para contar a voc\u00eas. E vamos a elas: Pr\u00eamio Simineral &#8211; Os vencedores do pr\u00eamio Simineral 2022 ser\u00e3o conhecidos na quinta-feira, dia 10. As categorias s\u00e3o: pr\u00eamio Simineral de Conte\u00fados para Redes Sociais, pr\u00eamio Hamilton Pinheiro de Jornalismo (impresso, televis\u00e3o e r\u00e1dio) [&hellip;]<\/p>\n","protected":false},"author":2,"featured_media":3483,"comment_status":"open","ping_status":"open","sticky":false,"template":"","format":"standard","meta":{"footnotes":""},"categories":[51,14,29],"tags":[181,119,120,144,150,197,137],"class_list":["post-3482","post","type-post","status-publish","format-standard","has-post-thumbnail","hentry","category-destaque","category-imprensa","category-jornalismo","tag-diario-do-para","tag-jornalismo","tag-jornalistas-paraenses-em-acao","tag-o-liberal","tag-secom-pa","tag-tv-cultura","tag-tv-liberal"],"yoast_head":"<!-- This site is optimized with the Yoast SEO plugin v19.10 - https:\/\/yoast.com\/wordpress\/plugins\/seo\/ -->\n<title>Entrega do pr\u00eamio Simineral 2022 nesta semana e outras novidades - Ded\u00e9 Mesquita<\/title>\n<meta name=\"robots\" content=\"index, follow, max-snippet:-1, max-image-preview:large, max-video-preview:-1\" \/>\n<link rel=\"canonical\" href=\"https:\/\/dedemesquita.com.br\/?p=3482\" \/>\n<meta property=\"og:locale\" content=\"pt_BR\" \/>\n<meta property=\"og:type\" content=\"article\" \/>\n<meta property=\"og:title\" content=\"Entrega do pr\u00eamio Simineral 2022 nesta semana e outras novidades - Ded\u00e9 Mesquita\" \/>\n<meta property=\"og:description\" content=\"Semana sem muitas novidades, mas sempre tem alguma coisa nova, aqui e ali, para contar a voc\u00eas. E vamos a elas: Pr\u00eamio Simineral &#8211; Os vencedores do pr\u00eamio Simineral 2022 ser\u00e3o conhecidos na quinta-feira, dia 10. As categorias s\u00e3o: pr\u00eamio Simineral de Conte\u00fados para Redes Sociais, pr\u00eamio Hamilton Pinheiro de Jornalismo (impresso, televis\u00e3o e r\u00e1dio) [&hellip;]\" \/>\n<meta property=\"og:url\" content=\"https:\/\/dedemesquita.com.br\/?p=3482\" \/>\n<meta property=\"og:site_name\" content=\"Ded\u00e9 Mesquita\" \/>\n<meta property=\"article:publisher\" content=\"https:\/\/www.facebook.com\/dede.mesquita\" \/>\n<meta property=\"article:published_time\" content=\"2022-02-08T23:19:38+00:00\" \/>\n<meta property=\"article:modified_time\" content=\"2022-02-10T12:07:55+00:00\" \/>\n<meta property=\"og:image\" content=\"https:\/\/dedemesquita.com.br\/wp-content\/uploads\/2022\/02\/simineral.png\" \/>\n\t<meta property=\"og:image:width\" content=\"876\" \/>\n\t<meta property=\"og:image:height\" content=\"435\" \/>\n\t<meta property=\"og:image:type\" content=\"image\/png\" \/>\n<meta name=\"author\" content=\"Ded\u00e9 Mesquita\" \/>\n<meta name=\"twitter:card\" content=\"summary_large_image\" \/>\n<meta name=\"twitter:creator\" content=\"@dedemesquita\" \/>\n<meta name=\"twitter:site\" content=\"@dedemesquita\" \/>\n<meta name=\"twitter:label1\" content=\"Escrito por\" \/>\n\t<meta name=\"twitter:data1\" content=\"Ded\u00e9 Mesquita\" \/>\n\t<meta name=\"twitter:label2\" content=\"Est. tempo de leitura\" \/>\n\t<meta name=\"twitter:data2\" content=\"2 minutos\" \/>\n<script type=\"application\/ld+json\" class=\"yoast-schema-graph\">{\"@context\":\"https:\/\/schema.org\",\"@graph\":[{\"@type\":\"WebPage\",\"@id\":\"https:\/\/dedemesquita.com.br\/?p=3482\",\"url\":\"https:\/\/dedemesquita.com.br\/?p=3482\",\"name\":\"Entrega do pr\u00eamio Simineral 2022 nesta semana e outras novidades - Ded\u00e9 Mesquita\",\"isPartOf\":{\"@id\":\"https:\/\/dedemesquita.com.br\/#website\"},\"datePublished\":\"2022-02-08T23:19:38+00:00\",\"dateModified\":\"2022-02-10T12:07:55+00:00\",\"author\":{\"@id\":\"https:\/\/dedemesquita.com.br\/#\/schema\/person\/36571f81dd2d76dc3ab37231542c9e24\"},\"breadcrumb\":{\"@id\":\"https:\/\/dedemesquita.com.br\/?p=3482#breadcrumb\"},\"inLanguage\":\"pt-BR\",\"potentialAction\":[{\"@type\":\"ReadAction\",\"target\":[\"https:\/\/dedemesquita.com.br\/?p=3482\"]}]},{\"@type\":\"BreadcrumbList\",\"@id\":\"https:\/\/dedemesquita.com.br\/?p=3482#breadcrumb\",\"itemListElement\":[{\"@type\":\"ListItem\",\"position\":1,\"name\":\"In\u00edcio\",\"item\":\"https:\/\/dedemesquita.com.br\/\"},{\"@type\":\"ListItem\",\"position\":2,\"name\":\"Entrega do pr\u00eamio Simineral 2022 nesta semana e outras novidades\"}]},{\"@type\":\"WebSite\",\"@id\":\"https:\/\/dedemesquita.com.br\/#website\",\"url\":\"https:\/\/dedemesquita.com.br\/\",\"name\":\"Ded\u00e9 Mesquita\",\"description\":\"Um site que mostra os bastidores da imprensa no estado do Par\u00e1 e em Bel\u00e9m\",\"potentialAction\":[{\"@type\":\"SearchAction\",\"target\":{\"@type\":\"EntryPoint\",\"urlTemplate\":\"https:\/\/dedemesquita.com.br\/?s={search_term_string}\"},\"query-input\":\"required name=search_term_string\"}],\"inLanguage\":\"pt-BR\"},{\"@type\":\"Person\",\"@id\":\"https:\/\/dedemesquita.com.br\/#\/schema\/person\/36571f81dd2d76dc3ab37231542c9e24\",\"name\":\"Ded\u00e9 Mesquita\",\"image\":{\"@type\":\"ImageObject\",\"inLanguage\":\"pt-BR\",\"@id\":\"https:\/\/dedemesquita.com.br\/#\/schema\/person\/image\/\",\"url\":\"https:\/\/dedemesquita.com.br\/wp-content\/uploads\/2021\/02\/foto_perfil-150x150.jpg\",\"contentUrl\":\"https:\/\/dedemesquita.com.br\/wp-content\/uploads\/2021\/02\/foto_perfil-150x150.jpg\",\"caption\":\"Ded\u00e9 Mesquita\"},\"sameAs\":[\"https:\/\/dedemesquita.com.br\"]}]}<\/script>\n<!-- \/ Yoast SEO plugin. -->","yoast_head_json":{"title":"Entrega do pr\u00eamio Simineral 2022 nesta semana e outras novidades - Ded\u00e9 Mesquita","robots":{"index":"index","follow":"follow","max-snippet":"max-snippet:-1","max-image-preview":"max-image-preview:large","max-video-preview":"max-video-preview:-1"},"canonical":"https:\/\/dedemesquita.com.br\/?p=3482","og_locale":"pt_BR","og_type":"article","og_title":"Entrega do pr\u00eamio Simineral 2022 nesta semana e outras novidades - Ded\u00e9 Mesquita","og_description":"Semana sem muitas novidades, mas sempre tem alguma coisa nova, aqui e ali, para contar a voc\u00eas. E vamos a elas: Pr\u00eamio Simineral &#8211; Os vencedores do pr\u00eamio Simineral 2022 ser\u00e3o conhecidos na quinta-feira, dia 10. As categorias s\u00e3o: pr\u00eamio Simineral de Conte\u00fados para Redes Sociais, pr\u00eamio Hamilton Pinheiro de Jornalismo (impresso, televis\u00e3o e r\u00e1dio) [&hellip;]","og_url":"https:\/\/dedemesquita.com.br\/?p=3482","og_site_name":"Ded\u00e9 Mesquita","article_publisher":"https:\/\/www.facebook.com\/dede.mesquita","article_published_time":"2022-02-08T23:19:38+00:00","article_modified_time":"2022-02-10T12:07:55+00:00","og_image":[{"width":876,"height":435,"url":"https:\/\/dedemesquita.com.br\/wp-content\/uploads\/2022\/02\/simineral.png","type":"image\/png"}],"author":"Ded\u00e9 Mesquita","twitter_card":"summary_large_image","twitter_creator":"@dedemesquita","twitter_site":"@dedemesquita","twitter_misc":{"Escrito por":"Ded\u00e9 Mesquita","Est. tempo de leitura":"2 minutos"},"schema":{"@context":"https:\/\/schema.org","@graph":[{"@type":"WebPage","@id":"https:\/\/dedemesquita.com.br\/?p=3482","url":"https:\/\/dedemesquita.com.br\/?p=3482","name":"Entrega do pr\u00eamio Simineral 2022 nesta semana e outras novidades - Ded\u00e9 Mesquita","isPartOf":{"@id":"https:\/\/dedemesquita.com.br\/#website"},"datePublished":"2022-02-08T23:19:38+00:00","dateModified":"2022-02-10T12:07:55+00:00","author":{"@id":"https:\/\/dedemesquita.com.br\/#\/schema\/person\/36571f81dd2d76dc3ab37231542c9e24"},"breadcrumb":{"@id":"https:\/\/dedemesquita.com.br\/?p=3482#breadcrumb"},"inLanguage":"pt-BR","potentialAction":[{"@type":"ReadAction","target":["https:\/\/dedemesquita.com.br\/?p=3482"]}]},{"@type":"BreadcrumbList","@id":"https:\/\/dedemesquita.com.br\/?p=3482#breadcrumb","itemListElement":[{"@type":"ListItem","position":1,"name":"In\u00edcio","item":"https:\/\/dedemesquita.com.br\/"},{"@type":"ListItem","position":2,"name":"Entrega do pr\u00eamio Simineral 2022 nesta semana e outras novidades"}]},{"@type":"WebSite","@id":"https:\/\/dedemesquita.com.br\/#website","url":"https:\/\/dedemesquita.com.br\/","name":"Ded\u00e9 Mesquita","description":"Um site que mostra os bastidores da imprensa no estado do Par\u00e1 e em Bel\u00e9m","potentialAction":[{"@type":"SearchAction","target":{"@type":"EntryPoint","urlTemplate":"https:\/\/dedemesquita.com.br\/?s={search_term_string}"},"query-input":"required name=search_term_string"}],"inLanguage":"pt-BR"},{"@type":"Person","@id":"https:\/\/dedemesquita.com.br\/#\/schema\/person\/36571f81dd2d76dc3ab37231542c9e24","name":"Ded\u00e9 Mesquita","image":{"@type":"ImageObject","inLanguage":"pt-BR","@id":"https:\/\/dedemesquita.com.br\/#\/schema\/person\/image\/","url":"https:\/\/dedemesquita.com.br\/wp-content\/uploads\/2021\/02\/foto_perfil-150x150.jpg","contentUrl":"https:\/\/dedemesquita.com.br\/wp-content\/uploads\/2021\/02\/foto_perfil-150x150.jpg","caption":"Ded\u00e9 Mesquita"},"sameAs":["https:\/\/dedemesquita.com.br"]}]}},"_links":{"self":[{"href":"https:\/\/dedemesquita.com.br\/index.php?rest_route=\/wp\/v2\/posts\/3482"}],"collection":[{"href":"https:\/\/dedemesquita.com.br\/index.php?rest_route=\/wp\/v2\/posts"}],"about":[{"href":"https:\/\/dedemesquita.com.br\/index.php?rest_route=\/wp\/v2\/types\/post"}],"author":[{"embeddable":true,"href":"https:\/\/dedemesquita.com.br\/index.php?rest_route=\/wp\/v2\/users\/2"}],"replies":[{"embeddable":true,"href":"https:\/\/dedemesquita.com.br\/index.php?rest_route=%2Fwp%2Fv2%2Fcomments&post=3482"}],"version-history":[{"count":5,"href":"https:\/\/dedemesquita.com.br\/index.php?rest_route=\/wp\/v2\/posts\/3482\/revisions"}],"predecessor-version":[{"id":3507,"href":"https:\/\/dedemesquita.com.br\/index.php?rest_route=\/wp\/v2\/posts\/3482\/revisions\/3507"}],"wp:featuredmedia":[{"embeddable":true,"href":"https:\/\/dedemesquita.com.br\/index.php?rest_route=\/wp\/v2\/media\/3483"}],"wp:attachment":[{"href":"https:\/\/dedemesquita.com.br\/index.php?rest_route=%2Fwp%2Fv2%2Fmedia&parent=3482"}],"wp:term":[{"taxonomy":"category","embeddable":true,"href":"https:\/\/dedemesquita.com.br\/index.php?rest_route=%2Fwp%2Fv2%2Fcategories&post=3482"},{"taxonomy":"post_tag","embeddable":true,"href":"https:\/\/dedemesquita.com.br\/index.php?rest_route=%2Fwp%2Fv2%2Ftags&post=3482"}],"curies":[{"name":"wp","href":"https:\/\/api.w.org\/{rel}","templated":true}]}}