{"id":3434,"date":"2022-01-25T11:05:26","date_gmt":"2022-01-25T14:05:26","guid":{"rendered":"https:\/\/dedemesquita.com.br\/?p=3434"},"modified":"2022-01-25T20:07:05","modified_gmt":"2022-01-25T23:07:05","slug":"e-mais-mudancas-nas-redacoes-de-belem","status":"publish","type":"post","link":"https:\/\/dedemesquita.com.br\/?p=3434","title":{"rendered":"E mais mudan\u00e7as nas reda\u00e7\u00f5es de Bel\u00e9m&#8230;"},"content":{"rendered":"\n<p>Quando a semana \u00e9 agitada, tem mais \u00e9 que postar as novidades. E temos algumas.<\/p>\n\n\n\n<p><strong>Larissa \u2013&nbsp;<\/strong>A jornalista <strong>Larissa Noguchi, <\/strong>ex-TV Liberal, deixou a dire\u00e7\u00e3o de comunica\u00e7\u00e3o digital do Governo do Par\u00e1 (Secom-PA).<\/p>\n\n\n\n<p><strong>Amanaj\u00e1s \u2013&nbsp;<\/strong>O fot\u00f3grafo&nbsp;<strong>Ricardo Amanaj\u00e1s,<\/strong>&nbsp;que atua no jornal Di\u00e1rio do Par\u00e1, est\u00e1 tamb\u00e9m na assessoria de comunica\u00e7\u00e3o da Prefeitura de Ananindeua, desde julho do ano passado.<\/p>\n\n\n\n<p><strong>Iaci &#8211;<\/strong> <strong>Iaci Gomes <\/strong>deixou a Temple e se transferiu para a ag\u00eancia InPress Porter Novelli.<\/p>\n\n\n\n<p><strong>Bruna &#8211;<\/strong> A jornalista <strong>Bruna Brabo<\/strong>, com passagens pela comunica\u00e7\u00e3o da Secretaria de Meio Ambiente e Sustentabilidade do Par\u00e1 (Semas-PA) e TV Record Par\u00e1, come\u00e7ou em um novo cargo como analista de comunica\u00e7\u00e3o na ag\u00eancia Temple. <\/p>\n\n\n\n<p><strong>Gleyce &#8211;<\/strong> A publicit\u00e1ria <strong>Gleyce Oliveira<\/strong>, ex-Comus\/Ag\u00eancia Bel\u00e9m, come\u00e7ou em um novo cargo como analista de Trade Marketing e Merchandising&nbsp;no grupo Mateus. <\/p>\n\n\n\n<p><strong>Live &#8211;<\/strong> Nesta quarta-feira, <strong>dia 26<\/strong>, \u00e0s 19h (Brasil) e 22h (Portugal), ser\u00e1 realizada uma live com as participa\u00e7\u00f5es das jornalistas paraense Isa <strong>Arnour,<\/strong> que mora, trabalha e estuda em Portugal, e <strong>Andr\u00e9a Lia Amazonas<\/strong>, CEO da ag\u00eancia Amazona Digital, sobre o tema &#8220;Constru\u00e7\u00e3o de Reputa\u00e7\u00e3o Digital na Pol\u00edtica&#8221;, por meio do perfil <a href=\"http:\/\/@isaarnour\"><strong>@isaarnour<\/strong><\/a><\/p>\n\n\n\n<div class=\"wp-block-image\"><figure class=\"aligncenter size-full\"><img loading=\"lazy\" decoding=\"async\" width=\"503\" height=\"547\" src=\"https:\/\/dedemesquita.com.br\/wp-content\/uploads\/2022\/01\/LIVE.jpg\" alt=\"\" class=\"wp-image-3436\"\/><figcaption>Live na quarta-feira, 26 <\/figcaption><\/figure><\/div>\n","protected":false},"excerpt":{"rendered":"<p>Quando a semana \u00e9 agitada, tem mais \u00e9 que postar as novidades. E temos algumas. Larissa \u2013&nbsp;A jornalista Larissa Noguchi, ex-TV Liberal, deixou a dire\u00e7\u00e3o de comunica\u00e7\u00e3o digital do Governo do Par\u00e1 (Secom-PA). Amanaj\u00e1s \u2013&nbsp;O fot\u00f3grafo&nbsp;Ricardo Amanaj\u00e1s,&nbsp;que atua no jornal Di\u00e1rio do Par\u00e1, est\u00e1 tamb\u00e9m na assessoria de comunica\u00e7\u00e3o da Prefeitura de Ananindeua, desde julho [&hellip;]<\/p>\n","protected":false},"author":2,"featured_media":3439,"comment_status":"open","ping_status":"open","sticky":false,"template":"","format":"standard","meta":{"footnotes":""},"categories":[51,14,29],"tags":[273,150,162],"class_list":["post-3434","post","type-post","status-publish","format-standard","has-post-thumbnail","hentry","category-destaque","category-imprensa","category-jornalismo","tag-prefeitura-de-ananindeua","tag-secom-pa","tag-temple-comunicacao"],"yoast_head":"<!-- This site is optimized with the Yoast SEO plugin v19.10 - https:\/\/yoast.com\/wordpress\/plugins\/seo\/ -->\n<title>E mais mudan\u00e7as nas reda\u00e7\u00f5es de Bel\u00e9m... - Ded\u00e9 Mesquita<\/title>\n<meta name=\"robots\" content=\"index, follow, max-snippet:-1, max-image-preview:large, max-video-preview:-1\" \/>\n<link rel=\"canonical\" href=\"https:\/\/dedemesquita.com.br\/?p=3434\" \/>\n<meta property=\"og:locale\" content=\"pt_BR\" \/>\n<meta property=\"og:type\" content=\"article\" \/>\n<meta property=\"og:title\" content=\"E mais mudan\u00e7as nas reda\u00e7\u00f5es de Bel\u00e9m... - Ded\u00e9 Mesquita\" \/>\n<meta property=\"og:description\" content=\"Quando a semana \u00e9 agitada, tem mais \u00e9 que postar as novidades. E temos algumas. Larissa \u2013&nbsp;A jornalista Larissa Noguchi, ex-TV Liberal, deixou a dire\u00e7\u00e3o de comunica\u00e7\u00e3o digital do Governo do Par\u00e1 (Secom-PA). Amanaj\u00e1s \u2013&nbsp;O fot\u00f3grafo&nbsp;Ricardo Amanaj\u00e1s,&nbsp;que atua no jornal Di\u00e1rio do Par\u00e1, est\u00e1 tamb\u00e9m na assessoria de comunica\u00e7\u00e3o da Prefeitura de Ananindeua, desde julho [&hellip;]\" \/>\n<meta property=\"og:url\" content=\"https:\/\/dedemesquita.com.br\/?p=3434\" \/>\n<meta property=\"og:site_name\" content=\"Ded\u00e9 Mesquita\" \/>\n<meta property=\"article:publisher\" content=\"https:\/\/www.facebook.com\/dede.mesquita\" \/>\n<meta property=\"article:published_time\" content=\"2022-01-25T14:05:26+00:00\" \/>\n<meta property=\"article:modified_time\" content=\"2022-01-25T23:07:05+00:00\" \/>\n<meta property=\"og:image\" content=\"https:\/\/dedemesquita.com.br\/wp-content\/uploads\/2022\/01\/LARISSA_NOGUCHI.jpg\" \/>\n\t<meta property=\"og:image:width\" content=\"1000\" \/>\n\t<meta property=\"og:image:height\" content=\"555\" \/>\n\t<meta property=\"og:image:type\" content=\"image\/jpeg\" \/>\n<meta name=\"author\" content=\"Ded\u00e9 Mesquita\" \/>\n<meta name=\"twitter:card\" content=\"summary_large_image\" \/>\n<meta name=\"twitter:creator\" content=\"@dedemesquita\" \/>\n<meta name=\"twitter:site\" content=\"@dedemesquita\" \/>\n<meta name=\"twitter:label1\" content=\"Escrito por\" \/>\n\t<meta name=\"twitter:data1\" content=\"Ded\u00e9 Mesquita\" \/>\n\t<meta name=\"twitter:label2\" content=\"Est. tempo de leitura\" \/>\n\t<meta name=\"twitter:data2\" content=\"2 minutos\" \/>\n<script type=\"application\/ld+json\" class=\"yoast-schema-graph\">{\"@context\":\"https:\/\/schema.org\",\"@graph\":[{\"@type\":\"WebPage\",\"@id\":\"https:\/\/dedemesquita.com.br\/?p=3434\",\"url\":\"https:\/\/dedemesquita.com.br\/?p=3434\",\"name\":\"E mais mudan\u00e7as nas reda\u00e7\u00f5es de Bel\u00e9m... - Ded\u00e9 Mesquita\",\"isPartOf\":{\"@id\":\"https:\/\/dedemesquita.com.br\/#website\"},\"datePublished\":\"2022-01-25T14:05:26+00:00\",\"dateModified\":\"2022-01-25T23:07:05+00:00\",\"author\":{\"@id\":\"https:\/\/dedemesquita.com.br\/#\/schema\/person\/36571f81dd2d76dc3ab37231542c9e24\"},\"breadcrumb\":{\"@id\":\"https:\/\/dedemesquita.com.br\/?p=3434#breadcrumb\"},\"inLanguage\":\"pt-BR\",\"potentialAction\":[{\"@type\":\"ReadAction\",\"target\":[\"https:\/\/dedemesquita.com.br\/?p=3434\"]}]},{\"@type\":\"BreadcrumbList\",\"@id\":\"https:\/\/dedemesquita.com.br\/?p=3434#breadcrumb\",\"itemListElement\":[{\"@type\":\"ListItem\",\"position\":1,\"name\":\"In\u00edcio\",\"item\":\"https:\/\/dedemesquita.com.br\/\"},{\"@type\":\"ListItem\",\"position\":2,\"name\":\"E mais mudan\u00e7as nas reda\u00e7\u00f5es de Bel\u00e9m&#8230;\"}]},{\"@type\":\"WebSite\",\"@id\":\"https:\/\/dedemesquita.com.br\/#website\",\"url\":\"https:\/\/dedemesquita.com.br\/\",\"name\":\"Ded\u00e9 Mesquita\",\"description\":\"Um site que mostra os bastidores da imprensa no estado do Par\u00e1 e em Bel\u00e9m\",\"potentialAction\":[{\"@type\":\"SearchAction\",\"target\":{\"@type\":\"EntryPoint\",\"urlTemplate\":\"https:\/\/dedemesquita.com.br\/?s={search_term_string}\"},\"query-input\":\"required name=search_term_string\"}],\"inLanguage\":\"pt-BR\"},{\"@type\":\"Person\",\"@id\":\"https:\/\/dedemesquita.com.br\/#\/schema\/person\/36571f81dd2d76dc3ab37231542c9e24\",\"name\":\"Ded\u00e9 Mesquita\",\"image\":{\"@type\":\"ImageObject\",\"inLanguage\":\"pt-BR\",\"@id\":\"https:\/\/dedemesquita.com.br\/#\/schema\/person\/image\/\",\"url\":\"https:\/\/dedemesquita.com.br\/wp-content\/uploads\/2021\/02\/foto_perfil-150x150.jpg\",\"contentUrl\":\"https:\/\/dedemesquita.com.br\/wp-content\/uploads\/2021\/02\/foto_perfil-150x150.jpg\",\"caption\":\"Ded\u00e9 Mesquita\"},\"sameAs\":[\"https:\/\/dedemesquita.com.br\"]}]}<\/script>\n<!-- \/ Yoast SEO plugin. -->","yoast_head_json":{"title":"E mais mudan\u00e7as nas reda\u00e7\u00f5es de Bel\u00e9m... - Ded\u00e9 Mesquita","robots":{"index":"index","follow":"follow","max-snippet":"max-snippet:-1","max-image-preview":"max-image-preview:large","max-video-preview":"max-video-preview:-1"},"canonical":"https:\/\/dedemesquita.com.br\/?p=3434","og_locale":"pt_BR","og_type":"article","og_title":"E mais mudan\u00e7as nas reda\u00e7\u00f5es de Bel\u00e9m... - Ded\u00e9 Mesquita","og_description":"Quando a semana \u00e9 agitada, tem mais \u00e9 que postar as novidades. E temos algumas. Larissa \u2013&nbsp;A jornalista Larissa Noguchi, ex-TV Liberal, deixou a dire\u00e7\u00e3o de comunica\u00e7\u00e3o digital do Governo do Par\u00e1 (Secom-PA). Amanaj\u00e1s \u2013&nbsp;O fot\u00f3grafo&nbsp;Ricardo Amanaj\u00e1s,&nbsp;que atua no jornal Di\u00e1rio do Par\u00e1, est\u00e1 tamb\u00e9m na assessoria de comunica\u00e7\u00e3o da Prefeitura de Ananindeua, desde julho [&hellip;]","og_url":"https:\/\/dedemesquita.com.br\/?p=3434","og_site_name":"Ded\u00e9 Mesquita","article_publisher":"https:\/\/www.facebook.com\/dede.mesquita","article_published_time":"2022-01-25T14:05:26+00:00","article_modified_time":"2022-01-25T23:07:05+00:00","og_image":[{"width":1000,"height":555,"url":"https:\/\/dedemesquita.com.br\/wp-content\/uploads\/2022\/01\/LARISSA_NOGUCHI.jpg","type":"image\/jpeg"}],"author":"Ded\u00e9 Mesquita","twitter_card":"summary_large_image","twitter_creator":"@dedemesquita","twitter_site":"@dedemesquita","twitter_misc":{"Escrito por":"Ded\u00e9 Mesquita","Est. tempo de leitura":"2 minutos"},"schema":{"@context":"https:\/\/schema.org","@graph":[{"@type":"WebPage","@id":"https:\/\/dedemesquita.com.br\/?p=3434","url":"https:\/\/dedemesquita.com.br\/?p=3434","name":"E mais mudan\u00e7as nas reda\u00e7\u00f5es de Bel\u00e9m... - Ded\u00e9 Mesquita","isPartOf":{"@id":"https:\/\/dedemesquita.com.br\/#website"},"datePublished":"2022-01-25T14:05:26+00:00","dateModified":"2022-01-25T23:07:05+00:00","author":{"@id":"https:\/\/dedemesquita.com.br\/#\/schema\/person\/36571f81dd2d76dc3ab37231542c9e24"},"breadcrumb":{"@id":"https:\/\/dedemesquita.com.br\/?p=3434#breadcrumb"},"inLanguage":"pt-BR","potentialAction":[{"@type":"ReadAction","target":["https:\/\/dedemesquita.com.br\/?p=3434"]}]},{"@type":"BreadcrumbList","@id":"https:\/\/dedemesquita.com.br\/?p=3434#breadcrumb","itemListElement":[{"@type":"ListItem","position":1,"name":"In\u00edcio","item":"https:\/\/dedemesquita.com.br\/"},{"@type":"ListItem","position":2,"name":"E mais mudan\u00e7as nas reda\u00e7\u00f5es de Bel\u00e9m&#8230;"}]},{"@type":"WebSite","@id":"https:\/\/dedemesquita.com.br\/#website","url":"https:\/\/dedemesquita.com.br\/","name":"Ded\u00e9 Mesquita","description":"Um site que mostra os bastidores da imprensa no estado do Par\u00e1 e em Bel\u00e9m","potentialAction":[{"@type":"SearchAction","target":{"@type":"EntryPoint","urlTemplate":"https:\/\/dedemesquita.com.br\/?s={search_term_string}"},"query-input":"required name=search_term_string"}],"inLanguage":"pt-BR"},{"@type":"Person","@id":"https:\/\/dedemesquita.com.br\/#\/schema\/person\/36571f81dd2d76dc3ab37231542c9e24","name":"Ded\u00e9 Mesquita","image":{"@type":"ImageObject","inLanguage":"pt-BR","@id":"https:\/\/dedemesquita.com.br\/#\/schema\/person\/image\/","url":"https:\/\/dedemesquita.com.br\/wp-content\/uploads\/2021\/02\/foto_perfil-150x150.jpg","contentUrl":"https:\/\/dedemesquita.com.br\/wp-content\/uploads\/2021\/02\/foto_perfil-150x150.jpg","caption":"Ded\u00e9 Mesquita"},"sameAs":["https:\/\/dedemesquita.com.br"]}]}},"_links":{"self":[{"href":"https:\/\/dedemesquita.com.br\/index.php?rest_route=\/wp\/v2\/posts\/3434"}],"collection":[{"href":"https:\/\/dedemesquita.com.br\/index.php?rest_route=\/wp\/v2\/posts"}],"about":[{"href":"https:\/\/dedemesquita.com.br\/index.php?rest_route=\/wp\/v2\/types\/post"}],"author":[{"embeddable":true,"href":"https:\/\/dedemesquita.com.br\/index.php?rest_route=\/wp\/v2\/users\/2"}],"replies":[{"embeddable":true,"href":"https:\/\/dedemesquita.com.br\/index.php?rest_route=%2Fwp%2Fv2%2Fcomments&post=3434"}],"version-history":[{"count":8,"href":"https:\/\/dedemesquita.com.br\/index.php?rest_route=\/wp\/v2\/posts\/3434\/revisions"}],"predecessor-version":[{"id":3453,"href":"https:\/\/dedemesquita.com.br\/index.php?rest_route=\/wp\/v2\/posts\/3434\/revisions\/3453"}],"wp:featuredmedia":[{"embeddable":true,"href":"https:\/\/dedemesquita.com.br\/index.php?rest_route=\/wp\/v2\/media\/3439"}],"wp:attachment":[{"href":"https:\/\/dedemesquita.com.br\/index.php?rest_route=%2Fwp%2Fv2%2Fmedia&parent=3434"}],"wp:term":[{"taxonomy":"category","embeddable":true,"href":"https:\/\/dedemesquita.com.br\/index.php?rest_route=%2Fwp%2Fv2%2Fcategories&post=3434"},{"taxonomy":"post_tag","embeddable":true,"href":"https:\/\/dedemesquita.com.br\/index.php?rest_route=%2Fwp%2Fv2%2Ftags&post=3434"}],"curies":[{"name":"wp","href":"https:\/\/api.w.org\/{rel}","templated":true}]}}