{"id":3406,"date":"2022-01-24T17:27:06","date_gmt":"2022-01-24T20:27:06","guid":{"rendered":"https:\/\/dedemesquita.com.br\/?p=3406"},"modified":"2022-01-25T11:50:13","modified_gmt":"2022-01-25T14:50:13","slug":"seis-jornalistas-sao-demitidos-de-o-liberal-e-mais-noticias-das-redacoes-em-belem","status":"publish","type":"post","link":"https:\/\/dedemesquita.com.br\/?p=3406","title":{"rendered":"Seis jornalistas s\u00e3o demitidos de O Liberal e mais not\u00edcias das reda\u00e7\u00f5es em Bel\u00e9m"},"content":{"rendered":"\n<p>Falar de demiss\u00f5es de jornalistas n\u00e3o \u00e9 o melhor assunto para se come\u00e7ar uma semana, mas not\u00edcias n\u00e3o t\u00e3o boas tamb\u00e9m s\u00e3o not\u00edcias e vamos a elas.<\/p>\n\n\n\n<p><strong>O Liberal &#8211; <\/strong>Depois de ter demitido, no in\u00edcio da semana passada, as jornalistas <strong>Andreia Esp\u00edrito Santo<\/strong> e <strong>Vanessa Fortes<\/strong>, a Reda\u00e7\u00e3o Integrada O Libera e o jornal O Liberal demitiram ainda, na quinta-feira, dia 20, os jornalistas<strong> Clara Costa<\/strong> e <strong>Roberto Barbosa<\/strong>, o diagramador\/designer<strong> Jorge Laurent<\/strong> e o fotojornalista <strong>Eli Pamplona<\/strong>. Com essas quatro \u00faltimas demiss\u00f5es, o jornal demitiu, na mesma semana, seis pessoas da reda\u00e7\u00e3o. <\/p>\n\n\n\n<p>Clara Costa e Jorge Laurent tinham mais de tr\u00eas d\u00e9cadas de reda\u00e7\u00e3o e eram oriundos da antiga reda\u00e7\u00e3o de O Liberal, na rua Gaspar Viana; Roberto tamb\u00e9m tinha, pelo menos, uns 12 anos de reda\u00e7\u00e3o e Eli, que come\u00e7ou no Amaz\u00f4nia, tinha mais de dez anos de trabalho jornal\u00edstico. <\/p>\n\n\n\n<p>I<strong>aci &#8211;<\/strong> Quem deixou a Temple Comunica\u00e7\u00e3o foi a jornalista Iaci Gomes, depois de oito anos naquela ag\u00eancia. Ela agora \u00e9 consultora de comunica\u00e7\u00e3o na ag\u00eancia InPress Porter Novelli<\/p>\n\n\n\n<div class=\"wp-block-image\"><figure class=\"aligncenter size-full\"><img loading=\"lazy\" decoding=\"async\" width=\"715\" height=\"738\" src=\"https:\/\/dedemesquita.com.br\/wp-content\/uploads\/2022\/01\/WhatsApp-Image-2022-01-24-at-17.11.45-3.jpeg\" alt=\"\" class=\"wp-image-3413\"\/><figcaption>Iaci Gomes deixou a Temple Comunica\u00e7\u00e3o <\/figcaption><\/figure><\/div>\n\n\n\n<p><strong>Bruno &#8211; <\/strong>O fot\u00f3grafo Bruno Cruz, que come\u00e7ou em O Liberal, foi contratado pelo jornal Di\u00e1rio do Par\u00e1. <\/p>\n\n\n\n<div class=\"wp-block-image\"><figure class=\"aligncenter size-full\"><img loading=\"lazy\" decoding=\"async\" width=\"712\" height=\"824\" src=\"https:\/\/dedemesquita.com.br\/wp-content\/uploads\/2022\/01\/BRUNO_CRUZ.jpeg\" alt=\"\" class=\"wp-image-3409\"\/><figcaption>Bruno Cruz no jornal Di\u00e1rio do Par\u00e1 <\/figcaption><\/figure><\/div>\n\n\n\n<p><strong>Amanaj\u00e1s &#8211; <\/strong>O fot\u00f3grafo <strong>Ricardo Amanaj\u00e1s,<\/strong> que atua no jornal Di\u00e1rio do Par\u00e1, est\u00e1 tamb\u00e9m na assessoria de comunica\u00e7\u00e3o da Prefeitura de Ananindeua. <\/p>\n\n\n\n<p><strong>Larissa &#8211; <\/strong>A jornalista Larissa Noguchi, ex-TV Liberal, deixou a dire\u00e7\u00e3o de comunica\u00e7\u00e3o digital do Governo do Par\u00e1 (Secom-PA).<\/p>\n\n\n\n<p><strong>CNN Brasil &#8211;<\/strong> O jornalista paraense <strong>Vianey Bentes<\/strong>, que trabalhou por anos na TV Liberal, mora e trabalha em Bras\u00edlia. Foi um tempo da Globo\/DF, mas se transferiu para a CNN Brasil. Ali\u00e1s, a CNN Brasil, sediada em S\u00e3o Paulo (SP), tem ainda em seu casting os jornalistas paraenses <strong>Jos\u00e9 Brito<\/strong>, <strong>Walber Neves<\/strong>, <strong>Kenz\u00f4 Machida<\/strong> e <strong>Carol Nogueira<\/strong>.<\/p>\n\n\n\n<div class=\"wp-block-image\"><figure class=\"aligncenter size-full\"><img loading=\"lazy\" decoding=\"async\" width=\"573\" height=\"673\" src=\"https:\/\/dedemesquita.com.br\/wp-content\/uploads\/2022\/01\/vianey.jpg\" alt=\"\" class=\"wp-image-3425\"\/><figcaption>Vianey Bentes, de Bel\u00e9m para Bras\u00edlia <\/figcaption><\/figure><\/div>\n\n\n\n<p><strong>Ismaelino &#8211;<\/strong> O colunista do jornal O Liberal, <strong>Ismaelino Pinto<\/strong>, vai diversificar ainda mais as informa\u00e7\u00f5es que ele publica no jornal impresso. Em breve, ele vai estrear o podcast &#8220;Mangueirosamente&#8221;, falando sobre arte, cultura e Bel\u00e9m. Tamb\u00e9m estar\u00e1 no portal oliberal.com, na sala virtual &#8220;L\u00edngua Solta&#8221;, com encontros de &#8220;todos os graus&#8221;, sob inspira\u00e7\u00e3o da persona Tia C\u00e2ndida, que j\u00e1 faz imenso sucesso na coluna do jornal &#8220;de papel&#8221;. <\/p>\n\n\n\n<div class=\"wp-block-image\"><figure class=\"aligncenter size-full\"><img loading=\"lazy\" decoding=\"async\" width=\"703\" height=\"478\" src=\"https:\/\/dedemesquita.com.br\/wp-content\/uploads\/2022\/01\/ISMAELINO_PINTO.jpg\" alt=\"\" class=\"wp-image-3414\"\/><figcaption>Ismaelino Pinto, colunista de O Liberal <\/figcaption><\/figure><\/div>\n\n\n\n<p><strong>Vov\u00f3 &#8211;<\/strong> O site manda os parab\u00e9ns para a mais nova vov\u00f4 do jornalismo paraense: <strong>Micheline Ferreira<\/strong>. Ela \u00e9 av\u00f3 do Lorenzo, filho da filha dela, Ana Tereza. <\/p>\n\n\n\n<div class=\"wp-block-image\"><figure class=\"aligncenter size-full\"><img loading=\"lazy\" decoding=\"async\" width=\"715\" height=\"979\" src=\"https:\/\/dedemesquita.com.br\/wp-content\/uploads\/2022\/01\/MICHELINE.jpeg\" alt=\"\" class=\"wp-image-3408\"\/><figcaption>Micheline Ferreira e o primeiro neto, Lorenzo <\/figcaption><\/figure><\/div>\n\n\n\n<p><strong>Ulisses &#8211;<\/strong> Depois de lan\u00e7ar o livro &#8220;Suzane &#8211; Assassina e Manipuladora&#8221; (sobre Suzane von Richthofen&nbsp;que matou os pais), em janeiro de 2020, e &#8220;Elize Matsunaga &#8211; A Mulher que Esquartejou o Marido&#8221;, no final do ano passado, o jornalista e escritor paraense <strong>Ulisses Campbell<\/strong> vai come\u00e7ar mais um livro investigativo, agora, sobre a ex-deputada Flor de Lis, acusada do assassinato do marido dela, pastor Anderson. E assim, ele completa a trilogia &#8220;Mulheres Assassinas&#8221;. <\/p>\n\n\n\n<div class=\"wp-block-image\"><figure class=\"aligncenter size-full\"><img loading=\"lazy\" decoding=\"async\" width=\"714\" height=\"508\" src=\"https:\/\/dedemesquita.com.br\/wp-content\/uploads\/2022\/01\/WhatsApp-Image-2022-01-24-at-17.11.45-2.jpeg\" alt=\"\" class=\"wp-image-3410\"\/><figcaption>Ulisses Campbell e seu segundo livro &#8220;Elize Matsunaga &#8211; A Mulher que Esquartejou o Marido&#8221;<\/figcaption><\/figure><\/div>\n\n\n\n<p><strong>Lorenna &#8211;<\/strong> A jornalista paraense <strong>Lorenna Mesquita,<\/strong> que n\u00e3o \u00e9 minha parente, trabalhou na antiga Gazeta Mercantil, em Bel\u00e9m e na Secom-PA, mora e trabalha em S\u00e3o Paulo. Ela lan\u00e7ou um canal no YouTube chamado &#8220;Srta. L\u00f4&#8221;, com o primeiro epis\u00f3dio &#8220;Leite Seco&#8221;, com um m\u00eas no ar e quase 800 visualiza\u00e7\u00f5es. Acesse aqui: <a href=\"https:\/\/www.youtube.com\/LoMesquita\"><strong>https:\/\/www.youtube.com\/LoMesquita<\/strong><\/a><\/p>\n\n\n\n<div class=\"wp-block-image\"><figure class=\"aligncenter size-full\"><img loading=\"lazy\" decoding=\"async\" width=\"720\" height=\"593\" src=\"https:\/\/dedemesquita.com.br\/wp-content\/uploads\/2022\/01\/WhatsApp-Image-2022-01-24-at-17.11.45-1.jpeg\" alt=\"\" class=\"wp-image-3411\"\/><figcaption>Lorenna Mesquita lan\u00e7ou um canal dela no YouTube <\/figcaption><\/figure><\/div>\n\n\n\n<p><strong>Adison &#8211;<\/strong> O jornalista <strong>Adison Ferreira<\/strong> foi aprovado no doutorado em Ci\u00eancias da Comunica\u00e7\u00e3o, do PPGCOM da Universidade Federal do Par\u00e1 (UFPA). Al\u00e9m disso, &#8220;Profetas da Amaz\u00f4nia&#8221;, o livro de estreia dele como autor de fic\u00e7\u00e3o, est\u00e1 em 29\u00ba lugar na lista dos &#8220;100 Livros mais Vendidos na Categoria Realismo M\u00e1gico&#8221;, da Amazon. Acesse <a href=\"https:\/\/t.co\/BWDieIkcJR\" rel=\"noreferrer noopener\" target=\"_blank\"><strong>https:\/\/amzn.to\/3twBNab<\/strong><\/a>, adquira o seu exemplar e conhe\u00e7a mais sobre o realismo m\u00e1gico produzido na regi\u00e3o Norte.<\/p>\n\n\n\n<div class=\"wp-block-image\"><figure class=\"aligncenter size-full\"><img loading=\"lazy\" decoding=\"async\" width=\"714\" height=\"497\" src=\"https:\/\/dedemesquita.com.br\/wp-content\/uploads\/2022\/01\/WhatsApp-Image-2022-01-24-at-17.11.45.jpeg\" alt=\"\" class=\"wp-image-3412\"\/><figcaption>Adison Ferreira passou no doutorado na UFPA <\/figcaption><\/figure><\/div>\n\n\n\n<p><strong>Livro &#8211;<\/strong> Foi lan\u00e7ado e est\u00e1 dispon\u00edvel para baixar gr\u00e1tis o livro &#8220;Imagens da Resist\u00eancia &#8211; Dimens\u00f5es Est\u00e9ticas e Pol\u00edticas&#8221;, organizado pelo jornalista <strong>Leandro Lage<\/strong>, que tamb\u00e9m \u00e9 professor da UFPA. No livro est\u00e3o uma s\u00e9rie de artigos, sendo um deles &#8220;Levante e Descoloniza\u00e7\u00e3o da Amaz\u00f4nia, assinado pelo jornalista <strong>Guilherme Guerreiro Neto<\/strong> e a professora Edna Castro. <\/p>\n\n\n\n<div class=\"wp-block-image\"><figure class=\"aligncenter size-full\"><img loading=\"lazy\" decoding=\"async\" width=\"720\" height=\"674\" src=\"https:\/\/dedemesquita.com.br\/wp-content\/uploads\/2022\/01\/LIVRO_LEANDRO.jpeg\" alt=\"\" class=\"wp-image-3407\"\/><figcaption>Livro organizado pelo jornalista Leandro Lage <\/figcaption><\/figure><\/div>\n\n\n\n<p><strong>Premia\u00e7\u00e3o &#8211; <\/strong>No dia 11 de fevereiro ser\u00e1 realizada mais uma edi\u00e7\u00e3o do trof\u00e9u Imprensa Par\u00e1 &amp; Amap\u00e1, uma promo\u00e7\u00e3o da r\u00e1dio Marajoara. Entre os jornalistas premiados estar\u00e3o <strong>Amaury Silveira<\/strong> (que foi da RBA TV e jornal Di\u00e1rio do Par\u00e1), <strong>Joaquim Campos <\/strong>(RBA TV) e <strong>Wesley Costa<\/strong> (do DOL). <\/p>\n\n\n\n<div class=\"wp-block-image\"><figure class=\"aligncenter size-full\"><img loading=\"lazy\" decoding=\"async\" width=\"872\" height=\"494\" src=\"https:\/\/dedemesquita.com.br\/wp-content\/uploads\/2022\/01\/WhatsApp-Image-2022-01-21-at-11.10.28-1.jpeg\" alt=\"\" class=\"wp-image-3415\" srcset=\"https:\/\/dedemesquita.com.br\/wp-content\/uploads\/2022\/01\/WhatsApp-Image-2022-01-21-at-11.10.28-1.jpeg 872w, https:\/\/dedemesquita.com.br\/wp-content\/uploads\/2022\/01\/WhatsApp-Image-2022-01-21-at-11.10.28-1-768x435.jpeg 768w\" sizes=\"(max-width: 872px) 100vw, 872px\" \/><figcaption>Amaury Silveira (\u00e0 direita) recebendo o convite para a cerim\u00f4nia de entrega do trof\u00e9u Imprensa Par\u00e1 &amp; Amap\u00e1 <\/figcaption><\/figure><\/div>\n","protected":false},"excerpt":{"rendered":"<p>Falar de demiss\u00f5es de jornalistas n\u00e3o \u00e9 o melhor assunto para se come\u00e7ar uma semana, mas not\u00edcias n\u00e3o t\u00e3o boas tamb\u00e9m s\u00e3o not\u00edcias e vamos a elas. O Liberal &#8211; Depois de ter demitido, no in\u00edcio da semana passada, as jornalistas Andreia Esp\u00edrito Santo e Vanessa Fortes, a Reda\u00e7\u00e3o Integrada O Libera e o jornal [&hellip;]<\/p>\n","protected":false},"author":2,"featured_media":3422,"comment_status":"open","ping_status":"open","sticky":false,"template":"","format":"standard","meta":{"footnotes":""},"categories":[51,14,29],"tags":[181,119,120,144,145],"class_list":["post-3406","post","type-post","status-publish","format-standard","has-post-thumbnail","hentry","category-destaque","category-imprensa","category-jornalismo","tag-diario-do-para","tag-jornalismo","tag-jornalistas-paraenses-em-acao","tag-o-liberal","tag-rbatv"],"yoast_head":"<!-- This site is optimized with the Yoast SEO plugin v19.10 - https:\/\/yoast.com\/wordpress\/plugins\/seo\/ -->\n<title>Seis jornalistas s\u00e3o demitidos de O Liberal e mais not\u00edcias das reda\u00e7\u00f5es em Bel\u00e9m - Ded\u00e9 Mesquita<\/title>\n<meta name=\"robots\" content=\"index, follow, max-snippet:-1, max-image-preview:large, max-video-preview:-1\" \/>\n<link rel=\"canonical\" href=\"https:\/\/dedemesquita.com.br\/?p=3406\" \/>\n<meta property=\"og:locale\" content=\"pt_BR\" \/>\n<meta property=\"og:type\" content=\"article\" \/>\n<meta property=\"og:title\" content=\"Seis jornalistas s\u00e3o demitidos de O Liberal e mais not\u00edcias das reda\u00e7\u00f5es em Bel\u00e9m - Ded\u00e9 Mesquita\" \/>\n<meta property=\"og:description\" content=\"Falar de demiss\u00f5es de jornalistas n\u00e3o \u00e9 o melhor assunto para se come\u00e7ar uma semana, mas not\u00edcias n\u00e3o t\u00e3o boas tamb\u00e9m s\u00e3o not\u00edcias e vamos a elas. O Liberal &#8211; Depois de ter demitido, no in\u00edcio da semana passada, as jornalistas Andreia Esp\u00edrito Santo e Vanessa Fortes, a Reda\u00e7\u00e3o Integrada O Libera e o jornal [&hellip;]\" \/>\n<meta property=\"og:url\" content=\"https:\/\/dedemesquita.com.br\/?p=3406\" \/>\n<meta property=\"og:site_name\" content=\"Ded\u00e9 Mesquita\" \/>\n<meta property=\"article:publisher\" content=\"https:\/\/www.facebook.com\/dede.mesquita\" \/>\n<meta property=\"article:published_time\" content=\"2022-01-24T20:27:06+00:00\" \/>\n<meta property=\"article:modified_time\" content=\"2022-01-25T14:50:13+00:00\" \/>\n<meta property=\"og:image\" content=\"https:\/\/dedemesquita.com.br\/wp-content\/uploads\/2022\/01\/lib24.png\" \/>\n\t<meta property=\"og:image:width\" content=\"668\" \/>\n\t<meta property=\"og:image:height\" content=\"386\" \/>\n\t<meta property=\"og:image:type\" content=\"image\/png\" \/>\n<meta name=\"author\" content=\"Ded\u00e9 Mesquita\" \/>\n<meta name=\"twitter:card\" content=\"summary_large_image\" \/>\n<meta name=\"twitter:creator\" content=\"@dedemesquita\" \/>\n<meta name=\"twitter:site\" content=\"@dedemesquita\" \/>\n<meta name=\"twitter:label1\" content=\"Escrito por\" \/>\n\t<meta name=\"twitter:data1\" content=\"Ded\u00e9 Mesquita\" \/>\n\t<meta name=\"twitter:label2\" content=\"Est. tempo de leitura\" \/>\n\t<meta name=\"twitter:data2\" content=\"7 minutos\" \/>\n<script type=\"application\/ld+json\" class=\"yoast-schema-graph\">{\"@context\":\"https:\/\/schema.org\",\"@graph\":[{\"@type\":\"WebPage\",\"@id\":\"https:\/\/dedemesquita.com.br\/?p=3406\",\"url\":\"https:\/\/dedemesquita.com.br\/?p=3406\",\"name\":\"Seis jornalistas s\u00e3o demitidos de O Liberal e mais not\u00edcias das reda\u00e7\u00f5es em Bel\u00e9m - Ded\u00e9 Mesquita\",\"isPartOf\":{\"@id\":\"https:\/\/dedemesquita.com.br\/#website\"},\"datePublished\":\"2022-01-24T20:27:06+00:00\",\"dateModified\":\"2022-01-25T14:50:13+00:00\",\"author\":{\"@id\":\"https:\/\/dedemesquita.com.br\/#\/schema\/person\/36571f81dd2d76dc3ab37231542c9e24\"},\"breadcrumb\":{\"@id\":\"https:\/\/dedemesquita.com.br\/?p=3406#breadcrumb\"},\"inLanguage\":\"pt-BR\",\"potentialAction\":[{\"@type\":\"ReadAction\",\"target\":[\"https:\/\/dedemesquita.com.br\/?p=3406\"]}]},{\"@type\":\"BreadcrumbList\",\"@id\":\"https:\/\/dedemesquita.com.br\/?p=3406#breadcrumb\",\"itemListElement\":[{\"@type\":\"ListItem\",\"position\":1,\"name\":\"In\u00edcio\",\"item\":\"https:\/\/dedemesquita.com.br\/\"},{\"@type\":\"ListItem\",\"position\":2,\"name\":\"Seis jornalistas s\u00e3o demitidos de O Liberal e mais not\u00edcias das reda\u00e7\u00f5es em Bel\u00e9m\"}]},{\"@type\":\"WebSite\",\"@id\":\"https:\/\/dedemesquita.com.br\/#website\",\"url\":\"https:\/\/dedemesquita.com.br\/\",\"name\":\"Ded\u00e9 Mesquita\",\"description\":\"Um site que mostra os bastidores da imprensa no estado do Par\u00e1 e em Bel\u00e9m\",\"potentialAction\":[{\"@type\":\"SearchAction\",\"target\":{\"@type\":\"EntryPoint\",\"urlTemplate\":\"https:\/\/dedemesquita.com.br\/?s={search_term_string}\"},\"query-input\":\"required name=search_term_string\"}],\"inLanguage\":\"pt-BR\"},{\"@type\":\"Person\",\"@id\":\"https:\/\/dedemesquita.com.br\/#\/schema\/person\/36571f81dd2d76dc3ab37231542c9e24\",\"name\":\"Ded\u00e9 Mesquita\",\"image\":{\"@type\":\"ImageObject\",\"inLanguage\":\"pt-BR\",\"@id\":\"https:\/\/dedemesquita.com.br\/#\/schema\/person\/image\/\",\"url\":\"https:\/\/dedemesquita.com.br\/wp-content\/uploads\/2021\/02\/foto_perfil-150x150.jpg\",\"contentUrl\":\"https:\/\/dedemesquita.com.br\/wp-content\/uploads\/2021\/02\/foto_perfil-150x150.jpg\",\"caption\":\"Ded\u00e9 Mesquita\"},\"sameAs\":[\"https:\/\/dedemesquita.com.br\"]}]}<\/script>\n<!-- \/ Yoast SEO plugin. -->","yoast_head_json":{"title":"Seis jornalistas s\u00e3o demitidos de O Liberal e mais not\u00edcias das reda\u00e7\u00f5es em Bel\u00e9m - Ded\u00e9 Mesquita","robots":{"index":"index","follow":"follow","max-snippet":"max-snippet:-1","max-image-preview":"max-image-preview:large","max-video-preview":"max-video-preview:-1"},"canonical":"https:\/\/dedemesquita.com.br\/?p=3406","og_locale":"pt_BR","og_type":"article","og_title":"Seis jornalistas s\u00e3o demitidos de O Liberal e mais not\u00edcias das reda\u00e7\u00f5es em Bel\u00e9m - Ded\u00e9 Mesquita","og_description":"Falar de demiss\u00f5es de jornalistas n\u00e3o \u00e9 o melhor assunto para se come\u00e7ar uma semana, mas not\u00edcias n\u00e3o t\u00e3o boas tamb\u00e9m s\u00e3o not\u00edcias e vamos a elas. O Liberal &#8211; Depois de ter demitido, no in\u00edcio da semana passada, as jornalistas Andreia Esp\u00edrito Santo e Vanessa Fortes, a Reda\u00e7\u00e3o Integrada O Libera e o jornal [&hellip;]","og_url":"https:\/\/dedemesquita.com.br\/?p=3406","og_site_name":"Ded\u00e9 Mesquita","article_publisher":"https:\/\/www.facebook.com\/dede.mesquita","article_published_time":"2022-01-24T20:27:06+00:00","article_modified_time":"2022-01-25T14:50:13+00:00","og_image":[{"width":668,"height":386,"url":"https:\/\/dedemesquita.com.br\/wp-content\/uploads\/2022\/01\/lib24.png","type":"image\/png"}],"author":"Ded\u00e9 Mesquita","twitter_card":"summary_large_image","twitter_creator":"@dedemesquita","twitter_site":"@dedemesquita","twitter_misc":{"Escrito por":"Ded\u00e9 Mesquita","Est. tempo de leitura":"7 minutos"},"schema":{"@context":"https:\/\/schema.org","@graph":[{"@type":"WebPage","@id":"https:\/\/dedemesquita.com.br\/?p=3406","url":"https:\/\/dedemesquita.com.br\/?p=3406","name":"Seis jornalistas s\u00e3o demitidos de O Liberal e mais not\u00edcias das reda\u00e7\u00f5es em Bel\u00e9m - Ded\u00e9 Mesquita","isPartOf":{"@id":"https:\/\/dedemesquita.com.br\/#website"},"datePublished":"2022-01-24T20:27:06+00:00","dateModified":"2022-01-25T14:50:13+00:00","author":{"@id":"https:\/\/dedemesquita.com.br\/#\/schema\/person\/36571f81dd2d76dc3ab37231542c9e24"},"breadcrumb":{"@id":"https:\/\/dedemesquita.com.br\/?p=3406#breadcrumb"},"inLanguage":"pt-BR","potentialAction":[{"@type":"ReadAction","target":["https:\/\/dedemesquita.com.br\/?p=3406"]}]},{"@type":"BreadcrumbList","@id":"https:\/\/dedemesquita.com.br\/?p=3406#breadcrumb","itemListElement":[{"@type":"ListItem","position":1,"name":"In\u00edcio","item":"https:\/\/dedemesquita.com.br\/"},{"@type":"ListItem","position":2,"name":"Seis jornalistas s\u00e3o demitidos de O Liberal e mais not\u00edcias das reda\u00e7\u00f5es em Bel\u00e9m"}]},{"@type":"WebSite","@id":"https:\/\/dedemesquita.com.br\/#website","url":"https:\/\/dedemesquita.com.br\/","name":"Ded\u00e9 Mesquita","description":"Um site que mostra os bastidores da imprensa no estado do Par\u00e1 e em Bel\u00e9m","potentialAction":[{"@type":"SearchAction","target":{"@type":"EntryPoint","urlTemplate":"https:\/\/dedemesquita.com.br\/?s={search_term_string}"},"query-input":"required name=search_term_string"}],"inLanguage":"pt-BR"},{"@type":"Person","@id":"https:\/\/dedemesquita.com.br\/#\/schema\/person\/36571f81dd2d76dc3ab37231542c9e24","name":"Ded\u00e9 Mesquita","image":{"@type":"ImageObject","inLanguage":"pt-BR","@id":"https:\/\/dedemesquita.com.br\/#\/schema\/person\/image\/","url":"https:\/\/dedemesquita.com.br\/wp-content\/uploads\/2021\/02\/foto_perfil-150x150.jpg","contentUrl":"https:\/\/dedemesquita.com.br\/wp-content\/uploads\/2021\/02\/foto_perfil-150x150.jpg","caption":"Ded\u00e9 Mesquita"},"sameAs":["https:\/\/dedemesquita.com.br"]}]}},"_links":{"self":[{"href":"https:\/\/dedemesquita.com.br\/index.php?rest_route=\/wp\/v2\/posts\/3406"}],"collection":[{"href":"https:\/\/dedemesquita.com.br\/index.php?rest_route=\/wp\/v2\/posts"}],"about":[{"href":"https:\/\/dedemesquita.com.br\/index.php?rest_route=\/wp\/v2\/types\/post"}],"author":[{"embeddable":true,"href":"https:\/\/dedemesquita.com.br\/index.php?rest_route=\/wp\/v2\/users\/2"}],"replies":[{"embeddable":true,"href":"https:\/\/dedemesquita.com.br\/index.php?rest_route=%2Fwp%2Fv2%2Fcomments&post=3406"}],"version-history":[{"count":11,"href":"https:\/\/dedemesquita.com.br\/index.php?rest_route=\/wp\/v2\/posts\/3406\/revisions"}],"predecessor-version":[{"id":3433,"href":"https:\/\/dedemesquita.com.br\/index.php?rest_route=\/wp\/v2\/posts\/3406\/revisions\/3433"}],"wp:featuredmedia":[{"embeddable":true,"href":"https:\/\/dedemesquita.com.br\/index.php?rest_route=\/wp\/v2\/media\/3422"}],"wp:attachment":[{"href":"https:\/\/dedemesquita.com.br\/index.php?rest_route=%2Fwp%2Fv2%2Fmedia&parent=3406"}],"wp:term":[{"taxonomy":"category","embeddable":true,"href":"https:\/\/dedemesquita.com.br\/index.php?rest_route=%2Fwp%2Fv2%2Fcategories&post=3406"},{"taxonomy":"post_tag","embeddable":true,"href":"https:\/\/dedemesquita.com.br\/index.php?rest_route=%2Fwp%2Fv2%2Ftags&post=3406"}],"curies":[{"name":"wp","href":"https:\/\/api.w.org\/{rel}","templated":true}]}}