{"id":3380,"date":"2022-01-18T12:32:22","date_gmt":"2022-01-18T15:32:22","guid":{"rendered":"https:\/\/dedemesquita.com.br\/?p=3380"},"modified":"2022-01-18T14:22:19","modified_gmt":"2022-01-18T17:22:19","slug":"gleydson-souza-na-coordenacao-da-fm-alepa-e-outras-novidades-da-imprensa-em-belem","status":"publish","type":"post","link":"https:\/\/dedemesquita.com.br\/?p=3380","title":{"rendered":"Gleydson Souza na coordena\u00e7\u00e3o da FM Alepa e outras novidades da imprensa em Bel\u00e9m"},"content":{"rendered":"\n<p>Como alguns j\u00e1 devem ter percebido, \u00e0s ter\u00e7as-feiras, sempre temos atualiza\u00e7\u00f5es sobre mudan\u00e7as e novidades na reda\u00e7\u00f5es de Bel\u00e9m. Vamos a elas<\/p>\n\n\n\n<p><strong>Grupo O Liberal &#8211; <\/strong>A jornalista <strong>Andreia Esp\u00edrito Santo<\/strong>, depois de 11 anos trabalhando nas reda\u00e7\u00f5es de Amaz\u00f4nia e O Liberal, foi desligada da empresa. Ela mesma contou sobre a sa\u00edda no Twitter dela. Andreia come\u00e7ou como estagi\u00e1ria no Amaz\u00f4nia, na editoria de Atualidades, depois passou para o segmento de Esportes, sendo a primeira mulher a exercer essa fun\u00e7\u00e3o no caderno esportivo da Reda\u00e7\u00e3o Integrada O Liberal, no qual ficou nos \u00faltimos seis anos.<\/p>\n\n\n\n<div class=\"wp-block-image\"><figure class=\"aligncenter size-full\"><img loading=\"lazy\" decoding=\"async\" width=\"720\" height=\"522\" src=\"https:\/\/dedemesquita.com.br\/wp-content\/uploads\/2022\/01\/WhatsApp-Image-2022-01-18-at-12.11.14.jpeg\" alt=\"\" class=\"wp-image-3381\"\/><figcaption>Andreia Esp\u00edrito Santo deixou a Reda\u00e7\u00e3o Integrada O Liberal <\/figcaption><\/figure><\/div>\n\n\n\n<p> Quem tamb\u00e9m foi desligada pelo grupo O Liberal foi a jornalista <strong>Vanessa Fortes<\/strong>, que trabalhou naquela reda\u00e7\u00e3o durante cinco anos. <\/p>\n\n\n\n<div class=\"wp-block-image\"><figure class=\"aligncenter size-full\"><img loading=\"lazy\" decoding=\"async\" width=\"1000\" height=\"682\" src=\"https:\/\/dedemesquita.com.br\/wp-content\/uploads\/2022\/01\/VANESSA_FORTES.jpg\" alt=\"\" class=\"wp-image-3385\" srcset=\"https:\/\/dedemesquita.com.br\/wp-content\/uploads\/2022\/01\/VANESSA_FORTES.jpg 1000w, https:\/\/dedemesquita.com.br\/wp-content\/uploads\/2022\/01\/VANESSA_FORTES-768x524.jpg 768w\" sizes=\"(max-width: 1000px) 100vw, 1000px\" \/><figcaption>Vanessa Fortes <\/figcaption><\/figure><\/div>\n\n\n\n<p>A jornalista <strong>Bel Soares<\/strong> \u00e9 quem cuida, agora, da assessoria de comunica\u00e7\u00e3o do empres\u00e1rio Ronaldo Maiorana, presidente executivo do grupo O Liberal. <\/p>\n\n\n\n<div class=\"wp-block-image\"><figure class=\"aligncenter size-full\"><img loading=\"lazy\" decoding=\"async\" width=\"716\" height=\"464\" src=\"https:\/\/dedemesquita.com.br\/wp-content\/uploads\/2022\/01\/271582447_3060427430890989_3168267118441211726_n.jpg\" alt=\"\" class=\"wp-image-3382\"\/><figcaption>Bel Soares \u00e9 a nova assessora de Ronaldo Maiorana <\/figcaption><\/figure><\/div>\n\n\n\n<p>O social m\u00eddia<strong> \u00cdtalo Torres<\/strong>, que integrava da equipe de m\u00eddias sociais da Secom-PA, est\u00e1 trabalhando na Reda\u00e7\u00e3o Integrada O Liberal. <\/p>\n\n\n\n<div class=\"wp-block-image\"><figure class=\"aligncenter size-full\"><img loading=\"lazy\" decoding=\"async\" width=\"720\" height=\"886\" src=\"https:\/\/dedemesquita.com.br\/wp-content\/uploads\/2022\/01\/WhatsApp-Image-2022-01-18-at-11.53.21.jpeg\" alt=\"\" class=\"wp-image-3383\"\/><figcaption>\u00cdtalo Torres est\u00e1 nas redes sociais da Reda\u00e7\u00e3o Integrada O Liberal <\/figcaption><\/figure><\/div>\n\n\n\n<p class=\"has-text-align-center\"><strong>Outras<\/strong>:<\/p>\n\n\n\n<p><strong>Gleydson Souza <\/strong>passou a integrar a equipe de comunica\u00e7\u00e3o da Assembleia Legislativa do Estado do Par\u00e1 (Alepa). Ele vai coordenar a produ\u00e7\u00e3o e programa\u00e7\u00e3o da r\u00e1dio FM Alepa, que estreia em fevereiro pr\u00f3ximo. S\u00f3 lembrando que o Gleydson continua na coordena\u00e7\u00e3o de jornalismo da R\u00e1dio Clube do Par\u00e1.<\/p>\n\n\n\n<div class=\"wp-block-image\"><figure class=\"aligncenter size-full\"><img loading=\"lazy\" decoding=\"async\" width=\"574\" height=\"484\" src=\"https:\/\/dedemesquita.com.br\/wp-content\/uploads\/2022\/01\/271416928_638908324226047_6775749021364708329_n.jpg\" alt=\"\" class=\"wp-image-3384\"\/><figcaption>Gleydson Souza coordena a r\u00e1dio FM Alepa <\/figcaption><\/figure><\/div>\n\n\n\n<p><strong>Jorge &#8211; <\/strong>O publicit\u00e1rio paraense <strong>Jorge Bentes<\/strong>, ex-Roma News e O Liberal, assumiu o cargo de jornalista e gerente de Cria\u00e7\u00e3o Digital na empresa Endemol Shine Brasil, a produtora do programa The Masked Singer Brasil. <\/p>\n\n\n\n<div class=\"wp-block-image\"><figure class=\"aligncenter size-full\"><img loading=\"lazy\" decoding=\"async\" width=\"1000\" height=\"642\" src=\"https:\/\/dedemesquita.com.br\/wp-content\/uploads\/2022\/01\/JORGE_BENTES.jpg\" alt=\"\" class=\"wp-image-3400\" srcset=\"https:\/\/dedemesquita.com.br\/wp-content\/uploads\/2022\/01\/JORGE_BENTES.jpg 1000w, https:\/\/dedemesquita.com.br\/wp-content\/uploads\/2022\/01\/JORGE_BENTES-768x493.jpg 768w\" sizes=\"(max-width: 1000px) 100vw, 1000px\" \/><figcaption>Jorge Bentes atua na empresa Endemol Shine BRasil <\/figcaption><\/figure><\/div>\n\n\n\n<p><strong>Faraon &#8211; <\/strong>O jornalista <strong>Filipe Faraon<\/strong> deixou a Funtelpa, onde atuava na TV Cultura. Faraon tamb\u00e9m passou pela Reda\u00e7\u00e3o Integrada O Liberal, anos atr\u00e1s.<\/p>\n\n\n\n<div class=\"wp-block-image\"><figure class=\"aligncenter size-full\"><img loading=\"lazy\" decoding=\"async\" width=\"950\" height=\"625\" src=\"https:\/\/dedemesquita.com.br\/wp-content\/uploads\/2022\/01\/faraon.jpg\" alt=\"\" class=\"wp-image-3386\" srcset=\"https:\/\/dedemesquita.com.br\/wp-content\/uploads\/2022\/01\/faraon.jpg 950w, https:\/\/dedemesquita.com.br\/wp-content\/uploads\/2022\/01\/faraon-768x505.jpg 768w, https:\/\/dedemesquita.com.br\/wp-content\/uploads\/2022\/01\/faraon-850x560.jpg 850w, https:\/\/dedemesquita.com.br\/wp-content\/uploads\/2022\/01\/faraon-455x300.jpg 455w\" sizes=\"(max-width: 950px) 100vw, 950px\" \/><figcaption>Despedida do Filipe Faraon da Funtelpa <\/figcaption><\/figure><\/div>\n\n\n\n<p><strong>Marab\u00e1 &#8211; <\/strong>As cheias dos rios Tocantins e Itacaiunas, em Marab\u00e1 fizeram com que jornalistas fossem enviados \u00e0quele munic\u00edpio para a cobertura desse fen\u00f4meno da natureza que desabrigou muitas fam\u00edlia. O fot\u00f3grafo <strong>Raimundo Pacc\u00f3,<\/strong> pela ag\u00eancia FramePhoto\/ Estad\u00e3o Conte\u00fado, o rep\u00f3rter <strong>Carlos Britto<\/strong>, pela TV Liberal, e o fot\u00f3grafo Filipe Bispo Vale, pela ag\u00eancia FotoArena, est\u00e3o por l\u00e1. <\/p>\n\n\n\n<div class=\"wp-block-image\"><figure class=\"aligncenter size-full\"><img loading=\"lazy\" decoding=\"async\" width=\"720\" height=\"803\" src=\"https:\/\/dedemesquita.com.br\/wp-content\/uploads\/2022\/01\/WhatsApp-Image-2022-01-18-at-14.20.22.jpeg\" alt=\"\" class=\"wp-image-3403\"\/><figcaption>Carlos Brito est\u00e1 enfrentando as cheias dos rios e as fortes chuvas da regi\u00e3o de Marab\u00e1 <\/figcaption><\/figure><\/div>\n\n\n\n<div class=\"wp-block-image\"><figure class=\"aligncenter size-full\"><img loading=\"lazy\" decoding=\"async\" width=\"720\" height=\"480\" src=\"https:\/\/dedemesquita.com.br\/wp-content\/uploads\/2022\/01\/WhatsApp-Image-2022-01-18-at-08.23.23.jpeg\" alt=\"\" class=\"wp-image-3387\"\/><figcaption>Raimundo Pacc\u00f3 na miss\u00e3o Marab\u00e1 e as cheias dos rios que banham a cidade (foto de Filipe Bispo Vale) <\/figcaption><\/figure><\/div>\n\n\n\n<div class=\"wp-block-image\"><figure class=\"aligncenter size-full\"><img loading=\"lazy\" decoding=\"async\" width=\"716\" height=\"482\" src=\"https:\/\/dedemesquita.com.br\/wp-content\/uploads\/2022\/01\/WhatsApp-Image-2022-01-18-at-13.40.12.jpeg\" alt=\"\" class=\"wp-image-3394\"\/><figcaption>Filipe Bispo Vale <\/figcaption><\/figure><\/div>\n\n\n\n<p><strong>Covid-19 &#8211; <\/strong>Por falar em TV Liberal, a rep\u00f3rter<strong> Jal\u00edlia Messias <\/strong>foi infectada pela variante \u00f4micron da covid-19, e por isso, as reportagens de rede dessa emissora est\u00e3o sendo feitas pelo <strong>Gustavo Ferreira<\/strong>. <\/p>\n\n\n\n<div class=\"wp-block-image\"><figure class=\"aligncenter size-full\"><img loading=\"lazy\" decoding=\"async\" width=\"490\" height=\"517\" src=\"https:\/\/dedemesquita.com.br\/wp-content\/uploads\/2022\/01\/jalai.png\" alt=\"\" class=\"wp-image-3401\"\/><figcaption>Jal\u00edlia Messias est\u00e1 afastada na TV Liberal por conta da covid-19 <\/figcaption><\/figure><\/div>\n\n\n\n<p><strong>Pr\u00eamio &#8211; <\/strong>O jornalista <strong>Taciano Cassimiro<\/strong>, de Tail\u00e2ndia, regi\u00e3o sudeste do Par\u00e1, recebeu pelo segundo ano consecutivo o t\u00edtulo de &#8220;Jornalista Pol\u00edtico&#8221;, promovido pela IC Comunica\u00e7\u00f5es TV, no pr\u00eamio Melhores do Ano de 2021. Ele agradeceu \u00e0 equipe do TN Brasil TV que o tem apoiado e prima pela qualidade, &#8220;sem se preocupar com a quantidade dos likes&#8221;, escreveu.<\/p>\n\n\n\n<div class=\"wp-block-image\"><figure class=\"aligncenter size-full\"><img loading=\"lazy\" decoding=\"async\" width=\"711\" height=\"649\" src=\"https:\/\/dedemesquita.com.br\/wp-content\/uploads\/2022\/01\/WhatsApp-Image-2022-01-15-at-18.53.37.jpeg\" alt=\"\" class=\"wp-image-3389\"\/><figcaption>Taciano Cassimiro e seu pr\u00eamio, que foi entregue no dia 12 passado<\/figcaption><\/figure><\/div>\n","protected":false},"excerpt":{"rendered":"<p>Como alguns j\u00e1 devem ter percebido, \u00e0s ter\u00e7as-feiras, sempre temos atualiza\u00e7\u00f5es sobre mudan\u00e7as e novidades na reda\u00e7\u00f5es de Bel\u00e9m. Vamos a elas Grupo O Liberal &#8211; A jornalista Andreia Esp\u00edrito Santo, depois de 11 anos trabalhando nas reda\u00e7\u00f5es de Amaz\u00f4nia e O Liberal, foi desligada da empresa. Ela mesma contou sobre a sa\u00edda no Twitter [&hellip;]<\/p>\n","protected":false},"author":2,"featured_media":3388,"comment_status":"open","ping_status":"open","sticky":false,"template":"","format":"standard","meta":{"footnotes":""},"categories":[51,14,29],"tags":[191,119,120,144,150,197,137],"class_list":["post-3380","post","type-post","status-publish","format-standard","has-post-thumbnail","hentry","category-destaque","category-imprensa","category-jornalismo","tag-alepa","tag-jornalismo","tag-jornalistas-paraenses-em-acao","tag-o-liberal","tag-secom-pa","tag-tv-cultura","tag-tv-liberal"],"yoast_head":"<!-- This site is optimized with the Yoast SEO plugin v19.10 - https:\/\/yoast.com\/wordpress\/plugins\/seo\/ -->\n<title>Gleydson Souza na coordena\u00e7\u00e3o da FM Alepa e outras novidades da imprensa em Bel\u00e9m - Ded\u00e9 Mesquita<\/title>\n<meta name=\"robots\" content=\"index, follow, max-snippet:-1, max-image-preview:large, max-video-preview:-1\" \/>\n<link rel=\"canonical\" href=\"https:\/\/dedemesquita.com.br\/?p=3380\" \/>\n<meta property=\"og:locale\" content=\"pt_BR\" \/>\n<meta property=\"og:type\" content=\"article\" \/>\n<meta property=\"og:title\" content=\"Gleydson Souza na coordena\u00e7\u00e3o da FM Alepa e outras novidades da imprensa em Bel\u00e9m - Ded\u00e9 Mesquita\" \/>\n<meta property=\"og:description\" content=\"Como alguns j\u00e1 devem ter percebido, \u00e0s ter\u00e7as-feiras, sempre temos atualiza\u00e7\u00f5es sobre mudan\u00e7as e novidades na reda\u00e7\u00f5es de Bel\u00e9m. Vamos a elas Grupo O Liberal &#8211; A jornalista Andreia Esp\u00edrito Santo, depois de 11 anos trabalhando nas reda\u00e7\u00f5es de Amaz\u00f4nia e O Liberal, foi desligada da empresa. Ela mesma contou sobre a sa\u00edda no Twitter [&hellip;]\" \/>\n<meta property=\"og:url\" content=\"https:\/\/dedemesquita.com.br\/?p=3380\" \/>\n<meta property=\"og:site_name\" content=\"Ded\u00e9 Mesquita\" \/>\n<meta property=\"article:publisher\" content=\"https:\/\/www.facebook.com\/dede.mesquita\" \/>\n<meta property=\"article:published_time\" content=\"2022-01-18T15:32:22+00:00\" \/>\n<meta property=\"article:modified_time\" content=\"2022-01-18T17:22:19+00:00\" \/>\n<meta property=\"og:image\" content=\"https:\/\/dedemesquita.com.br\/wp-content\/uploads\/2022\/01\/GLEYDSON_SOUZA.jpg\" \/>\n\t<meta property=\"og:image:width\" content=\"765\" \/>\n\t<meta property=\"og:image:height\" content=\"464\" \/>\n\t<meta property=\"og:image:type\" content=\"image\/jpeg\" \/>\n<meta name=\"author\" content=\"Ded\u00e9 Mesquita\" \/>\n<meta name=\"twitter:card\" content=\"summary_large_image\" \/>\n<meta name=\"twitter:creator\" content=\"@dedemesquita\" \/>\n<meta name=\"twitter:site\" content=\"@dedemesquita\" \/>\n<meta name=\"twitter:label1\" content=\"Escrito por\" \/>\n\t<meta name=\"twitter:data1\" content=\"Ded\u00e9 Mesquita\" \/>\n\t<meta name=\"twitter:label2\" content=\"Est. tempo de leitura\" \/>\n\t<meta name=\"twitter:data2\" content=\"6 minutos\" \/>\n<script type=\"application\/ld+json\" class=\"yoast-schema-graph\">{\"@context\":\"https:\/\/schema.org\",\"@graph\":[{\"@type\":\"WebPage\",\"@id\":\"https:\/\/dedemesquita.com.br\/?p=3380\",\"url\":\"https:\/\/dedemesquita.com.br\/?p=3380\",\"name\":\"Gleydson Souza na coordena\u00e7\u00e3o da FM Alepa e outras novidades da imprensa em Bel\u00e9m - Ded\u00e9 Mesquita\",\"isPartOf\":{\"@id\":\"https:\/\/dedemesquita.com.br\/#website\"},\"datePublished\":\"2022-01-18T15:32:22+00:00\",\"dateModified\":\"2022-01-18T17:22:19+00:00\",\"author\":{\"@id\":\"https:\/\/dedemesquita.com.br\/#\/schema\/person\/36571f81dd2d76dc3ab37231542c9e24\"},\"breadcrumb\":{\"@id\":\"https:\/\/dedemesquita.com.br\/?p=3380#breadcrumb\"},\"inLanguage\":\"pt-BR\",\"potentialAction\":[{\"@type\":\"ReadAction\",\"target\":[\"https:\/\/dedemesquita.com.br\/?p=3380\"]}]},{\"@type\":\"BreadcrumbList\",\"@id\":\"https:\/\/dedemesquita.com.br\/?p=3380#breadcrumb\",\"itemListElement\":[{\"@type\":\"ListItem\",\"position\":1,\"name\":\"In\u00edcio\",\"item\":\"https:\/\/dedemesquita.com.br\/\"},{\"@type\":\"ListItem\",\"position\":2,\"name\":\"Gleydson Souza na coordena\u00e7\u00e3o da FM Alepa e outras novidades da imprensa em Bel\u00e9m\"}]},{\"@type\":\"WebSite\",\"@id\":\"https:\/\/dedemesquita.com.br\/#website\",\"url\":\"https:\/\/dedemesquita.com.br\/\",\"name\":\"Ded\u00e9 Mesquita\",\"description\":\"Um site que mostra os bastidores da imprensa no estado do Par\u00e1 e em Bel\u00e9m\",\"potentialAction\":[{\"@type\":\"SearchAction\",\"target\":{\"@type\":\"EntryPoint\",\"urlTemplate\":\"https:\/\/dedemesquita.com.br\/?s={search_term_string}\"},\"query-input\":\"required name=search_term_string\"}],\"inLanguage\":\"pt-BR\"},{\"@type\":\"Person\",\"@id\":\"https:\/\/dedemesquita.com.br\/#\/schema\/person\/36571f81dd2d76dc3ab37231542c9e24\",\"name\":\"Ded\u00e9 Mesquita\",\"image\":{\"@type\":\"ImageObject\",\"inLanguage\":\"pt-BR\",\"@id\":\"https:\/\/dedemesquita.com.br\/#\/schema\/person\/image\/\",\"url\":\"https:\/\/dedemesquita.com.br\/wp-content\/uploads\/2021\/02\/foto_perfil-150x150.jpg\",\"contentUrl\":\"https:\/\/dedemesquita.com.br\/wp-content\/uploads\/2021\/02\/foto_perfil-150x150.jpg\",\"caption\":\"Ded\u00e9 Mesquita\"},\"sameAs\":[\"https:\/\/dedemesquita.com.br\"]}]}<\/script>\n<!-- \/ Yoast SEO plugin. -->","yoast_head_json":{"title":"Gleydson Souza na coordena\u00e7\u00e3o da FM Alepa e outras novidades da imprensa em Bel\u00e9m - Ded\u00e9 Mesquita","robots":{"index":"index","follow":"follow","max-snippet":"max-snippet:-1","max-image-preview":"max-image-preview:large","max-video-preview":"max-video-preview:-1"},"canonical":"https:\/\/dedemesquita.com.br\/?p=3380","og_locale":"pt_BR","og_type":"article","og_title":"Gleydson Souza na coordena\u00e7\u00e3o da FM Alepa e outras novidades da imprensa em Bel\u00e9m - Ded\u00e9 Mesquita","og_description":"Como alguns j\u00e1 devem ter percebido, \u00e0s ter\u00e7as-feiras, sempre temos atualiza\u00e7\u00f5es sobre mudan\u00e7as e novidades na reda\u00e7\u00f5es de Bel\u00e9m. Vamos a elas Grupo O Liberal &#8211; A jornalista Andreia Esp\u00edrito Santo, depois de 11 anos trabalhando nas reda\u00e7\u00f5es de Amaz\u00f4nia e O Liberal, foi desligada da empresa. Ela mesma contou sobre a sa\u00edda no Twitter [&hellip;]","og_url":"https:\/\/dedemesquita.com.br\/?p=3380","og_site_name":"Ded\u00e9 Mesquita","article_publisher":"https:\/\/www.facebook.com\/dede.mesquita","article_published_time":"2022-01-18T15:32:22+00:00","article_modified_time":"2022-01-18T17:22:19+00:00","og_image":[{"width":765,"height":464,"url":"https:\/\/dedemesquita.com.br\/wp-content\/uploads\/2022\/01\/GLEYDSON_SOUZA.jpg","type":"image\/jpeg"}],"author":"Ded\u00e9 Mesquita","twitter_card":"summary_large_image","twitter_creator":"@dedemesquita","twitter_site":"@dedemesquita","twitter_misc":{"Escrito por":"Ded\u00e9 Mesquita","Est. tempo de leitura":"6 minutos"},"schema":{"@context":"https:\/\/schema.org","@graph":[{"@type":"WebPage","@id":"https:\/\/dedemesquita.com.br\/?p=3380","url":"https:\/\/dedemesquita.com.br\/?p=3380","name":"Gleydson Souza na coordena\u00e7\u00e3o da FM Alepa e outras novidades da imprensa em Bel\u00e9m - Ded\u00e9 Mesquita","isPartOf":{"@id":"https:\/\/dedemesquita.com.br\/#website"},"datePublished":"2022-01-18T15:32:22+00:00","dateModified":"2022-01-18T17:22:19+00:00","author":{"@id":"https:\/\/dedemesquita.com.br\/#\/schema\/person\/36571f81dd2d76dc3ab37231542c9e24"},"breadcrumb":{"@id":"https:\/\/dedemesquita.com.br\/?p=3380#breadcrumb"},"inLanguage":"pt-BR","potentialAction":[{"@type":"ReadAction","target":["https:\/\/dedemesquita.com.br\/?p=3380"]}]},{"@type":"BreadcrumbList","@id":"https:\/\/dedemesquita.com.br\/?p=3380#breadcrumb","itemListElement":[{"@type":"ListItem","position":1,"name":"In\u00edcio","item":"https:\/\/dedemesquita.com.br\/"},{"@type":"ListItem","position":2,"name":"Gleydson Souza na coordena\u00e7\u00e3o da FM Alepa e outras novidades da imprensa em Bel\u00e9m"}]},{"@type":"WebSite","@id":"https:\/\/dedemesquita.com.br\/#website","url":"https:\/\/dedemesquita.com.br\/","name":"Ded\u00e9 Mesquita","description":"Um site que mostra os bastidores da imprensa no estado do Par\u00e1 e em Bel\u00e9m","potentialAction":[{"@type":"SearchAction","target":{"@type":"EntryPoint","urlTemplate":"https:\/\/dedemesquita.com.br\/?s={search_term_string}"},"query-input":"required name=search_term_string"}],"inLanguage":"pt-BR"},{"@type":"Person","@id":"https:\/\/dedemesquita.com.br\/#\/schema\/person\/36571f81dd2d76dc3ab37231542c9e24","name":"Ded\u00e9 Mesquita","image":{"@type":"ImageObject","inLanguage":"pt-BR","@id":"https:\/\/dedemesquita.com.br\/#\/schema\/person\/image\/","url":"https:\/\/dedemesquita.com.br\/wp-content\/uploads\/2021\/02\/foto_perfil-150x150.jpg","contentUrl":"https:\/\/dedemesquita.com.br\/wp-content\/uploads\/2021\/02\/foto_perfil-150x150.jpg","caption":"Ded\u00e9 Mesquita"},"sameAs":["https:\/\/dedemesquita.com.br"]}]}},"_links":{"self":[{"href":"https:\/\/dedemesquita.com.br\/index.php?rest_route=\/wp\/v2\/posts\/3380"}],"collection":[{"href":"https:\/\/dedemesquita.com.br\/index.php?rest_route=\/wp\/v2\/posts"}],"about":[{"href":"https:\/\/dedemesquita.com.br\/index.php?rest_route=\/wp\/v2\/types\/post"}],"author":[{"embeddable":true,"href":"https:\/\/dedemesquita.com.br\/index.php?rest_route=\/wp\/v2\/users\/2"}],"replies":[{"embeddable":true,"href":"https:\/\/dedemesquita.com.br\/index.php?rest_route=%2Fwp%2Fv2%2Fcomments&post=3380"}],"version-history":[{"count":7,"href":"https:\/\/dedemesquita.com.br\/index.php?rest_route=\/wp\/v2\/posts\/3380\/revisions"}],"predecessor-version":[{"id":3405,"href":"https:\/\/dedemesquita.com.br\/index.php?rest_route=\/wp\/v2\/posts\/3380\/revisions\/3405"}],"wp:featuredmedia":[{"embeddable":true,"href":"https:\/\/dedemesquita.com.br\/index.php?rest_route=\/wp\/v2\/media\/3388"}],"wp:attachment":[{"href":"https:\/\/dedemesquita.com.br\/index.php?rest_route=%2Fwp%2Fv2%2Fmedia&parent=3380"}],"wp:term":[{"taxonomy":"category","embeddable":true,"href":"https:\/\/dedemesquita.com.br\/index.php?rest_route=%2Fwp%2Fv2%2Fcategories&post=3380"},{"taxonomy":"post_tag","embeddable":true,"href":"https:\/\/dedemesquita.com.br\/index.php?rest_route=%2Fwp%2Fv2%2Ftags&post=3380"}],"curies":[{"name":"wp","href":"https:\/\/api.w.org\/{rel}","templated":true}]}}