{"id":3314,"date":"2022-01-10T14:54:27","date_gmt":"2022-01-10T17:54:27","guid":{"rendered":"https:\/\/dedemesquita.com.br\/?p=3314"},"modified":"2022-01-11T18:32:33","modified_gmt":"2022-01-11T21:32:33","slug":"anna-paula-mello-na-tv-cultura-e-outras-novidades-da-imprensa","status":"publish","type":"post","link":"https:\/\/dedemesquita.com.br\/?p=3314","title":{"rendered":"Anna Paula Mello na TV Cultura e outras novidades da imprensa"},"content":{"rendered":"\n<p>Vamos come\u00e7ar a semana com o constante troca-troca nas reda\u00e7\u00f5es de Bel\u00e9m e no Par\u00e1, nos os ve\u00edculos de not\u00edcias e nas assessorias de comunica\u00e7\u00e3o. <\/p>\n\n\n\n<p><strong>Anna Paula &#8211; <\/strong>Anna Paula Mello, com passagens pela Record TV e RedeTV Par\u00e1, \u00e9 a mais nova rep\u00f3rter da TV Cultura, lugar onde ela come\u00e7ou. Para o lugar de Anna Paula na RedeTV, entrou o apresentador <strong>Valdo Souza<\/strong>, que foi do SBT Par\u00e1. <\/p>\n\n\n\n<div class=\"wp-block-image\"><figure class=\"aligncenter size-full\"><img loading=\"lazy\" decoding=\"async\" width=\"720\" height=\"602\" src=\"https:\/\/dedemesquita.com.br\/wp-content\/uploads\/2022\/01\/WhatsApp-Image-2022-01-10-at-14.02.58.jpeg\" alt=\"\" class=\"wp-image-3317\"\/><figcaption>Anna Paula Mello e a equipe de reportagem da TV Cultura <\/figcaption><\/figure><\/div>\n\n\n\n<div class=\"wp-block-image\"><figure class=\"aligncenter size-full\"><img loading=\"lazy\" decoding=\"async\" width=\"717\" height=\"703\" src=\"https:\/\/dedemesquita.com.br\/wp-content\/uploads\/2022\/01\/WhatsApp-Image-2022-01-10-at-15.30.06-1.jpeg\" alt=\"\" class=\"wp-image-3326\"\/><figcaption>Valdo Souza est\u00e1 na Rede TV Par\u00e1, de segunda a sexta-feira, \u00e0s 19 horas<\/figcaption><\/figure><\/div>\n\n\n\n<p><strong>Igor Fonseca &#8211; <\/strong>No final do ano passado, houve troca de assessor de comunica\u00e7\u00e3o na Secretaria de Estado de Desenvolvimento Econ\u00f4mico, Minera\u00e7\u00e3o e Energia do Par\u00e1 (SEDEME). Saiu Igor Fonseca e agora est\u00e1&nbsp;<strong>Igor Nascimento<\/strong>. Contatos do Igor Nascimento: (91) 98457-1221 ou pelo e-mail: ascomsedeme@gmail.com.<\/p>\n\n\n\n<div class=\"wp-block-image\"><figure class=\"aligncenter size-full\"><img loading=\"lazy\" decoding=\"async\" width=\"1000\" height=\"751\" src=\"https:\/\/dedemesquita.com.br\/wp-content\/uploads\/2022\/01\/IGOR_NASCIMENTO.jpg\" alt=\"\" class=\"wp-image-3321\" srcset=\"https:\/\/dedemesquita.com.br\/wp-content\/uploads\/2022\/01\/IGOR_NASCIMENTO.jpg 1000w, https:\/\/dedemesquita.com.br\/wp-content\/uploads\/2022\/01\/IGOR_NASCIMENTO-768x577.jpg 768w\" sizes=\"(max-width: 1000px) 100vw, 1000px\" \/><figcaption>Igor Nascimento \u00e9 o novo assessor de comunica\u00e7\u00e3o da SEDEME<\/figcaption><\/figure><\/div>\n\n\n\n<p><strong>COMUS &#8211;<\/strong> Algumas mudan\u00e7as na Comus\/Ag\u00eancia Bel\u00e9m. A Coordenadoria Municipal de Turismo (<strong>Belemtur<\/strong>), que nunca teve um assessor de comunica\u00e7\u00e3o, n\u00e3o deixou por menos e na gest\u00e3o ED, tem quatro (4). Imagino que seja a Ascom inteira, mas, vai saber, n\u00e3o \u00e9? Est\u00e3o por l\u00e1: <strong>David Figueiredo Ferreira Filho<\/strong>: (91) 98402-9873; <strong>Janaina Monteiro Arielo<\/strong>: (91) 98538-1659; <strong>Gislene Cleide Campos Pereira: <\/strong>(91) 98283-4781&nbsp;e <strong>Kamila Dias Santos: <\/strong>(91) 98945-6530.<\/p>\n\n\n\n<p>Quem tamb\u00e9m tem assessora de comunica\u00e7\u00e3o \u00e9 a Coordenadoria da Mulher de Bel\u00e9m (<strong>Combel<\/strong>), assessorada por<strong> Ana Caroline Nogueira Ara\u00fajo:<\/strong> (91) 98464-3898.<\/p>\n\n\n\n<p><strong>Televis\u00f5es &#8211; <\/strong>A jornalista <strong>Mar\u00edlia Argollo<\/strong>, que foi do portal Cultura, come\u00e7ou como rep\u00f3rter da TV Record Bel\u00e9m. <strong>Rayana Serr\u00e3o<\/strong> est\u00e1 no lugar dela na Cultura.<\/p>\n\n\n\n<div class=\"wp-block-image\"><figure class=\"aligncenter size-full\"><img loading=\"lazy\" decoding=\"async\" width=\"720\" height=\"787\" src=\"https:\/\/dedemesquita.com.br\/wp-content\/uploads\/2022\/01\/WhatsApp-Image-2022-01-10-at-14.15.25.jpeg\" alt=\"\" class=\"wp-image-3320\"\/><figcaption>Mar\u00edlia Argollo estreia como rep\u00f3rter na TV Record Bel\u00e9m <\/figcaption><\/figure><\/div>\n\n\n\n<p><strong>Visita &#8211;<\/strong> Quem est\u00e1 por Bel\u00e9m \u00e9 a <strong>Y\u00e1skara Cavalcante<\/strong>, ex-colunista de O Liberal, que se mudou para Portugal. <\/p>\n\n\n\n<div class=\"wp-block-image\"><figure class=\"aligncenter size-full\"><img loading=\"lazy\" decoding=\"async\" width=\"717\" height=\"474\" src=\"https:\/\/dedemesquita.com.br\/wp-content\/uploads\/2022\/01\/YASKARA_CAVALCANTE.jpeg\" alt=\"\" class=\"wp-image-3316\" srcset=\"https:\/\/dedemesquita.com.br\/wp-content\/uploads\/2022\/01\/YASKARA_CAVALCANTE.jpeg 717w, https:\/\/dedemesquita.com.br\/wp-content\/uploads\/2022\/01\/YASKARA_CAVALCANTE-600x398.jpeg 600w, https:\/\/dedemesquita.com.br\/wp-content\/uploads\/2022\/01\/YASKARA_CAVALCANTE-455x300.jpeg 455w\" sizes=\"(max-width: 717px) 100vw, 717px\" \/><figcaption>Y\u00e1skara Cavalcante e Christian Emanoel no lan\u00e7amento do bloco de carnaval Kalango <\/figcaption><\/figure><\/div>\n\n\n\n<p><strong>Livro &#8211; <\/strong>O jornalista <strong>Edson Coelho<\/strong>, que foi editor de O Liberal, tamb\u00e9m publicit\u00e1rio, escritor, autor de v\u00e1rios livros, como \u201cDo Real Imaginado\u201d (poesia). \u201cEu te Amo\u201d (romance) e \u201cAmor e Sexo \u2013 28 Relatos\u201d (contos), lan\u00e7ou na sexta-feira, 7, seu novo livro &#8220;Unicidades&#8221;. <\/p>\n\n\n\n<div class=\"wp-block-image\"><figure class=\"aligncenter size-full\"><img loading=\"lazy\" decoding=\"async\" width=\"716\" height=\"467\" src=\"https:\/\/dedemesquita.com.br\/wp-content\/uploads\/2022\/01\/WhatsApp-Image-2022-01-07-at-21.39.23.jpeg\" alt=\"\" class=\"wp-image-3315\"\/><figcaption>O lan\u00e7amento do novo livro de Edson Coelho foi no Espa\u00e7o Cultural Boi\u00fana, em Bel\u00e9m <\/figcaption><\/figure><\/div>\n\n\n\n<div class=\"wp-block-image\"><figure class=\"aligncenter size-full\"><img loading=\"lazy\" decoding=\"async\" width=\"720\" height=\"720\" src=\"https:\/\/dedemesquita.com.br\/wp-content\/uploads\/2022\/01\/EDSON-COELHO.jpg\" alt=\"\" class=\"wp-image-3318\" srcset=\"https:\/\/dedemesquita.com.br\/wp-content\/uploads\/2022\/01\/EDSON-COELHO.jpg 720w, https:\/\/dedemesquita.com.br\/wp-content\/uploads\/2022\/01\/EDSON-COELHO-150x150.jpg 150w\" sizes=\"(max-width: 720px) 100vw, 720px\" \/><figcaption>Card com o convite para a lan\u00e7amento do livro, que foi realizado no dia 7 de janeiro passado<\/figcaption><\/figure><\/div>\n\n\n\n<p><strong>Joyce &#8211; <\/strong>A jornalista e cineasta Joyce Cursino, que foi rep\u00f3rter no SBT Par\u00e1, est\u00e1 no Rio de Janeiro participando de um curso na Academia Internacional de Cinema do Rio de Janeiro, no bairro de Botafogo. <\/p>\n\n\n\n<div class=\"wp-block-image\"><figure class=\"aligncenter size-full\"><img loading=\"lazy\" decoding=\"async\" width=\"1000\" height=\"750\" src=\"https:\/\/dedemesquita.com.br\/wp-content\/uploads\/2022\/01\/JOYCE_CURSINO.jpg\" alt=\"\" class=\"wp-image-3319\" srcset=\"https:\/\/dedemesquita.com.br\/wp-content\/uploads\/2022\/01\/JOYCE_CURSINO.jpg 1000w, https:\/\/dedemesquita.com.br\/wp-content\/uploads\/2022\/01\/JOYCE_CURSINO-768x576.jpg 768w\" sizes=\"(max-width: 1000px) 100vw, 1000px\" \/><figcaption>Joyce Cursino \u00e9 idealizadora e produtora executiva no projeto Telas em Movimento <\/figcaption><\/figure><\/div>\n\n\n\n<p><strong>Podcast &#8211;<\/strong> A jornalista <strong>\u00c9rika Mohry <\/strong>lan\u00e7ou o podcast <strong>&#8220;Mulheres do Mar&#8221;<\/strong> nas plataformas digitais, com cinco epis\u00f3dios, que podem ser acessados no Spotify. S\u00e3o hist\u00f3rias sobre o av\u00f4 de \u00c9rika, Hassen Mohry, em Salinas, regi\u00e3o nordeste do Par\u00e1, pela \u00f3tica de cinco mulheres. O projeto foi contemplado pelo edital de Multilinguagens da Lei Aldir Blanc. <\/p>\n\n\n\n<div class=\"wp-block-image\"><figure class=\"aligncenter size-full\"><img loading=\"lazy\" decoding=\"async\" width=\"823\" height=\"294\" src=\"https:\/\/dedemesquita.com.br\/wp-content\/uploads\/2022\/01\/ERIKA_MOHRY.png\" alt=\"\" class=\"wp-image-3322\" srcset=\"https:\/\/dedemesquita.com.br\/wp-content\/uploads\/2022\/01\/ERIKA_MOHRY.png 823w, https:\/\/dedemesquita.com.br\/wp-content\/uploads\/2022\/01\/ERIKA_MOHRY-768x274.png 768w\" sizes=\"(max-width: 823px) 100vw, 823px\" \/><figcaption>Podcast de \u00c9rika Mohry <\/figcaption><\/figure><\/div>\n\n\n\n<p><strong>Magalh\u00e3es &#8211;<\/strong> O fotojornalista <strong>Cezar Magalh\u00e3es<\/strong> [o homem, a lenda e o mito] teve uma foto dele classificada para exibi\u00e7\u00e3o em todos os canais do <strong>Bras\u00edlia Photo Show 2021<\/strong>, que concorrer\u00e1 \u00e0s premia\u00e7\u00f5es da temporada. <\/p>\n\n\n\n<div class=\"wp-block-image\"><figure class=\"aligncenter size-full\"><img loading=\"lazy\" decoding=\"async\" width=\"900\" height=\"638\" src=\"https:\/\/dedemesquita.com.br\/wp-content\/uploads\/2022\/01\/CEZAR_MAGALHAES-1.jpg\" alt=\"\" class=\"wp-image-3324\" srcset=\"https:\/\/dedemesquita.com.br\/wp-content\/uploads\/2022\/01\/CEZAR_MAGALHAES-1.jpg 900w, https:\/\/dedemesquita.com.br\/wp-content\/uploads\/2022\/01\/CEZAR_MAGALHAES-1-768x544.jpg 768w\" sizes=\"(max-width: 900px) 100vw, 900px\" \/><figcaption>Certificado recebido pelo Magalha <\/figcaption><\/figure><\/div>\n\n\n\n<p><\/p>\n","protected":false},"excerpt":{"rendered":"<p>Vamos come\u00e7ar a semana com o constante troca-troca nas reda\u00e7\u00f5es de Bel\u00e9m e no Par\u00e1, nos os ve\u00edculos de not\u00edcias e nas assessorias de comunica\u00e7\u00e3o. Anna Paula &#8211; Anna Paula Mello, com passagens pela Record TV e RedeTV Par\u00e1, \u00e9 a mais nova rep\u00f3rter da TV Cultura, lugar onde ela come\u00e7ou. Para o lugar de [&hellip;]<\/p>\n","protected":false},"author":2,"featured_media":3323,"comment_status":"open","ping_status":"open","sticky":false,"template":"","format":"standard","meta":{"footnotes":""},"categories":[51,14,29],"tags":[136,119,120,190,197],"class_list":["post-3314","post","type-post","status-publish","format-standard","has-post-thumbnail","hentry","category-destaque","category-imprensa","category-jornalismo","tag-comus-agencia-belem","tag-jornalismo","tag-jornalistas-paraenses-em-acao","tag-sbt-pa","tag-tv-cultura"],"yoast_head":"<!-- This site is optimized with the Yoast SEO plugin v19.10 - https:\/\/yoast.com\/wordpress\/plugins\/seo\/ -->\n<title>Anna Paula Mello na TV Cultura e outras novidades da imprensa - Ded\u00e9 Mesquita<\/title>\n<meta name=\"robots\" content=\"index, follow, max-snippet:-1, max-image-preview:large, max-video-preview:-1\" \/>\n<link rel=\"canonical\" href=\"https:\/\/dedemesquita.com.br\/?p=3314\" \/>\n<meta property=\"og:locale\" content=\"pt_BR\" \/>\n<meta property=\"og:type\" content=\"article\" \/>\n<meta property=\"og:title\" content=\"Anna Paula Mello na TV Cultura e outras novidades da imprensa - Ded\u00e9 Mesquita\" \/>\n<meta property=\"og:description\" content=\"Vamos come\u00e7ar a semana com o constante troca-troca nas reda\u00e7\u00f5es de Bel\u00e9m e no Par\u00e1, nos os ve\u00edculos de not\u00edcias e nas assessorias de comunica\u00e7\u00e3o. Anna Paula &#8211; Anna Paula Mello, com passagens pela Record TV e RedeTV Par\u00e1, \u00e9 a mais nova rep\u00f3rter da TV Cultura, lugar onde ela come\u00e7ou. Para o lugar de [&hellip;]\" \/>\n<meta property=\"og:url\" content=\"https:\/\/dedemesquita.com.br\/?p=3314\" \/>\n<meta property=\"og:site_name\" content=\"Ded\u00e9 Mesquita\" \/>\n<meta property=\"article:publisher\" content=\"https:\/\/www.facebook.com\/dede.mesquita\" \/>\n<meta property=\"article:published_time\" content=\"2022-01-10T17:54:27+00:00\" \/>\n<meta property=\"article:modified_time\" content=\"2022-01-11T21:32:33+00:00\" \/>\n<meta property=\"og:image\" content=\"https:\/\/dedemesquita.com.br\/wp-content\/uploads\/2022\/01\/ANNA_PAULA_MELLO.jpg\" \/>\n\t<meta property=\"og:image:width\" content=\"959\" \/>\n\t<meta property=\"og:image:height\" content=\"495\" \/>\n\t<meta property=\"og:image:type\" content=\"image\/jpeg\" \/>\n<meta name=\"author\" content=\"Ded\u00e9 Mesquita\" \/>\n<meta name=\"twitter:card\" content=\"summary_large_image\" \/>\n<meta name=\"twitter:creator\" content=\"@dedemesquita\" \/>\n<meta name=\"twitter:site\" content=\"@dedemesquita\" \/>\n<meta name=\"twitter:label1\" content=\"Escrito por\" \/>\n\t<meta name=\"twitter:data1\" content=\"Ded\u00e9 Mesquita\" \/>\n\t<meta name=\"twitter:label2\" content=\"Est. tempo de leitura\" \/>\n\t<meta name=\"twitter:data2\" content=\"5 minutos\" \/>\n<script type=\"application\/ld+json\" class=\"yoast-schema-graph\">{\"@context\":\"https:\/\/schema.org\",\"@graph\":[{\"@type\":\"WebPage\",\"@id\":\"https:\/\/dedemesquita.com.br\/?p=3314\",\"url\":\"https:\/\/dedemesquita.com.br\/?p=3314\",\"name\":\"Anna Paula Mello na TV Cultura e outras novidades da imprensa - Ded\u00e9 Mesquita\",\"isPartOf\":{\"@id\":\"https:\/\/dedemesquita.com.br\/#website\"},\"datePublished\":\"2022-01-10T17:54:27+00:00\",\"dateModified\":\"2022-01-11T21:32:33+00:00\",\"author\":{\"@id\":\"https:\/\/dedemesquita.com.br\/#\/schema\/person\/36571f81dd2d76dc3ab37231542c9e24\"},\"breadcrumb\":{\"@id\":\"https:\/\/dedemesquita.com.br\/?p=3314#breadcrumb\"},\"inLanguage\":\"pt-BR\",\"potentialAction\":[{\"@type\":\"ReadAction\",\"target\":[\"https:\/\/dedemesquita.com.br\/?p=3314\"]}]},{\"@type\":\"BreadcrumbList\",\"@id\":\"https:\/\/dedemesquita.com.br\/?p=3314#breadcrumb\",\"itemListElement\":[{\"@type\":\"ListItem\",\"position\":1,\"name\":\"In\u00edcio\",\"item\":\"https:\/\/dedemesquita.com.br\/\"},{\"@type\":\"ListItem\",\"position\":2,\"name\":\"Anna Paula Mello na TV Cultura e outras novidades da imprensa\"}]},{\"@type\":\"WebSite\",\"@id\":\"https:\/\/dedemesquita.com.br\/#website\",\"url\":\"https:\/\/dedemesquita.com.br\/\",\"name\":\"Ded\u00e9 Mesquita\",\"description\":\"Um site que mostra os bastidores da imprensa no estado do Par\u00e1 e em Bel\u00e9m\",\"potentialAction\":[{\"@type\":\"SearchAction\",\"target\":{\"@type\":\"EntryPoint\",\"urlTemplate\":\"https:\/\/dedemesquita.com.br\/?s={search_term_string}\"},\"query-input\":\"required name=search_term_string\"}],\"inLanguage\":\"pt-BR\"},{\"@type\":\"Person\",\"@id\":\"https:\/\/dedemesquita.com.br\/#\/schema\/person\/36571f81dd2d76dc3ab37231542c9e24\",\"name\":\"Ded\u00e9 Mesquita\",\"image\":{\"@type\":\"ImageObject\",\"inLanguage\":\"pt-BR\",\"@id\":\"https:\/\/dedemesquita.com.br\/#\/schema\/person\/image\/\",\"url\":\"https:\/\/dedemesquita.com.br\/wp-content\/uploads\/2021\/02\/foto_perfil-150x150.jpg\",\"contentUrl\":\"https:\/\/dedemesquita.com.br\/wp-content\/uploads\/2021\/02\/foto_perfil-150x150.jpg\",\"caption\":\"Ded\u00e9 Mesquita\"},\"sameAs\":[\"https:\/\/dedemesquita.com.br\"]}]}<\/script>\n<!-- \/ Yoast SEO plugin. -->","yoast_head_json":{"title":"Anna Paula Mello na TV Cultura e outras novidades da imprensa - Ded\u00e9 Mesquita","robots":{"index":"index","follow":"follow","max-snippet":"max-snippet:-1","max-image-preview":"max-image-preview:large","max-video-preview":"max-video-preview:-1"},"canonical":"https:\/\/dedemesquita.com.br\/?p=3314","og_locale":"pt_BR","og_type":"article","og_title":"Anna Paula Mello na TV Cultura e outras novidades da imprensa - Ded\u00e9 Mesquita","og_description":"Vamos come\u00e7ar a semana com o constante troca-troca nas reda\u00e7\u00f5es de Bel\u00e9m e no Par\u00e1, nos os ve\u00edculos de not\u00edcias e nas assessorias de comunica\u00e7\u00e3o. Anna Paula &#8211; Anna Paula Mello, com passagens pela Record TV e RedeTV Par\u00e1, \u00e9 a mais nova rep\u00f3rter da TV Cultura, lugar onde ela come\u00e7ou. Para o lugar de [&hellip;]","og_url":"https:\/\/dedemesquita.com.br\/?p=3314","og_site_name":"Ded\u00e9 Mesquita","article_publisher":"https:\/\/www.facebook.com\/dede.mesquita","article_published_time":"2022-01-10T17:54:27+00:00","article_modified_time":"2022-01-11T21:32:33+00:00","og_image":[{"width":959,"height":495,"url":"https:\/\/dedemesquita.com.br\/wp-content\/uploads\/2022\/01\/ANNA_PAULA_MELLO.jpg","type":"image\/jpeg"}],"author":"Ded\u00e9 Mesquita","twitter_card":"summary_large_image","twitter_creator":"@dedemesquita","twitter_site":"@dedemesquita","twitter_misc":{"Escrito por":"Ded\u00e9 Mesquita","Est. tempo de leitura":"5 minutos"},"schema":{"@context":"https:\/\/schema.org","@graph":[{"@type":"WebPage","@id":"https:\/\/dedemesquita.com.br\/?p=3314","url":"https:\/\/dedemesquita.com.br\/?p=3314","name":"Anna Paula Mello na TV Cultura e outras novidades da imprensa - Ded\u00e9 Mesquita","isPartOf":{"@id":"https:\/\/dedemesquita.com.br\/#website"},"datePublished":"2022-01-10T17:54:27+00:00","dateModified":"2022-01-11T21:32:33+00:00","author":{"@id":"https:\/\/dedemesquita.com.br\/#\/schema\/person\/36571f81dd2d76dc3ab37231542c9e24"},"breadcrumb":{"@id":"https:\/\/dedemesquita.com.br\/?p=3314#breadcrumb"},"inLanguage":"pt-BR","potentialAction":[{"@type":"ReadAction","target":["https:\/\/dedemesquita.com.br\/?p=3314"]}]},{"@type":"BreadcrumbList","@id":"https:\/\/dedemesquita.com.br\/?p=3314#breadcrumb","itemListElement":[{"@type":"ListItem","position":1,"name":"In\u00edcio","item":"https:\/\/dedemesquita.com.br\/"},{"@type":"ListItem","position":2,"name":"Anna Paula Mello na TV Cultura e outras novidades da imprensa"}]},{"@type":"WebSite","@id":"https:\/\/dedemesquita.com.br\/#website","url":"https:\/\/dedemesquita.com.br\/","name":"Ded\u00e9 Mesquita","description":"Um site que mostra os bastidores da imprensa no estado do Par\u00e1 e em Bel\u00e9m","potentialAction":[{"@type":"SearchAction","target":{"@type":"EntryPoint","urlTemplate":"https:\/\/dedemesquita.com.br\/?s={search_term_string}"},"query-input":"required name=search_term_string"}],"inLanguage":"pt-BR"},{"@type":"Person","@id":"https:\/\/dedemesquita.com.br\/#\/schema\/person\/36571f81dd2d76dc3ab37231542c9e24","name":"Ded\u00e9 Mesquita","image":{"@type":"ImageObject","inLanguage":"pt-BR","@id":"https:\/\/dedemesquita.com.br\/#\/schema\/person\/image\/","url":"https:\/\/dedemesquita.com.br\/wp-content\/uploads\/2021\/02\/foto_perfil-150x150.jpg","contentUrl":"https:\/\/dedemesquita.com.br\/wp-content\/uploads\/2021\/02\/foto_perfil-150x150.jpg","caption":"Ded\u00e9 Mesquita"},"sameAs":["https:\/\/dedemesquita.com.br"]}]}},"_links":{"self":[{"href":"https:\/\/dedemesquita.com.br\/index.php?rest_route=\/wp\/v2\/posts\/3314"}],"collection":[{"href":"https:\/\/dedemesquita.com.br\/index.php?rest_route=\/wp\/v2\/posts"}],"about":[{"href":"https:\/\/dedemesquita.com.br\/index.php?rest_route=\/wp\/v2\/types\/post"}],"author":[{"embeddable":true,"href":"https:\/\/dedemesquita.com.br\/index.php?rest_route=\/wp\/v2\/users\/2"}],"replies":[{"embeddable":true,"href":"https:\/\/dedemesquita.com.br\/index.php?rest_route=%2Fwp%2Fv2%2Fcomments&post=3314"}],"version-history":[{"count":4,"href":"https:\/\/dedemesquita.com.br\/index.php?rest_route=\/wp\/v2\/posts\/3314\/revisions"}],"predecessor-version":[{"id":3349,"href":"https:\/\/dedemesquita.com.br\/index.php?rest_route=\/wp\/v2\/posts\/3314\/revisions\/3349"}],"wp:featuredmedia":[{"embeddable":true,"href":"https:\/\/dedemesquita.com.br\/index.php?rest_route=\/wp\/v2\/media\/3323"}],"wp:attachment":[{"href":"https:\/\/dedemesquita.com.br\/index.php?rest_route=%2Fwp%2Fv2%2Fmedia&parent=3314"}],"wp:term":[{"taxonomy":"category","embeddable":true,"href":"https:\/\/dedemesquita.com.br\/index.php?rest_route=%2Fwp%2Fv2%2Fcategories&post=3314"},{"taxonomy":"post_tag","embeddable":true,"href":"https:\/\/dedemesquita.com.br\/index.php?rest_route=%2Fwp%2Fv2%2Ftags&post=3314"}],"curies":[{"name":"wp","href":"https:\/\/api.w.org\/{rel}","templated":true}]}}