{"id":325,"date":"2021-02-22T20:17:00","date_gmt":"2021-02-22T23:17:00","guid":{"rendered":"http:\/\/dedemesquita-com-br.umbler.net\/?p=325"},"modified":"2021-05-21T09:55:43","modified_gmt":"2021-05-21T12:55:43","slug":"daniel-nardin-e-o-novo-diretor-de-conteudo-integrado-em-o-liberal","status":"publish","type":"post","link":"https:\/\/dedemesquita.com.br\/?p=325","title":{"rendered":"Daniel Nardin \u00e9 o novo diretor de conte\u00fado integrado em O Liberal"},"content":{"rendered":"<div id=\"gutenslider-foav4hc3i\" class=\"wp-block-eedee-block-gutenslider content-change alignnone arrow-style-1 arrow-position-sides arrow-mb-none arrows-lg arrows-md arrows-sm dot-style-1 dots-lg dots-md dots-sm dot-position-bottom is-position-center-center mb-none\" style=\"--gutenslider-min-height: 50vh;--gutenslider-arrow-size: 30px;--gutenslider-dot-size: 25px;--gutenslider-arrow-color: #ffffff;--gutenslider-dot-color: #ffffff;--gutenslider-padding-y-mobile: 40px;--gutenslider-padding-x-mobile: 40px;--gutenslider-padding-y-tablet: 40px;--gutenslider-padding-x-tablet: 40px;--gutenslider-padding-y-desktop: 40px;--gutenslider-padding-x-desktop: 40px;--gutenslider-bg-image: url();--gutenslider-min-height-md: 50vh;--gutenslider-min-height-sm: 50vh;--gutenslider-padding-x: 40px;--gutenslider-padding-x-md: 40px;--gutenslider-padding-x-sm: 20px;--gutenslider-padding-y: 40px;--gutenslider-padding-y-md: 40px;--gutenslider-padding-y-sm: 20px;--gutenslider-arrow-size-md: 30px;--gutenslider-arrow-size-sm: 30px;--gutenslider-dot-size-md: 25px;--gutenslider-dot-size-sm: 25px;--gutenslider-arrow-bg-color: transparent;--gutenslider-arrow-hover-color: #eeeeee;--gutenslider-arrow-bg-hover-color: transparent;--gutenslider-arrow-x-offset: 10px;--gutenslider-arrow-x-offset-md: 10px;--gutenslider-arrow-x-offset-sm: 10px;--gutenslider-arrow-y-offset: 0px;--gutenslider-arrow-y-offset-md: 0px;--gutenslider-arrow-y-offset-sm: 0px;--gutenslider-arrow-x-spacing: 0px;--gutenslider-dot-y-offset: 10px;--gutenslider-dot-y-offset-md: 10px;--gutenslider-dot-y-offset-sm: 10px;--gutenslider-margin-x: 0px;--gutenslider-margin-x-md: 0px;--gutenslider-margin-x-sm: 0px;--gutenslider-margin-y: 0px;--gutenslider-margin-y-md: 0px;--gutenslider-margin-y-sm: 0px;--gutenslider-divider-top: 60px;--gutenslider-divider-bottom: 60px;--gutenslider-lightgallery-bg: #ffffff;--gutenslider-lightgallery-font: #000000;\" data-parallax-direction=\"down\" data-parallax-amount=\"1.3\" data-lg-transition=\"lg-slide\" data-hash=\"\"><div class=\"eedee-swiper-outer\"><div class=\"gutenslider-divider-top\" style=\"color:#fff; height:60px;\"><\/div><div class=\"swiper-container\" data-settings='{\"autoplay\":{\"delay\":3000,\"pauseOnMouseEnter\":true,\"disableOnInteraction\":false},\"speed\":700,\"direction\":\"horizontal\",\"autoHeight\":\"\",\"loop\":true,\"centeredSlides\":true,\"spaceBetween\":0,\"slidesPerView\":1,\"slidesPerGroup\":1,\"effect\":\"slide\",\"coverflowEffect\":{\"rotate\":30,\"slideShadows\":false,\"depth\":100,\"stretch\":50,\"modifier\":1},\"fadeEffect\":{\"crossFade\":true},\"zoom\":\"\",\"navigation\":{\"nextEl\":\"#gutenslider-foav4hc3i .eedee-gutenslider-next\",\"prevEl\":\"#gutenslider-foav4hc3i .eedee-gutenslider-prev\"},\"pagination\":{\"type\":\"bullets\",\"clickable\":true,\"dynamicBullets\":false,\"el\":\"#gutenslider-foav4hc3i .eedee-gutenslider-pagination\"},\"pauseOnHover\":\"1\",\"watchSlidesProgress\":true,\"watchSlidesVisibility\":true,\"settingsMd\":{\"autoHeight\":\"\",\"slidesPerView\":1,\"slidesPerGroup\":1,\"spaceBetween\":0},\"settingsLg\":{\"autoHeight\":\"1\",\"slidesPerView\":1,\"slidesPerGroup\":1,\"spaceBetween\":0},\"hasLg\":false,\"hasLgCounter\":true,\"lgTitle\":\"none\",\"lgCaption\":\"none\",\"lgThumbnails\":true,\"keyboard\":{\"keyboard\":{\"enabled\":true,\"onlyInViewport\":true}},\"hashNavigation\":false}'><div class=\"swiper-wrapper\">\n<div class=\"swiper-slide wp-block-eedee-block-gutenslide is-position-center-center ed-bg-image\" style=\"\" data-hash=\"\"><div class=\"eedee-background-div bg-image\"><img loading=\"lazy\" decoding=\"async\" width=\"800\" height=\"532\" class=\"swiper-lazy wp-image-708\" src=\"https:\/\/dedemesquita.com.br\/wp-content\/uploads\/2021\/02\/99db85f15d9c41c5b035c3e4f893fca2.jpg\" alt=\"\" style=\"object-fit: cover; object-position: 50% 50%;\"  data-title=\"99db85f15d9c41c5b035c3e4f893fca2\" srcset=\"https:\/\/dedemesquita.com.br\/wp-content\/uploads\/2021\/02\/99db85f15d9c41c5b035c3e4f893fca2.jpg 800w, https:\/\/dedemesquita.com.br\/wp-content\/uploads\/2021\/02\/99db85f15d9c41c5b035c3e4f893fca2-768x511.jpg 768w, https:\/\/dedemesquita.com.br\/wp-content\/uploads\/2021\/02\/99db85f15d9c41c5b035c3e4f893fca2-600x398.jpg 600w\" sizes=\"(max-width: 800px) 100vw, 800px\" \/><div class=\"eedee-background-div__overlay\" style=\"opacity:1;\"><\/div><\/div><div class=\"slide-content\">\n<div class=\"wp-block-eedee-block-gutenslide vertical-align-center\"><div id=\"gutenslide-im3d0pjs8\"><div class=\"eedee-background-div\"><img loading=\"lazy\" decoding=\"async\" width=\"800\" height=\"532\" class=\"wp-image-708 swiper-zoom-target\" src=\"https:\/\/dedemesquita.com.br\/wp-content\/uploads\/2021\/02\/99db85f15d9c41c5b035c3e4f893fca2.jpg\" alt=\"\" style=\"object-fit:cover;object-position:50% 50%\" srcset=\"https:\/\/dedemesquita.com.br\/wp-content\/uploads\/2021\/02\/99db85f15d9c41c5b035c3e4f893fca2.jpg 800w, https:\/\/dedemesquita.com.br\/wp-content\/uploads\/2021\/02\/99db85f15d9c41c5b035c3e4f893fca2-768x511.jpg 768w, https:\/\/dedemesquita.com.br\/wp-content\/uploads\/2021\/02\/99db85f15d9c41c5b035c3e4f893fca2-600x398.jpg 600w\" sizes=\"(max-width: 800px) 100vw, 800px\" \/><div class=\"eedee-background-div__overlay\" style=\"opacity:1\"><\/div><\/div><div class=\"slide-content\"><\/div><\/div><\/div>\n<\/div><\/div>\n\n<div class=\"swiper-slide wp-block-eedee-block-gutenslide is-position-center-center ed-bg-image\" style=\"\" data-hash=\"\"><div class=\"eedee-background-div bg-image\"><img loading=\"lazy\" decoding=\"async\" width=\"800\" height=\"547\" class=\"swiper-lazy wp-image-709\" src=\"https:\/\/dedemesquita.com.br\/wp-content\/uploads\/2021\/02\/fe6ee998ad894814b248aad176104e1b.jpg\" alt=\"\" style=\"object-fit: cover; object-position: 50% 50%;\"  data-title=\"fe6ee998ad894814b248aad176104e1b\" srcset=\"https:\/\/dedemesquita.com.br\/wp-content\/uploads\/2021\/02\/fe6ee998ad894814b248aad176104e1b.jpg 800w, https:\/\/dedemesquita.com.br\/wp-content\/uploads\/2021\/02\/fe6ee998ad894814b248aad176104e1b-768x525.jpg 768w\" sizes=\"(max-width: 800px) 100vw, 800px\" \/><div class=\"eedee-background-div__overlay\" style=\"opacity:1;\"><\/div><\/div><div class=\"slide-content\">\n<div class=\"wp-block-eedee-block-gutenslide vertical-align-center\"><div id=\"gutenslide-30hrevmmg\"><div class=\"eedee-background-div\"><img loading=\"lazy\" decoding=\"async\" width=\"800\" height=\"547\" class=\"wp-image-709 swiper-zoom-target\" src=\"https:\/\/dedemesquita.com.br\/wp-content\/uploads\/2021\/02\/fe6ee998ad894814b248aad176104e1b.jpg\" alt=\"\" style=\"object-fit:cover;object-position:50% 50%\" srcset=\"https:\/\/dedemesquita.com.br\/wp-content\/uploads\/2021\/02\/fe6ee998ad894814b248aad176104e1b.jpg 800w, https:\/\/dedemesquita.com.br\/wp-content\/uploads\/2021\/02\/fe6ee998ad894814b248aad176104e1b-768x525.jpg 768w\" sizes=\"(max-width: 800px) 100vw, 800px\" \/><div class=\"eedee-background-div__overlay\" style=\"opacity:1\"><\/div><\/div><div class=\"slide-content\"><\/div><\/div><\/div>\n<\/div><\/div>\n<\/div><\/div><button class=\"eedee-gutenslider-nav eedee-gutenslider-prev\"><svg xmlns=\"http:\/\/www.w3.org\/2000\/svg\" viewBox=\"0 0 24 24\" width=\"24\" height=\"24\"><circle class=\"bg\" cx=\"13\" cy=\"12\" r=\"11\" \/><path fill=\"none\" d=\"M0 0h24v24H0z\"\/><path class=\"arrow\" d=\"M10.828 12l4.95 4.95-1.414 1.414L8 12l6.364-6.364 1.414 1.414z\"\/><\/svg><\/button><button class=\"eedee-gutenslider-nav eedee-gutenslider-next\"><svg xmlns=\"http:\/\/www.w3.org\/2000\/svg\" viewBox=\"0 0 24 24\" width=\"24\" height=\"24\"><circle class=\"bg\" cx=\"11\" cy=\"12\" r=\"11\" \/><path fill=\"none\" d=\"M0 0h24v24H0z\"\/><path class=\"arrow\" d=\"M13.172 12l-4.95-4.95 1.414-1.414L16 12l-6.364 6.364-1.414-1.414z\"\/><\/svg><\/button><div class=\"eedee-gutenslider-pagination\"><\/div><\/div><div class=\"gutenslider-divider-bottom \" style=\"color:#fff; height:60px;\"><\/div><\/div>\n\n\n<p>A not\u00edcia \u00e9 recente, recente, mas fa\u00e7o quest\u00e3o de mostar em primeira m\u00e3o tamb\u00e9m: Daniel Nardin \u00e9 o novo contratado de&nbsp;<strong><a href=\"http:\/\/oliberal.com\/\">http:\/\/oliberal.com<\/a><\/strong>. Daniel ser\u00e1 o diretor de conte\u00fados integrados do grupo, que re\u00fane os jornais O Liberal, Amaz\u00f4nia, portal oliberal.com e as r\u00e1dios Liberal AM e FM.&nbsp;<\/p>\n\n\n\n<p>Daniel est\u00e1 em processo de despedida da mineradora Hydro e deve come\u00e7ar no novo emprego dentro de um m\u00eas.&nbsp;Nardin \u00e9 formado pela Universidade Federal do Par\u00e1 (UFPA) e tem mestrado pela Universidade de Bras\u00edlia (UnB) em Comunica\u00e7\u00e3o e Sociedade.&nbsp;<\/p>\n\n\n\n<p>Este blog n\u00e3o nega \u00e9 muito f\u00e3 do Daniel, que est\u00e1 de volta ao grupo O Liberal, no qual come\u00e7ou como estagi\u00e1rio anos atr\u00e1s, no antigo portal de internet&nbsp;do grupo. Depois, Nardin&nbsp;foi assessor parlamentar do ex-senador Flexa Ribeiro (PSDB), e, de Bras\u00edlia, tamb\u00e9m cobria as f\u00e9rias de&nbsp;Thiago Vilarins, correspondente de O Liberal na capital federal.<\/p>\n\n\n\n<p>Quando ainda estava em Bras\u00edlia, no in\u00edcio de 2014, Daniel foi convidado pelo ex-governador Sim\u00e3o Jatene, para ser o novo respons\u00e1vel pela pasta da comunica\u00e7\u00e3o (Secom), que anteriormente fora&nbsp;conduzida pelo tamb\u00e9m jornalista Ney Messias. Nardin foi o mais jovem secret\u00e1rio do Estado no Par\u00e1. Ele ficou na Secom de 2014 a 2018, quando a gest\u00e3o de Jatene foi encerrada.<\/p>\n\n\n\n<p>Veja aqui:&nbsp;<strong><a href=\"https:\/\/jornalistasdopara.blogspot.com\/2014\/02\/na-ultima-sexta-feira-dia-7-houve.html?view=classic\">Daniel Nardin se re\u00fane com assessores de imprensa do Estado<\/a><\/strong><\/p>\n\n\n\n<p>N\u00e3o \u00e9 surpresa para ningu\u00e9m e todos sabem sobre a forma como Daniel&nbsp;conduz a equipe que est\u00e1 sob o comando dele, sempre aberto ao di\u00e1logo e &#8216;chegado&#8217; a um bom papo &#8216;ao p\u00e9 de ouvido&#8217;, o que fez com que ele seja um dos jornalistas mais queridos no meio da imprensa em Bel\u00e9m, com&nbsp;bastante tr\u00e2nsito entre as assessorias de comunica\u00e7\u00e3o e tamb\u00e9m no segmento p\u00fablico e privado.&nbsp;<\/p>\n\n\n\n<p>Al\u00e9m de jornalista e gestor&nbsp;de m\u00e3o cheia, Daniel criou o projeto colaborativo Ponto de Apoio, que promove passeios de bicicletas adaptadas&nbsp;para pessoas com&nbsp;dificuldade de locomo\u00e7\u00e3o e idosos, inteiramente de gra\u00e7a. O projeto, devido \u00e0 pandemia, precisou dar uma parada, mas logo, logo estar\u00e1 de volta nas vias do Parque do Utinga.<\/p>\n\n\n\n<p>Este blog\/site s\u00f3 deseja sempre o melhor e muito sucesso ao Daniel, grande amigo nosso e um jornalista da melhor qualidade. Parab\u00e9ns ao grupo O Liberal pela contrata\u00e7\u00e3o. Foi uma bola super dentro!&nbsp;<\/p>\n","protected":false},"excerpt":{"rendered":"<p>A not\u00edcia \u00e9 recente, recente, mas fa\u00e7o quest\u00e3o de mostar em primeira m\u00e3o tamb\u00e9m: Daniel Nardin \u00e9 o novo contratado de&nbsp;http:\/\/oliberal.com. Daniel ser\u00e1 o diretor de conte\u00fados integrados do grupo, que re\u00fane os jornais O Liberal, Amaz\u00f4nia, portal oliberal.com e as r\u00e1dios Liberal AM e FM.&nbsp; Daniel est\u00e1 em processo de despedida da mineradora Hydro [&hellip;]<\/p>\n","protected":false},"author":2,"featured_media":326,"comment_status":"open","ping_status":"open","sticky":false,"template":"","format":"standard","meta":{"footnotes":""},"categories":[51,49],"tags":[],"class_list":["post-325","post","type-post","status-publish","format-standard","has-post-thumbnail","hentry","category-destaque","category-novo-emprego"],"yoast_head":"<!-- This site is optimized with the Yoast SEO plugin v19.10 - https:\/\/yoast.com\/wordpress\/plugins\/seo\/ -->\n<title>Daniel Nardin \u00e9 o novo diretor de conte\u00fado integrado em O Liberal - Ded\u00e9 Mesquita<\/title>\n<meta name=\"description\" content=\"Ded\u00e9 Mesquita\" \/>\n<meta name=\"robots\" content=\"index, follow, max-snippet:-1, max-image-preview:large, max-video-preview:-1\" \/>\n<link rel=\"canonical\" href=\"https:\/\/dedemesquita.com.br\/?p=325\" \/>\n<meta property=\"og:locale\" content=\"pt_BR\" \/>\n<meta property=\"og:type\" content=\"article\" \/>\n<meta property=\"og:title\" content=\"Daniel Nardin \u00e9 o novo diretor de conte\u00fado integrado em O Liberal - Ded\u00e9 Mesquita\" \/>\n<meta property=\"og:description\" content=\"Ded\u00e9 Mesquita\" \/>\n<meta property=\"og:url\" content=\"https:\/\/dedemesquita.com.br\/?p=325\" \/>\n<meta property=\"og:site_name\" content=\"Ded\u00e9 Mesquita\" \/>\n<meta property=\"article:publisher\" content=\"https:\/\/www.facebook.com\/dede.mesquita\" \/>\n<meta property=\"article:published_time\" content=\"2021-02-22T23:17:00+00:00\" \/>\n<meta property=\"article:modified_time\" content=\"2021-05-21T12:55:43+00:00\" \/>\n<meta property=\"og:image\" content=\"https:\/\/dedemesquita.com.br\/wp-content\/uploads\/2021\/02\/CreateThumbnail-9.jpg\" \/>\n\t<meta property=\"og:image:width\" content=\"870\" \/>\n\t<meta property=\"og:image:height\" content=\"579\" \/>\n\t<meta property=\"og:image:type\" content=\"image\/jpeg\" \/>\n<meta name=\"author\" content=\"Ded\u00e9 Mesquita\" \/>\n<meta name=\"twitter:card\" content=\"summary_large_image\" \/>\n<meta name=\"twitter:creator\" content=\"@dedemesquita\" \/>\n<meta name=\"twitter:site\" content=\"@dedemesquita\" \/>\n<meta name=\"twitter:label1\" content=\"Escrito por\" \/>\n\t<meta name=\"twitter:data1\" content=\"Ded\u00e9 Mesquita\" \/>\n\t<meta name=\"twitter:label2\" content=\"Est. tempo de leitura\" \/>\n\t<meta name=\"twitter:data2\" content=\"2 minutos\" \/>\n<script type=\"application\/ld+json\" class=\"yoast-schema-graph\">{\"@context\":\"https:\/\/schema.org\",\"@graph\":[{\"@type\":\"WebPage\",\"@id\":\"https:\/\/dedemesquita.com.br\/?p=325\",\"url\":\"https:\/\/dedemesquita.com.br\/?p=325\",\"name\":\"Daniel Nardin \u00e9 o novo diretor de conte\u00fado integrado em O Liberal - Ded\u00e9 Mesquita\",\"isPartOf\":{\"@id\":\"https:\/\/dedemesquita.com.br\/#website\"},\"datePublished\":\"2021-02-22T23:17:00+00:00\",\"dateModified\":\"2021-05-21T12:55:43+00:00\",\"author\":{\"@id\":\"https:\/\/dedemesquita.com.br\/#\/schema\/person\/36571f81dd2d76dc3ab37231542c9e24\"},\"description\":\"Ded\u00e9 Mesquita\",\"breadcrumb\":{\"@id\":\"https:\/\/dedemesquita.com.br\/?p=325#breadcrumb\"},\"inLanguage\":\"pt-BR\",\"potentialAction\":[{\"@type\":\"ReadAction\",\"target\":[\"https:\/\/dedemesquita.com.br\/?p=325\"]}]},{\"@type\":\"BreadcrumbList\",\"@id\":\"https:\/\/dedemesquita.com.br\/?p=325#breadcrumb\",\"itemListElement\":[{\"@type\":\"ListItem\",\"position\":1,\"name\":\"In\u00edcio\",\"item\":\"https:\/\/dedemesquita.com.br\/\"},{\"@type\":\"ListItem\",\"position\":2,\"name\":\"Daniel Nardin \u00e9 o novo diretor de conte\u00fado integrado em O Liberal\"}]},{\"@type\":\"WebSite\",\"@id\":\"https:\/\/dedemesquita.com.br\/#website\",\"url\":\"https:\/\/dedemesquita.com.br\/\",\"name\":\"Ded\u00e9 Mesquita\",\"description\":\"Um site que mostra os bastidores da imprensa no estado do Par\u00e1 e em Bel\u00e9m\",\"potentialAction\":[{\"@type\":\"SearchAction\",\"target\":{\"@type\":\"EntryPoint\",\"urlTemplate\":\"https:\/\/dedemesquita.com.br\/?s={search_term_string}\"},\"query-input\":\"required name=search_term_string\"}],\"inLanguage\":\"pt-BR\"},{\"@type\":\"Person\",\"@id\":\"https:\/\/dedemesquita.com.br\/#\/schema\/person\/36571f81dd2d76dc3ab37231542c9e24\",\"name\":\"Ded\u00e9 Mesquita\",\"image\":{\"@type\":\"ImageObject\",\"inLanguage\":\"pt-BR\",\"@id\":\"https:\/\/dedemesquita.com.br\/#\/schema\/person\/image\/\",\"url\":\"https:\/\/dedemesquita.com.br\/wp-content\/uploads\/2021\/02\/foto_perfil-150x150.jpg\",\"contentUrl\":\"https:\/\/dedemesquita.com.br\/wp-content\/uploads\/2021\/02\/foto_perfil-150x150.jpg\",\"caption\":\"Ded\u00e9 Mesquita\"},\"sameAs\":[\"https:\/\/dedemesquita.com.br\"]}]}<\/script>\n<!-- \/ Yoast SEO plugin. -->","yoast_head_json":{"title":"Daniel Nardin \u00e9 o novo diretor de conte\u00fado integrado em O Liberal - Ded\u00e9 Mesquita","description":"Ded\u00e9 Mesquita","robots":{"index":"index","follow":"follow","max-snippet":"max-snippet:-1","max-image-preview":"max-image-preview:large","max-video-preview":"max-video-preview:-1"},"canonical":"https:\/\/dedemesquita.com.br\/?p=325","og_locale":"pt_BR","og_type":"article","og_title":"Daniel Nardin \u00e9 o novo diretor de conte\u00fado integrado em O Liberal - Ded\u00e9 Mesquita","og_description":"Ded\u00e9 Mesquita","og_url":"https:\/\/dedemesquita.com.br\/?p=325","og_site_name":"Ded\u00e9 Mesquita","article_publisher":"https:\/\/www.facebook.com\/dede.mesquita","article_published_time":"2021-02-22T23:17:00+00:00","article_modified_time":"2021-05-21T12:55:43+00:00","og_image":[{"width":870,"height":579,"url":"https:\/\/dedemesquita.com.br\/wp-content\/uploads\/2021\/02\/CreateThumbnail-9.jpg","type":"image\/jpeg"}],"author":"Ded\u00e9 Mesquita","twitter_card":"summary_large_image","twitter_creator":"@dedemesquita","twitter_site":"@dedemesquita","twitter_misc":{"Escrito por":"Ded\u00e9 Mesquita","Est. tempo de leitura":"2 minutos"},"schema":{"@context":"https:\/\/schema.org","@graph":[{"@type":"WebPage","@id":"https:\/\/dedemesquita.com.br\/?p=325","url":"https:\/\/dedemesquita.com.br\/?p=325","name":"Daniel Nardin \u00e9 o novo diretor de conte\u00fado integrado em O Liberal - Ded\u00e9 Mesquita","isPartOf":{"@id":"https:\/\/dedemesquita.com.br\/#website"},"datePublished":"2021-02-22T23:17:00+00:00","dateModified":"2021-05-21T12:55:43+00:00","author":{"@id":"https:\/\/dedemesquita.com.br\/#\/schema\/person\/36571f81dd2d76dc3ab37231542c9e24"},"description":"Ded\u00e9 Mesquita","breadcrumb":{"@id":"https:\/\/dedemesquita.com.br\/?p=325#breadcrumb"},"inLanguage":"pt-BR","potentialAction":[{"@type":"ReadAction","target":["https:\/\/dedemesquita.com.br\/?p=325"]}]},{"@type":"BreadcrumbList","@id":"https:\/\/dedemesquita.com.br\/?p=325#breadcrumb","itemListElement":[{"@type":"ListItem","position":1,"name":"In\u00edcio","item":"https:\/\/dedemesquita.com.br\/"},{"@type":"ListItem","position":2,"name":"Daniel Nardin \u00e9 o novo diretor de conte\u00fado integrado em O Liberal"}]},{"@type":"WebSite","@id":"https:\/\/dedemesquita.com.br\/#website","url":"https:\/\/dedemesquita.com.br\/","name":"Ded\u00e9 Mesquita","description":"Um site que mostra os bastidores da imprensa no estado do Par\u00e1 e em Bel\u00e9m","potentialAction":[{"@type":"SearchAction","target":{"@type":"EntryPoint","urlTemplate":"https:\/\/dedemesquita.com.br\/?s={search_term_string}"},"query-input":"required name=search_term_string"}],"inLanguage":"pt-BR"},{"@type":"Person","@id":"https:\/\/dedemesquita.com.br\/#\/schema\/person\/36571f81dd2d76dc3ab37231542c9e24","name":"Ded\u00e9 Mesquita","image":{"@type":"ImageObject","inLanguage":"pt-BR","@id":"https:\/\/dedemesquita.com.br\/#\/schema\/person\/image\/","url":"https:\/\/dedemesquita.com.br\/wp-content\/uploads\/2021\/02\/foto_perfil-150x150.jpg","contentUrl":"https:\/\/dedemesquita.com.br\/wp-content\/uploads\/2021\/02\/foto_perfil-150x150.jpg","caption":"Ded\u00e9 Mesquita"},"sameAs":["https:\/\/dedemesquita.com.br"]}]}},"_links":{"self":[{"href":"https:\/\/dedemesquita.com.br\/index.php?rest_route=\/wp\/v2\/posts\/325"}],"collection":[{"href":"https:\/\/dedemesquita.com.br\/index.php?rest_route=\/wp\/v2\/posts"}],"about":[{"href":"https:\/\/dedemesquita.com.br\/index.php?rest_route=\/wp\/v2\/types\/post"}],"author":[{"embeddable":true,"href":"https:\/\/dedemesquita.com.br\/index.php?rest_route=\/wp\/v2\/users\/2"}],"replies":[{"embeddable":true,"href":"https:\/\/dedemesquita.com.br\/index.php?rest_route=%2Fwp%2Fv2%2Fcomments&post=325"}],"version-history":[{"count":3,"href":"https:\/\/dedemesquita.com.br\/index.php?rest_route=\/wp\/v2\/posts\/325\/revisions"}],"predecessor-version":[{"id":1543,"href":"https:\/\/dedemesquita.com.br\/index.php?rest_route=\/wp\/v2\/posts\/325\/revisions\/1543"}],"wp:featuredmedia":[{"embeddable":true,"href":"https:\/\/dedemesquita.com.br\/index.php?rest_route=\/wp\/v2\/media\/326"}],"wp:attachment":[{"href":"https:\/\/dedemesquita.com.br\/index.php?rest_route=%2Fwp%2Fv2%2Fmedia&parent=325"}],"wp:term":[{"taxonomy":"category","embeddable":true,"href":"https:\/\/dedemesquita.com.br\/index.php?rest_route=%2Fwp%2Fv2%2Fcategories&post=325"},{"taxonomy":"post_tag","embeddable":true,"href":"https:\/\/dedemesquita.com.br\/index.php?rest_route=%2Fwp%2Fv2%2Ftags&post=325"}],"curies":[{"name":"wp","href":"https:\/\/api.w.org\/{rel}","templated":true}]}}