{"id":3197,"date":"2021-12-23T11:27:50","date_gmt":"2021-12-23T14:27:50","guid":{"rendered":"https:\/\/dedemesquita.com.br\/?p=3197"},"modified":"2021-12-24T08:56:10","modified_gmt":"2021-12-24T11:56:10","slug":"dois-paraenses-estao-entre-os-40-mais-premiados-jornalistas-de-2021","status":"publish","type":"post","link":"https:\/\/dedemesquita.com.br\/?p=3197","title":{"rendered":"Dois paraenses est\u00e3o entre os 40 mais premiados jornalistas de 2021"},"content":{"rendered":"\n<p>O Ranking dos +Premiados da Imprensa Brasileira 2021, levantamento anual promovido desde 2011 por este Jornalistas&amp;Cia e pelo Portal dos Jornalistas, come\u00e7ou a divulgar seus resultados nesta semana. At\u00e9 o final de janeiro, voc\u00ea conhecer\u00e1 quem (e quais) s\u00e3o os jornalistas, ve\u00edculos e grupos de comunica\u00e7\u00e3o mais premiados do ano e da hist\u00f3ria no Brasil. <\/p>\n\n\n\n<p>O primeiro recorte \u00e9 o dos +Premiados Jornalistas do Ano, em n\u00edvel nacional. Depois de um 2020 escasso em premia\u00e7\u00f5es, quando pelo menos 40 iniciativas tradicionais suspenderam suas atividades por causa da covid-19, este ano contou com uma impressionante retomada de quase todas as as premia\u00e7\u00f5es interrompidas. <\/p>\n\n\n\n<p>Pelo levantamento, a jornalista Elaine Brum est\u00e1 em primeiro lugar entre as mais premiadas. <\/p>\n\n\n\n<p><strong>Paraenses &#8211;<\/strong> E pelo ranking geral, dois jornalistas paraenses est\u00e3o entre os 40 mais premiados. Na 12a. posi\u00e7\u00e3o est\u00e1 o fotojornalista <strong>Tarso Sarra<\/strong>f, do jornal O Liberal, que obteve 60 pontos no c\u00f4mputo geral. Mas no enfoque Regional, do norte do Pa\u00eds, Tarso surge como quarto colocado. <\/p>\n\n\n\n<p>E na posi\u00e7\u00e3o 39, com 47,5 pontos, est\u00e1 a rep\u00f3rter paraense <strong>Irna Cavalcante<\/strong>, do jornal O Povo, de Fortaleza (CE). Para quem n\u00e3o sabe, antes de se mudar para capital cearense, Irna foi rep\u00f3rter do jornal O Liberal em Bel\u00e9m. Na pontua\u00e7\u00e3o da regi\u00e3o Nordeste, Irna est\u00e1 na sexta posi\u00e7\u00e3o. <\/p>\n\n\n\n<div class=\"wp-block-image\"><figure class=\"aligncenter size-full\"><img loading=\"lazy\" decoding=\"async\" width=\"539\" height=\"520\" src=\"https:\/\/dedemesquita.com.br\/wp-content\/uploads\/2021\/12\/IRNA_CAVALCANTE.jpg\" alt=\"\" class=\"wp-image-3198\"\/><figcaption>Irna Cavalcante, do jornal O Povo, \u00e9 uma das jornalistas mais premiados do Cear\u00e1<\/figcaption><\/figure><\/div>\n\n\n\n<p><strong>Pr\u00eamio &#8211; <\/strong>O ranking dos +Premiados da Imprensa Brasileira analisa os resultados de quase 200 pr\u00eamios de jornalismo, do Brasil e do Mundo, e atribui pontua\u00e7\u00f5es aos jornalistas para cada premia\u00e7\u00e3o conquistada. <\/p>\n\n\n\n<p>Os pontos variam de 10 a 100, de acordo com relev\u00e2ncia hist\u00f3rica, amplitude de temas e abrang\u00eancia geogr\u00e1fica, e s\u00e3o considerados na totalidade para premia\u00e7\u00f5es individuais, e pela metade para trabalhos em equipes.<\/p>\n\n\n\n<p class=\"has-text-align-right\"><strong><em>Fonte: portal Jornalista &amp; Cia<\/em><\/strong><\/p>\n","protected":false},"excerpt":{"rendered":"<p>O Ranking dos +Premiados da Imprensa Brasileira 2021, levantamento anual promovido desde 2011 por este Jornalistas&amp;Cia e pelo Portal dos Jornalistas, come\u00e7ou a divulgar seus resultados nesta semana. At\u00e9 o final de janeiro, voc\u00ea conhecer\u00e1 quem (e quais) s\u00e3o os jornalistas, ve\u00edculos e grupos de comunica\u00e7\u00e3o mais premiados do ano e da hist\u00f3ria no Brasil. [&hellip;]<\/p>\n","protected":false},"author":2,"featured_media":3203,"comment_status":"open","ping_status":"open","sticky":false,"template":"","format":"standard","meta":{"footnotes":""},"categories":[51,14,29],"tags":[275,119,120,144],"class_list":["post-3197","post","type-post","status-publish","format-standard","has-post-thumbnail","hentry","category-destaque","category-imprensa","category-jornalismo","tag-jornal-o-povo","tag-jornalismo","tag-jornalistas-paraenses-em-acao","tag-o-liberal"],"yoast_head":"<!-- This site is optimized with the Yoast SEO plugin v19.10 - https:\/\/yoast.com\/wordpress\/plugins\/seo\/ -->\n<title>Dois paraenses est\u00e3o entre os 40 mais premiados jornalistas de 2021 - Ded\u00e9 Mesquita<\/title>\n<meta name=\"robots\" content=\"index, follow, max-snippet:-1, max-image-preview:large, max-video-preview:-1\" \/>\n<link rel=\"canonical\" href=\"https:\/\/dedemesquita.com.br\/?p=3197\" \/>\n<meta property=\"og:locale\" content=\"pt_BR\" \/>\n<meta property=\"og:type\" content=\"article\" \/>\n<meta property=\"og:title\" content=\"Dois paraenses est\u00e3o entre os 40 mais premiados jornalistas de 2021 - Ded\u00e9 Mesquita\" \/>\n<meta property=\"og:description\" content=\"O Ranking dos +Premiados da Imprensa Brasileira 2021, levantamento anual promovido desde 2011 por este Jornalistas&amp;Cia e pelo Portal dos Jornalistas, come\u00e7ou a divulgar seus resultados nesta semana. At\u00e9 o final de janeiro, voc\u00ea conhecer\u00e1 quem (e quais) s\u00e3o os jornalistas, ve\u00edculos e grupos de comunica\u00e7\u00e3o mais premiados do ano e da hist\u00f3ria no Brasil. [&hellip;]\" \/>\n<meta property=\"og:url\" content=\"https:\/\/dedemesquita.com.br\/?p=3197\" \/>\n<meta property=\"og:site_name\" content=\"Ded\u00e9 Mesquita\" \/>\n<meta property=\"article:publisher\" content=\"https:\/\/www.facebook.com\/dede.mesquita\" \/>\n<meta property=\"article:published_time\" content=\"2021-12-23T14:27:50+00:00\" \/>\n<meta property=\"article:modified_time\" content=\"2021-12-24T11:56:10+00:00\" \/>\n<meta property=\"og:image\" content=\"https:\/\/dedemesquita.com.br\/wp-content\/uploads\/2021\/12\/tarso.jpg\" \/>\n\t<meta property=\"og:image:width\" content=\"850\" \/>\n\t<meta property=\"og:image:height\" content=\"551\" \/>\n\t<meta property=\"og:image:type\" content=\"image\/jpeg\" \/>\n<meta name=\"author\" content=\"Ded\u00e9 Mesquita\" \/>\n<meta name=\"twitter:card\" content=\"summary_large_image\" \/>\n<meta name=\"twitter:creator\" content=\"@dedemesquita\" \/>\n<meta name=\"twitter:site\" content=\"@dedemesquita\" \/>\n<meta name=\"twitter:label1\" content=\"Escrito por\" \/>\n\t<meta name=\"twitter:data1\" content=\"Ded\u00e9 Mesquita\" \/>\n\t<meta name=\"twitter:label2\" content=\"Est. tempo de leitura\" \/>\n\t<meta name=\"twitter:data2\" content=\"3 minutos\" \/>\n<script type=\"application\/ld+json\" class=\"yoast-schema-graph\">{\"@context\":\"https:\/\/schema.org\",\"@graph\":[{\"@type\":\"WebPage\",\"@id\":\"https:\/\/dedemesquita.com.br\/?p=3197\",\"url\":\"https:\/\/dedemesquita.com.br\/?p=3197\",\"name\":\"Dois paraenses est\u00e3o entre os 40 mais premiados jornalistas de 2021 - Ded\u00e9 Mesquita\",\"isPartOf\":{\"@id\":\"https:\/\/dedemesquita.com.br\/#website\"},\"datePublished\":\"2021-12-23T14:27:50+00:00\",\"dateModified\":\"2021-12-24T11:56:10+00:00\",\"author\":{\"@id\":\"https:\/\/dedemesquita.com.br\/#\/schema\/person\/36571f81dd2d76dc3ab37231542c9e24\"},\"breadcrumb\":{\"@id\":\"https:\/\/dedemesquita.com.br\/?p=3197#breadcrumb\"},\"inLanguage\":\"pt-BR\",\"potentialAction\":[{\"@type\":\"ReadAction\",\"target\":[\"https:\/\/dedemesquita.com.br\/?p=3197\"]}]},{\"@type\":\"BreadcrumbList\",\"@id\":\"https:\/\/dedemesquita.com.br\/?p=3197#breadcrumb\",\"itemListElement\":[{\"@type\":\"ListItem\",\"position\":1,\"name\":\"In\u00edcio\",\"item\":\"https:\/\/dedemesquita.com.br\/\"},{\"@type\":\"ListItem\",\"position\":2,\"name\":\"Dois paraenses est\u00e3o entre os 40 mais premiados jornalistas de 2021\"}]},{\"@type\":\"WebSite\",\"@id\":\"https:\/\/dedemesquita.com.br\/#website\",\"url\":\"https:\/\/dedemesquita.com.br\/\",\"name\":\"Ded\u00e9 Mesquita\",\"description\":\"Um site que mostra os bastidores da imprensa no estado do Par\u00e1 e em Bel\u00e9m\",\"potentialAction\":[{\"@type\":\"SearchAction\",\"target\":{\"@type\":\"EntryPoint\",\"urlTemplate\":\"https:\/\/dedemesquita.com.br\/?s={search_term_string}\"},\"query-input\":\"required name=search_term_string\"}],\"inLanguage\":\"pt-BR\"},{\"@type\":\"Person\",\"@id\":\"https:\/\/dedemesquita.com.br\/#\/schema\/person\/36571f81dd2d76dc3ab37231542c9e24\",\"name\":\"Ded\u00e9 Mesquita\",\"image\":{\"@type\":\"ImageObject\",\"inLanguage\":\"pt-BR\",\"@id\":\"https:\/\/dedemesquita.com.br\/#\/schema\/person\/image\/\",\"url\":\"https:\/\/dedemesquita.com.br\/wp-content\/uploads\/2021\/02\/foto_perfil-150x150.jpg\",\"contentUrl\":\"https:\/\/dedemesquita.com.br\/wp-content\/uploads\/2021\/02\/foto_perfil-150x150.jpg\",\"caption\":\"Ded\u00e9 Mesquita\"},\"sameAs\":[\"https:\/\/dedemesquita.com.br\"]}]}<\/script>\n<!-- \/ Yoast SEO plugin. -->","yoast_head_json":{"title":"Dois paraenses est\u00e3o entre os 40 mais premiados jornalistas de 2021 - Ded\u00e9 Mesquita","robots":{"index":"index","follow":"follow","max-snippet":"max-snippet:-1","max-image-preview":"max-image-preview:large","max-video-preview":"max-video-preview:-1"},"canonical":"https:\/\/dedemesquita.com.br\/?p=3197","og_locale":"pt_BR","og_type":"article","og_title":"Dois paraenses est\u00e3o entre os 40 mais premiados jornalistas de 2021 - Ded\u00e9 Mesquita","og_description":"O Ranking dos +Premiados da Imprensa Brasileira 2021, levantamento anual promovido desde 2011 por este Jornalistas&amp;Cia e pelo Portal dos Jornalistas, come\u00e7ou a divulgar seus resultados nesta semana. At\u00e9 o final de janeiro, voc\u00ea conhecer\u00e1 quem (e quais) s\u00e3o os jornalistas, ve\u00edculos e grupos de comunica\u00e7\u00e3o mais premiados do ano e da hist\u00f3ria no Brasil. [&hellip;]","og_url":"https:\/\/dedemesquita.com.br\/?p=3197","og_site_name":"Ded\u00e9 Mesquita","article_publisher":"https:\/\/www.facebook.com\/dede.mesquita","article_published_time":"2021-12-23T14:27:50+00:00","article_modified_time":"2021-12-24T11:56:10+00:00","og_image":[{"width":850,"height":551,"url":"https:\/\/dedemesquita.com.br\/wp-content\/uploads\/2021\/12\/tarso.jpg","type":"image\/jpeg"}],"author":"Ded\u00e9 Mesquita","twitter_card":"summary_large_image","twitter_creator":"@dedemesquita","twitter_site":"@dedemesquita","twitter_misc":{"Escrito por":"Ded\u00e9 Mesquita","Est. tempo de leitura":"3 minutos"},"schema":{"@context":"https:\/\/schema.org","@graph":[{"@type":"WebPage","@id":"https:\/\/dedemesquita.com.br\/?p=3197","url":"https:\/\/dedemesquita.com.br\/?p=3197","name":"Dois paraenses est\u00e3o entre os 40 mais premiados jornalistas de 2021 - Ded\u00e9 Mesquita","isPartOf":{"@id":"https:\/\/dedemesquita.com.br\/#website"},"datePublished":"2021-12-23T14:27:50+00:00","dateModified":"2021-12-24T11:56:10+00:00","author":{"@id":"https:\/\/dedemesquita.com.br\/#\/schema\/person\/36571f81dd2d76dc3ab37231542c9e24"},"breadcrumb":{"@id":"https:\/\/dedemesquita.com.br\/?p=3197#breadcrumb"},"inLanguage":"pt-BR","potentialAction":[{"@type":"ReadAction","target":["https:\/\/dedemesquita.com.br\/?p=3197"]}]},{"@type":"BreadcrumbList","@id":"https:\/\/dedemesquita.com.br\/?p=3197#breadcrumb","itemListElement":[{"@type":"ListItem","position":1,"name":"In\u00edcio","item":"https:\/\/dedemesquita.com.br\/"},{"@type":"ListItem","position":2,"name":"Dois paraenses est\u00e3o entre os 40 mais premiados jornalistas de 2021"}]},{"@type":"WebSite","@id":"https:\/\/dedemesquita.com.br\/#website","url":"https:\/\/dedemesquita.com.br\/","name":"Ded\u00e9 Mesquita","description":"Um site que mostra os bastidores da imprensa no estado do Par\u00e1 e em Bel\u00e9m","potentialAction":[{"@type":"SearchAction","target":{"@type":"EntryPoint","urlTemplate":"https:\/\/dedemesquita.com.br\/?s={search_term_string}"},"query-input":"required name=search_term_string"}],"inLanguage":"pt-BR"},{"@type":"Person","@id":"https:\/\/dedemesquita.com.br\/#\/schema\/person\/36571f81dd2d76dc3ab37231542c9e24","name":"Ded\u00e9 Mesquita","image":{"@type":"ImageObject","inLanguage":"pt-BR","@id":"https:\/\/dedemesquita.com.br\/#\/schema\/person\/image\/","url":"https:\/\/dedemesquita.com.br\/wp-content\/uploads\/2021\/02\/foto_perfil-150x150.jpg","contentUrl":"https:\/\/dedemesquita.com.br\/wp-content\/uploads\/2021\/02\/foto_perfil-150x150.jpg","caption":"Ded\u00e9 Mesquita"},"sameAs":["https:\/\/dedemesquita.com.br"]}]}},"_links":{"self":[{"href":"https:\/\/dedemesquita.com.br\/index.php?rest_route=\/wp\/v2\/posts\/3197"}],"collection":[{"href":"https:\/\/dedemesquita.com.br\/index.php?rest_route=\/wp\/v2\/posts"}],"about":[{"href":"https:\/\/dedemesquita.com.br\/index.php?rest_route=\/wp\/v2\/types\/post"}],"author":[{"embeddable":true,"href":"https:\/\/dedemesquita.com.br\/index.php?rest_route=\/wp\/v2\/users\/2"}],"replies":[{"embeddable":true,"href":"https:\/\/dedemesquita.com.br\/index.php?rest_route=%2Fwp%2Fv2%2Fcomments&post=3197"}],"version-history":[{"count":3,"href":"https:\/\/dedemesquita.com.br\/index.php?rest_route=\/wp\/v2\/posts\/3197\/revisions"}],"predecessor-version":[{"id":3201,"href":"https:\/\/dedemesquita.com.br\/index.php?rest_route=\/wp\/v2\/posts\/3197\/revisions\/3201"}],"wp:featuredmedia":[{"embeddable":true,"href":"https:\/\/dedemesquita.com.br\/index.php?rest_route=\/wp\/v2\/media\/3203"}],"wp:attachment":[{"href":"https:\/\/dedemesquita.com.br\/index.php?rest_route=%2Fwp%2Fv2%2Fmedia&parent=3197"}],"wp:term":[{"taxonomy":"category","embeddable":true,"href":"https:\/\/dedemesquita.com.br\/index.php?rest_route=%2Fwp%2Fv2%2Fcategories&post=3197"},{"taxonomy":"post_tag","embeddable":true,"href":"https:\/\/dedemesquita.com.br\/index.php?rest_route=%2Fwp%2Fv2%2Ftags&post=3197"}],"curies":[{"name":"wp","href":"https:\/\/api.w.org\/{rel}","templated":true}]}}