{"id":3170,"date":"2021-12-21T21:11:53","date_gmt":"2021-12-22T00:11:53","guid":{"rendered":"https:\/\/dedemesquita.com.br\/?p=3170"},"modified":"2021-12-21T22:37:44","modified_gmt":"2021-12-22T01:37:44","slug":"duas-fotos-de-paraense-em-cartaz-no-museu-do-amanha-rj-e-outras-novidades","status":"publish","type":"post","link":"https:\/\/dedemesquita.com.br\/?p=3170","title":{"rendered":"Duas fotos de paraense em cartaz no Museu do Amanh\u00e3 (RJ) e outras novidades"},"content":{"rendered":"\n<p>Na semana do Natal 2021, as novidades nas reda\u00e7\u00f5es e assessorias come\u00e7am a rarear, mas ainda assim, tem coisa nova para contar. E vamos a elas: <\/p>\n\n\n\n<p><strong>Fernando Sette &#8211; <\/strong>Duas fotografias do mineiro mais paraense que se tem not\u00edcia, Fernando Sette, est\u00e3o em cartaz no Museu do Amanh\u00e3, um dos museus mais importantes do Rio de Janeiro. &#8220;Estou muito feliz por ter duas fotos minhas expostas no Interativo da sala #SomosAmazonia no Museu do Amanh\u00e3 do Rio de Janeiro&#8221;, escreveu o Sette. Uma foto \u00e9 a Marujada de Bragan\u00e7a e a outra foi feita durante os Jogos Tradicionais Ind\u00edgenas, em 2014, em Marud\u00e1. <\/p>\n\n\n\n<div class=\"wp-block-image\"><figure class=\"aligncenter size-full\"><img loading=\"lazy\" decoding=\"async\" width=\"861\" height=\"474\" src=\"https:\/\/dedemesquita.com.br\/wp-content\/uploads\/2021\/12\/maruja.jpg\" alt=\"\" class=\"wp-image-3179\" srcset=\"https:\/\/dedemesquita.com.br\/wp-content\/uploads\/2021\/12\/maruja.jpg 861w, https:\/\/dedemesquita.com.br\/wp-content\/uploads\/2021\/12\/maruja-768x423.jpg 768w\" sizes=\"(max-width: 861px) 100vw, 861px\" \/><figcaption>Uma das fotos de Fernando Sette na exposi\u00e7\u00e3o do Museu do Amanh\u00e3 mostra a festa da Marujada em Bragan\u00e7a <\/figcaption><\/figure><\/div>\n\n\n\n<p><strong>Comus &#8211;<\/strong> O jornalista <strong>Luiz Carlos Santos<\/strong>, depois de muitos anos atuando na Secom-PA, deixou essa assessoria e agora est\u00e1 na comunica\u00e7\u00e3o da Secretaria Municipal de Sa\u00fade (Sesma-Bel\u00e9m). <\/p>\n\n\n\n<div class=\"wp-block-image\"><figure class=\"aligncenter size-full\"><img loading=\"lazy\" decoding=\"async\" width=\"492\" height=\"513\" src=\"https:\/\/dedemesquita.com.br\/wp-content\/uploads\/2021\/12\/LUIZ_CARLOS.png\" alt=\"\" class=\"wp-image-3177\"\/><figcaption>Luiz Carlos Santos refor\u00e7a o time de comunica\u00e7\u00e3o da Sesma-Bel\u00e9m <\/figcaption><\/figure><\/div>\n\n\n\n<p><strong>Secom &#8211;<\/strong> E quem est\u00e1 de volta \u00e0 Secom-PA \u00e9 a jornalista <strong>Cristiani Sousa<\/strong>, depois de ter deixado a assessoria de comunica\u00e7\u00e3o da Prefeitura de Ananindeua. &#8220;Me sinto lisonjeada, por mais uma vez, fazer parte deste time de feras&#8221;, escreveu Cris no Facebook. <\/p>\n\n\n\n<div class=\"wp-block-image\"><figure class=\"aligncenter size-full\"><img loading=\"lazy\" decoding=\"async\" width=\"719\" height=\"563\" src=\"https:\/\/dedemesquita.com.br\/wp-content\/uploads\/2021\/12\/CRISTIANI_SOUSA.jpeg\" alt=\"\" class=\"wp-image-3176\"\/><figcaption>Cristiani Sousa est\u00e1 de volta \u00e0 Secom-PA <\/figcaption><\/figure><\/div>\n\n\n\n<p><strong>SEDEME &#8211; <\/strong>Troca de assessor na Secretaria de Estado de Desenvolvimento Econ\u00f4mico, Minera\u00e7\u00e3o e Energia (SEDEME). Saiu Igor Fonseca e agora est\u00e1 <strong>Igor Nascimento<\/strong>. Contatos do Igor Nascimento: (91) 98457-1221 ou pelo e-mail: ascomsedeme@gmail.com. <\/p>\n\n\n\n<p><strong>Anna Paula &#8211;<\/strong> A jornalista <strong>Anna Paula Mell<\/strong>o, ex-Record Bel\u00e9m, deixou a Rede TV Bel\u00e9m, ap\u00f3s 10 meses, e agora est\u00e1 no projeto da Revista Cidade &amp; Neg\u00f3cios, que fala sobre gest\u00e3o p\u00fablica, meio ambiente, legisla\u00e7\u00e3o e, principalmente, mostra exemplos de hist\u00f3rias que est\u00e3o dando certo em todo o Pa\u00eds. Um dos integrantes do programa \u00e9 <strong>Nielson Bargas<\/strong>, ex-TV Cultura e Record Bel\u00e9m. <\/p>\n\n\n\n<div class=\"wp-block-image\"><figure class=\"aligncenter size-full\"><img loading=\"lazy\" decoding=\"async\" width=\"885\" height=\"559\" src=\"https:\/\/dedemesquita.com.br\/wp-content\/uploads\/2021\/12\/ANNA-PAULA_MELLO.jpg\" alt=\"\" class=\"wp-image-3173\" srcset=\"https:\/\/dedemesquita.com.br\/wp-content\/uploads\/2021\/12\/ANNA-PAULA_MELLO.jpg 885w, https:\/\/dedemesquita.com.br\/wp-content\/uploads\/2021\/12\/ANNA-PAULA_MELLO-768x485.jpg 768w\" sizes=\"(max-width: 885px) 100vw, 885px\" \/><figcaption>Anna Paula Mello est\u00e1 no programa Revista Cidade &amp; Neg\u00f3cios <\/figcaption><\/figure><\/div>\n\n\n\n<p><strong>Metropolitano &#8211; Alberto Dergan<\/strong>, que era da ag\u00eancia Gaby Comunica\u00e7\u00e3o, \u00e9 o novo assessor de comunica\u00e7\u00e3o do Hospital Metropolitano. <\/p>\n\n\n\n<div class=\"wp-block-image\"><figure class=\"aligncenter size-full\"><img loading=\"lazy\" decoding=\"async\" width=\"540\" height=\"540\" src=\"https:\/\/dedemesquita.com.br\/wp-content\/uploads\/2021\/12\/ALBERTO_DERGAN.jpg\" alt=\"\" class=\"wp-image-3178\" srcset=\"https:\/\/dedemesquita.com.br\/wp-content\/uploads\/2021\/12\/ALBERTO_DERGAN.jpg 540w, https:\/\/dedemesquita.com.br\/wp-content\/uploads\/2021\/12\/ALBERTO_DERGAN-150x150.jpg 150w\" sizes=\"(max-width: 540px) 100vw, 540px\" \/><figcaption>Alberto Dergan est\u00e1 na comunica\u00e7\u00e3o do Hospital Metropolitano <\/figcaption><\/figure><\/div>\n\n\n\n<p><strong>Ingrid &#8211;<\/strong> A jornalista paraense <strong>Ingrid P\u00edpolos,<\/strong> que mora e trabalha em Florian\u00f3polis (SC), \u00e9 s\u00f3cia na empresa Gipa Assessoria, e acaba de ser reconhecida como a &#8220;Mais Engajada&#8221;, do programa Salto Acelera, do Sebrae-SC. A escolha foi divulgada no \u00faltimo dia 16 deste m\u00eas. <\/p>\n\n\n\n<div class=\"wp-block-image\"><figure class=\"aligncenter size-full\"><img loading=\"lazy\" decoding=\"async\" width=\"950\" height=\"534\" src=\"https:\/\/dedemesquita.com.br\/wp-content\/uploads\/2021\/12\/INGRID-1.jpg\" alt=\"\" class=\"wp-image-3174\" srcset=\"https:\/\/dedemesquita.com.br\/wp-content\/uploads\/2021\/12\/INGRID-1.jpg 950w, https:\/\/dedemesquita.com.br\/wp-content\/uploads\/2021\/12\/INGRID-1-768x432.jpg 768w\" sizes=\"(max-width: 950px) 100vw, 950px\" \/><figcaption>Ingrid P\u00edpolos foi escolhida como a Mais Engajada pelo Sebrae-SC<\/figcaption><\/figure><\/div>\n\n\n\n<p><\/p>\n","protected":false},"excerpt":{"rendered":"<p>Na semana do Natal 2021, as novidades nas reda\u00e7\u00f5es e assessorias come\u00e7am a rarear, mas ainda assim, tem coisa nova para contar. E vamos a elas: Fernando Sette &#8211; Duas fotografias do mineiro mais paraense que se tem not\u00edcia, Fernando Sette, est\u00e3o em cartaz no Museu do Amanh\u00e3, um dos museus mais importantes do Rio [&hellip;]<\/p>\n","protected":false},"author":2,"featured_media":3171,"comment_status":"open","ping_status":"open","sticky":false,"template":"","format":"standard","meta":{"footnotes":""},"categories":[51,14,29],"tags":[136,150,274],"class_list":["post-3170","post","type-post","status-publish","format-standard","has-post-thumbnail","hentry","category-destaque","category-imprensa","category-jornalismo","tag-comus-agencia-belem","tag-secom-pa","tag-sesma"],"yoast_head":"<!-- This site is optimized with the Yoast SEO plugin v19.10 - https:\/\/yoast.com\/wordpress\/plugins\/seo\/ -->\n<title>Duas fotos de paraense em cartaz no Museu do Amanh\u00e3 (RJ) e outras novidades - Ded\u00e9 Mesquita<\/title>\n<meta name=\"robots\" content=\"index, follow, max-snippet:-1, max-image-preview:large, max-video-preview:-1\" \/>\n<link rel=\"canonical\" href=\"https:\/\/dedemesquita.com.br\/?p=3170\" \/>\n<meta property=\"og:locale\" content=\"pt_BR\" \/>\n<meta property=\"og:type\" content=\"article\" \/>\n<meta property=\"og:title\" content=\"Duas fotos de paraense em cartaz no Museu do Amanh\u00e3 (RJ) e outras novidades - Ded\u00e9 Mesquita\" \/>\n<meta property=\"og:description\" content=\"Na semana do Natal 2021, as novidades nas reda\u00e7\u00f5es e assessorias come\u00e7am a rarear, mas ainda assim, tem coisa nova para contar. E vamos a elas: Fernando Sette &#8211; Duas fotografias do mineiro mais paraense que se tem not\u00edcia, Fernando Sette, est\u00e3o em cartaz no Museu do Amanh\u00e3, um dos museus mais importantes do Rio [&hellip;]\" \/>\n<meta property=\"og:url\" content=\"https:\/\/dedemesquita.com.br\/?p=3170\" \/>\n<meta property=\"og:site_name\" content=\"Ded\u00e9 Mesquita\" \/>\n<meta property=\"article:publisher\" content=\"https:\/\/www.facebook.com\/dede.mesquita\" \/>\n<meta property=\"article:published_time\" content=\"2021-12-22T00:11:53+00:00\" \/>\n<meta property=\"article:modified_time\" content=\"2021-12-22T01:37:44+00:00\" \/>\n<meta property=\"og:image\" content=\"https:\/\/dedemesquita.com.br\/wp-content\/uploads\/2021\/12\/SETTE1.png\" \/>\n\t<meta property=\"og:image:width\" content=\"870\" \/>\n\t<meta property=\"og:image:height\" content=\"580\" \/>\n\t<meta property=\"og:image:type\" content=\"image\/png\" \/>\n<meta name=\"author\" content=\"Ded\u00e9 Mesquita\" \/>\n<meta name=\"twitter:card\" content=\"summary_large_image\" \/>\n<meta name=\"twitter:creator\" content=\"@dedemesquita\" \/>\n<meta name=\"twitter:site\" content=\"@dedemesquita\" \/>\n<meta name=\"twitter:label1\" content=\"Escrito por\" \/>\n\t<meta name=\"twitter:data1\" content=\"Ded\u00e9 Mesquita\" \/>\n\t<meta name=\"twitter:label2\" content=\"Est. tempo de leitura\" \/>\n\t<meta name=\"twitter:data2\" content=\"4 minutos\" \/>\n<script type=\"application\/ld+json\" class=\"yoast-schema-graph\">{\"@context\":\"https:\/\/schema.org\",\"@graph\":[{\"@type\":\"WebPage\",\"@id\":\"https:\/\/dedemesquita.com.br\/?p=3170\",\"url\":\"https:\/\/dedemesquita.com.br\/?p=3170\",\"name\":\"Duas fotos de paraense em cartaz no Museu do Amanh\u00e3 (RJ) e outras novidades - Ded\u00e9 Mesquita\",\"isPartOf\":{\"@id\":\"https:\/\/dedemesquita.com.br\/#website\"},\"datePublished\":\"2021-12-22T00:11:53+00:00\",\"dateModified\":\"2021-12-22T01:37:44+00:00\",\"author\":{\"@id\":\"https:\/\/dedemesquita.com.br\/#\/schema\/person\/36571f81dd2d76dc3ab37231542c9e24\"},\"breadcrumb\":{\"@id\":\"https:\/\/dedemesquita.com.br\/?p=3170#breadcrumb\"},\"inLanguage\":\"pt-BR\",\"potentialAction\":[{\"@type\":\"ReadAction\",\"target\":[\"https:\/\/dedemesquita.com.br\/?p=3170\"]}]},{\"@type\":\"BreadcrumbList\",\"@id\":\"https:\/\/dedemesquita.com.br\/?p=3170#breadcrumb\",\"itemListElement\":[{\"@type\":\"ListItem\",\"position\":1,\"name\":\"In\u00edcio\",\"item\":\"https:\/\/dedemesquita.com.br\/\"},{\"@type\":\"ListItem\",\"position\":2,\"name\":\"Duas fotos de paraense em cartaz no Museu do Amanh\u00e3 (RJ) e outras novidades\"}]},{\"@type\":\"WebSite\",\"@id\":\"https:\/\/dedemesquita.com.br\/#website\",\"url\":\"https:\/\/dedemesquita.com.br\/\",\"name\":\"Ded\u00e9 Mesquita\",\"description\":\"Um site que mostra os bastidores da imprensa no estado do Par\u00e1 e em Bel\u00e9m\",\"potentialAction\":[{\"@type\":\"SearchAction\",\"target\":{\"@type\":\"EntryPoint\",\"urlTemplate\":\"https:\/\/dedemesquita.com.br\/?s={search_term_string}\"},\"query-input\":\"required name=search_term_string\"}],\"inLanguage\":\"pt-BR\"},{\"@type\":\"Person\",\"@id\":\"https:\/\/dedemesquita.com.br\/#\/schema\/person\/36571f81dd2d76dc3ab37231542c9e24\",\"name\":\"Ded\u00e9 Mesquita\",\"image\":{\"@type\":\"ImageObject\",\"inLanguage\":\"pt-BR\",\"@id\":\"https:\/\/dedemesquita.com.br\/#\/schema\/person\/image\/\",\"url\":\"https:\/\/dedemesquita.com.br\/wp-content\/uploads\/2021\/02\/foto_perfil-150x150.jpg\",\"contentUrl\":\"https:\/\/dedemesquita.com.br\/wp-content\/uploads\/2021\/02\/foto_perfil-150x150.jpg\",\"caption\":\"Ded\u00e9 Mesquita\"},\"sameAs\":[\"https:\/\/dedemesquita.com.br\"]}]}<\/script>\n<!-- \/ Yoast SEO plugin. -->","yoast_head_json":{"title":"Duas fotos de paraense em cartaz no Museu do Amanh\u00e3 (RJ) e outras novidades - Ded\u00e9 Mesquita","robots":{"index":"index","follow":"follow","max-snippet":"max-snippet:-1","max-image-preview":"max-image-preview:large","max-video-preview":"max-video-preview:-1"},"canonical":"https:\/\/dedemesquita.com.br\/?p=3170","og_locale":"pt_BR","og_type":"article","og_title":"Duas fotos de paraense em cartaz no Museu do Amanh\u00e3 (RJ) e outras novidades - Ded\u00e9 Mesquita","og_description":"Na semana do Natal 2021, as novidades nas reda\u00e7\u00f5es e assessorias come\u00e7am a rarear, mas ainda assim, tem coisa nova para contar. E vamos a elas: Fernando Sette &#8211; Duas fotografias do mineiro mais paraense que se tem not\u00edcia, Fernando Sette, est\u00e3o em cartaz no Museu do Amanh\u00e3, um dos museus mais importantes do Rio [&hellip;]","og_url":"https:\/\/dedemesquita.com.br\/?p=3170","og_site_name":"Ded\u00e9 Mesquita","article_publisher":"https:\/\/www.facebook.com\/dede.mesquita","article_published_time":"2021-12-22T00:11:53+00:00","article_modified_time":"2021-12-22T01:37:44+00:00","og_image":[{"width":870,"height":580,"url":"https:\/\/dedemesquita.com.br\/wp-content\/uploads\/2021\/12\/SETTE1.png","type":"image\/png"}],"author":"Ded\u00e9 Mesquita","twitter_card":"summary_large_image","twitter_creator":"@dedemesquita","twitter_site":"@dedemesquita","twitter_misc":{"Escrito por":"Ded\u00e9 Mesquita","Est. tempo de leitura":"4 minutos"},"schema":{"@context":"https:\/\/schema.org","@graph":[{"@type":"WebPage","@id":"https:\/\/dedemesquita.com.br\/?p=3170","url":"https:\/\/dedemesquita.com.br\/?p=3170","name":"Duas fotos de paraense em cartaz no Museu do Amanh\u00e3 (RJ) e outras novidades - Ded\u00e9 Mesquita","isPartOf":{"@id":"https:\/\/dedemesquita.com.br\/#website"},"datePublished":"2021-12-22T00:11:53+00:00","dateModified":"2021-12-22T01:37:44+00:00","author":{"@id":"https:\/\/dedemesquita.com.br\/#\/schema\/person\/36571f81dd2d76dc3ab37231542c9e24"},"breadcrumb":{"@id":"https:\/\/dedemesquita.com.br\/?p=3170#breadcrumb"},"inLanguage":"pt-BR","potentialAction":[{"@type":"ReadAction","target":["https:\/\/dedemesquita.com.br\/?p=3170"]}]},{"@type":"BreadcrumbList","@id":"https:\/\/dedemesquita.com.br\/?p=3170#breadcrumb","itemListElement":[{"@type":"ListItem","position":1,"name":"In\u00edcio","item":"https:\/\/dedemesquita.com.br\/"},{"@type":"ListItem","position":2,"name":"Duas fotos de paraense em cartaz no Museu do Amanh\u00e3 (RJ) e outras novidades"}]},{"@type":"WebSite","@id":"https:\/\/dedemesquita.com.br\/#website","url":"https:\/\/dedemesquita.com.br\/","name":"Ded\u00e9 Mesquita","description":"Um site que mostra os bastidores da imprensa no estado do Par\u00e1 e em Bel\u00e9m","potentialAction":[{"@type":"SearchAction","target":{"@type":"EntryPoint","urlTemplate":"https:\/\/dedemesquita.com.br\/?s={search_term_string}"},"query-input":"required name=search_term_string"}],"inLanguage":"pt-BR"},{"@type":"Person","@id":"https:\/\/dedemesquita.com.br\/#\/schema\/person\/36571f81dd2d76dc3ab37231542c9e24","name":"Ded\u00e9 Mesquita","image":{"@type":"ImageObject","inLanguage":"pt-BR","@id":"https:\/\/dedemesquita.com.br\/#\/schema\/person\/image\/","url":"https:\/\/dedemesquita.com.br\/wp-content\/uploads\/2021\/02\/foto_perfil-150x150.jpg","contentUrl":"https:\/\/dedemesquita.com.br\/wp-content\/uploads\/2021\/02\/foto_perfil-150x150.jpg","caption":"Ded\u00e9 Mesquita"},"sameAs":["https:\/\/dedemesquita.com.br"]}]}},"_links":{"self":[{"href":"https:\/\/dedemesquita.com.br\/index.php?rest_route=\/wp\/v2\/posts\/3170"}],"collection":[{"href":"https:\/\/dedemesquita.com.br\/index.php?rest_route=\/wp\/v2\/posts"}],"about":[{"href":"https:\/\/dedemesquita.com.br\/index.php?rest_route=\/wp\/v2\/types\/post"}],"author":[{"embeddable":true,"href":"https:\/\/dedemesquita.com.br\/index.php?rest_route=\/wp\/v2\/users\/2"}],"replies":[{"embeddable":true,"href":"https:\/\/dedemesquita.com.br\/index.php?rest_route=%2Fwp%2Fv2%2Fcomments&post=3170"}],"version-history":[{"count":10,"href":"https:\/\/dedemesquita.com.br\/index.php?rest_route=\/wp\/v2\/posts\/3170\/revisions"}],"predecessor-version":[{"id":3195,"href":"https:\/\/dedemesquita.com.br\/index.php?rest_route=\/wp\/v2\/posts\/3170\/revisions\/3195"}],"wp:featuredmedia":[{"embeddable":true,"href":"https:\/\/dedemesquita.com.br\/index.php?rest_route=\/wp\/v2\/media\/3171"}],"wp:attachment":[{"href":"https:\/\/dedemesquita.com.br\/index.php?rest_route=%2Fwp%2Fv2%2Fmedia&parent=3170"}],"wp:term":[{"taxonomy":"category","embeddable":true,"href":"https:\/\/dedemesquita.com.br\/index.php?rest_route=%2Fwp%2Fv2%2Fcategories&post=3170"},{"taxonomy":"post_tag","embeddable":true,"href":"https:\/\/dedemesquita.com.br\/index.php?rest_route=%2Fwp%2Fv2%2Ftags&post=3170"}],"curies":[{"name":"wp","href":"https:\/\/api.w.org\/{rel}","templated":true}]}}