{"id":3131,"date":"2021-12-10T07:28:36","date_gmt":"2021-12-10T10:28:36","guid":{"rendered":"https:\/\/dedemesquita.com.br\/?p=3131"},"modified":"2021-12-10T08:00:07","modified_gmt":"2021-12-10T11:00:07","slug":"alepa-celebra-os-75-anos-de-fundacao-do-jornal-o-liberal","status":"publish","type":"post","link":"https:\/\/dedemesquita.com.br\/?p=3131","title":{"rendered":"Alepa celebra os 75 anos de funda\u00e7\u00e3o do jornal O Liberal"},"content":{"rendered":"<p>O jornal O Liberal, de Bel\u00e9m (PA), completou 75 anos de funda\u00e7\u00e3o, no dia 15 de novembro passado. E desde ent\u00e3o, est\u00e1 recebendo homenagens de v\u00e1rias entidades. O jornal j\u00e1 foi celebrado na C\u00e2mara Municipal de Bel\u00e9m e no Senado. Na quinta-feira, 9, foi a vez da Assembleia Legislativa do Par\u00e1 (Alepa) se juntar aos que comemoram com O Liberal. A solenidade foi realizada no plen\u00e1rio Newton Miranda e foi solicitada pelo deputado Gustavo Sefer.<\/p>\n<p><img loading=\"lazy\" decoding=\"async\" class=\"alignnone size-full wp-image-3132\" src=\"https:\/\/dedemesquita.com.br\/wp-content\/uploads\/2021\/12\/WhatsApp-Image-2021-12-10-at-04.58.05.jpeg\" alt=\"\" width=\"717\" height=\"483\" \/><\/p>\n<p>Nat\u00e1lia Mello faz parte da equipe do jornal O Liberal. Ela \u00e9 uma das rep\u00f3rteres respons\u00e1veis pelas mat\u00e9rias do caderno de Pol\u00edtica e Economia. &#8220;\u00c9 importante ter este reconhecimento, em todas as sess\u00f5es deliberativas estou aqui para passar de maneira clara e simples aos leitores os debates, os projetos aprovados pela Alepa. \u00c9 uma correria, s\u00e3o muitas mat\u00e9rias a serem levadas para a sociedade de forma compreens\u00edvel para todos&#8221;, disse. O jornal caminha para um centen\u00e1rio daqui h\u00e1 um tempo, e se reinventa com as quest\u00f5es das multim\u00eddias, das in\u00fameras plataformas, mas o impresso \u00e9 o carro chefe. Tudo que h\u00e1 nas diversas plataformas do jornal vem do impresso&#8221;, enfatizou.<\/p>\n<p><img loading=\"lazy\" decoding=\"async\" class=\"alignnone size-full wp-image-3133\" src=\"https:\/\/dedemesquita.com.br\/wp-content\/uploads\/2021\/12\/WhatsApp-Image-2021-12-10-at-05.35.34.jpeg\" alt=\"\" width=\"720\" height=\"557\" \/><\/p>\n<p>Ronaldo Maiorana, presidente executivo do grupo O Liberal, agradeceu a condecora\u00e7\u00e3o vinda do Poder Legislativo. &#8220;Meus agradecimentos ao presidente da Alepa, deputado Chic\u00e3o, e ao deputado Gustavo Sefer pela homenagem. A homenagem n\u00e3o \u00e9 para mim e, sim aos funcion\u00e1rios e aos leitores. O jornal O Liberal vive uma nova fase, fazemos nosso trabalho com prud\u00eancia e an\u00e1lise dos fatos, e principalmente, com muita verdade&#8221;, declarou.<\/p>\n<p>A solenidade contou com os deputados Igor Normando e Raimundo Santos. Vera Oliveira, titular da pasta de Comunica\u00e7\u00e3o do Estado do Par\u00e1, representou o governo do Par\u00e1; a procuradora Ana Maria Magalh\u00e3es representou o Minist\u00e9rio P\u00fablico do Estado do Par\u00e1 (MMPA); e Calilo Maiorana Kzan compareceu em nome de Ros\u00e2ngela Maiorana, vice-presidente do grupo Liberal. Ao final da sess\u00e3o, colaboradores do jornal O Liberal receberam um diploma em homenagem aos 75 anos do jornal.<\/p>\n<figure id=\"attachment_3138\" aria-describedby=\"caption-attachment-3138\" style=\"width: 665px\" class=\"wp-caption alignnone\"><img loading=\"lazy\" decoding=\"async\" class=\"size-full wp-image-3138\" src=\"https:\/\/dedemesquita.com.br\/wp-content\/uploads\/2021\/12\/LIB.jpg\" alt=\"\" width=\"665\" height=\"444\" \/><figcaption id=\"caption-attachment-3138\" class=\"wp-caption-text\">Homenagem da Alepa ao jornal O Liberal<\/figcaption><\/figure>\n<p>Atualmente, o grupo de comunica\u00e7\u00e3o, que se iniciou com o jornal impresso, tamb\u00e9m se expandiu para outros setores. O grupo Liberal possui tamb\u00e9m o jornal Amaz\u00f4nia, o Ananindeua em Revista e suplementos; o Sistema Liberal de R\u00e1dios; a TV Liberal, uma das cinco maiores afiliadas da Rede Globo; e o portal de not\u00edcias OLiberal.com, levando sua presen\u00e7a a todas as redes sociais.<\/p>\n<p style=\"text-align: right;\"><strong>Com informa\u00e7\u00e3o da comunica\u00e7\u00e3o da Alepa e do jornal O Liberal<\/strong><\/p>\n<p>&nbsp;<\/p>\n<p>&nbsp;<\/p>\n","protected":false},"excerpt":{"rendered":"<p>O jornal O Liberal, de Bel\u00e9m (PA), completou 75 anos de funda\u00e7\u00e3o, no dia 15 de novembro passado. E desde ent\u00e3o, est\u00e1 recebendo homenagens de v\u00e1rias entidades. O jornal j\u00e1 foi celebrado na C\u00e2mara Municipal de Bel\u00e9m e no Senado. Na quinta-feira, 9, foi a vez da Assembleia Legislativa do Par\u00e1 (Alepa) se juntar aos [&hellip;]<\/p>\n","protected":false},"author":2,"featured_media":3134,"comment_status":"open","ping_status":"open","sticky":false,"template":"","format":"standard","meta":{"footnotes":""},"categories":[51,14,29],"tags":[191,265],"class_list":["post-3131","post","type-post","status-publish","format-standard","has-post-thumbnail","hentry","category-destaque","category-imprensa","category-jornalismo","tag-alepa","tag-grupo-o-liberal"],"yoast_head":"<!-- This site is optimized with the Yoast SEO plugin v19.10 - https:\/\/yoast.com\/wordpress\/plugins\/seo\/ -->\n<title>Alepa celebra os 75 anos de funda\u00e7\u00e3o do jornal O Liberal - Ded\u00e9 Mesquita<\/title>\n<meta name=\"robots\" content=\"index, follow, max-snippet:-1, max-image-preview:large, max-video-preview:-1\" \/>\n<link rel=\"canonical\" href=\"https:\/\/dedemesquita.com.br\/?p=3131\" \/>\n<meta property=\"og:locale\" content=\"pt_BR\" \/>\n<meta property=\"og:type\" content=\"article\" \/>\n<meta property=\"og:title\" content=\"Alepa celebra os 75 anos de funda\u00e7\u00e3o do jornal O Liberal - Ded\u00e9 Mesquita\" \/>\n<meta property=\"og:description\" content=\"O jornal O Liberal, de Bel\u00e9m (PA), completou 75 anos de funda\u00e7\u00e3o, no dia 15 de novembro passado. E desde ent\u00e3o, est\u00e1 recebendo homenagens de v\u00e1rias entidades. O jornal j\u00e1 foi celebrado na C\u00e2mara Municipal de Bel\u00e9m e no Senado. Na quinta-feira, 9, foi a vez da Assembleia Legislativa do Par\u00e1 (Alepa) se juntar aos [&hellip;]\" \/>\n<meta property=\"og:url\" content=\"https:\/\/dedemesquita.com.br\/?p=3131\" \/>\n<meta property=\"og:site_name\" content=\"Ded\u00e9 Mesquita\" \/>\n<meta property=\"article:publisher\" content=\"https:\/\/www.facebook.com\/dede.mesquita\" \/>\n<meta property=\"article:published_time\" content=\"2021-12-10T10:28:36+00:00\" \/>\n<meta property=\"article:modified_time\" content=\"2021-12-10T11:00:07+00:00\" \/>\n<meta property=\"og:image\" content=\"https:\/\/dedemesquita.com.br\/wp-content\/uploads\/2021\/12\/WhatsApp-Image-2021-12-10-at-04.58.36.jpeg\" \/>\n\t<meta property=\"og:image:width\" content=\"718\" \/>\n\t<meta property=\"og:image:height\" content=\"535\" \/>\n\t<meta property=\"og:image:type\" content=\"image\/jpeg\" \/>\n<meta name=\"author\" content=\"Ded\u00e9 Mesquita\" \/>\n<meta name=\"twitter:card\" content=\"summary_large_image\" \/>\n<meta name=\"twitter:creator\" content=\"@dedemesquita\" \/>\n<meta name=\"twitter:site\" content=\"@dedemesquita\" \/>\n<meta name=\"twitter:label1\" content=\"Escrito por\" \/>\n\t<meta name=\"twitter:data1\" content=\"Ded\u00e9 Mesquita\" \/>\n\t<meta name=\"twitter:label2\" content=\"Est. tempo de leitura\" \/>\n\t<meta name=\"twitter:data2\" content=\"3 minutos\" \/>\n<script type=\"application\/ld+json\" class=\"yoast-schema-graph\">{\"@context\":\"https:\/\/schema.org\",\"@graph\":[{\"@type\":\"WebPage\",\"@id\":\"https:\/\/dedemesquita.com.br\/?p=3131\",\"url\":\"https:\/\/dedemesquita.com.br\/?p=3131\",\"name\":\"Alepa celebra os 75 anos de funda\u00e7\u00e3o do jornal O Liberal - Ded\u00e9 Mesquita\",\"isPartOf\":{\"@id\":\"https:\/\/dedemesquita.com.br\/#website\"},\"datePublished\":\"2021-12-10T10:28:36+00:00\",\"dateModified\":\"2021-12-10T11:00:07+00:00\",\"author\":{\"@id\":\"https:\/\/dedemesquita.com.br\/#\/schema\/person\/36571f81dd2d76dc3ab37231542c9e24\"},\"breadcrumb\":{\"@id\":\"https:\/\/dedemesquita.com.br\/?p=3131#breadcrumb\"},\"inLanguage\":\"pt-BR\",\"potentialAction\":[{\"@type\":\"ReadAction\",\"target\":[\"https:\/\/dedemesquita.com.br\/?p=3131\"]}]},{\"@type\":\"BreadcrumbList\",\"@id\":\"https:\/\/dedemesquita.com.br\/?p=3131#breadcrumb\",\"itemListElement\":[{\"@type\":\"ListItem\",\"position\":1,\"name\":\"In\u00edcio\",\"item\":\"https:\/\/dedemesquita.com.br\/\"},{\"@type\":\"ListItem\",\"position\":2,\"name\":\"Alepa celebra os 75 anos de funda\u00e7\u00e3o do jornal O Liberal\"}]},{\"@type\":\"WebSite\",\"@id\":\"https:\/\/dedemesquita.com.br\/#website\",\"url\":\"https:\/\/dedemesquita.com.br\/\",\"name\":\"Ded\u00e9 Mesquita\",\"description\":\"Um site que mostra os bastidores da imprensa no estado do Par\u00e1 e em Bel\u00e9m\",\"potentialAction\":[{\"@type\":\"SearchAction\",\"target\":{\"@type\":\"EntryPoint\",\"urlTemplate\":\"https:\/\/dedemesquita.com.br\/?s={search_term_string}\"},\"query-input\":\"required name=search_term_string\"}],\"inLanguage\":\"pt-BR\"},{\"@type\":\"Person\",\"@id\":\"https:\/\/dedemesquita.com.br\/#\/schema\/person\/36571f81dd2d76dc3ab37231542c9e24\",\"name\":\"Ded\u00e9 Mesquita\",\"image\":{\"@type\":\"ImageObject\",\"inLanguage\":\"pt-BR\",\"@id\":\"https:\/\/dedemesquita.com.br\/#\/schema\/person\/image\/\",\"url\":\"https:\/\/dedemesquita.com.br\/wp-content\/uploads\/2021\/02\/foto_perfil-150x150.jpg\",\"contentUrl\":\"https:\/\/dedemesquita.com.br\/wp-content\/uploads\/2021\/02\/foto_perfil-150x150.jpg\",\"caption\":\"Ded\u00e9 Mesquita\"},\"sameAs\":[\"https:\/\/dedemesquita.com.br\"]}]}<\/script>\n<!-- \/ Yoast SEO plugin. -->","yoast_head_json":{"title":"Alepa celebra os 75 anos de funda\u00e7\u00e3o do jornal O Liberal - Ded\u00e9 Mesquita","robots":{"index":"index","follow":"follow","max-snippet":"max-snippet:-1","max-image-preview":"max-image-preview:large","max-video-preview":"max-video-preview:-1"},"canonical":"https:\/\/dedemesquita.com.br\/?p=3131","og_locale":"pt_BR","og_type":"article","og_title":"Alepa celebra os 75 anos de funda\u00e7\u00e3o do jornal O Liberal - Ded\u00e9 Mesquita","og_description":"O jornal O Liberal, de Bel\u00e9m (PA), completou 75 anos de funda\u00e7\u00e3o, no dia 15 de novembro passado. E desde ent\u00e3o, est\u00e1 recebendo homenagens de v\u00e1rias entidades. O jornal j\u00e1 foi celebrado na C\u00e2mara Municipal de Bel\u00e9m e no Senado. Na quinta-feira, 9, foi a vez da Assembleia Legislativa do Par\u00e1 (Alepa) se juntar aos [&hellip;]","og_url":"https:\/\/dedemesquita.com.br\/?p=3131","og_site_name":"Ded\u00e9 Mesquita","article_publisher":"https:\/\/www.facebook.com\/dede.mesquita","article_published_time":"2021-12-10T10:28:36+00:00","article_modified_time":"2021-12-10T11:00:07+00:00","og_image":[{"width":718,"height":535,"url":"https:\/\/dedemesquita.com.br\/wp-content\/uploads\/2021\/12\/WhatsApp-Image-2021-12-10-at-04.58.36.jpeg","type":"image\/jpeg"}],"author":"Ded\u00e9 Mesquita","twitter_card":"summary_large_image","twitter_creator":"@dedemesquita","twitter_site":"@dedemesquita","twitter_misc":{"Escrito por":"Ded\u00e9 Mesquita","Est. tempo de leitura":"3 minutos"},"schema":{"@context":"https:\/\/schema.org","@graph":[{"@type":"WebPage","@id":"https:\/\/dedemesquita.com.br\/?p=3131","url":"https:\/\/dedemesquita.com.br\/?p=3131","name":"Alepa celebra os 75 anos de funda\u00e7\u00e3o do jornal O Liberal - Ded\u00e9 Mesquita","isPartOf":{"@id":"https:\/\/dedemesquita.com.br\/#website"},"datePublished":"2021-12-10T10:28:36+00:00","dateModified":"2021-12-10T11:00:07+00:00","author":{"@id":"https:\/\/dedemesquita.com.br\/#\/schema\/person\/36571f81dd2d76dc3ab37231542c9e24"},"breadcrumb":{"@id":"https:\/\/dedemesquita.com.br\/?p=3131#breadcrumb"},"inLanguage":"pt-BR","potentialAction":[{"@type":"ReadAction","target":["https:\/\/dedemesquita.com.br\/?p=3131"]}]},{"@type":"BreadcrumbList","@id":"https:\/\/dedemesquita.com.br\/?p=3131#breadcrumb","itemListElement":[{"@type":"ListItem","position":1,"name":"In\u00edcio","item":"https:\/\/dedemesquita.com.br\/"},{"@type":"ListItem","position":2,"name":"Alepa celebra os 75 anos de funda\u00e7\u00e3o do jornal O Liberal"}]},{"@type":"WebSite","@id":"https:\/\/dedemesquita.com.br\/#website","url":"https:\/\/dedemesquita.com.br\/","name":"Ded\u00e9 Mesquita","description":"Um site que mostra os bastidores da imprensa no estado do Par\u00e1 e em Bel\u00e9m","potentialAction":[{"@type":"SearchAction","target":{"@type":"EntryPoint","urlTemplate":"https:\/\/dedemesquita.com.br\/?s={search_term_string}"},"query-input":"required name=search_term_string"}],"inLanguage":"pt-BR"},{"@type":"Person","@id":"https:\/\/dedemesquita.com.br\/#\/schema\/person\/36571f81dd2d76dc3ab37231542c9e24","name":"Ded\u00e9 Mesquita","image":{"@type":"ImageObject","inLanguage":"pt-BR","@id":"https:\/\/dedemesquita.com.br\/#\/schema\/person\/image\/","url":"https:\/\/dedemesquita.com.br\/wp-content\/uploads\/2021\/02\/foto_perfil-150x150.jpg","contentUrl":"https:\/\/dedemesquita.com.br\/wp-content\/uploads\/2021\/02\/foto_perfil-150x150.jpg","caption":"Ded\u00e9 Mesquita"},"sameAs":["https:\/\/dedemesquita.com.br"]}]}},"_links":{"self":[{"href":"https:\/\/dedemesquita.com.br\/index.php?rest_route=\/wp\/v2\/posts\/3131"}],"collection":[{"href":"https:\/\/dedemesquita.com.br\/index.php?rest_route=\/wp\/v2\/posts"}],"about":[{"href":"https:\/\/dedemesquita.com.br\/index.php?rest_route=\/wp\/v2\/types\/post"}],"author":[{"embeddable":true,"href":"https:\/\/dedemesquita.com.br\/index.php?rest_route=\/wp\/v2\/users\/2"}],"replies":[{"embeddable":true,"href":"https:\/\/dedemesquita.com.br\/index.php?rest_route=%2Fwp%2Fv2%2Fcomments&post=3131"}],"version-history":[{"count":5,"href":"https:\/\/dedemesquita.com.br\/index.php?rest_route=\/wp\/v2\/posts\/3131\/revisions"}],"predecessor-version":[{"id":3140,"href":"https:\/\/dedemesquita.com.br\/index.php?rest_route=\/wp\/v2\/posts\/3131\/revisions\/3140"}],"wp:featuredmedia":[{"embeddable":true,"href":"https:\/\/dedemesquita.com.br\/index.php?rest_route=\/wp\/v2\/media\/3134"}],"wp:attachment":[{"href":"https:\/\/dedemesquita.com.br\/index.php?rest_route=%2Fwp%2Fv2%2Fmedia&parent=3131"}],"wp:term":[{"taxonomy":"category","embeddable":true,"href":"https:\/\/dedemesquita.com.br\/index.php?rest_route=%2Fwp%2Fv2%2Fcategories&post=3131"},{"taxonomy":"post_tag","embeddable":true,"href":"https:\/\/dedemesquita.com.br\/index.php?rest_route=%2Fwp%2Fv2%2Ftags&post=3131"}],"curies":[{"name":"wp","href":"https:\/\/api.w.org\/{rel}","templated":true}]}}