{"id":3068,"date":"2021-12-09T12:04:22","date_gmt":"2021-12-09T15:04:22","guid":{"rendered":"https:\/\/dedemesquita.com.br\/?p=3068"},"modified":"2021-12-10T06:26:13","modified_gmt":"2021-12-10T09:26:13","slug":"tbt-dos-jornalistas-em-belem-com-data-de-setembro-de-2009","status":"publish","type":"post","link":"https:\/\/dedemesquita.com.br\/?p=3068","title":{"rendered":"#TBT dos jornalistas em Bel\u00e9m com data de setembro de 2009"},"content":{"rendered":"\t\t<div data-elementor-type=\"wp-post\" data-elementor-id=\"3068\" class=\"elementor elementor-3068\" data-elementor-settings=\"[]\">\n\t\t\t\t\t\t<div class=\"elementor-inner\">\n\t\t\t\t\t\t\t<div class=\"elementor-section-wrap\">\n\t\t\t\t\t\t\t<section class=\"elementor-section elementor-top-section elementor-element elementor-element-aa68df1 elementor-section-boxed elementor-section-height-default elementor-section-height-default\" data-id=\"aa68df1\" data-element_type=\"section\">\n\t\t\t\t\t\t<div class=\"elementor-container elementor-column-gap-default\">\n\t\t\t\t\t\t\t<div class=\"elementor-row\">\n\t\t\t\t\t<div class=\"elementor-column elementor-col-100 elementor-top-column elementor-element elementor-element-1193274e\" data-id=\"1193274e\" data-element_type=\"column\">\n\t\t\t<div class=\"elementor-column-wrap elementor-element-populated\">\n\t\t\t\t\t\t\t<div class=\"elementor-widget-wrap\">\n\t\t\t\t\t\t<div class=\"elementor-element elementor-element-2f114331 elementor-widget elementor-widget-text-editor\" data-id=\"2f114331\" data-element_type=\"widget\" data-widget_type=\"text-editor.default\">\n\t\t\t\t<div class=\"elementor-widget-container\">\n\t\t\t\t\t<div class=\"elementor-text-editor elementor-clearfix\"><p><!-- wp:paragraph --><\/p>\n<p>Como alguns j\u00e1 sabem, este site\/blog com informa\u00e7\u00f5es sobre os bastidores da imprensa em Bel\u00e9m <strong>teve in\u00edcio em 2009<\/strong>, por inciativa do fot\u00f3grafo David Alves, ainda na \u00e9poca do governo de Ana J\u00falia Carepa (2007 a 2010).<\/p>\n<p><!-- \/wp:paragraph --><\/p>\n<p><!-- wp:paragraph --><\/p>\n<p><strong>Governo Ana J\u00falia &#8211; <\/strong>Ent\u00e3o, as fotos que est\u00e3o neste #TBT s\u00e3o basicamente da equipe de jornalistas e rep\u00f3rteres que trabalhavam na\u00a0 Secretaria de Comunica\u00e7\u00e3o do Par\u00e1 (Secom), que havia sido criado recentemente. Antes, era uma coordenadoria (CCS), ligada ao gabinete do governador, e depois o projeto de secretaria foi implementado pelo jornalista e professor F\u00e1bio Castro, o primeiro secret\u00e1rio de comunica\u00e7\u00e3o do Governo do Par\u00e1.<\/p>\n<p><!-- \/wp:paragraph --><\/p>\n<p><!-- wp:image {\"align\":\"center\",\"id\":3086,\"sizeSlug\":\"full\",\"linkDestination\":\"none\"} --><\/p>\n<div class=\"wp-block-image\">\n<figure class=\"aligncenter size-full\"><img loading=\"lazy\" decoding=\"async\" width=\"945\" height=\"630\" class=\"wp-image-3086\" src=\"https:\/\/dedemesquita.com.br\/wp-content\/uploads\/2021\/12\/fabio.jpg\" alt=\"\" srcset=\"https:\/\/dedemesquita.com.br\/wp-content\/uploads\/2021\/12\/fabio.jpg 945w, https:\/\/dedemesquita.com.br\/wp-content\/uploads\/2021\/12\/fabio-768x512.jpg 768w\" sizes=\"(max-width: 945px) 100vw, 945px\" \/>\n<p>\u00a0<\/p>\n<figcaption>F\u00e1bio Castro e Ana J\u00falia Carepa<\/figcaption>\n<\/figure>\n<\/div>\n<p><!-- \/wp:image --><\/p>\n<p><!-- wp:paragraph --><\/p>\n<p>Se liga que tem fotos bem interessantes, na maioria clicadas pelo David, que era o coordenador da \u00e1rea de fotografia e tamb\u00e9m o &#8220;fot\u00f3grafo da governadora&#8221;, como depois se tornaram o Ant\u00f4nio Silva (governo Jatene)e, atualmente, o Marco Santos (governo Heldisssss).<\/p>\n<p><!-- \/wp:paragraph --><\/p>\n<p><!-- wp:paragraph --><\/p>\n<p>As fotos s\u00e3o todas dos arquivos do blog <strong><a href=\"http:\/\/jornalistasdopara.blogspot.com\/\">http:\/\/jornalistasdopara.blogspot.com\/<\/a><\/strong><\/p>\n<p>Pe\u00e7o que se algu\u00e9m n\u00e3o estiver citado ou citado erroneamente, me mandem a corre\u00e7\u00e3o.<\/p>\n<p><!-- \/wp:paragraph --><\/p>\n<p><!-- wp:image {\"align\":\"center\",\"id\":3069,\"sizeSlug\":\"full\",\"linkDestination\":\"none\"} --><\/p>\n<div class=\"wp-block-image\">\n<figure class=\"aligncenter size-full\"><img loading=\"lazy\" decoding=\"async\" width=\"591\" height=\"394\" class=\"wp-image-3069\" src=\"https:\/\/dedemesquita.com.br\/wp-content\/uploads\/2021\/12\/imper.jpg\" alt=\"\" \/>\n<p>\u00a0<\/p>\n<figcaption>Visita do imperador do Jap\u00e3o ao Par\u00e1, na d\u00e9cada de 90, com Layse Santos, L\u00e1zaro Moraes, Fernando Nobre e Eliete Ramos<\/figcaption>\n<\/figure>\n<\/div>\n<p><!-- \/wp:image --><\/p>\n<p><!-- wp:image {\"align\":\"center\",\"id\":3070,\"sizeSlug\":\"full\",\"linkDestination\":\"none\"} --><\/p>\n<div class=\"wp-block-image\">\n<figure class=\"aligncenter size-full\"><img loading=\"lazy\" decoding=\"async\" width=\"945\" height=\"630\" class=\"wp-image-3070\" src=\"https:\/\/dedemesquita.com.br\/wp-content\/uploads\/2021\/12\/fotos1.jpg\" alt=\"\" srcset=\"https:\/\/dedemesquita.com.br\/wp-content\/uploads\/2021\/12\/fotos1.jpg 945w, https:\/\/dedemesquita.com.br\/wp-content\/uploads\/2021\/12\/fotos1-768x512.jpg 768w\" sizes=\"(max-width: 945px) 100vw, 945px\" \/>\n<p>\u00a0<\/p>\n<figcaption>Segundo o David Alves (de \u00f3culos escuros), &#8220;s\u00f3 gente que n\u00e3o estudou&#8221;, com os fot\u00f3grafos Wagner Santana, M\u00e1rio Quadros, Rog\u00e9rio Uchoa e Viviane Pinheiro<\/figcaption>\n<\/figure>\n<\/div>\n<p><!-- \/wp:image --><\/p>\n<p><!-- wp:image {\"align\":\"center\",\"id\":3071,\"sizeSlug\":\"full\",\"linkDestination\":\"none\"} --><\/p>\n<div class=\"wp-block-image\">\n<figure class=\"aligncenter size-full\"><img loading=\"lazy\" decoding=\"async\" width=\"591\" height=\"394\" class=\"wp-image-3071\" src=\"https:\/\/dedemesquita.com.br\/wp-content\/uploads\/2021\/12\/acine.jpg\" alt=\"\" \/>\n<p>\u00a0<\/p>\n<figcaption>Aline Monteiro muito concentrada<\/figcaption>\n<\/figure>\n<\/div>\n<p><!-- \/wp:image --><\/p>\n<p><!-- wp:image {\"align\":\"center\",\"id\":3072,\"sizeSlug\":\"full\",\"linkDestination\":\"none\"} --><\/p>\n<div class=\"wp-block-image\">\n<figure class=\"aligncenter size-full\"><img loading=\"lazy\" decoding=\"async\" width=\"591\" height=\"394\" class=\"wp-image-3072\" src=\"https:\/\/dedemesquita.com.br\/wp-content\/uploads\/2021\/12\/andreia.jpg\" alt=\"\" \/>\n<p>\u00a0<\/p>\n<figcaption>Ana J\u00falia Carepa em entrevista para a Andrea Cunha, na TV Record Bel\u00e9m<\/figcaption>\n<\/figure>\n<\/div>\n<p><!-- \/wp:image --><\/p>\n<p><!-- wp:image {\"align\":\"center\",\"id\":3073,\"sizeSlug\":\"full\",\"linkDestination\":\"none\"} --><\/p>\n<div class=\"wp-block-image\">\n<figure class=\"aligncenter size-full\"><img loading=\"lazy\" decoding=\"async\" width=\"945\" height=\"630\" class=\"wp-image-3073\" src=\"https:\/\/dedemesquita.com.br\/wp-content\/uploads\/2021\/12\/Antenor-e-Marcos-Uchoa.jpg\" alt=\"\" srcset=\"https:\/\/dedemesquita.com.br\/wp-content\/uploads\/2021\/12\/Antenor-e-Marcos-Uchoa.jpg 945w, https:\/\/dedemesquita.com.br\/wp-content\/uploads\/2021\/12\/Antenor-e-Marcos-Uchoa-768x512.jpg 768w\" sizes=\"(max-width: 945px) 100vw, 945px\" \/>\n<p>\u00a0<\/p>\n<figcaption>Antenor Filho e seu &#8220;best&#8221; Marcos Uchoa<\/figcaption>\n<\/figure>\n<\/div>\n<p><!-- \/wp:image --><\/p>\n<p><!-- wp:image {\"align\":\"center\",\"id\":3074,\"sizeSlug\":\"full\",\"linkDestination\":\"none\"} --><\/p>\n<div class=\"wp-block-image\">\n<figure class=\"aligncenter size-full\"><img loading=\"lazy\" decoding=\"async\" width=\"945\" height=\"506\" class=\"wp-image-3074\" src=\"https:\/\/dedemesquita.com.br\/wp-content\/uploads\/2021\/12\/ary.jpg\" alt=\"\" srcset=\"https:\/\/dedemesquita.com.br\/wp-content\/uploads\/2021\/12\/ary.jpg 945w, https:\/\/dedemesquita.com.br\/wp-content\/uploads\/2021\/12\/ary-768x411.jpg 768w\" sizes=\"(max-width: 945px) 100vw, 945px\" \/>\n<p>\u00a0<\/p>\n<figcaption>Ary Sousa em a\u00e7\u00e3o e quase j\u00e1 brigando<\/figcaption>\n<\/figure>\n<\/div>\n<p><!-- \/wp:image --><\/p>\n<p><!-- wp:image {\"align\":\"center\",\"id\":3075,\"sizeSlug\":\"full\",\"linkDestination\":\"none\"} --><\/p>\n<div class=\"wp-block-image\">\n<figure class=\"aligncenter size-full\"><img loading=\"lazy\" decoding=\"async\" width=\"945\" height=\"630\" class=\"wp-image-3075\" src=\"https:\/\/dedemesquita.com.br\/wp-content\/uploads\/2021\/12\/ary2.jpg\" alt=\"\" srcset=\"https:\/\/dedemesquita.com.br\/wp-content\/uploads\/2021\/12\/ary2.jpg 945w, https:\/\/dedemesquita.com.br\/wp-content\/uploads\/2021\/12\/ary2-768x512.jpg 768w\" sizes=\"(max-width: 945px) 100vw, 945px\" \/>\n<p>\u00a0<\/p>\n<figcaption>A foto \u00e9 de maio de 2009 e eram os perueiros fazendo protesto durante o vel\u00f3rio de um colega que fora morto no trabalho<\/figcaption>\n<\/figure>\n<\/div>\n<p><!-- \/wp:image --><\/p>\n<p><!-- wp:image {\"align\":\"center\",\"id\":3076,\"sizeSlug\":\"full\",\"linkDestination\":\"none\"} --><\/p>\n<div class=\"wp-block-image\">\n<figure class=\"aligncenter size-full\"><img loading=\"lazy\" decoding=\"async\" width=\"591\" height=\"394\" class=\"wp-image-3076\" src=\"https:\/\/dedemesquita.com.br\/wp-content\/uploads\/2021\/12\/bagaem.jpg\" alt=\"\" \/>\n<p>\u00a0<\/p>\n<figcaption>Ray Nonato, o Bagagem, em uma pauta REC pelo jornal Amaz\u00f4nia. Eu sei porque fui eu quem o pautou<\/figcaption>\n<\/figure>\n<\/div>\n<p><!-- \/wp:image --><\/p>\n<p><!-- wp:image {\"align\":\"center\",\"id\":3077,\"sizeSlug\":\"full\",\"linkDestination\":\"none\"} --><\/p>\n<div class=\"wp-block-image\">\n<figure class=\"aligncenter size-full\"><img loading=\"lazy\" decoding=\"async\" width=\"591\" height=\"394\" class=\"wp-image-3077\" src=\"https:\/\/dedemesquita.com.br\/wp-content\/uploads\/2021\/12\/bb.jpg\" alt=\"\" \/>\n<p>\u00a0<\/p>\n<figcaption>Fot\u00f3grafos com cara de beb\u00eas, com Lucivaldo Sena, Ant\u00f4nio C\u00edcero, Kelly Pozzebom, Eli Pamplona, Jaime Souzza, Marco Santos, Tarso Sarraf e Marcelo Seabra<\/figcaption>\n<\/figure>\n<\/div>\n<p><!-- \/wp:image --><\/p>\n<p><!-- wp:image {\"align\":\"center\",\"id\":3079,\"sizeSlug\":\"full\",\"linkDestination\":\"none\"} --><\/p>\n<div class=\"wp-block-image\">\n<figure class=\"aligncenter size-full\"><img loading=\"lazy\" decoding=\"async\" width=\"591\" height=\"394\" class=\"wp-image-3079\" src=\"https:\/\/dedemesquita.com.br\/wp-content\/uploads\/2021\/12\/camila.jpg\" alt=\"\" \/>\n<p>\u00a0<\/p>\n<figcaption>Camila Lima quando come\u00e7ou no Amazoninha<\/figcaption>\n<\/figure>\n<\/div>\n<p><!-- \/wp:image --><\/p>\n<p><!-- wp:image {\"align\":\"center\",\"id\":3080,\"sizeSlug\":\"full\",\"linkDestination\":\"none\"} --><\/p>\n<div class=\"wp-block-image\">\n<figure class=\"aligncenter size-full\"><img loading=\"lazy\" decoding=\"async\" width=\"945\" height=\"630\" class=\"wp-image-3080\" src=\"https:\/\/dedemesquita.com.br\/wp-content\/uploads\/2021\/12\/cleide.jpg\" alt=\"\" srcset=\"https:\/\/dedemesquita.com.br\/wp-content\/uploads\/2021\/12\/cleide.jpg 945w, https:\/\/dedemesquita.com.br\/wp-content\/uploads\/2021\/12\/cleide-768x512.jpg 768w\" sizes=\"(max-width: 945px) 100vw, 945px\" \/>\n<p>\u00a0<\/p>\n<figcaption>Pauta da ag\u00eancia Temple Comunica\u00e7\u00e3o na mineradora Alcoa, com Cleide Pinheiro<\/figcaption>\n<\/figure>\n<\/div>\n<p><!-- \/wp:image --><\/p>\n<p><!-- wp:image {\"align\":\"center\",\"id\":3081,\"sizeSlug\":\"full\",\"linkDestination\":\"none\"} --><\/p>\n<div class=\"wp-block-image\">\n<figure class=\"aligncenter size-full\"><img loading=\"lazy\" decoding=\"async\" width=\"547\" height=\"517\" class=\"wp-image-3081\" src=\"https:\/\/dedemesquita.com.br\/wp-content\/uploads\/2021\/12\/david.jpg\" alt=\"\" \/>\n<p>\u00a0<\/p>\n<figcaption>N\u00e3o disse que ele \u00e9 muito chique? David Alves em Paris<\/figcaption>\n<\/figure>\n<\/div>\n<p><!-- \/wp:image --><\/p>\n<p><!-- wp:image {\"align\":\"center\",\"id\":3082,\"sizeSlug\":\"full\",\"linkDestination\":\"none\"} --><\/p>\n<div class=\"wp-block-image\">\n<figure class=\"aligncenter size-full\"><img loading=\"lazy\" decoding=\"async\" width=\"945\" height=\"630\" class=\"wp-image-3082\" src=\"https:\/\/dedemesquita.com.br\/wp-content\/uploads\/2021\/12\/david2.jpg\" alt=\"\" srcset=\"https:\/\/dedemesquita.com.br\/wp-content\/uploads\/2021\/12\/david2.jpg 945w, https:\/\/dedemesquita.com.br\/wp-content\/uploads\/2021\/12\/david2-768x512.jpg 768w\" sizes=\"(max-width: 945px) 100vw, 945px\" \/>\n<p>\u00a0<\/p>\n<figcaption>O ator Arnold Schwarzenegger em pauta em Los Angeles (EUA) e o David registrando tudo<\/figcaption>\n<\/figure>\n<\/div>\n<p><!-- \/wp:image --><\/p>\n<p><!-- wp:image {\"align\":\"center\",\"id\":3083,\"sizeSlug\":\"full\",\"linkDestination\":\"none\"} --><\/p>\n<div class=\"wp-block-image\">\n<figure class=\"aligncenter size-full\"><img loading=\"lazy\" decoding=\"async\" width=\"591\" height=\"394\" class=\"wp-image-3083\" src=\"https:\/\/dedemesquita.com.br\/wp-content\/uploads\/2021\/12\/edir.jpg\" alt=\"\" \/>\n<p>\u00a0<\/p>\n<figcaption>Edir Gillet, onde tu estavas nessa foto, hein? E ele responde: &#8220;Um ramal, na BR 316, na entrada de um acampamento dos MST&#8221;<\/figcaption>\n<\/figure>\n<\/div>\n<p><!-- \/wp:image --><\/p>\n<p><!-- wp:image {\"align\":\"center\",\"id\":3084,\"sizeSlug\":\"full\",\"linkDestination\":\"none\"} --><\/p>\n<div class=\"wp-block-image\">\n<figure class=\"aligncenter size-full\"><img loading=\"lazy\" decoding=\"async\" width=\"591\" height=\"394\" class=\"wp-image-3084\" src=\"https:\/\/dedemesquita.com.br\/wp-content\/uploads\/2021\/12\/edir2.jpg\" alt=\"\" \/>\n<p>\u00a0<\/p>\n<figcaption>Edir Gillet em uma pauta da Secom-PA em Marud\u00e1, na regi\u00e3o nordeste do Par\u00e1<\/figcaption>\n<\/figure>\n<\/div>\n<p><!-- \/wp:image --><\/p>\n<p><!-- wp:image {\"align\":\"center\",\"id\":3085,\"sizeSlug\":\"full\",\"linkDestination\":\"none\"} --><\/p>\n<div class=\"wp-block-image\">\n<figure class=\"aligncenter size-full\"><img loading=\"lazy\" decoding=\"async\" width=\"945\" height=\"630\" class=\"wp-image-3085\" src=\"https:\/\/dedemesquita.com.br\/wp-content\/uploads\/2021\/12\/elena.jpg\" alt=\"\" srcset=\"https:\/\/dedemesquita.com.br\/wp-content\/uploads\/2021\/12\/elena.jpg 945w, https:\/\/dedemesquita.com.br\/wp-content\/uploads\/2021\/12\/elena-768x512.jpg 768w\" sizes=\"(max-width: 945px) 100vw, 945px\" \/>\n<p>\u00a0<\/p>\n<figcaption>Elena Brito ainda na \u00e9poca de rep\u00f3rter da Record Bel\u00e9m e Ana J\u00falia Carepa<\/figcaption>\n<\/figure>\n<\/div>\n<p><!-- \/wp:image --><\/p>\n<p><!-- wp:image {\"align\":\"center\",\"id\":3087,\"sizeSlug\":\"full\",\"linkDestination\":\"none\"} --><\/p>\n<div class=\"wp-block-image\">\n<figure class=\"aligncenter size-full\"><img loading=\"lazy\" decoding=\"async\" width=\"630\" height=\"945\" class=\"wp-image-3087\" src=\"https:\/\/dedemesquita.com.br\/wp-content\/uploads\/2021\/12\/etiene.jpg\" alt=\"\" \/>\n<p>\u00a0<\/p>\n<figcaption>Etiene Andrade se preparando para uma pauta na Santa Casa<\/figcaption>\n<\/figure>\n<\/div>\n<p><!-- \/wp:image --><\/p>\n<p><!-- wp:image {\"align\":\"center\",\"id\":3088,\"sizeSlug\":\"full\",\"linkDestination\":\"none\"} --><\/p>\n<div class=\"wp-block-image\">\n<figure class=\"aligncenter size-full\"><img loading=\"lazy\" decoding=\"async\" width=\"945\" height=\"630\" class=\"wp-image-3088\" src=\"https:\/\/dedemesquita.com.br\/wp-content\/uploads\/2021\/12\/ferrer.jpg\" alt=\"\" srcset=\"https:\/\/dedemesquita.com.br\/wp-content\/uploads\/2021\/12\/ferrer.jpg 945w, https:\/\/dedemesquita.com.br\/wp-content\/uploads\/2021\/12\/ferrer-768x512.jpg 768w\" sizes=\"(max-width: 945px) 100vw, 945px\" \/>\n<p>\u00a0<\/p>\n<figcaption>O impag\u00e1vel &#8220;Amarelinho&#8221;, Paulo Ferrer, que j\u00e1 nos deixou, e Ana J\u00falia Carepa<\/figcaption>\n<\/figure>\n<\/div>\n<p><!-- \/wp:image --><\/p>\n<p><!-- wp:image {\"align\":\"center\",\"id\":3090,\"sizeSlug\":\"full\",\"linkDestination\":\"none\"} --><\/p>\n<div class=\"wp-block-image\">\n<figure class=\"aligncenter size-full\"><img loading=\"lazy\" decoding=\"async\" width=\"945\" height=\"630\" class=\"wp-image-3090\" src=\"https:\/\/dedemesquita.com.br\/wp-content\/uploads\/2021\/12\/ingrid.jpg\" alt=\"\" srcset=\"https:\/\/dedemesquita.com.br\/wp-content\/uploads\/2021\/12\/ingrid.jpg 945w, https:\/\/dedemesquita.com.br\/wp-content\/uploads\/2021\/12\/ingrid-768x512.jpg 768w\" sizes=\"(max-width: 945px) 100vw, 945px\" \/>\n<p>\u00a0<\/p>\n<figcaption>O saudoso H\u00e9lio &#8211; Picota &#8211; Furtado, Ana J\u00falia e Ingrid P\u00edpolos<\/figcaption>\n<\/figure>\n<\/div>\n<p><!-- \/wp:image --><\/p>\n<p><!-- wp:image {\"align\":\"center\",\"id\":3091,\"sizeSlug\":\"full\",\"linkDestination\":\"none\"} --><\/p>\n<div class=\"wp-block-image\">\n<figure class=\"aligncenter size-full\"><img loading=\"lazy\" decoding=\"async\" width=\"945\" height=\"630\" class=\"wp-image-3091\" src=\"https:\/\/dedemesquita.com.br\/wp-content\/uploads\/2021\/12\/ingrid2.jpg\" alt=\"\" srcset=\"https:\/\/dedemesquita.com.br\/wp-content\/uploads\/2021\/12\/ingrid2.jpg 945w, https:\/\/dedemesquita.com.br\/wp-content\/uploads\/2021\/12\/ingrid2-768x512.jpg 768w\" sizes=\"(max-width: 945px) 100vw, 945px\" \/>\n<p>\u00a0<\/p>\n<figcaption>Ingrid P\u00edpolos tietando o ex-arcebispo de Bel\u00e9m D. Orani Jo\u00e3o Tempesta<\/figcaption>\n<\/figure>\n<\/div>\n<p><!-- \/wp:image --><\/p>\n<p><!-- wp:image {\"align\":\"center\",\"id\":3092,\"sizeSlug\":\"full\",\"linkDestination\":\"none\"} --><\/p>\n<div class=\"wp-block-image\">\n<figure class=\"aligncenter size-full\"><img loading=\"lazy\" decoding=\"async\" width=\"1600\" height=\"1067\" class=\"wp-image-3092\" src=\"https:\/\/dedemesquita.com.br\/wp-content\/uploads\/2021\/12\/jaiminho.jpg\" alt=\"\" srcset=\"https:\/\/dedemesquita.com.br\/wp-content\/uploads\/2021\/12\/jaiminho.jpg 1600w, https:\/\/dedemesquita.com.br\/wp-content\/uploads\/2021\/12\/jaiminho-768x512.jpg 768w, https:\/\/dedemesquita.com.br\/wp-content\/uploads\/2021\/12\/jaiminho-1536x1024.jpg 1536w\" sizes=\"(max-width: 1600px) 100vw, 1600px\" \/>\n<p>\u00a0<\/p>\n<figcaption>Jaime Souzza de olho na imagem<\/figcaption>\n<\/figure>\n<\/div>\n<p><!-- \/wp:image --><\/p>\n<p><!-- wp:image {\"align\":\"center\",\"id\":3093,\"sizeSlug\":\"full\",\"linkDestination\":\"none\"} --><\/p>\n<div class=\"wp-block-image\">\n<figure class=\"aligncenter size-full\"><img loading=\"lazy\" decoding=\"async\" width=\"591\" height=\"394\" class=\"wp-image-3093\" src=\"https:\/\/dedemesquita.com.br\/wp-content\/uploads\/2021\/12\/jaimon.jpg\" alt=\"\" \/>\n<p>\u00a0<\/p>\n<figcaption>Jaiminho em a\u00e7\u00e3o no Hangar<\/figcaption>\n<\/figure>\n<\/div>\n<p><!-- \/wp:image --><\/p>\n<p><!-- wp:image {\"align\":\"center\",\"id\":3094,\"sizeSlug\":\"full\",\"linkDestination\":\"none\"} --><\/p>\n<div class=\"wp-block-image\">\n<figure class=\"aligncenter size-full\"><img loading=\"lazy\" decoding=\"async\" width=\"591\" height=\"394\" class=\"wp-image-3094\" src=\"https:\/\/dedemesquita.com.br\/wp-content\/uploads\/2021\/12\/joao.jpg\" alt=\"\" \/>\n<p>\u00a0<\/p>\n<figcaption>Jo\u00e3o Jadson, da TV Liberal, entrevista Ana J\u00falia<\/figcaption>\n<\/figure>\n<\/div>\n<p><!-- \/wp:image --><\/p>\n<p><!-- wp:image {\"align\":\"center\",\"id\":3095,\"sizeSlug\":\"full\",\"linkDestination\":\"none\"} --><\/p>\n<div class=\"wp-block-image\">\n<figure class=\"aligncenter size-full\"><img loading=\"lazy\" decoding=\"async\" width=\"1181\" height=\"787\" class=\"wp-image-3095\" src=\"https:\/\/dedemesquita.com.br\/wp-content\/uploads\/2021\/12\/lazaro.jpg\" alt=\"\" srcset=\"https:\/\/dedemesquita.com.br\/wp-content\/uploads\/2021\/12\/lazaro.jpg 1181w, https:\/\/dedemesquita.com.br\/wp-content\/uploads\/2021\/12\/lazaro-768x512.jpg 768w\" sizes=\"(max-width: 1181px) 100vw, 1181px\" \/>\n<p>\u00a0<\/p>\n<figcaption>Bem no cantinho \u00e0 direita est\u00e1 o L\u00e1zaro Ara\u00fajo<\/figcaption>\n<\/figure>\n<\/div>\n<p><!-- \/wp:image --><\/p>\n<p><!-- wp:image {\"align\":\"center\",\"id\":3096,\"sizeSlug\":\"full\",\"linkDestination\":\"none\"} --><\/p>\n<div class=\"wp-block-image\">\n<figure class=\"aligncenter size-full\"><img loading=\"lazy\" decoding=\"async\" width=\"900\" height=\"574\" class=\"wp-image-3096\" src=\"https:\/\/dedemesquita.com.br\/wp-content\/uploads\/2021\/12\/Lucivaldo.jpg\" alt=\"\" srcset=\"https:\/\/dedemesquita.com.br\/wp-content\/uploads\/2021\/12\/Lucivaldo.jpg 900w, https:\/\/dedemesquita.com.br\/wp-content\/uploads\/2021\/12\/Lucivaldo-768x490.jpg 768w\" sizes=\"(max-width: 900px) 100vw, 900px\" \/>\n<p>\u00a0<\/p>\n<figcaption>\u00c0 esquerda, Lucivaldo Sena em pauta<\/figcaption>\n<\/figure>\n<\/div>\n<p><!-- \/wp:image --><\/p>\n<p><!-- wp:image {\"align\":\"center\",\"id\":3097,\"sizeSlug\":\"full\",\"linkDestination\":\"none\"} --><\/p>\n<div class=\"wp-block-image\">\n<figure class=\"aligncenter size-full\"><img loading=\"lazy\" decoding=\"async\" width=\"945\" height=\"630\" class=\"wp-image-3097\" src=\"https:\/\/dedemesquita.com.br\/wp-content\/uploads\/2021\/12\/muitos.jpg\" alt=\"\" srcset=\"https:\/\/dedemesquita.com.br\/wp-content\/uploads\/2021\/12\/muitos.jpg 945w, https:\/\/dedemesquita.com.br\/wp-content\/uploads\/2021\/12\/muitos-768x512.jpg 768w\" sizes=\"(max-width: 945px) 100vw, 945px\" \/>\n<p>\u00a0<\/p>\n<figcaption>Foto do tipo &#8220;me acha a\u00ed&#8221;. J\u00e1 achei o Tarso, a \u00c9rika Torres e o Eliseu Dias<\/figcaption>\n<\/figure>\n<\/div>\n<p><!-- \/wp:image --><\/p>\n<p><!-- wp:image {\"align\":\"center\",\"id\":3098,\"sizeSlug\":\"full\",\"linkDestination\":\"none\"} --><\/p>\n<div class=\"wp-block-image\">\n<figure class=\"aligncenter size-full\"><img loading=\"lazy\" decoding=\"async\" width=\"945\" height=\"630\" class=\"wp-image-3098\" src=\"https:\/\/dedemesquita.com.br\/wp-content\/uploads\/2021\/12\/nicolau.jpg\" alt=\"\" srcset=\"https:\/\/dedemesquita.com.br\/wp-content\/uploads\/2021\/12\/nicolau.jpg 945w, https:\/\/dedemesquita.com.br\/wp-content\/uploads\/2021\/12\/nicolau-768x512.jpg 768w\" sizes=\"(max-width: 945px) 100vw, 945px\" \/>\n<p>\u00a0<\/p>\n<figcaption>Ana Paula, Nicolau Amador, Zana Moura e Patr\u00edcia<\/figcaption>\n<\/figure>\n<\/div>\n<p><!-- \/wp:image --><\/p>\n<p><!-- wp:image {\"align\":\"center\",\"id\":3099,\"sizeSlug\":\"full\",\"linkDestination\":\"none\"} --><\/p>\n<div class=\"wp-block-image\">\n<figure class=\"aligncenter size-full\"><img loading=\"lazy\" decoding=\"async\" width=\"945\" height=\"594\" class=\"wp-image-3099\" src=\"https:\/\/dedemesquita.com.br\/wp-content\/uploads\/2021\/12\/Paco.jpg\" alt=\"\" srcset=\"https:\/\/dedemesquita.com.br\/wp-content\/uploads\/2021\/12\/Paco.jpg 945w, https:\/\/dedemesquita.com.br\/wp-content\/uploads\/2021\/12\/Paco-768x483.jpg 768w\" sizes=\"(max-width: 945px) 100vw, 945px\" \/>\n<p>\u00a0<\/p>\n<figcaption>Raimundo Pacc\u00f3 e seus coleguinha ind\u00edgenas<\/figcaption>\n<\/figure>\n<\/div>\n<p><!-- \/wp:image --><\/p>\n<p><!-- wp:image {\"align\":\"center\",\"id\":3100,\"sizeSlug\":\"full\",\"linkDestination\":\"none\"} --><\/p>\n<div class=\"wp-block-image\">\n<figure class=\"aligncenter size-full\"><img loading=\"lazy\" decoding=\"async\" width=\"945\" height=\"630\" class=\"wp-image-3100\" src=\"https:\/\/dedemesquita.com.br\/wp-content\/uploads\/2021\/12\/pp.jpg\" alt=\"\" srcset=\"https:\/\/dedemesquita.com.br\/wp-content\/uploads\/2021\/12\/pp.jpg 945w, https:\/\/dedemesquita.com.br\/wp-content\/uploads\/2021\/12\/pp-768x512.jpg 768w\" sizes=\"(max-width: 945px) 100vw, 945px\" \/>\n<p>\u00a0<\/p>\n<figcaption>Essa foto ficou bem famosa \u00e0 \u00e9poca, na reda\u00e7\u00e3o de O Liberal, com Ingrid P\u00edpolos, Yaskara Cavalcante e Pedro Paulo Blanco<\/figcaption>\n<\/figure>\n<\/div>\n<p><!-- \/wp:image --><\/p>\n<p><!-- wp:image {\"align\":\"center\",\"id\":3101,\"sizeSlug\":\"full\",\"linkDestination\":\"none\"} --><\/p>\n<div class=\"wp-block-image\">\n<figure class=\"aligncenter size-full\"><img loading=\"lazy\" decoding=\"async\" width=\"945\" height=\"630\" class=\"wp-image-3101\" src=\"https:\/\/dedemesquita.com.br\/wp-content\/uploads\/2021\/12\/priscila.jpg\" alt=\"\" srcset=\"https:\/\/dedemesquita.com.br\/wp-content\/uploads\/2021\/12\/priscila.jpg 945w, https:\/\/dedemesquita.com.br\/wp-content\/uploads\/2021\/12\/priscila-768x512.jpg 768w\" sizes=\"(max-width: 945px) 100vw, 945px\" \/>\n<p>\u00a0<\/p>\n<figcaption>Priscila Monteiro quando era rep\u00f3rter da RBA TV, em uma pauta em Juruti, regi\u00e3o oeste do Par\u00e1\u00a0<\/figcaption>\n<\/figure>\n<\/div>\n<p><!-- \/wp:image --><\/p>\n<p><!-- wp:image {\"align\":\"center\",\"id\":3102,\"sizeSlug\":\"full\",\"linkDestination\":\"none\"} --><\/p>\n<div class=\"wp-block-image\">\n<figure class=\"aligncenter size-full\"><img loading=\"lazy\" decoding=\"async\" width=\"945\" height=\"485\" class=\"wp-image-3102\" src=\"https:\/\/dedemesquita.com.br\/wp-content\/uploads\/2021\/12\/Sarraf.jpg\" alt=\"\" srcset=\"https:\/\/dedemesquita.com.br\/wp-content\/uploads\/2021\/12\/Sarraf.jpg 945w, https:\/\/dedemesquita.com.br\/wp-content\/uploads\/2021\/12\/Sarraf-768x394.jpg 768w\" sizes=\"(max-width: 945px) 100vw, 945px\" \/>\n<p>\u00a0<\/p>\n<figcaption>Tarso Sarraf e seus amigos das etnias\u00a0<\/figcaption>\n<\/figure>\n<\/div>\n<p><!-- \/wp:image --><\/p>\n<p><!-- wp:image {\"align\":\"center\",\"id\":3103,\"sizeSlug\":\"full\",\"linkDestination\":\"none\"} --><\/p>\n<div class=\"wp-block-image\">\n<figure class=\"aligncenter size-full\"><img loading=\"lazy\" decoding=\"async\" width=\"630\" height=\"945\" class=\"wp-image-3103\" src=\"https:\/\/dedemesquita.com.br\/wp-content\/uploads\/2021\/12\/soninha.jpg\" alt=\"\" \/>\n<p>\u00a0<\/p>\n<figcaption>E a sapatilha nova da S\u00f4nia Ferro deixou um calo daqueles<\/figcaption>\n<\/figure>\n<\/div>\n<p><!-- \/wp:image --><\/p>\n<p><!-- wp:image {\"align\":\"center\",\"id\":3104,\"sizeSlug\":\"full\",\"linkDestination\":\"none\"} --><\/p>\n<div class=\"wp-block-image\">\n<figure class=\"aligncenter size-full\"><img loading=\"lazy\" decoding=\"async\" width=\"945\" height=\"630\" class=\"wp-image-3104\" src=\"https:\/\/dedemesquita.com.br\/wp-content\/uploads\/2021\/12\/TARSO_E_SUAS_FAS_1.jpg\" alt=\"\" srcset=\"https:\/\/dedemesquita.com.br\/wp-content\/uploads\/2021\/12\/TARSO_E_SUAS_FAS_1.jpg 945w, https:\/\/dedemesquita.com.br\/wp-content\/uploads\/2021\/12\/TARSO_E_SUAS_FAS_1-768x512.jpg 768w\" sizes=\"(max-width: 945px) 100vw, 945px\" \/>\n<p>\u00a0<\/p>\n<figcaption>Tarso ainda na sua fase &#8220;quase desnutrido&#8221;<\/figcaption>\n<\/figure>\n<\/div>\n<p><!-- \/wp:image --><\/p>\n<p><!-- wp:image {\"align\":\"center\",\"id\":3105,\"sizeSlug\":\"full\",\"linkDestination\":\"none\"} --><\/p>\n<div class=\"wp-block-image\">\n<figure class=\"aligncenter size-full\"><img loading=\"lazy\" decoding=\"async\" width=\"415\" height=\"394\" class=\"wp-image-3105\" src=\"https:\/\/dedemesquita.com.br\/wp-content\/uploads\/2021\/12\/trisha.jpg\" alt=\"\" \/>\n<p>\u00a0<\/p>\n<figcaption>Trisha Guimar\u00e3es em pauta REC na TV Liberal<\/figcaption>\n<\/figure>\n<\/div>\n<p><!-- \/wp:image --><\/p>\n<p><!-- wp:image {\"align\":\"center\",\"id\":3106,\"sizeSlug\":\"full\",\"linkDestination\":\"none\"} --><\/p>\n<div class=\"wp-block-image\">\n<figure class=\"aligncenter size-full\"><img loading=\"lazy\" decoding=\"async\" width=\"591\" height=\"394\" class=\"wp-image-3106\" src=\"https:\/\/dedemesquita.com.br\/wp-content\/uploads\/2021\/12\/TV-lib.jpg\" alt=\"\" \/>\n<p>\u00a0<\/p>\n<figcaption>Essa \u00e9 boa parte da equipe da TV Liberal em 2009, quando o sinal digital chegou na emissora, com M\u00e1rcio Moreira, Elis\u00e2ngela Andrade, Trisha, Priscila, Tina, Arc\u00e2ngela Sena, N\u00e9lia Rufeil, Mariana Nascimento, Brenda e Simone Amaro. Mais atr\u00e1s est\u00e3o \u00c1lvaro Borges e Guilherme Mendes<\/figcaption>\n<\/figure>\n<\/div>\n<p><!-- \/wp:image --><\/p>\n<p><!-- wp:image {\"align\":\"center\",\"id\":3107,\"sizeSlug\":\"full\",\"linkDestination\":\"none\"} --><\/p>\n<div class=\"wp-block-image\">\n<figure class=\"aligncenter size-full\"><img loading=\"lazy\" decoding=\"async\" width=\"591\" height=\"394\" class=\"wp-image-3107\" src=\"https:\/\/dedemesquita.com.br\/wp-content\/uploads\/2021\/12\/tylon.jpg\" alt=\"\" \/>\n<p>\u00a0<\/p>\n<figcaption>Tylon Mau\u00e9s em seu habitat natural: as cabines de imprensa do est\u00e1dio Mangueir\u00e3o<\/figcaption>\n<\/figure>\n<\/div>\n<p><!-- \/wp:image --><\/p>\n<p><!-- wp:image {\"align\":\"center\",\"id\":3108,\"sizeSlug\":\"full\",\"linkDestination\":\"none\"} --><\/p>\n<div class=\"wp-block-image\">\n<figure class=\"aligncenter size-full\"><img loading=\"lazy\" decoding=\"async\" width=\"630\" height=\"945\" class=\"wp-image-3108\" src=\"https:\/\/dedemesquita.com.br\/wp-content\/uploads\/2021\/12\/tylon2.jpg\" alt=\"\" \/>\n<p>\u00a0<\/p>\n<figcaption>N\u00e3o acredite nessa imagem. O Tylon n\u00e3o estava correndo para chegar a tempo do Grand Prix de Atletismo.<\/figcaption>\n<\/figure>\n<\/div>\n<p><!-- \/wp:image --><\/p>\n<p><!-- wp:image {\"align\":\"center\",\"id\":3109,\"sizeSlug\":\"full\",\"linkDestination\":\"none\"} --><\/p>\n<div class=\"wp-block-image\">\n<figure class=\"aligncenter size-full\"><img loading=\"lazy\" decoding=\"async\" width=\"591\" height=\"394\" class=\"wp-image-3109\" src=\"https:\/\/dedemesquita.com.br\/wp-content\/uploads\/2021\/12\/vanessa.jpg\" alt=\"\" \/>\n<p>\u00a0<\/p>\n<figcaption>Vanessa Lib\u00f3rio, na \u00e9poca de Record Bel\u00e9m, e Ana J\u00falia<\/figcaption>\n<\/figure>\n<\/div>\n<p><!-- \/wp:image --><\/p>\n<p><!-- wp:image {\"align\":\"center\",\"id\":3110,\"sizeSlug\":\"full\",\"linkDestination\":\"none\"} --><\/p>\n<div class=\"wp-block-image\">\n<figure class=\"aligncenter size-full\"><img loading=\"lazy\" decoding=\"async\" width=\"394\" height=\"591\" class=\"wp-image-3110\" src=\"https:\/\/dedemesquita.com.br\/wp-content\/uploads\/2021\/12\/wale.jpg\" alt=\"\" \/>\n<p>\u00a0<\/p>\n<figcaption>Waleiska Fernandes no hospital e trabalhando<\/figcaption>\n<\/figure>\n<\/div>\n<p><!-- \/wp:image --><\/p>\n<p><!-- wp:image {\"align\":\"center\",\"id\":3111,\"sizeSlug\":\"full\",\"linkDestination\":\"none\"} --><\/p>\n<div class=\"wp-block-image\">\n<figure class=\"aligncenter size-full\"><img loading=\"lazy\" decoding=\"async\" width=\"1181\" height=\"787\" class=\"wp-image-3111\" src=\"https:\/\/dedemesquita.com.br\/wp-content\/uploads\/2021\/12\/walies.jpg\" alt=\"\" srcset=\"https:\/\/dedemesquita.com.br\/wp-content\/uploads\/2021\/12\/walies.jpg 1181w, https:\/\/dedemesquita.com.br\/wp-content\/uploads\/2021\/12\/walies-768x512.jpg 768w\" sizes=\"(max-width: 1181px) 100vw, 1181px\" \/>\n<p>\u00a0<\/p>\n<figcaption>Aqui, Waleiska gravando em algum ponto do interior do Par\u00e1<\/figcaption>\n<\/figure>\n<\/div>\n<p><!-- \/wp:image --><\/p>\n<p><!-- wp:image {\"align\":\"center\",\"id\":3112,\"sizeSlug\":\"full\",\"linkDestination\":\"none\"} --><\/p>\n<div class=\"wp-block-image\">\n<figure class=\"aligncenter size-full\"><img loading=\"lazy\" decoding=\"async\" width=\"1063\" height=\"709\" class=\"wp-image-3112\" src=\"https:\/\/dedemesquita.com.br\/wp-content\/uploads\/2021\/12\/zana.jpg\" alt=\"\" srcset=\"https:\/\/dedemesquita.com.br\/wp-content\/uploads\/2021\/12\/zana.jpg 1063w, https:\/\/dedemesquita.com.br\/wp-content\/uploads\/2021\/12\/zana-768x512.jpg 768w\" sizes=\"(max-width: 1063px) 100vw, 1063px\" \/>\n<p>\u00a0<\/p>\n<figcaption>Zana Moura e Val\u00e9ria Nascimento<\/figcaption>\n<\/figure>\n<\/div>\n<p><!-- \/wp:image --><\/p><\/div>\n\t\t\t\t<\/div>\n\t\t\t\t<\/div>\n\t\t\t\t\t\t<\/div>\n\t\t\t\t\t<\/div>\n\t\t<\/div>\n\t\t\t\t\t\t\t\t<\/div>\n\t\t\t\t\t<\/div>\n\t\t<\/section>\n\t\t\t\t\t\t<\/div>\n\t\t\t\t\t\t<\/div>\n\t\t\t\t\t<\/div>\n\t\t","protected":false},"excerpt":{"rendered":"<p>Como alguns j\u00e1 sabem, este site\/blog com informa\u00e7\u00f5es sobre os bastidores da imprensa em Bel\u00e9m teve in\u00edcio em 2009, por inciativa do fot\u00f3grafo David Alves, ainda na \u00e9poca do governo de Ana J\u00falia Carepa (2007 a 2010). Governo Ana J\u00falia &#8211; Ent\u00e3o, as fotos que est\u00e3o neste #TBT s\u00e3o basicamente da equipe de jornalistas e [&hellip;]<\/p>\n","protected":false},"author":2,"featured_media":3113,"comment_status":"open","ping_status":"open","sticky":false,"template":"","format":"standard","meta":{"footnotes":""},"categories":[51,14,29],"tags":[243,119,120,144,145,138,150,197,137],"class_list":["post-3068","post","type-post","status-publish","format-standard","has-post-thumbnail","hentry","category-destaque","category-imprensa","category-jornalismo","tag-jornal-amazonia","tag-jornalismo","tag-jornalistas-paraenses-em-acao","tag-o-liberal","tag-rbatv","tag-record-belem","tag-secom-pa","tag-tv-cultura","tag-tv-liberal"],"yoast_head":"<!-- This site is optimized with the Yoast SEO plugin v19.10 - https:\/\/yoast.com\/wordpress\/plugins\/seo\/ -->\n<title>#TBT dos jornalistas em Bel\u00e9m com data de setembro de 2009 - Ded\u00e9 Mesquita<\/title>\n<meta name=\"robots\" content=\"index, follow, max-snippet:-1, max-image-preview:large, max-video-preview:-1\" \/>\n<link rel=\"canonical\" href=\"https:\/\/dedemesquita.com.br\/?p=3068\" \/>\n<meta property=\"og:locale\" content=\"pt_BR\" \/>\n<meta property=\"og:type\" content=\"article\" \/>\n<meta property=\"og:title\" content=\"#TBT dos jornalistas em Bel\u00e9m com data de setembro de 2009 - Ded\u00e9 Mesquita\" \/>\n<meta property=\"og:description\" content=\"Como alguns j\u00e1 sabem, este site\/blog com informa\u00e7\u00f5es sobre os bastidores da imprensa em Bel\u00e9m teve in\u00edcio em 2009, por inciativa do fot\u00f3grafo David Alves, ainda na \u00e9poca do governo de Ana J\u00falia Carepa (2007 a 2010). Governo Ana J\u00falia &#8211; Ent\u00e3o, as fotos que est\u00e3o neste #TBT s\u00e3o basicamente da equipe de jornalistas e [&hellip;]\" \/>\n<meta property=\"og:url\" content=\"https:\/\/dedemesquita.com.br\/?p=3068\" \/>\n<meta property=\"og:site_name\" content=\"Ded\u00e9 Mesquita\" \/>\n<meta property=\"article:publisher\" content=\"https:\/\/www.facebook.com\/dede.mesquita\" \/>\n<meta property=\"article:published_time\" content=\"2021-12-09T15:04:22+00:00\" \/>\n<meta property=\"article:modified_time\" content=\"2021-12-10T09:26:13+00:00\" \/>\n<meta property=\"og:image\" content=\"https:\/\/dedemesquita.com.br\/wp-content\/uploads\/2021\/12\/brito-1.jpg\" \/>\n\t<meta property=\"og:image:width\" content=\"1000\" \/>\n\t<meta property=\"og:image:height\" content=\"522\" \/>\n\t<meta property=\"og:image:type\" content=\"image\/jpeg\" \/>\n<meta name=\"author\" content=\"Ded\u00e9 Mesquita\" \/>\n<meta name=\"twitter:card\" content=\"summary_large_image\" \/>\n<meta name=\"twitter:creator\" content=\"@dedemesquita\" \/>\n<meta name=\"twitter:site\" content=\"@dedemesquita\" \/>\n<meta name=\"twitter:label1\" content=\"Escrito por\" \/>\n\t<meta name=\"twitter:data1\" content=\"Ded\u00e9 Mesquita\" \/>\n\t<meta name=\"twitter:label2\" content=\"Est. tempo de leitura\" \/>\n\t<meta name=\"twitter:data2\" content=\"12 minutos\" \/>\n<script type=\"application\/ld+json\" class=\"yoast-schema-graph\">{\"@context\":\"https:\/\/schema.org\",\"@graph\":[{\"@type\":\"WebPage\",\"@id\":\"https:\/\/dedemesquita.com.br\/?p=3068\",\"url\":\"https:\/\/dedemesquita.com.br\/?p=3068\",\"name\":\"#TBT dos jornalistas em Bel\u00e9m com data de setembro de 2009 - Ded\u00e9 Mesquita\",\"isPartOf\":{\"@id\":\"https:\/\/dedemesquita.com.br\/#website\"},\"datePublished\":\"2021-12-09T15:04:22+00:00\",\"dateModified\":\"2021-12-10T09:26:13+00:00\",\"author\":{\"@id\":\"https:\/\/dedemesquita.com.br\/#\/schema\/person\/36571f81dd2d76dc3ab37231542c9e24\"},\"breadcrumb\":{\"@id\":\"https:\/\/dedemesquita.com.br\/?p=3068#breadcrumb\"},\"inLanguage\":\"pt-BR\",\"potentialAction\":[{\"@type\":\"ReadAction\",\"target\":[\"https:\/\/dedemesquita.com.br\/?p=3068\"]}]},{\"@type\":\"BreadcrumbList\",\"@id\":\"https:\/\/dedemesquita.com.br\/?p=3068#breadcrumb\",\"itemListElement\":[{\"@type\":\"ListItem\",\"position\":1,\"name\":\"In\u00edcio\",\"item\":\"https:\/\/dedemesquita.com.br\/\"},{\"@type\":\"ListItem\",\"position\":2,\"name\":\"#TBT dos jornalistas em Bel\u00e9m com data de setembro de 2009\"}]},{\"@type\":\"WebSite\",\"@id\":\"https:\/\/dedemesquita.com.br\/#website\",\"url\":\"https:\/\/dedemesquita.com.br\/\",\"name\":\"Ded\u00e9 Mesquita\",\"description\":\"Um site que mostra os bastidores da imprensa no estado do Par\u00e1 e em Bel\u00e9m\",\"potentialAction\":[{\"@type\":\"SearchAction\",\"target\":{\"@type\":\"EntryPoint\",\"urlTemplate\":\"https:\/\/dedemesquita.com.br\/?s={search_term_string}\"},\"query-input\":\"required name=search_term_string\"}],\"inLanguage\":\"pt-BR\"},{\"@type\":\"Person\",\"@id\":\"https:\/\/dedemesquita.com.br\/#\/schema\/person\/36571f81dd2d76dc3ab37231542c9e24\",\"name\":\"Ded\u00e9 Mesquita\",\"image\":{\"@type\":\"ImageObject\",\"inLanguage\":\"pt-BR\",\"@id\":\"https:\/\/dedemesquita.com.br\/#\/schema\/person\/image\/\",\"url\":\"https:\/\/dedemesquita.com.br\/wp-content\/uploads\/2021\/02\/foto_perfil-150x150.jpg\",\"contentUrl\":\"https:\/\/dedemesquita.com.br\/wp-content\/uploads\/2021\/02\/foto_perfil-150x150.jpg\",\"caption\":\"Ded\u00e9 Mesquita\"},\"sameAs\":[\"https:\/\/dedemesquita.com.br\"]}]}<\/script>\n<!-- \/ Yoast SEO plugin. -->","yoast_head_json":{"title":"#TBT dos jornalistas em Bel\u00e9m com data de setembro de 2009 - Ded\u00e9 Mesquita","robots":{"index":"index","follow":"follow","max-snippet":"max-snippet:-1","max-image-preview":"max-image-preview:large","max-video-preview":"max-video-preview:-1"},"canonical":"https:\/\/dedemesquita.com.br\/?p=3068","og_locale":"pt_BR","og_type":"article","og_title":"#TBT dos jornalistas em Bel\u00e9m com data de setembro de 2009 - Ded\u00e9 Mesquita","og_description":"Como alguns j\u00e1 sabem, este site\/blog com informa\u00e7\u00f5es sobre os bastidores da imprensa em Bel\u00e9m teve in\u00edcio em 2009, por inciativa do fot\u00f3grafo David Alves, ainda na \u00e9poca do governo de Ana J\u00falia Carepa (2007 a 2010). Governo Ana J\u00falia &#8211; Ent\u00e3o, as fotos que est\u00e3o neste #TBT s\u00e3o basicamente da equipe de jornalistas e [&hellip;]","og_url":"https:\/\/dedemesquita.com.br\/?p=3068","og_site_name":"Ded\u00e9 Mesquita","article_publisher":"https:\/\/www.facebook.com\/dede.mesquita","article_published_time":"2021-12-09T15:04:22+00:00","article_modified_time":"2021-12-10T09:26:13+00:00","og_image":[{"width":1000,"height":522,"url":"https:\/\/dedemesquita.com.br\/wp-content\/uploads\/2021\/12\/brito-1.jpg","type":"image\/jpeg"}],"author":"Ded\u00e9 Mesquita","twitter_card":"summary_large_image","twitter_creator":"@dedemesquita","twitter_site":"@dedemesquita","twitter_misc":{"Escrito por":"Ded\u00e9 Mesquita","Est. tempo de leitura":"12 minutos"},"schema":{"@context":"https:\/\/schema.org","@graph":[{"@type":"WebPage","@id":"https:\/\/dedemesquita.com.br\/?p=3068","url":"https:\/\/dedemesquita.com.br\/?p=3068","name":"#TBT dos jornalistas em Bel\u00e9m com data de setembro de 2009 - Ded\u00e9 Mesquita","isPartOf":{"@id":"https:\/\/dedemesquita.com.br\/#website"},"datePublished":"2021-12-09T15:04:22+00:00","dateModified":"2021-12-10T09:26:13+00:00","author":{"@id":"https:\/\/dedemesquita.com.br\/#\/schema\/person\/36571f81dd2d76dc3ab37231542c9e24"},"breadcrumb":{"@id":"https:\/\/dedemesquita.com.br\/?p=3068#breadcrumb"},"inLanguage":"pt-BR","potentialAction":[{"@type":"ReadAction","target":["https:\/\/dedemesquita.com.br\/?p=3068"]}]},{"@type":"BreadcrumbList","@id":"https:\/\/dedemesquita.com.br\/?p=3068#breadcrumb","itemListElement":[{"@type":"ListItem","position":1,"name":"In\u00edcio","item":"https:\/\/dedemesquita.com.br\/"},{"@type":"ListItem","position":2,"name":"#TBT dos jornalistas em Bel\u00e9m com data de setembro de 2009"}]},{"@type":"WebSite","@id":"https:\/\/dedemesquita.com.br\/#website","url":"https:\/\/dedemesquita.com.br\/","name":"Ded\u00e9 Mesquita","description":"Um site que mostra os bastidores da imprensa no estado do Par\u00e1 e em Bel\u00e9m","potentialAction":[{"@type":"SearchAction","target":{"@type":"EntryPoint","urlTemplate":"https:\/\/dedemesquita.com.br\/?s={search_term_string}"},"query-input":"required name=search_term_string"}],"inLanguage":"pt-BR"},{"@type":"Person","@id":"https:\/\/dedemesquita.com.br\/#\/schema\/person\/36571f81dd2d76dc3ab37231542c9e24","name":"Ded\u00e9 Mesquita","image":{"@type":"ImageObject","inLanguage":"pt-BR","@id":"https:\/\/dedemesquita.com.br\/#\/schema\/person\/image\/","url":"https:\/\/dedemesquita.com.br\/wp-content\/uploads\/2021\/02\/foto_perfil-150x150.jpg","contentUrl":"https:\/\/dedemesquita.com.br\/wp-content\/uploads\/2021\/02\/foto_perfil-150x150.jpg","caption":"Ded\u00e9 Mesquita"},"sameAs":["https:\/\/dedemesquita.com.br"]}]}},"_links":{"self":[{"href":"https:\/\/dedemesquita.com.br\/index.php?rest_route=\/wp\/v2\/posts\/3068"}],"collection":[{"href":"https:\/\/dedemesquita.com.br\/index.php?rest_route=\/wp\/v2\/posts"}],"about":[{"href":"https:\/\/dedemesquita.com.br\/index.php?rest_route=\/wp\/v2\/types\/post"}],"author":[{"embeddable":true,"href":"https:\/\/dedemesquita.com.br\/index.php?rest_route=\/wp\/v2\/users\/2"}],"replies":[{"embeddable":true,"href":"https:\/\/dedemesquita.com.br\/index.php?rest_route=%2Fwp%2Fv2%2Fcomments&post=3068"}],"version-history":[{"count":13,"href":"https:\/\/dedemesquita.com.br\/index.php?rest_route=\/wp\/v2\/posts\/3068\/revisions"}],"predecessor-version":[{"id":3129,"href":"https:\/\/dedemesquita.com.br\/index.php?rest_route=\/wp\/v2\/posts\/3068\/revisions\/3129"}],"wp:featuredmedia":[{"embeddable":true,"href":"https:\/\/dedemesquita.com.br\/index.php?rest_route=\/wp\/v2\/media\/3113"}],"wp:attachment":[{"href":"https:\/\/dedemesquita.com.br\/index.php?rest_route=%2Fwp%2Fv2%2Fmedia&parent=3068"}],"wp:term":[{"taxonomy":"category","embeddable":true,"href":"https:\/\/dedemesquita.com.br\/index.php?rest_route=%2Fwp%2Fv2%2Fcategories&post=3068"},{"taxonomy":"post_tag","embeddable":true,"href":"https:\/\/dedemesquita.com.br\/index.php?rest_route=%2Fwp%2Fv2%2Ftags&post=3068"}],"curies":[{"name":"wp","href":"https:\/\/api.w.org\/{rel}","templated":true}]}}