{"id":2909,"date":"2021-11-12T16:56:03","date_gmt":"2021-11-12T19:56:03","guid":{"rendered":"https:\/\/dedemesquita.com.br\/?p=2909"},"modified":"2021-11-12T22:11:02","modified_gmt":"2021-11-13T01:11:02","slug":"belem-transito-se-torna-portal-e-revela-seu-dono-thiago-paolelli","status":"publish","type":"post","link":"https:\/\/dedemesquita.com.br\/?p=2909","title":{"rendered":"Bel\u00e9m Tr\u00e2nsito se torna portal de not\u00edcias e revela seu dono, Thiago Paolelli"},"content":{"rendered":"\n<p>&#8220;Well, well, well, well&#8221;, como diria a minha \u00eddola Mal\u00e9vola. E eis que o &#8220;gatinho&#8221; se escondeu tanto, tanto, e deixou o rabo de fora. Dif\u00edcil de achar, \u00e9 verdade, mas como tudo na internet, os rastros ficam aqui e ali. <\/p>\n\n\n\n<p>N\u00e3o sei se j\u00e1 perceberam nas internets da vida, mas o perfil no Twitter, Bel\u00e9m Tr\u00e2nsito, sim, sim, aquele perfil que <strong>ERA <\/strong>sobre tr\u00e2nsito e mobilidade urbana se transformou, desde o dia 5 de novembro passado, em um portal de not\u00edcias, o <a href=\"https:\/\/belemtransito.com.br\/\"><strong>https:\/\/belemtransito.com.br\/<\/strong><\/a>. Olha, olha, que bacana! <strong>#SQN<\/strong><\/p>\n\n\n\n<p>Em uma busca mais apurada, pode-se perceber que o tal portal n\u00e3o apresenta um detalhe importante na home: quem \u00e9 o respons\u00e1vel por ele? Quem \u00e9 a pessoa, jornalista ou n\u00e3o, que ir\u00e1 responder, caso o portal apronte alguma coisa e seja processado? Exatamente assim: n\u00e3o tem um respons\u00e1vel, n\u00e3o tem um telefone de contato, n\u00e3o tem formul\u00e1rio de coment\u00e1rios e muito menos, tem um e-mail. <\/p>\n\n\n\n<div class=\"wp-block-image\"><figure class=\"aligncenter size-large\"><img loading=\"lazy\" decoding=\"async\" width=\"1348\" height=\"655\" src=\"https:\/\/dedemesquita.com.br\/wp-content\/uploads\/2021\/11\/belem_transito_portal.png\" alt=\"\" class=\"wp-image-2910\" srcset=\"https:\/\/dedemesquita.com.br\/wp-content\/uploads\/2021\/11\/belem_transito_portal.png 1348w, https:\/\/dedemesquita.com.br\/wp-content\/uploads\/2021\/11\/belem_transito_portal-768x373.png 768w\" sizes=\"(max-width: 1348px) 100vw, 1348px\" \/><figcaption>&#8220;Qu\u00eadi&#8221; respons\u00e1vel pelo portal?<\/figcaption><\/figure><\/div>\n\n\n\n<p><strong>Anonimato &#8211; <\/strong>A pergunta \u00e9: por que? Ora, ora, o porqu\u00ea todos sabem. O Bel\u00e9m Tr\u00e2nsito, desde que foi criado em 2009<strong>, SE<\/strong> esconde e <strong>esconde <\/strong>as identidades de quem o criou. Anonimato que <strong>os irm\u00e3os-ciclistas-zueira Thiago e Lucas Paolelli,<\/strong> &#8216;donos&#8217; do Bel\u00e9m Tr\u00e2nsito, fazem quest\u00e3o de manter. <\/p>\n\n\n\n<p>A mesma coisa est\u00e1 se repetindo com o portal. Informa\u00e7\u00f5es na rede <strong>LinkedIN <\/strong>d\u00e3o conta de que a jornalista Mary Tupiassu \u00e9 uma das colunistas do tal portal, assim como, um certo Danilo Lima. Mas os Paolelli, n\u00e3o. Eles continuam nas &#8220;sombras&#8221;. <\/p>\n\n\n\n<p>Na internet, ningu\u00e9m se esconde. E eis que, tcharam!!! aqui temos o <strong>DONO<\/strong> do <strong>dom\u00ednio<\/strong> do portal Bel\u00e9m Tr\u00e2nsito: <\/p>\n\n\n\n<div class=\"wp-block-image\"><figure class=\"aligncenter size-large\"><img loading=\"lazy\" decoding=\"async\" width=\"649\" height=\"920\" src=\"https:\/\/dedemesquita.com.br\/wp-content\/uploads\/2021\/11\/belem_transito_dominio.jpeg\" alt=\"\" class=\"wp-image-2911\"\/><figcaption>ID do portal Bel\u00e9m Tr\u00e2nsito<\/figcaption><\/figure><\/div>\n\n\n\n<p>Alguma d\u00favida sobre que <strong>THIAGO PAMPLONA PAOLELLI <\/strong>\u00e9 o nome\/dono\/respons\u00e1vel pelo portal Bel\u00e9m Tr\u00e2nsito?? Ah! mas tem parceria com a ag\u00eancia Tucupix. Tem! Mas a digital \u00e9 dos Paolelli. E eles foram espertos e trouxeram, nada menos, que Marcus Badi, o &#8220;rapaz da TI&#8221;, de longe. Olha que m\u00e1ximo! Badi, super competente, at\u00e9 onde se tem not\u00edcia, estava morando no Acre. E tiraram o rapaz daquela paz s\u00f3 pra fazer a parte t\u00e9cnica o portal Bel\u00e9m Tr\u00e2nsito. Ou ele faz de l\u00e1 mesmo no bom <em>home office<\/em>. Vejam voc\u00eas!<\/p>\n\n\n\n<p>Alguns podem estar se perguntando por que eu estou falando sobre isso. &#8220;N\u00e3o seria a novidade de mais um portal de not\u00edcias em Bel\u00e9m, Ded\u00e9?&#8221;. N\u00e3o! N\u00e3o, mesmo. <\/p>\n\n\n\n<p>O anonimato do Bel\u00e9m Tr\u00e2nsito \u00e9 t\u00e3o, t\u00e3o sagrado que, ao serem escolhidos pelo pr\u00eamio Fiepa de Jornalismo em 2018, como &#8220;Melhor Blog&#8221;, os irm\u00e3os n\u00e3o apareceram para receber a premia\u00e7\u00e3o. Deram a miss\u00e3o de receber o trof\u00e9u ao fiel escudeiro deles, o jornalista Pedro Henrique Paes Loureiro, o Pedrox. <\/p>\n\n\n\n<p>E frise-se: muita gente acredita que o Twitter do Bel\u00e9m Tr\u00e2nsito \u00e9 de responsabilidade do Pedrox, que tem l\u00e1 as suas &#8220;chegan\u00e7as&#8221; com os irm\u00e3os Paolelli. <\/p>\n\n\n\n<p><strong>Veja aqui: <\/strong><\/p>\n\n\n\n<div class=\"wp-block-image\"><figure class=\"aligncenter size-large\"><img loading=\"lazy\" decoding=\"async\" width=\"1170\" height=\"1079\" src=\"https:\/\/dedemesquita.com.br\/wp-content\/uploads\/2021\/11\/paolelli.jpg\" alt=\"\" class=\"wp-image-2920\" srcset=\"https:\/\/dedemesquita.com.br\/wp-content\/uploads\/2021\/11\/paolelli.jpg 1170w, https:\/\/dedemesquita.com.br\/wp-content\/uploads\/2021\/11\/paolelli-768x708.jpg 768w\" sizes=\"(max-width: 1170px) 100vw, 1170px\" \/><figcaption>Perfil de Pedro Henrique, que tamb\u00e9m \u00e9 social m\u00eddia <\/figcaption><\/figure><\/div>\n\n\n\n<p><strong>Perfil caladinho e mansinho &#8211; <\/strong>O Bel\u00e9m Tr\u00e2nsito, desde que Helder Barbalho &#8211; o querido Heldisssss &#8211; ganhou a elei\u00e7\u00e3o para o Governo do Par\u00e1, especialmente, quando come\u00e7ou a pandemia de covid-19, abandonou o perfil de informa\u00e7\u00f5es sobre o tr\u00e2nsito em Bel\u00e9m e passou, abertamente, a fazer propaganda do Governo do Estado, sendo grande respons\u00e1vel pela viraliza\u00e7\u00e3o da malfadada campanha de &#8220;Rei do Norte&#8221;. <\/p>\n\n\n\n<p>Se teve um perfil no Twitter que deu embalo a essa lastim\u00e1vel alcunha foi o Bel\u00e9m Tr\u00e2nsito. Foi tudo bem, at\u00e9 a Pol\u00edcia Federal (PF) bater <strong>DUAS<\/strong> vezes na casa do Barbalhinho e no Pal\u00e1cio do Governo e todos saberem que Heldisssssss \u00e9 um dos governadores mais corruptos com as compras para o combate ao coronav\u00edrus.  <\/p>\n\n\n\n<div class=\"wp-block-image\"><figure class=\"aligncenter size-large\"><img loading=\"lazy\" decoding=\"async\" width=\"822\" height=\"980\" src=\"https:\/\/dedemesquita.com.br\/wp-content\/uploads\/2021\/11\/bt_helder.jpeg\" alt=\"\" class=\"wp-image-2913\" srcset=\"https:\/\/dedemesquita.com.br\/wp-content\/uploads\/2021\/11\/bt_helder.jpeg 822w, https:\/\/dedemesquita.com.br\/wp-content\/uploads\/2021\/11\/bt_helder-768x916.jpeg 768w\" sizes=\"(max-width: 822px) 100vw, 822px\" \/><figcaption>Enchendo a boa do &#8220;Rei do Norte&#8221;<\/figcaption><\/figure><\/div>\n\n\n\n<p><strong>Amig\u00e3o do Ed Potoca &#8211;<\/strong> E veio a campanha da elei\u00e7\u00e3o \u00e0 Prefeitura de Bel\u00e9m. Mais uma vez, o Bel\u00e9m Tr\u00e2nsito se posicionou e fez campanha aberta para Edmilson Rodrigues (PSOL), que se elegeu, n\u00e3o pelos seus &#8220;belos olhos&#8221;, mas por ter um advers\u00e1rio claramente bolsonarista. <\/p>\n\n\n\n<div class=\"wp-block-image\"><figure class=\"aligncenter size-large\"><img loading=\"lazy\" decoding=\"async\" width=\"828\" height=\"727\" src=\"https:\/\/dedemesquita.com.br\/wp-content\/uploads\/2021\/11\/bt_Edmilson.jpeg\" alt=\"\" class=\"wp-image-2914\" srcset=\"https:\/\/dedemesquita.com.br\/wp-content\/uploads\/2021\/11\/bt_Edmilson.jpeg 828w, https:\/\/dedemesquita.com.br\/wp-content\/uploads\/2021\/11\/bt_Edmilson-768x674.jpeg 768w\" sizes=\"(max-width: 828px) 100vw, 828px\" \/><figcaption>Puxando saco, sem medo de ser feliz, de Ed Potoca <\/figcaption><\/figure><\/div>\n\n\n\n<p><strong>Leseira &#8211;<\/strong> Desde o in\u00edcio de 2021, com Ed Potoca assumindo o poder municipal, o Bel\u00e9m Tr\u00e2nsito vem &#8220;se fazendo de leso&#8221; e nunca mais se viram por l\u00e1 den\u00fancias sobre a Prefeitura de Bel\u00e9m, muito menos, sobre o Governo do Par\u00e1. Quem estivesse chegando agora e fosse ler o, antes, t\u00e3o combativo Bel\u00e9m Tr\u00e2nsito, vai achar que a capital paraense \u00e9, praticamente, uma Su\u00ed\u00e7a. <\/p>\n\n\n\n<p>A pergunta que fica \u00e9: como confiar em um portal de not\u00edcias que j\u00e1 come\u00e7a com esse grau de comprometimento com os poderes estadual e municipal??<\/p>\n\n\n\n<p>E ainda: como confiar na isen\u00e7\u00e3o de um portal de internet que no perfil do Twitter n\u00e3o aceita cr\u00edticas de forma nenhuma e bloqueia quem os questiona? Eu e muitas pessoas que ousaram contestar o &#8220;grande&#8221; Bel\u00e9m Tr\u00e2nsito, fomos bloqueados por eles no Twitter. <\/p>\n\n\n\n<p><strong>Como dar credibilidade a pessoas que fazem este tipo de coment\u00e1rio sobre a morte de uma pessoa? <\/strong><\/p>\n\n\n\n<div class=\"wp-block-image\"><figure class=\"aligncenter size-large\"><img loading=\"lazy\" decoding=\"async\" width=\"720\" height=\"617\" src=\"https:\/\/dedemesquita.com.br\/wp-content\/uploads\/2021\/11\/farelo_Belem_transito.jpeg\" alt=\"\" class=\"wp-image-2912\"\/><figcaption>Postagem no Twitter do Bel\u00e9m Tr\u00e2nsito sobre a morte do coronel M\u00e1rio Pantoja, do massacre de sem-terra em Eldorado dos Caraj\u00e1s <\/figcaption><\/figure><\/div>\n\n\n\n<p><strong>Ou quando eles se utilizam de palavr\u00f5es em resposta \u00e0s pessoas que os questionam:<\/strong><\/p>\n\n\n\n<div class=\"wp-block-image\"><figure class=\"aligncenter size-large\"><img loading=\"lazy\" decoding=\"async\" width=\"1241\" height=\"1256\" src=\"https:\/\/dedemesquita.com.br\/wp-content\/uploads\/2021\/11\/fodase.jpg\" alt=\"\" class=\"wp-image-2916\" srcset=\"https:\/\/dedemesquita.com.br\/wp-content\/uploads\/2021\/11\/fodase.jpg 1241w, https:\/\/dedemesquita.com.br\/wp-content\/uploads\/2021\/11\/fodase-768x777.jpg 768w\" sizes=\"(max-width: 1241px) 100vw, 1241px\" \/><figcaption>Muito educados os rapazes <\/figcaption><\/figure><\/div>\n\n\n\n<div class=\"wp-block-image\"><figure class=\"aligncenter size-large\"><img loading=\"lazy\" decoding=\"async\" width=\"1080\" height=\"1080\" src=\"https:\/\/dedemesquita.com.br\/wp-content\/uploads\/2021\/11\/paolelli_homo.jpg\" alt=\"\" class=\"wp-image-2917\" srcset=\"https:\/\/dedemesquita.com.br\/wp-content\/uploads\/2021\/11\/paolelli_homo.jpg 1080w, https:\/\/dedemesquita.com.br\/wp-content\/uploads\/2021\/11\/paolelli_homo-150x150.jpg 150w, https:\/\/dedemesquita.com.br\/wp-content\/uploads\/2021\/11\/paolelli_homo-768x768.jpg 768w\" sizes=\"(max-width: 1080px) 100vw, 1080px\" \/><figcaption>Olha o n\u00edvel da linguagem dos gajos <\/figcaption><\/figure><\/div>\n\n\n\n<p><strong>Acessos &#8211; <\/strong>O mais absurdo dessa nova investida dos Paolelli \u00e9 que, pela postagem abaixo, de Mary Tupiassu, no LinkedIN, esse portal, em duas semana, veja bem, <strong>DUAS semanas<\/strong>, j\u00e1 \u00e9 o QUARTO portal mais acessado em Bel\u00e9m. <\/p>\n\n\n\n<p>Olha, quero dizer quem n\u00e3o s\u00f3 ri, como gargalhei. <\/p>\n\n\n\n<div class=\"wp-block-image\"><figure class=\"aligncenter size-large\"><img loading=\"lazy\" decoding=\"async\" width=\"720\" height=\"1097\" src=\"https:\/\/dedemesquita.com.br\/wp-content\/uploads\/2021\/11\/WhatsApp-Image-2021-11-12-at-10.10.02.jpeg\" alt=\"\" class=\"wp-image-2919\"\/><figcaption>Postagem de Mary Tupiassu no LinkedIN <\/figcaption><\/figure><\/div>\n\n\n\n<p><strong>Sem no\u00e7\u00e3o &#8211; <\/strong>\u00c9 muita petul\u00e2ncia, arrog\u00e2ncia e falta de no\u00e7\u00e3o dizer e afirmar isso. Se colocar encostado nos portais O Liberal, Roma News e DOL. Como se n\u00e3o existissem portais de not\u00edcias em Bel\u00e9m, com <strong>NOME<\/strong> e <strong>SOBRENOME<\/strong>, com anos de estrada que, com certeza, est\u00e3o \u00e0 frente do Bel\u00e9m Tr\u00e2nsito. <\/p>\n\n\n\n<p>Cito, pelo menos, <strong>sete (7) deles:<\/strong> portal Ver-o-Fato (do jornalista <strong>Carlos Mendes); <\/strong>Uru\u00e1-Tapera (de <strong>Franssinete Florenzano<\/strong>); coluna<strong> Olavo Dutra<\/strong>; portal O Antag\u00f4nico (de <strong>Evandro Correa<\/strong>), portal Bacana News (do <strong>Marcelo &#8216;Bacana&#8217;)<\/strong>, blog do Espa\u00e7o Aberto (de <strong>Paulo Bemerguy<\/strong>) e o Pol\u00edtica Par\u00e1 (de <strong>Di\u00f3genes Brand\u00e3o<\/strong>). <\/p>\n\n\n\n<p>Ora, me poupe!! <\/p>\n\n\n\n<p>E agora, durma-se com um barulho desses da\u00ed. E podem esperar e constatar : a campanha ao Governo do Par\u00e1 em 2022 j\u00e1 come\u00e7ou. E h\u00e1 muito tempo. <\/p>\n","protected":false},"excerpt":{"rendered":"<p>&#8220;Well, well, well, well&#8221;, como diria a minha \u00eddola Mal\u00e9vola. E eis que o &#8220;gatinho&#8221; se escondeu tanto, tanto, e deixou o rabo de fora. Dif\u00edcil de achar, \u00e9 verdade, mas como tudo na internet, os rastros ficam aqui e ali. N\u00e3o sei se j\u00e1 perceberam nas internets da vida, mas o perfil no Twitter, [&hellip;]<\/p>\n","protected":false},"author":2,"featured_media":2918,"comment_status":"open","ping_status":"open","sticky":false,"template":"","format":"standard","meta":{"footnotes":""},"categories":[51,14,29],"tags":[252],"class_list":["post-2909","post","type-post","status-publish","format-standard","has-post-thumbnail","hentry","category-destaque","category-imprensa","category-jornalismo","tag-belem-transito"],"yoast_head":"<!-- This site is optimized with the Yoast SEO plugin v19.10 - https:\/\/yoast.com\/wordpress\/plugins\/seo\/ -->\n<title>Bel\u00e9m Tr\u00e2nsito se torna portal de not\u00edcias e revela seu dono, Thiago Paolelli - Ded\u00e9 Mesquita<\/title>\n<meta name=\"robots\" content=\"index, follow, max-snippet:-1, max-image-preview:large, max-video-preview:-1\" \/>\n<link rel=\"canonical\" href=\"https:\/\/dedemesquita.com.br\/?p=2909\" \/>\n<meta property=\"og:locale\" content=\"pt_BR\" \/>\n<meta property=\"og:type\" content=\"article\" \/>\n<meta property=\"og:title\" content=\"Bel\u00e9m Tr\u00e2nsito se torna portal de not\u00edcias e revela seu dono, Thiago Paolelli - Ded\u00e9 Mesquita\" \/>\n<meta property=\"og:description\" content=\"&#8220;Well, well, well, well&#8221;, como diria a minha \u00eddola Mal\u00e9vola. E eis que o &#8220;gatinho&#8221; se escondeu tanto, tanto, e deixou o rabo de fora. Dif\u00edcil de achar, \u00e9 verdade, mas como tudo na internet, os rastros ficam aqui e ali. N\u00e3o sei se j\u00e1 perceberam nas internets da vida, mas o perfil no Twitter, [&hellip;]\" \/>\n<meta property=\"og:url\" content=\"https:\/\/dedemesquita.com.br\/?p=2909\" \/>\n<meta property=\"og:site_name\" content=\"Ded\u00e9 Mesquita\" \/>\n<meta property=\"article:publisher\" content=\"https:\/\/www.facebook.com\/dede.mesquita\" \/>\n<meta property=\"article:published_time\" content=\"2021-11-12T19:56:03+00:00\" \/>\n<meta property=\"article:modified_time\" content=\"2021-11-13T01:11:02+00:00\" \/>\n<meta property=\"og:image\" content=\"https:\/\/dedemesquita.com.br\/wp-content\/uploads\/2021\/11\/paolelli3.jpg\" \/>\n\t<meta property=\"og:image:width\" content=\"767\" \/>\n\t<meta property=\"og:image:height\" content=\"657\" \/>\n\t<meta property=\"og:image:type\" content=\"image\/jpeg\" \/>\n<meta name=\"author\" content=\"Ded\u00e9 Mesquita\" \/>\n<meta name=\"twitter:card\" content=\"summary_large_image\" \/>\n<meta name=\"twitter:creator\" content=\"@dedemesquita\" \/>\n<meta name=\"twitter:site\" content=\"@dedemesquita\" \/>\n<meta name=\"twitter:label1\" content=\"Escrito por\" \/>\n\t<meta name=\"twitter:data1\" content=\"Ded\u00e9 Mesquita\" \/>\n\t<meta name=\"twitter:label2\" content=\"Est. tempo de leitura\" \/>\n\t<meta name=\"twitter:data2\" content=\"7 minutos\" \/>\n<script type=\"application\/ld+json\" class=\"yoast-schema-graph\">{\"@context\":\"https:\/\/schema.org\",\"@graph\":[{\"@type\":\"WebPage\",\"@id\":\"https:\/\/dedemesquita.com.br\/?p=2909\",\"url\":\"https:\/\/dedemesquita.com.br\/?p=2909\",\"name\":\"Bel\u00e9m Tr\u00e2nsito se torna portal de not\u00edcias e revela seu dono, Thiago Paolelli - Ded\u00e9 Mesquita\",\"isPartOf\":{\"@id\":\"https:\/\/dedemesquita.com.br\/#website\"},\"datePublished\":\"2021-11-12T19:56:03+00:00\",\"dateModified\":\"2021-11-13T01:11:02+00:00\",\"author\":{\"@id\":\"https:\/\/dedemesquita.com.br\/#\/schema\/person\/36571f81dd2d76dc3ab37231542c9e24\"},\"breadcrumb\":{\"@id\":\"https:\/\/dedemesquita.com.br\/?p=2909#breadcrumb\"},\"inLanguage\":\"pt-BR\",\"potentialAction\":[{\"@type\":\"ReadAction\",\"target\":[\"https:\/\/dedemesquita.com.br\/?p=2909\"]}]},{\"@type\":\"BreadcrumbList\",\"@id\":\"https:\/\/dedemesquita.com.br\/?p=2909#breadcrumb\",\"itemListElement\":[{\"@type\":\"ListItem\",\"position\":1,\"name\":\"In\u00edcio\",\"item\":\"https:\/\/dedemesquita.com.br\/\"},{\"@type\":\"ListItem\",\"position\":2,\"name\":\"Bel\u00e9m Tr\u00e2nsito se torna portal de not\u00edcias e revela seu dono, Thiago Paolelli\"}]},{\"@type\":\"WebSite\",\"@id\":\"https:\/\/dedemesquita.com.br\/#website\",\"url\":\"https:\/\/dedemesquita.com.br\/\",\"name\":\"Ded\u00e9 Mesquita\",\"description\":\"Um site que mostra os bastidores da imprensa no estado do Par\u00e1 e em Bel\u00e9m\",\"potentialAction\":[{\"@type\":\"SearchAction\",\"target\":{\"@type\":\"EntryPoint\",\"urlTemplate\":\"https:\/\/dedemesquita.com.br\/?s={search_term_string}\"},\"query-input\":\"required name=search_term_string\"}],\"inLanguage\":\"pt-BR\"},{\"@type\":\"Person\",\"@id\":\"https:\/\/dedemesquita.com.br\/#\/schema\/person\/36571f81dd2d76dc3ab37231542c9e24\",\"name\":\"Ded\u00e9 Mesquita\",\"image\":{\"@type\":\"ImageObject\",\"inLanguage\":\"pt-BR\",\"@id\":\"https:\/\/dedemesquita.com.br\/#\/schema\/person\/image\/\",\"url\":\"https:\/\/dedemesquita.com.br\/wp-content\/uploads\/2021\/02\/foto_perfil-150x150.jpg\",\"contentUrl\":\"https:\/\/dedemesquita.com.br\/wp-content\/uploads\/2021\/02\/foto_perfil-150x150.jpg\",\"caption\":\"Ded\u00e9 Mesquita\"},\"sameAs\":[\"https:\/\/dedemesquita.com.br\"]}]}<\/script>\n<!-- \/ Yoast SEO plugin. -->","yoast_head_json":{"title":"Bel\u00e9m Tr\u00e2nsito se torna portal de not\u00edcias e revela seu dono, Thiago Paolelli - Ded\u00e9 Mesquita","robots":{"index":"index","follow":"follow","max-snippet":"max-snippet:-1","max-image-preview":"max-image-preview:large","max-video-preview":"max-video-preview:-1"},"canonical":"https:\/\/dedemesquita.com.br\/?p=2909","og_locale":"pt_BR","og_type":"article","og_title":"Bel\u00e9m Tr\u00e2nsito se torna portal de not\u00edcias e revela seu dono, Thiago Paolelli - Ded\u00e9 Mesquita","og_description":"&#8220;Well, well, well, well&#8221;, como diria a minha \u00eddola Mal\u00e9vola. E eis que o &#8220;gatinho&#8221; se escondeu tanto, tanto, e deixou o rabo de fora. Dif\u00edcil de achar, \u00e9 verdade, mas como tudo na internet, os rastros ficam aqui e ali. N\u00e3o sei se j\u00e1 perceberam nas internets da vida, mas o perfil no Twitter, [&hellip;]","og_url":"https:\/\/dedemesquita.com.br\/?p=2909","og_site_name":"Ded\u00e9 Mesquita","article_publisher":"https:\/\/www.facebook.com\/dede.mesquita","article_published_time":"2021-11-12T19:56:03+00:00","article_modified_time":"2021-11-13T01:11:02+00:00","og_image":[{"width":767,"height":657,"url":"https:\/\/dedemesquita.com.br\/wp-content\/uploads\/2021\/11\/paolelli3.jpg","type":"image\/jpeg"}],"author":"Ded\u00e9 Mesquita","twitter_card":"summary_large_image","twitter_creator":"@dedemesquita","twitter_site":"@dedemesquita","twitter_misc":{"Escrito por":"Ded\u00e9 Mesquita","Est. tempo de leitura":"7 minutos"},"schema":{"@context":"https:\/\/schema.org","@graph":[{"@type":"WebPage","@id":"https:\/\/dedemesquita.com.br\/?p=2909","url":"https:\/\/dedemesquita.com.br\/?p=2909","name":"Bel\u00e9m Tr\u00e2nsito se torna portal de not\u00edcias e revela seu dono, Thiago Paolelli - Ded\u00e9 Mesquita","isPartOf":{"@id":"https:\/\/dedemesquita.com.br\/#website"},"datePublished":"2021-11-12T19:56:03+00:00","dateModified":"2021-11-13T01:11:02+00:00","author":{"@id":"https:\/\/dedemesquita.com.br\/#\/schema\/person\/36571f81dd2d76dc3ab37231542c9e24"},"breadcrumb":{"@id":"https:\/\/dedemesquita.com.br\/?p=2909#breadcrumb"},"inLanguage":"pt-BR","potentialAction":[{"@type":"ReadAction","target":["https:\/\/dedemesquita.com.br\/?p=2909"]}]},{"@type":"BreadcrumbList","@id":"https:\/\/dedemesquita.com.br\/?p=2909#breadcrumb","itemListElement":[{"@type":"ListItem","position":1,"name":"In\u00edcio","item":"https:\/\/dedemesquita.com.br\/"},{"@type":"ListItem","position":2,"name":"Bel\u00e9m Tr\u00e2nsito se torna portal de not\u00edcias e revela seu dono, Thiago Paolelli"}]},{"@type":"WebSite","@id":"https:\/\/dedemesquita.com.br\/#website","url":"https:\/\/dedemesquita.com.br\/","name":"Ded\u00e9 Mesquita","description":"Um site que mostra os bastidores da imprensa no estado do Par\u00e1 e em Bel\u00e9m","potentialAction":[{"@type":"SearchAction","target":{"@type":"EntryPoint","urlTemplate":"https:\/\/dedemesquita.com.br\/?s={search_term_string}"},"query-input":"required name=search_term_string"}],"inLanguage":"pt-BR"},{"@type":"Person","@id":"https:\/\/dedemesquita.com.br\/#\/schema\/person\/36571f81dd2d76dc3ab37231542c9e24","name":"Ded\u00e9 Mesquita","image":{"@type":"ImageObject","inLanguage":"pt-BR","@id":"https:\/\/dedemesquita.com.br\/#\/schema\/person\/image\/","url":"https:\/\/dedemesquita.com.br\/wp-content\/uploads\/2021\/02\/foto_perfil-150x150.jpg","contentUrl":"https:\/\/dedemesquita.com.br\/wp-content\/uploads\/2021\/02\/foto_perfil-150x150.jpg","caption":"Ded\u00e9 Mesquita"},"sameAs":["https:\/\/dedemesquita.com.br"]}]}},"_links":{"self":[{"href":"https:\/\/dedemesquita.com.br\/index.php?rest_route=\/wp\/v2\/posts\/2909"}],"collection":[{"href":"https:\/\/dedemesquita.com.br\/index.php?rest_route=\/wp\/v2\/posts"}],"about":[{"href":"https:\/\/dedemesquita.com.br\/index.php?rest_route=\/wp\/v2\/types\/post"}],"author":[{"embeddable":true,"href":"https:\/\/dedemesquita.com.br\/index.php?rest_route=\/wp\/v2\/users\/2"}],"replies":[{"embeddable":true,"href":"https:\/\/dedemesquita.com.br\/index.php?rest_route=%2Fwp%2Fv2%2Fcomments&post=2909"}],"version-history":[{"count":6,"href":"https:\/\/dedemesquita.com.br\/index.php?rest_route=\/wp\/v2\/posts\/2909\/revisions"}],"predecessor-version":[{"id":2931,"href":"https:\/\/dedemesquita.com.br\/index.php?rest_route=\/wp\/v2\/posts\/2909\/revisions\/2931"}],"wp:featuredmedia":[{"embeddable":true,"href":"https:\/\/dedemesquita.com.br\/index.php?rest_route=\/wp\/v2\/media\/2918"}],"wp:attachment":[{"href":"https:\/\/dedemesquita.com.br\/index.php?rest_route=%2Fwp%2Fv2%2Fmedia&parent=2909"}],"wp:term":[{"taxonomy":"category","embeddable":true,"href":"https:\/\/dedemesquita.com.br\/index.php?rest_route=%2Fwp%2Fv2%2Fcategories&post=2909"},{"taxonomy":"post_tag","embeddable":true,"href":"https:\/\/dedemesquita.com.br\/index.php?rest_route=%2Fwp%2Fv2%2Ftags&post=2909"}],"curies":[{"name":"wp","href":"https:\/\/api.w.org\/{rel}","templated":true}]}}