{"id":2847,"date":"2021-11-09T17:23:05","date_gmt":"2021-11-09T20:23:05","guid":{"rendered":"https:\/\/dedemesquita.com.br\/?p=2847"},"modified":"2021-11-11T14:21:51","modified_gmt":"2021-11-11T17:21:51","slug":"lucio-flavio-pinto-recebe-titulo-de-doutor-honoris-causa-no-amapa-e-outras-novidades-da-imprensa","status":"publish","type":"post","link":"https:\/\/dedemesquita.com.br\/?p=2847","title":{"rendered":"L\u00facio Fl\u00e1vio Pinto recebe t\u00edtulo de doutor honoris causa no Amap\u00e1 e outras novidades da imprensa"},"content":{"rendered":"\n<p><em><strong>Honoris causa <\/strong><\/em>&#8211; O Conselho Universit\u00e1rio da Universidade Federal do Amap\u00e1 (Unifap) decidiu conceder o t\u00edtulo de Doutor <em>honoris causa<\/em>, ao jornalista paraense, nascido em Santar\u00e9m, <strong>L\u00facio Fl\u00e1vio Pinto<\/strong>. A proposta da honraria foi submetida ao Consun em 23 de setembro de 2019, n\u00e3o por acaso, exatamente no dia em que ele completava 70 anos. <\/p>\n\n\n\n<p>Os dois anos de tramita\u00e7\u00e3o do processo demonstram o quanto o pedido foi avaliado antes da delibera\u00e7\u00e3o. A concess\u00e3o preencheu os mais exigentes crit\u00e9rios de qualifica\u00e7\u00e3o dos conselheiro. A delibera\u00e7\u00e3o\/ resolu\u00e7\u00e3o entra em vigor na data de sua assinatura, que \u00e9 de 1 de novembro de 2021. <\/p>\n\n\n\n<p>Os autores da proposi\u00e7\u00e3o n\u00e3o consultaram o jornalista previamente. &#8220;A iniciativa foi integralmente deles, nenhum dos quais \u00e9 meu amigo \u00edntimo. Minha idade serve de refor\u00e7o \u00e0 qualidade da indica\u00e7\u00e3o. Passando da marca forte dos 70 anos, j\u00e1 pouco posso esperar de reconhecimento ao meu trabalho de 55 anos em defesa da Amaz\u00f4nia; nem \u00e9 minha caracter\u00edstica sair atr\u00e1s dessa prerrogativa. Se ela viesse a acontecer, seria por completa depend\u00eancia de quem se lan\u00e7ou \u00e0 desafiante tarefa de conseguir algum reconhecimento institucional ao que tenho feito&#8221;, escreveu em seu blog, L\u00facio Fl\u00e1vio Pinto.<\/p>\n\n\n\n<p><strong>Outras &#8211; <\/strong>E agora, vamos de not\u00edcias de mudan\u00e7as nas reda\u00e7\u00f5es, troca-troca de postos e outras novidades bacanas do meio jornal\u00edstico de Bel\u00e9m e do Par\u00e1.<\/p>\n\n\n\n<p><strong>Canal no YouTube &#8211;<\/strong> O jornalista <strong>Emanuel Villa\u00e7a<\/strong>, que foi rep\u00f3rter e diretor de reda\u00e7\u00e3o da TV Liberal, colocou no ar na segunda-feira, 8, o seu canal no YouTube, <strong>Olha Essa News<\/strong>. O primeiro v\u00eddeo mostrou L\u00e9o, um empreendedor paraense pobre, mas super criativo e antenado. <\/p>\n\n\n\n<p>Acesse o canal aqui: <a href=\"https:\/\/www.youtube.com\/channel\/UCH0_79_g8Tn0QoXZKeK2OSA\"><strong>https:\/\/www.youtube.com\/channel\/UCH0_79_g8Tn0QoXZKeK2OSA<\/strong><\/a><\/p>\n\n\n\n<div class=\"wp-block-image\"><figure class=\"aligncenter size-large\"><img loading=\"lazy\" decoding=\"async\" width=\"1000\" height=\"737\" src=\"https:\/\/dedemesquita.com.br\/wp-content\/uploads\/2021\/11\/EMANUEL_VILLACA.jpg\" alt=\"\" class=\"wp-image-2861\" srcset=\"https:\/\/dedemesquita.com.br\/wp-content\/uploads\/2021\/11\/EMANUEL_VILLACA.jpg 1000w, https:\/\/dedemesquita.com.br\/wp-content\/uploads\/2021\/11\/EMANUEL_VILLACA-768x566.jpg 768w\" sizes=\"(max-width: 1000px) 100vw, 1000px\" \/><figcaption>Emanuel Villa\u00e7a come\u00e7ou um canal no YouTube <\/figcaption><\/figure><\/div>\n\n\n\n<p><strong>Thiago &#8211; <\/strong>O jornalista <strong>Thiago Maia<\/strong> assumiu a editoria de entretenimento do portal Roma News. Para pautas culturais, eventos que v\u00e3o rolar pela cidade, entrem em contato com ele no (91) 98062-1668 ou mandem pro e-mail: romanewsoficial@gmail.com<\/p>\n\n\n\n<div class=\"wp-block-image\"><figure class=\"aligncenter size-large\"><img loading=\"lazy\" decoding=\"async\" width=\"1000\" height=\"824\" src=\"https:\/\/dedemesquita.com.br\/wp-content\/uploads\/2021\/11\/THIAGO_MAIA.jpg\" alt=\"\" class=\"wp-image-2849\" srcset=\"https:\/\/dedemesquita.com.br\/wp-content\/uploads\/2021\/11\/THIAGO_MAIA.jpg 1000w, https:\/\/dedemesquita.com.br\/wp-content\/uploads\/2021\/11\/THIAGO_MAIA-768x633.jpg 768w\" sizes=\"(max-width: 1000px) 100vw, 1000px\" \/><figcaption>Thiago Maia est\u00e1 na editoria de entretenimento do portal Roma News<\/figcaption><\/figure><\/div>\n\n\n\n<p><strong>Luis Fernando &#8211; <\/strong>O jornalista <strong>Luis Fernando Machado<\/strong>, que deixou a comunica\u00e7\u00e3o da Casa Ronald McDonald\u00b4s recentemente, agora faz parte do time de analistas de comunica\u00e7\u00e3o da ag\u00eancia da Gaby Comunica\u00e7\u00e3o, atendendo ao Boulevard Shopping Bel\u00e9m, Setransbel e McDonald&#8217;s. <\/p>\n\n\n\n<div class=\"wp-block-image\"><figure class=\"aligncenter size-large\"><img loading=\"lazy\" decoding=\"async\" width=\"720\" height=\"716\" src=\"https:\/\/dedemesquita.com.br\/wp-content\/uploads\/2021\/11\/LUIS_FERNANDO_MACHADO.jpeg\" alt=\"\" class=\"wp-image-2850\" srcset=\"https:\/\/dedemesquita.com.br\/wp-content\/uploads\/2021\/11\/LUIS_FERNANDO_MACHADO.jpeg 720w, https:\/\/dedemesquita.com.br\/wp-content\/uploads\/2021\/11\/LUIS_FERNANDO_MACHADO-150x150.jpeg 150w\" sizes=\"(max-width: 720px) 100vw, 720px\" \/><figcaption>Luis Fernando Machado est\u00e1 na Gaby Comunica\u00e7\u00e3o <\/figcaption><\/figure><\/div>\n\n\n\n<p><strong>Adriana &#8211; Adriana Pereira<\/strong>, depois de seis meses como supervisora de marketing&nbsp;na Floraplac MDF, em Paragominas, deixou a empresa e est\u00e1 de volta a Bel\u00e9m.  <\/p>\n\n\n\n<div class=\"wp-block-image\"><figure class=\"aligncenter size-large\"><img loading=\"lazy\" decoding=\"async\" width=\"616\" height=\"484\" src=\"https:\/\/dedemesquita.com.br\/wp-content\/uploads\/2021\/11\/ADRIANA_PEREIRA.png\" alt=\"\" class=\"wp-image-2851\"\/><figcaption>Adriana Pereira deixou a cidade de Paragominas e a Florapac <\/figcaption><\/figure><\/div>\n\n\n\n<p><strong>Tha\u00eds &#8211;<\/strong> No in\u00edcio deste m\u00eas, a jornalista <strong>Tha\u00eds Portela<\/strong> deixou a TV Band, TV Cidade Altamira, onde estava desde 2019, e se transferiu para a TV Vit\u00f3ria &#8211; HD20.1, afiliada da Record TV Bel\u00e9m, na cidade de Vit\u00f3ria do Xingu, que fica a 40 quil\u00f4metros de Altamira.  <\/p>\n\n\n\n<div class=\"wp-block-image\"><figure class=\"aligncenter size-large\"><img loading=\"lazy\" decoding=\"async\" width=\"1000\" height=\"968\" src=\"https:\/\/dedemesquita.com.br\/wp-content\/uploads\/2021\/11\/THAIS_PORTELA.jpg\" alt=\"\" class=\"wp-image-2852\" srcset=\"https:\/\/dedemesquita.com.br\/wp-content\/uploads\/2021\/11\/THAIS_PORTELA.jpg 1000w, https:\/\/dedemesquita.com.br\/wp-content\/uploads\/2021\/11\/THAIS_PORTELA-768x743.jpg 768w\" sizes=\"(max-width: 1000px) 100vw, 1000px\" \/><figcaption>Tha\u00eds Portela leva seu talento para a TV Vit\u00f3ria<\/figcaption><\/figure><\/div>\n\n\n\n<p><strong>Christian &#8211; <\/strong>O rep\u00f3rter <strong>Christian Mendes<\/strong>, que trabalhou no portal Roma News, em Bel\u00e9m, e depois ficou por tr\u00eas anos na TV Vit\u00f3ria, em Vit\u00f3ria do Xingu, agora faz parte da equipe da ag\u00eancia MassMedia, desde mar\u00e7o de 2020, quando ingressou como analista de comunica\u00e7\u00e3o, mas desde junho passado, assumiu a fun\u00e7\u00e3o de consultor. A MassMedia presta servi\u00e7os de comunica\u00e7\u00e3o para a empresa Norte Energia.<\/p>\n\n\n\n<div class=\"wp-block-image\"><figure class=\"aligncenter size-large\"><img loading=\"lazy\" decoding=\"async\" width=\"720\" height=\"640\" src=\"https:\/\/dedemesquita.com.br\/wp-content\/uploads\/2021\/11\/CHRISTIAN_MENDES.jpeg\" alt=\"\" class=\"wp-image-2853\"\/><figcaption>Christian Mendes \u00e9 consultor na ag\u00eancia MassMedia <\/figcaption><\/figure><\/div>\n\n\n\n<p><strong>Andrey &#8211;<\/strong> O jornalista <strong>Andrey Ara\u00fajo<\/strong> recebeu um trof\u00e9u de Honra ao M\u00e9rito, enviado pela Prefeitura de Tucuru\u00ed, pelo trabalho de assessor de imprensa que ele desenvolveu no XIII Festival de Dan\u00e7a do Munic\u00edpio, durante tr\u00eas semanas de divulga\u00e7\u00e3o. Andrey tamb\u00e9m trabalha no SBT Par\u00e1. <\/p>\n\n\n\n<div class=\"wp-block-image\"><figure class=\"aligncenter size-large\"><img loading=\"lazy\" decoding=\"async\" width=\"711\" height=\"523\" src=\"https:\/\/dedemesquita.com.br\/wp-content\/uploads\/2021\/11\/ANDREY_ARAUJO.jpeg\" alt=\"\" class=\"wp-image-2854\"\/><figcaption>Andrey Ara\u00fajo teve trabalho reconhecido pela Prefeitura de Tucuru\u00ed <\/figcaption><\/figure><\/div>\n\n\n\n<p><strong>Pio &#8211;<\/strong> O radialista <strong>Pio Neto<\/strong> est\u00e1 no comando de um novo canal de comunica\u00e7\u00e3o na capital paraense, a R\u00e1dio e TV Nova Bel\u00e9m, que tem perfil no Facebook, onde s\u00e3o compartilhadas as novidades, a programa\u00e7\u00e3o, fotos dos bastidores, entre outros assuntos. <\/p>\n\n\n\n<div class=\"wp-block-image\"><figure class=\"aligncenter size-large\"><img loading=\"lazy\" decoding=\"async\" width=\"633\" height=\"388\" src=\"https:\/\/dedemesquita.com.br\/wp-content\/uploads\/2021\/11\/PIO_NETO.jpeg\" alt=\"\" class=\"wp-image-2855\"\/><figcaption>Pio Neto no comando da r\u00e1dio e TV Nova Bel\u00e9m<\/figcaption><\/figure><\/div>\n\n\n\n<p><strong>Motovelocidade &#8211; <\/strong>Nos dias 5, 6 e 7 de novembro, foi disputada na cidade de Castanhal, regi\u00e3o nordeste do Par\u00e1, 2\u00b0 etapa do Campeonato Paraense de Motovelocidade. A disputa mobilizou profissionais da imprensa como a TV Liberal, o<em> free lancer<\/em> Matheus Freire e os fot\u00f3grafos Cezar Magalh\u00e3es, de volta ao trabalho jornal\u00edstico, e Fl\u00e1vio Contente. <\/p>\n\n\n\n<div class=\"wp-block-image\"><figure class=\"aligncenter size-large\"><img loading=\"lazy\" decoding=\"async\" width=\"650\" height=\"650\" src=\"https:\/\/dedemesquita.com.br\/wp-content\/uploads\/2021\/11\/CEZAR_MAGALHAES.jpg\" alt=\"\" class=\"wp-image-2856\" srcset=\"https:\/\/dedemesquita.com.br\/wp-content\/uploads\/2021\/11\/CEZAR_MAGALHAES.jpg 650w, https:\/\/dedemesquita.com.br\/wp-content\/uploads\/2021\/11\/CEZAR_MAGALHAES-150x150.jpg 150w\" sizes=\"(max-width: 650px) 100vw, 650px\" \/><figcaption>Magalha de volta \u00e0s cobertura esportivas<\/figcaption><\/figure><\/div>\n\n\n\n<div class=\"wp-block-image\"><figure class=\"aligncenter size-large\"><img loading=\"lazy\" decoding=\"async\" width=\"847\" height=\"665\" src=\"https:\/\/dedemesquita.com.br\/wp-content\/uploads\/2021\/11\/Flavio.jpg\" alt=\"\" class=\"wp-image-2857\" srcset=\"https:\/\/dedemesquita.com.br\/wp-content\/uploads\/2021\/11\/Flavio.jpg 847w, https:\/\/dedemesquita.com.br\/wp-content\/uploads\/2021\/11\/Flavio-768x603.jpg 768w\" sizes=\"(max-width: 847px) 100vw, 847px\" \/><figcaption>Fl\u00e1vio Contente tamb\u00e9m na cobertura da 2\u00b0 etapa do Campeonato Paraense de Motovelocidade (foto de Cezar Magalh\u00e3es)<\/figcaption><\/figure><\/div>\n\n\n\n<div class=\"wp-block-image\"><figure class=\"aligncenter size-large\"><img loading=\"lazy\" decoding=\"async\" width=\"713\" height=\"468\" src=\"https:\/\/dedemesquita.com.br\/wp-content\/uploads\/2021\/11\/MATHEUS_FREIRE.jpeg\" alt=\"\" class=\"wp-image-2858\" srcset=\"https:\/\/dedemesquita.com.br\/wp-content\/uploads\/2021\/11\/MATHEUS_FREIRE.jpeg 713w, https:\/\/dedemesquita.com.br\/wp-content\/uploads\/2021\/11\/MATHEUS_FREIRE-455x300.jpeg 455w\" sizes=\"(max-width: 713px) 100vw, 713px\" \/><figcaption>Matheus Freire tamb\u00e9m participou da cobertura do evento esportivo em Castanhal <\/figcaption><\/figure><\/div>\n\n\n\n<p><\/p>\n","protected":false},"excerpt":{"rendered":"<p>Honoris causa &#8211; O Conselho Universit\u00e1rio da Universidade Federal do Amap\u00e1 (Unifap) decidiu conceder o t\u00edtulo de Doutor honoris causa, ao jornalista paraense, nascido em Santar\u00e9m, L\u00facio Fl\u00e1vio Pinto. A proposta da honraria foi submetida ao Consun em 23 de setembro de 2019, n\u00e3o por acaso, exatamente no dia em que ele completava 70 anos. [&hellip;]<\/p>\n","protected":false},"author":2,"featured_media":2848,"comment_status":"open","ping_status":"open","sticky":false,"template":"","format":"standard","meta":{"footnotes":""},"categories":[51,14,29],"tags":[246,245,249,183,190,247,248],"class_list":["post-2847","post","type-post","status-publish","format-standard","has-post-thumbnail","hentry","category-destaque","category-imprensa","category-jornalismo","tag-gaby-comunicacao","tag-lucio-flavio-pinto","tag-radio-e-tv-nova-belem","tag-roma-news","tag-sbt-pa","tag-tv-cidade-altamira","tag-tv-vitoria"],"yoast_head":"<!-- This site is optimized with the Yoast SEO plugin v19.10 - https:\/\/yoast.com\/wordpress\/plugins\/seo\/ -->\n<title>L\u00facio Fl\u00e1vio Pinto recebe t\u00edtulo de doutor honoris causa no Amap\u00e1 e outras novidades da imprensa - Ded\u00e9 Mesquita<\/title>\n<meta name=\"robots\" content=\"index, follow, max-snippet:-1, max-image-preview:large, max-video-preview:-1\" \/>\n<link rel=\"canonical\" href=\"https:\/\/dedemesquita.com.br\/?p=2847\" \/>\n<meta property=\"og:locale\" content=\"pt_BR\" \/>\n<meta property=\"og:type\" content=\"article\" \/>\n<meta property=\"og:title\" content=\"L\u00facio Fl\u00e1vio Pinto recebe t\u00edtulo de doutor honoris causa no Amap\u00e1 e outras novidades da imprensa - Ded\u00e9 Mesquita\" \/>\n<meta property=\"og:description\" content=\"Honoris causa &#8211; O Conselho Universit\u00e1rio da Universidade Federal do Amap\u00e1 (Unifap) decidiu conceder o t\u00edtulo de Doutor honoris causa, ao jornalista paraense, nascido em Santar\u00e9m, L\u00facio Fl\u00e1vio Pinto. A proposta da honraria foi submetida ao Consun em 23 de setembro de 2019, n\u00e3o por acaso, exatamente no dia em que ele completava 70 anos. [&hellip;]\" \/>\n<meta property=\"og:url\" content=\"https:\/\/dedemesquita.com.br\/?p=2847\" \/>\n<meta property=\"og:site_name\" content=\"Ded\u00e9 Mesquita\" \/>\n<meta property=\"article:publisher\" content=\"https:\/\/www.facebook.com\/dede.mesquita\" \/>\n<meta property=\"article:published_time\" content=\"2021-11-09T20:23:05+00:00\" \/>\n<meta property=\"article:modified_time\" content=\"2021-11-11T17:21:51+00:00\" \/>\n<meta property=\"og:image\" content=\"https:\/\/dedemesquita.com.br\/wp-content\/uploads\/2021\/11\/LUCIO_FLAVIO.jpg\" \/>\n\t<meta property=\"og:image:width\" content=\"1000\" \/>\n\t<meta property=\"og:image:height\" content=\"666\" \/>\n\t<meta property=\"og:image:type\" content=\"image\/jpeg\" \/>\n<meta name=\"author\" content=\"Ded\u00e9 Mesquita\" \/>\n<meta name=\"twitter:card\" content=\"summary_large_image\" \/>\n<meta name=\"twitter:creator\" content=\"@dedemesquita\" \/>\n<meta name=\"twitter:site\" content=\"@dedemesquita\" \/>\n<meta name=\"twitter:label1\" content=\"Escrito por\" \/>\n\t<meta name=\"twitter:data1\" content=\"Ded\u00e9 Mesquita\" \/>\n\t<meta name=\"twitter:label2\" content=\"Est. tempo de leitura\" \/>\n\t<meta name=\"twitter:data2\" content=\"6 minutos\" \/>\n<script type=\"application\/ld+json\" class=\"yoast-schema-graph\">{\"@context\":\"https:\/\/schema.org\",\"@graph\":[{\"@type\":\"WebPage\",\"@id\":\"https:\/\/dedemesquita.com.br\/?p=2847\",\"url\":\"https:\/\/dedemesquita.com.br\/?p=2847\",\"name\":\"L\u00facio Fl\u00e1vio Pinto recebe t\u00edtulo de doutor honoris causa no Amap\u00e1 e outras novidades da imprensa - Ded\u00e9 Mesquita\",\"isPartOf\":{\"@id\":\"https:\/\/dedemesquita.com.br\/#website\"},\"datePublished\":\"2021-11-09T20:23:05+00:00\",\"dateModified\":\"2021-11-11T17:21:51+00:00\",\"author\":{\"@id\":\"https:\/\/dedemesquita.com.br\/#\/schema\/person\/36571f81dd2d76dc3ab37231542c9e24\"},\"breadcrumb\":{\"@id\":\"https:\/\/dedemesquita.com.br\/?p=2847#breadcrumb\"},\"inLanguage\":\"pt-BR\",\"potentialAction\":[{\"@type\":\"ReadAction\",\"target\":[\"https:\/\/dedemesquita.com.br\/?p=2847\"]}]},{\"@type\":\"BreadcrumbList\",\"@id\":\"https:\/\/dedemesquita.com.br\/?p=2847#breadcrumb\",\"itemListElement\":[{\"@type\":\"ListItem\",\"position\":1,\"name\":\"In\u00edcio\",\"item\":\"https:\/\/dedemesquita.com.br\/\"},{\"@type\":\"ListItem\",\"position\":2,\"name\":\"L\u00facio Fl\u00e1vio Pinto recebe t\u00edtulo de doutor honoris causa no Amap\u00e1 e outras novidades da imprensa\"}]},{\"@type\":\"WebSite\",\"@id\":\"https:\/\/dedemesquita.com.br\/#website\",\"url\":\"https:\/\/dedemesquita.com.br\/\",\"name\":\"Ded\u00e9 Mesquita\",\"description\":\"Um site que mostra os bastidores da imprensa no estado do Par\u00e1 e em Bel\u00e9m\",\"potentialAction\":[{\"@type\":\"SearchAction\",\"target\":{\"@type\":\"EntryPoint\",\"urlTemplate\":\"https:\/\/dedemesquita.com.br\/?s={search_term_string}\"},\"query-input\":\"required name=search_term_string\"}],\"inLanguage\":\"pt-BR\"},{\"@type\":\"Person\",\"@id\":\"https:\/\/dedemesquita.com.br\/#\/schema\/person\/36571f81dd2d76dc3ab37231542c9e24\",\"name\":\"Ded\u00e9 Mesquita\",\"image\":{\"@type\":\"ImageObject\",\"inLanguage\":\"pt-BR\",\"@id\":\"https:\/\/dedemesquita.com.br\/#\/schema\/person\/image\/\",\"url\":\"https:\/\/dedemesquita.com.br\/wp-content\/uploads\/2021\/02\/foto_perfil-150x150.jpg\",\"contentUrl\":\"https:\/\/dedemesquita.com.br\/wp-content\/uploads\/2021\/02\/foto_perfil-150x150.jpg\",\"caption\":\"Ded\u00e9 Mesquita\"},\"sameAs\":[\"https:\/\/dedemesquita.com.br\"]}]}<\/script>\n<!-- \/ Yoast SEO plugin. -->","yoast_head_json":{"title":"L\u00facio Fl\u00e1vio Pinto recebe t\u00edtulo de doutor honoris causa no Amap\u00e1 e outras novidades da imprensa - Ded\u00e9 Mesquita","robots":{"index":"index","follow":"follow","max-snippet":"max-snippet:-1","max-image-preview":"max-image-preview:large","max-video-preview":"max-video-preview:-1"},"canonical":"https:\/\/dedemesquita.com.br\/?p=2847","og_locale":"pt_BR","og_type":"article","og_title":"L\u00facio Fl\u00e1vio Pinto recebe t\u00edtulo de doutor honoris causa no Amap\u00e1 e outras novidades da imprensa - Ded\u00e9 Mesquita","og_description":"Honoris causa &#8211; O Conselho Universit\u00e1rio da Universidade Federal do Amap\u00e1 (Unifap) decidiu conceder o t\u00edtulo de Doutor honoris causa, ao jornalista paraense, nascido em Santar\u00e9m, L\u00facio Fl\u00e1vio Pinto. A proposta da honraria foi submetida ao Consun em 23 de setembro de 2019, n\u00e3o por acaso, exatamente no dia em que ele completava 70 anos. [&hellip;]","og_url":"https:\/\/dedemesquita.com.br\/?p=2847","og_site_name":"Ded\u00e9 Mesquita","article_publisher":"https:\/\/www.facebook.com\/dede.mesquita","article_published_time":"2021-11-09T20:23:05+00:00","article_modified_time":"2021-11-11T17:21:51+00:00","og_image":[{"width":1000,"height":666,"url":"https:\/\/dedemesquita.com.br\/wp-content\/uploads\/2021\/11\/LUCIO_FLAVIO.jpg","type":"image\/jpeg"}],"author":"Ded\u00e9 Mesquita","twitter_card":"summary_large_image","twitter_creator":"@dedemesquita","twitter_site":"@dedemesquita","twitter_misc":{"Escrito por":"Ded\u00e9 Mesquita","Est. tempo de leitura":"6 minutos"},"schema":{"@context":"https:\/\/schema.org","@graph":[{"@type":"WebPage","@id":"https:\/\/dedemesquita.com.br\/?p=2847","url":"https:\/\/dedemesquita.com.br\/?p=2847","name":"L\u00facio Fl\u00e1vio Pinto recebe t\u00edtulo de doutor honoris causa no Amap\u00e1 e outras novidades da imprensa - Ded\u00e9 Mesquita","isPartOf":{"@id":"https:\/\/dedemesquita.com.br\/#website"},"datePublished":"2021-11-09T20:23:05+00:00","dateModified":"2021-11-11T17:21:51+00:00","author":{"@id":"https:\/\/dedemesquita.com.br\/#\/schema\/person\/36571f81dd2d76dc3ab37231542c9e24"},"breadcrumb":{"@id":"https:\/\/dedemesquita.com.br\/?p=2847#breadcrumb"},"inLanguage":"pt-BR","potentialAction":[{"@type":"ReadAction","target":["https:\/\/dedemesquita.com.br\/?p=2847"]}]},{"@type":"BreadcrumbList","@id":"https:\/\/dedemesquita.com.br\/?p=2847#breadcrumb","itemListElement":[{"@type":"ListItem","position":1,"name":"In\u00edcio","item":"https:\/\/dedemesquita.com.br\/"},{"@type":"ListItem","position":2,"name":"L\u00facio Fl\u00e1vio Pinto recebe t\u00edtulo de doutor honoris causa no Amap\u00e1 e outras novidades da imprensa"}]},{"@type":"WebSite","@id":"https:\/\/dedemesquita.com.br\/#website","url":"https:\/\/dedemesquita.com.br\/","name":"Ded\u00e9 Mesquita","description":"Um site que mostra os bastidores da imprensa no estado do Par\u00e1 e em Bel\u00e9m","potentialAction":[{"@type":"SearchAction","target":{"@type":"EntryPoint","urlTemplate":"https:\/\/dedemesquita.com.br\/?s={search_term_string}"},"query-input":"required name=search_term_string"}],"inLanguage":"pt-BR"},{"@type":"Person","@id":"https:\/\/dedemesquita.com.br\/#\/schema\/person\/36571f81dd2d76dc3ab37231542c9e24","name":"Ded\u00e9 Mesquita","image":{"@type":"ImageObject","inLanguage":"pt-BR","@id":"https:\/\/dedemesquita.com.br\/#\/schema\/person\/image\/","url":"https:\/\/dedemesquita.com.br\/wp-content\/uploads\/2021\/02\/foto_perfil-150x150.jpg","contentUrl":"https:\/\/dedemesquita.com.br\/wp-content\/uploads\/2021\/02\/foto_perfil-150x150.jpg","caption":"Ded\u00e9 Mesquita"},"sameAs":["https:\/\/dedemesquita.com.br"]}]}},"_links":{"self":[{"href":"https:\/\/dedemesquita.com.br\/index.php?rest_route=\/wp\/v2\/posts\/2847"}],"collection":[{"href":"https:\/\/dedemesquita.com.br\/index.php?rest_route=\/wp\/v2\/posts"}],"about":[{"href":"https:\/\/dedemesquita.com.br\/index.php?rest_route=\/wp\/v2\/types\/post"}],"author":[{"embeddable":true,"href":"https:\/\/dedemesquita.com.br\/index.php?rest_route=\/wp\/v2\/users\/2"}],"replies":[{"embeddable":true,"href":"https:\/\/dedemesquita.com.br\/index.php?rest_route=%2Fwp%2Fv2%2Fcomments&post=2847"}],"version-history":[{"count":5,"href":"https:\/\/dedemesquita.com.br\/index.php?rest_route=\/wp\/v2\/posts\/2847\/revisions"}],"predecessor-version":[{"id":2868,"href":"https:\/\/dedemesquita.com.br\/index.php?rest_route=\/wp\/v2\/posts\/2847\/revisions\/2868"}],"wp:featuredmedia":[{"embeddable":true,"href":"https:\/\/dedemesquita.com.br\/index.php?rest_route=\/wp\/v2\/media\/2848"}],"wp:attachment":[{"href":"https:\/\/dedemesquita.com.br\/index.php?rest_route=%2Fwp%2Fv2%2Fmedia&parent=2847"}],"wp:term":[{"taxonomy":"category","embeddable":true,"href":"https:\/\/dedemesquita.com.br\/index.php?rest_route=%2Fwp%2Fv2%2Fcategories&post=2847"},{"taxonomy":"post_tag","embeddable":true,"href":"https:\/\/dedemesquita.com.br\/index.php?rest_route=%2Fwp%2Fv2%2Ftags&post=2847"}],"curies":[{"name":"wp","href":"https:\/\/api.w.org\/{rel}","templated":true}]}}