{"id":2842,"date":"2021-11-09T15:10:26","date_gmt":"2021-11-09T18:10:26","guid":{"rendered":"https:\/\/dedemesquita.com.br\/?p=2842"},"modified":"2021-11-09T15:10:27","modified_gmt":"2021-11-09T18:10:27","slug":"o-liberal-estreia-na-quinta-feira-11-somente-a-verdade-serie-com-foco-em-jornalismo-policial","status":"publish","type":"post","link":"https:\/\/dedemesquita.com.br\/?p=2842","title":{"rendered":"O Liberal estreia na quinta-feira, 11, &#8220;Somente a Verdade&#8221;, s\u00e9rie com foco em jornalismo policial"},"content":{"rendered":"\n<p>Na quinta-feira, dia 11, estreia em no portal <a href=\"https:\/\/www.oliberal.com\/\"><strong>https:\/\/www.oliberal.com\/<\/strong><\/a> a s\u00e9rie original em audiovisual &#8220;Somente a Verdade: Hist\u00f3rias de Pol\u00edcia&#8221;. Ser\u00e3o cinco epis\u00f3dios mensais.<\/p>\n\n\n\n<p>Os epis\u00f3dios ficar\u00e3o dispon\u00edveis na \u00e1rea de v\u00eddeos\u00a0<strong>LibPlay<\/strong>, em\u00a0<strong>OLiberal.com<\/strong>. Cada minidocument\u00e1rio contar\u00e1 um caso policial marcante no Par\u00e1 e que recebeu cobertura jornal\u00edstica dos ve\u00edculos de comunica\u00e7\u00e3o do Grupo. A iniciativa integra a s\u00e9rie de a\u00e7\u00f5es especiais que marcam os 75 anos do\u00a0<strong>jornal O Liberal<\/strong>, celebrado em novembro de 2021.<\/p>\n\n\n\n<p><strong>Veja o teaser:<\/strong><\/p>\n\n\n\n<figure class=\"wp-block-embed is-type-video is-provider-dailymotion wp-block-embed-dailymotion wp-embed-aspect-16-9 wp-has-aspect-ratio\"><div class=\"wp-block-embed__wrapper\">\n<iframe loading=\"lazy\" title=\"Somente a verdade\" frameborder=\"0\" width=\"800\" height=\"449\" src=\"https:\/\/www.dailymotion.com\/embed\/video\/x853va4\" allowfullscreen allow=\"autoplay\"><\/iframe>\n<\/div><\/figure>\n\n\n\n<p>O primeiro epis\u00f3dio ser\u00e1 &#8220;S\u00e3o Jos\u00e9 e os Libertos: a hist\u00f3ria de ninja&#8221;, que contar\u00e1 a trajet\u00f3ria de Jos\u00e9 Augusto Viana Davi, uma pessoa &#8220;violenta de DNA&#8221;, como dizem relatos de quem conheceu e viveu a hist\u00f3ria da rebeli\u00e3o no antigo pres\u00eddio S\u00e3o Jos\u00e9, que hoje \u00e9 um museu e Polo Joalheiro, S\u00e3o Jos\u00e9 Liberto.<\/p>\n\n\n\n<p>Com detalhes, o primeiro epis\u00f3dio da s\u00e9rie vai abordar as diversas instala\u00e7\u00f5es que o ent\u00e3o pres\u00eddio j\u00e1 teve e os mist\u00e9rios que ainda rondam o local. A produ\u00e7\u00e3o conta em detalhes os relatos dos bastidores por quem acompanhou de perto a rebeli\u00e3o, como a diretora do pres\u00eddio na \u00e9poca, Giani Salzer; do agente prisional que fez parte do motim, Favacho; e com jornalistas como o rep\u00f3rter <strong>Dilson Pimentel <\/strong>e o fot\u00f3grafo <strong>Cristino Martins<\/strong>.<\/p>\n\n\n\n<p>A iniciativa do grupo Liberal tem como produtora a ag\u00eancia REC e <strong>Pascoal Gemaque<\/strong>, editor da TV Liberal, como jornalista respons\u00e1vel pelo roteiro, apura\u00e7\u00e3o e edi\u00e7\u00e3o, al\u00e9m de <strong>Vin\u00edcius Mac\u00eado<\/strong> na produ\u00e7\u00e3o. A dire\u00e7\u00e3o geral \u00e9 de <strong>Daniel Nardin<\/strong>. &#8220;Apesar de ter a internet, demorou um tempo para documentar tudo. Mesmo conseguindo v\u00e1rias informa\u00e7\u00f5es, buscamos a melhor fonte, que foram as pessoas que vivenciaram os fatos. Durante as entrevistas, muitos relatos se tornaram in\u00e9ditos e tivemos que modificar o roteiro original&#8221;, pontua Pascoal. <\/p>\n\n\n\n<div class=\"wp-block-image\"><figure class=\"aligncenter size-large\"><img loading=\"lazy\" decoding=\"async\" width=\"715\" height=\"555\" src=\"https:\/\/dedemesquita.com.br\/wp-content\/uploads\/2021\/11\/PASCOAL_GEMAQUE.jpg\" alt=\"\" class=\"wp-image-2843\"\/><figcaption>Pascoal Gemaque comanda produ\u00e7\u00e3o documental sobre crimes famosos no estado do Par\u00e1 <\/figcaption><\/figure><\/div>\n\n\n\n<div class=\"wp-block-image\"><figure class=\"aligncenter size-large\"><img loading=\"lazy\" decoding=\"async\" width=\"1000\" height=\"794\" src=\"https:\/\/dedemesquita.com.br\/wp-content\/uploads\/2021\/11\/vini.jpg\" alt=\"\" class=\"wp-image-2844\" srcset=\"https:\/\/dedemesquita.com.br\/wp-content\/uploads\/2021\/11\/vini.jpg 1000w, https:\/\/dedemesquita.com.br\/wp-content\/uploads\/2021\/11\/vini-768x610.jpg 768w\" sizes=\"(max-width: 1000px) 100vw, 1000px\" \/><figcaption>Vin\u00edcius Mac\u00eado est\u00e1 na produ\u00e7\u00e3o dos minidocument\u00e1rios <\/figcaption><\/figure><\/div>\n\n\n\n<p>Nos pr\u00f3ximos epis\u00f3dios, entre os diferentes casos que ser\u00e3o abordados na primeira e nas temporadas seguintes, est\u00e1 a hist\u00f3ria de Quintino da Silva Lira, a morte do ent\u00e3o deputado Paulo Fontelles, do deputado Jo\u00e3o Batista, o caso dos &#8220;irm\u00e3os Mapar\u00e1&#8221;, o &#8220;Monstro da Ceasa&#8221;, entre tantos outros.<\/p>\n\n\n\n<p><\/p>\n","protected":false},"excerpt":{"rendered":"<p>Na quinta-feira, dia 11, estreia em no portal https:\/\/www.oliberal.com\/ a s\u00e9rie original em audiovisual &#8220;Somente a Verdade: Hist\u00f3rias de Pol\u00edcia&#8221;. Ser\u00e3o cinco epis\u00f3dios mensais. Os epis\u00f3dios ficar\u00e3o dispon\u00edveis na \u00e1rea de v\u00eddeos\u00a0LibPlay, em\u00a0OLiberal.com. Cada minidocument\u00e1rio contar\u00e1 um caso policial marcante no Par\u00e1 e que recebeu cobertura jornal\u00edstica dos ve\u00edculos de comunica\u00e7\u00e3o do Grupo. A iniciativa [&hellip;]<\/p>\n","protected":false},"author":2,"featured_media":2845,"comment_status":"open","ping_status":"open","sticky":false,"template":"","format":"standard","meta":{"footnotes":""},"categories":[51,14,29],"tags":[144,137],"class_list":["post-2842","post","type-post","status-publish","format-standard","has-post-thumbnail","hentry","category-destaque","category-imprensa","category-jornalismo","tag-o-liberal","tag-tv-liberal"],"yoast_head":"<!-- This site is optimized with the Yoast SEO plugin v19.10 - https:\/\/yoast.com\/wordpress\/plugins\/seo\/ -->\n<title>O Liberal estreia na quinta-feira, 11, &quot;Somente a Verdade&quot;, s\u00e9rie com foco em jornalismo policial - Ded\u00e9 Mesquita<\/title>\n<meta name=\"robots\" content=\"index, follow, max-snippet:-1, max-image-preview:large, max-video-preview:-1\" \/>\n<link rel=\"canonical\" href=\"https:\/\/dedemesquita.com.br\/?p=2842\" \/>\n<meta property=\"og:locale\" content=\"pt_BR\" \/>\n<meta property=\"og:type\" content=\"article\" \/>\n<meta property=\"og:title\" content=\"O Liberal estreia na quinta-feira, 11, &quot;Somente a Verdade&quot;, s\u00e9rie com foco em jornalismo policial - Ded\u00e9 Mesquita\" \/>\n<meta property=\"og:description\" content=\"Na quinta-feira, dia 11, estreia em no portal https:\/\/www.oliberal.com\/ a s\u00e9rie original em audiovisual &#8220;Somente a Verdade: Hist\u00f3rias de Pol\u00edcia&#8221;. Ser\u00e3o cinco epis\u00f3dios mensais. Os epis\u00f3dios ficar\u00e3o dispon\u00edveis na \u00e1rea de v\u00eddeos\u00a0LibPlay, em\u00a0OLiberal.com. Cada minidocument\u00e1rio contar\u00e1 um caso policial marcante no Par\u00e1 e que recebeu cobertura jornal\u00edstica dos ve\u00edculos de comunica\u00e7\u00e3o do Grupo. A iniciativa [&hellip;]\" \/>\n<meta property=\"og:url\" content=\"https:\/\/dedemesquita.com.br\/?p=2842\" \/>\n<meta property=\"og:site_name\" content=\"Ded\u00e9 Mesquita\" \/>\n<meta property=\"article:publisher\" content=\"https:\/\/www.facebook.com\/dede.mesquita\" \/>\n<meta property=\"article:published_time\" content=\"2021-11-09T18:10:26+00:00\" \/>\n<meta property=\"article:modified_time\" content=\"2021-11-09T18:10:27+00:00\" \/>\n<meta property=\"og:image\" content=\"https:\/\/dedemesquita.com.br\/wp-content\/uploads\/2021\/11\/somente.jpeg\" \/>\n\t<meta property=\"og:image:width\" content=\"750\" \/>\n\t<meta property=\"og:image:height\" content=\"386\" \/>\n\t<meta property=\"og:image:type\" content=\"image\/jpeg\" \/>\n<meta name=\"author\" content=\"Ded\u00e9 Mesquita\" \/>\n<meta name=\"twitter:card\" content=\"summary_large_image\" \/>\n<meta name=\"twitter:creator\" content=\"@dedemesquita\" \/>\n<meta name=\"twitter:site\" content=\"@dedemesquita\" \/>\n<meta name=\"twitter:label1\" content=\"Escrito por\" \/>\n\t<meta name=\"twitter:data1\" content=\"Ded\u00e9 Mesquita\" \/>\n\t<meta name=\"twitter:label2\" content=\"Est. tempo de leitura\" \/>\n\t<meta name=\"twitter:data2\" content=\"2 minutos\" \/>\n<script type=\"application\/ld+json\" class=\"yoast-schema-graph\">{\"@context\":\"https:\/\/schema.org\",\"@graph\":[{\"@type\":\"WebPage\",\"@id\":\"https:\/\/dedemesquita.com.br\/?p=2842\",\"url\":\"https:\/\/dedemesquita.com.br\/?p=2842\",\"name\":\"O Liberal estreia na quinta-feira, 11, \\\"Somente a Verdade\\\", s\u00e9rie com foco em jornalismo policial - Ded\u00e9 Mesquita\",\"isPartOf\":{\"@id\":\"https:\/\/dedemesquita.com.br\/#website\"},\"datePublished\":\"2021-11-09T18:10:26+00:00\",\"dateModified\":\"2021-11-09T18:10:27+00:00\",\"author\":{\"@id\":\"https:\/\/dedemesquita.com.br\/#\/schema\/person\/36571f81dd2d76dc3ab37231542c9e24\"},\"breadcrumb\":{\"@id\":\"https:\/\/dedemesquita.com.br\/?p=2842#breadcrumb\"},\"inLanguage\":\"pt-BR\",\"potentialAction\":[{\"@type\":\"ReadAction\",\"target\":[\"https:\/\/dedemesquita.com.br\/?p=2842\"]}]},{\"@type\":\"BreadcrumbList\",\"@id\":\"https:\/\/dedemesquita.com.br\/?p=2842#breadcrumb\",\"itemListElement\":[{\"@type\":\"ListItem\",\"position\":1,\"name\":\"In\u00edcio\",\"item\":\"https:\/\/dedemesquita.com.br\/\"},{\"@type\":\"ListItem\",\"position\":2,\"name\":\"O Liberal estreia na quinta-feira, 11, &#8220;Somente a Verdade&#8221;, s\u00e9rie com foco em jornalismo policial\"}]},{\"@type\":\"WebSite\",\"@id\":\"https:\/\/dedemesquita.com.br\/#website\",\"url\":\"https:\/\/dedemesquita.com.br\/\",\"name\":\"Ded\u00e9 Mesquita\",\"description\":\"Um site que mostra os bastidores da imprensa no estado do Par\u00e1 e em Bel\u00e9m\",\"potentialAction\":[{\"@type\":\"SearchAction\",\"target\":{\"@type\":\"EntryPoint\",\"urlTemplate\":\"https:\/\/dedemesquita.com.br\/?s={search_term_string}\"},\"query-input\":\"required name=search_term_string\"}],\"inLanguage\":\"pt-BR\"},{\"@type\":\"Person\",\"@id\":\"https:\/\/dedemesquita.com.br\/#\/schema\/person\/36571f81dd2d76dc3ab37231542c9e24\",\"name\":\"Ded\u00e9 Mesquita\",\"image\":{\"@type\":\"ImageObject\",\"inLanguage\":\"pt-BR\",\"@id\":\"https:\/\/dedemesquita.com.br\/#\/schema\/person\/image\/\",\"url\":\"https:\/\/dedemesquita.com.br\/wp-content\/uploads\/2021\/02\/foto_perfil-150x150.jpg\",\"contentUrl\":\"https:\/\/dedemesquita.com.br\/wp-content\/uploads\/2021\/02\/foto_perfil-150x150.jpg\",\"caption\":\"Ded\u00e9 Mesquita\"},\"sameAs\":[\"https:\/\/dedemesquita.com.br\"]}]}<\/script>\n<!-- \/ Yoast SEO plugin. -->","yoast_head_json":{"title":"O Liberal estreia na quinta-feira, 11, \"Somente a Verdade\", s\u00e9rie com foco em jornalismo policial - Ded\u00e9 Mesquita","robots":{"index":"index","follow":"follow","max-snippet":"max-snippet:-1","max-image-preview":"max-image-preview:large","max-video-preview":"max-video-preview:-1"},"canonical":"https:\/\/dedemesquita.com.br\/?p=2842","og_locale":"pt_BR","og_type":"article","og_title":"O Liberal estreia na quinta-feira, 11, \"Somente a Verdade\", s\u00e9rie com foco em jornalismo policial - Ded\u00e9 Mesquita","og_description":"Na quinta-feira, dia 11, estreia em no portal https:\/\/www.oliberal.com\/ a s\u00e9rie original em audiovisual &#8220;Somente a Verdade: Hist\u00f3rias de Pol\u00edcia&#8221;. Ser\u00e3o cinco epis\u00f3dios mensais. Os epis\u00f3dios ficar\u00e3o dispon\u00edveis na \u00e1rea de v\u00eddeos\u00a0LibPlay, em\u00a0OLiberal.com. Cada minidocument\u00e1rio contar\u00e1 um caso policial marcante no Par\u00e1 e que recebeu cobertura jornal\u00edstica dos ve\u00edculos de comunica\u00e7\u00e3o do Grupo. A iniciativa [&hellip;]","og_url":"https:\/\/dedemesquita.com.br\/?p=2842","og_site_name":"Ded\u00e9 Mesquita","article_publisher":"https:\/\/www.facebook.com\/dede.mesquita","article_published_time":"2021-11-09T18:10:26+00:00","article_modified_time":"2021-11-09T18:10:27+00:00","og_image":[{"width":750,"height":386,"url":"https:\/\/dedemesquita.com.br\/wp-content\/uploads\/2021\/11\/somente.jpeg","type":"image\/jpeg"}],"author":"Ded\u00e9 Mesquita","twitter_card":"summary_large_image","twitter_creator":"@dedemesquita","twitter_site":"@dedemesquita","twitter_misc":{"Escrito por":"Ded\u00e9 Mesquita","Est. tempo de leitura":"2 minutos"},"schema":{"@context":"https:\/\/schema.org","@graph":[{"@type":"WebPage","@id":"https:\/\/dedemesquita.com.br\/?p=2842","url":"https:\/\/dedemesquita.com.br\/?p=2842","name":"O Liberal estreia na quinta-feira, 11, \"Somente a Verdade\", s\u00e9rie com foco em jornalismo policial - Ded\u00e9 Mesquita","isPartOf":{"@id":"https:\/\/dedemesquita.com.br\/#website"},"datePublished":"2021-11-09T18:10:26+00:00","dateModified":"2021-11-09T18:10:27+00:00","author":{"@id":"https:\/\/dedemesquita.com.br\/#\/schema\/person\/36571f81dd2d76dc3ab37231542c9e24"},"breadcrumb":{"@id":"https:\/\/dedemesquita.com.br\/?p=2842#breadcrumb"},"inLanguage":"pt-BR","potentialAction":[{"@type":"ReadAction","target":["https:\/\/dedemesquita.com.br\/?p=2842"]}]},{"@type":"BreadcrumbList","@id":"https:\/\/dedemesquita.com.br\/?p=2842#breadcrumb","itemListElement":[{"@type":"ListItem","position":1,"name":"In\u00edcio","item":"https:\/\/dedemesquita.com.br\/"},{"@type":"ListItem","position":2,"name":"O Liberal estreia na quinta-feira, 11, &#8220;Somente a Verdade&#8221;, s\u00e9rie com foco em jornalismo policial"}]},{"@type":"WebSite","@id":"https:\/\/dedemesquita.com.br\/#website","url":"https:\/\/dedemesquita.com.br\/","name":"Ded\u00e9 Mesquita","description":"Um site que mostra os bastidores da imprensa no estado do Par\u00e1 e em Bel\u00e9m","potentialAction":[{"@type":"SearchAction","target":{"@type":"EntryPoint","urlTemplate":"https:\/\/dedemesquita.com.br\/?s={search_term_string}"},"query-input":"required name=search_term_string"}],"inLanguage":"pt-BR"},{"@type":"Person","@id":"https:\/\/dedemesquita.com.br\/#\/schema\/person\/36571f81dd2d76dc3ab37231542c9e24","name":"Ded\u00e9 Mesquita","image":{"@type":"ImageObject","inLanguage":"pt-BR","@id":"https:\/\/dedemesquita.com.br\/#\/schema\/person\/image\/","url":"https:\/\/dedemesquita.com.br\/wp-content\/uploads\/2021\/02\/foto_perfil-150x150.jpg","contentUrl":"https:\/\/dedemesquita.com.br\/wp-content\/uploads\/2021\/02\/foto_perfil-150x150.jpg","caption":"Ded\u00e9 Mesquita"},"sameAs":["https:\/\/dedemesquita.com.br"]}]}},"_links":{"self":[{"href":"https:\/\/dedemesquita.com.br\/index.php?rest_route=\/wp\/v2\/posts\/2842"}],"collection":[{"href":"https:\/\/dedemesquita.com.br\/index.php?rest_route=\/wp\/v2\/posts"}],"about":[{"href":"https:\/\/dedemesquita.com.br\/index.php?rest_route=\/wp\/v2\/types\/post"}],"author":[{"embeddable":true,"href":"https:\/\/dedemesquita.com.br\/index.php?rest_route=\/wp\/v2\/users\/2"}],"replies":[{"embeddable":true,"href":"https:\/\/dedemesquita.com.br\/index.php?rest_route=%2Fwp%2Fv2%2Fcomments&post=2842"}],"version-history":[{"count":1,"href":"https:\/\/dedemesquita.com.br\/index.php?rest_route=\/wp\/v2\/posts\/2842\/revisions"}],"predecessor-version":[{"id":2846,"href":"https:\/\/dedemesquita.com.br\/index.php?rest_route=\/wp\/v2\/posts\/2842\/revisions\/2846"}],"wp:featuredmedia":[{"embeddable":true,"href":"https:\/\/dedemesquita.com.br\/index.php?rest_route=\/wp\/v2\/media\/2845"}],"wp:attachment":[{"href":"https:\/\/dedemesquita.com.br\/index.php?rest_route=%2Fwp%2Fv2%2Fmedia&parent=2842"}],"wp:term":[{"taxonomy":"category","embeddable":true,"href":"https:\/\/dedemesquita.com.br\/index.php?rest_route=%2Fwp%2Fv2%2Fcategories&post=2842"},{"taxonomy":"post_tag","embeddable":true,"href":"https:\/\/dedemesquita.com.br\/index.php?rest_route=%2Fwp%2Fv2%2Ftags&post=2842"}],"curies":[{"name":"wp","href":"https:\/\/api.w.org\/{rel}","templated":true}]}}