{"id":2754,"date":"2021-11-01T10:08:08","date_gmt":"2021-11-01T13:08:08","guid":{"rendered":"https:\/\/dedemesquita.com.br\/?p=2754"},"modified":"2021-11-01T10:48:19","modified_gmt":"2021-11-01T13:48:19","slug":"a-memoria-seletiva-da-tv-liberal","status":"publish","type":"post","link":"https:\/\/dedemesquita.com.br\/?p=2754","title":{"rendered":"A mem\u00f3ria (seletiva) da TV Liberal"},"content":{"rendered":"\n<p>O jornalista paraense Edvan Feitosa, que mora e trabalha na cidade de Bruges, na B\u00e9lgica, mandou um relato sobre a mem\u00f3ria seletiva que observou nas homenagens que a TV Liberal fez aos seus colaboradores pelos 45 anos da emissora, celebrados em 2021. <\/p>\n\n\n\n<p><strong>Leia a seguir: <\/strong><\/p>\n\n\n\n<p><em>&#8220;A mem\u00f3ria da TV Liberal, em Bel\u00e9m do Par\u00e1, sofre&nbsp;lapsos ainda precoces para uma emissora de apenas 45 anos de hist\u00f3ria. Ou esses lapsos tratam-se do que se pode chamar de mem\u00f3ria seletiva. Isso talvez explique que, nas datas festivas significativas da emissora, como o jubileu de prata, os 30 anos e os 40 anos, as diversas retrospectivas se esquecem de citar meu nome como o idealizador, produtor executivo, roteirista &nbsp;e &nbsp;diretor, dos dois \u00fanicos projetos internacionais da emissora: &#8220;C\u00edrios em Portugal \u2013 As Origens da Devo\u00e7\u00e3o&#8221; (1998) e &#8220;Uma Peregrina\u00e7\u00e3o \u00e0 Terra Santa&#8221; (1999).<\/em><\/p>\n\n\n\n<p><em>Em 2001, deixei a emissora depois de quase 10 anos como editor-assistente dos telejornais, editor substituto do n\u00facleo da Rede Globo, produtor de conte\u00fado especial e diretor de pelo menos cinco transmiss\u00f5es do C\u00edrio de Nazar\u00e9. Costumava dizer que, nesses 10 anos, meus colegas e eu bord\u00e1vamos o manto eletr\u00f4nico da Santa &#8211; express\u00e3o essa citada nos trabalhos acad\u00eamicos de f\u00f4lego &nbsp;sobre a cobertura televisiva do C\u00edrio: a disserta\u00e7\u00e3o de mestrado e a tese de doutorado da professora Regina Alves, uma das nossas mestras, tanto na UFPA quanto nas reda\u00e7\u00f5es do grupo Liberal. E o fiz com muita satisfa\u00e7\u00e3o, seguindo os passos de outro mestre, Afonso Klautau, diretor de jornalismo que me convidou, em 1991, a integrar a equipe, j\u00e1 como editor, vindo da verdadeira escola de telejornalismo \u00e0quela altura: a TV Cultura do Par\u00e1.<\/em><\/p>\n\n\n\n<p><strong>Os 25 anos da TV Liberal &#8211; <\/strong><em>Ainda no primeiro semestre de 2001, meu \u00faltimo ano na emissora da avenida Nazar\u00e9, fui entrevistado pelos colegas que produziam a edi\u00e7\u00e3o de um livro-\u00e1lbum comemorativo dos 25 anos da TV Liberal. Falamos sobre as transmiss\u00f5es ao vivo do C\u00edrio e dos dois projetos internacionais que tinha idealizado e realizado. Cedi v\u00e1rias fotos dos bastidores das grava\u00e7\u00f5es dos dois document\u00e1rios e das v\u00e1rias reportagens especiais que fizemos em Portugal e Israel. Mas, antes do livro ser publicado, fui demitido&nbsp; numa \u201cbarca\u201d \u2013 como se costumava a chamar o corte de empregados para redu\u00e7\u00e3o de gastos. <\/em><\/p>\n\n\n\n<div class=\"wp-block-image\"><figure class=\"aligncenter size-large\"><img loading=\"lazy\" decoding=\"async\" width=\"1210\" height=\"836\" src=\"https:\/\/dedemesquita.com.br\/wp-content\/uploads\/2021\/11\/CiriosPT01.jpg\" alt=\"\" class=\"wp-image-2755\" srcset=\"https:\/\/dedemesquita.com.br\/wp-content\/uploads\/2021\/11\/CiriosPT01.jpg 1210w, https:\/\/dedemesquita.com.br\/wp-content\/uploads\/2021\/11\/CiriosPT01-768x531.jpg 768w\" sizes=\"(max-width: 1210px) 100vw, 1210px\" \/><figcaption>Document\u00e1rio sobre o C\u00edrio em Portugal <\/figcaption><\/figure><\/div>\n\n\n\n<p><em>Quando o livro foi lan\u00e7ado, eu estava na Calif\u00f3rnia e&nbsp;fui surpreendido com um e-mail solid\u00e1rio&nbsp;e indignado de uma colega da emissora e amiga de longa data: \u201cEdvan, eles usam as tuas fotos, sem dar cr\u00e9dito e simplesmente nem te citam no tal&nbsp; livro. Como puderam fazer isso?\u201d Naquele tempo, atribu\u00ed a sele\u00e7\u00e3o excludente &nbsp;pelo fato de eu ter tido uma atua\u00e7\u00e3o contundente, junto com alguns colegas corajosos, como Vianey Bentes, contra as pr\u00e1ticas editoriais nada jornal\u00edsticas da ent\u00e3o dire\u00e7\u00e3o da reda\u00e7\u00e3o. Pr\u00e1ticas essas, diga-se de passagem, que levaram a Rede Globo a assumir o controle do jornalismo da TV Liberal, alguns meses depois \u2013 numa esp\u00e9cie de interven\u00e7\u00e3o. Pelo que sei, desde ent\u00e3o e&nbsp;at\u00e9 hoje, o diretor de jornalismo local em Bel\u00e9m, se n\u00e3o \u00e9 &nbsp;nomeado pela Globo, \u00e9 algu\u00e9m enfaticamente indicado. E at\u00e9 o rep\u00f3rter \u201cda rede\u201d &nbsp;\u00e9 um jornalista de fora dos quadros locais.<\/em><\/p>\n\n\n\n<p><em>Em junho passado,&nbsp;pensei que os lapsos precoces na mem\u00f3ria da TV Liberal&nbsp; poderiam ser, enfim corrigidos. E at\u00e9 pensei que, passados exatos 20 anos da minha sa\u00edda da TV, a mem\u00f3ria seletiva poderia incluir-me na hist\u00f3ria oficial da emissora. Recebi convite de um jovem jornalista da TV Liberal para fazer um curto depoimento em v\u00eddeo sobre os fatos marcantes nos 45 anos da emissora. Soube que meu nome &nbsp;tinha sido uma sugest\u00e3o de algu\u00e9m \u201cdas antigas\u201d. Gravei o depoimento citando o uso da m\u00fasica popular n\u00e3o-religiosa nas transmiss\u00f5es da prociss\u00e3o do C\u00edrio de Nazar\u00e9 e, claro, os dois trabalhos internacionais. Alguns meses depois, recebi o v\u00eddeo editado no qual minha fala se resume ao aspecto musical das transmiss\u00f5es e nada, simplesmente nada,&nbsp;sobre os document\u00e1rios e reportagens especiais em Portugal e Israel.<\/em><\/p>\n\n\n\n<div class=\"wp-block-image\"><figure class=\"aligncenter size-large\"><img loading=\"lazy\" decoding=\"async\" width=\"757\" height=\"572\" src=\"https:\/\/dedemesquita.com.br\/wp-content\/uploads\/2021\/11\/CiriosIsr01.jpg\" alt=\"\" class=\"wp-image-2756\"\/><figcaption>Document\u00e1rio sobre o C\u00edrio de Nazar\u00e9 que passou pela Terra Santa <\/figcaption><\/figure><\/div>\n\n\n\n<p>&nbsp;<strong>Exclus\u00e3o inesperada &#8211; <\/strong><em>Como n\u00e3o moro no Brasil j\u00e1 h\u00e1 quase 15 anos, acabo sabendo dessa exclus\u00e3o por colegas, amigos e familiares &#8211; gente &nbsp;que acompanhou de perto ou de longe o processo que foi fazer esses dois projetos internacionais. Sempre me perguntam nessas ocasi\u00f5es retrospectivas: &nbsp;por que tu n\u00e3o \u00e9s ouvido quando se fala dessas tuas produ\u00e7\u00f5es em Portugal e Israel?&nbsp;Foi assim durante a veicula\u00e7\u00e3o de v\u00eddeos e materiais comemorativos dos 30, 35, 40 e agora dos 45 anos da emissora. Nada contra que ou\u00e7am Carla Eluan e Layse Santos, duas profissionais brilhantes, colegas queridas, que foram os rostos e pessoas fundamentais na realiza\u00e7\u00e3o dos dois projetos \u2013 assim como o saudoso Gouvea J\u00fanior,&nbsp;o cameraman dos sonhos, e o mago Benedito Barbosa, editor de imagens 10 estrelas, que comigo fez a montagem dos dois document\u00e1rios e mais de oito reportagens especiais,&nbsp;noite adentro em longas &nbsp;semanas de \u00e1rduo trabalho artesanal \u2013 vale lembrar que eram tempos em que a tecnologia de v\u00eddeo digital ainda era rudimentar em compara\u00e7\u00e3o \u00e0 essa que os garotos disp\u00f5em hoje nos seus &nbsp;smartphones.<\/em><\/p>\n\n\n\n<div class=\"wp-block-image\"><figure class=\"aligncenter size-large\"><img loading=\"lazy\" decoding=\"async\" width=\"1000\" height=\"592\" src=\"https:\/\/dedemesquita.com.br\/wp-content\/uploads\/2021\/11\/EDVAN_COUTINHO.jpg\" alt=\"\" class=\"wp-image-2760\" srcset=\"https:\/\/dedemesquita.com.br\/wp-content\/uploads\/2021\/11\/EDVAN_COUTINHO.jpg 1000w, https:\/\/dedemesquita.com.br\/wp-content\/uploads\/2021\/11\/EDVAN_COUTINHO-768x455.jpg 768w\" sizes=\"(max-width: 1000px) 100vw, 1000px\" \/><figcaption>Edvan Coutinho, Gouv\u00eaa Jr. e Carla Eluan em Portugal <\/figcaption><\/figure><\/div>\n\n\n\n<p><strong>Projetos internacionais &#8211; <\/strong><em>Nos dois projetos internacionais, boa parte da cobertura dos custos de produ\u00e7\u00e3o foi conseguida por mim, por meio de propostas de apoio prontamente acolhidas pelo ent\u00e3o c\u00f4nsul de Portugal em Bel\u00e9m e pelo Minist\u00e9rio Israelense do Turismo. O primeiro conseguiu que tiv\u00e9ssemos apoio das prefeituras das cidades portuguesas de Nazar\u00e9, Santar\u00e9m, \u00d3bidos e Mafra. J\u00e1 dos israelenses, lembro-me de estar em f\u00e9rias na Capad\u00f3cia, Turquia, em junho de 1999, quando fui localizado pelo escrit\u00f3rio do Minist\u00e9rio em Madrid, que se ocupava da Am\u00e9rica Latina e para onde meu pedido \u00e0 embaixada israelense em Bras\u00edlia tinha sido encaminhado. Queriam acertar o que poderiam fazer para apoiar a realiza\u00e7\u00e3o do document\u00e1rio. Acabaram nos disponibilizando transporte interno por van com motorista, guia e int\u00e9rprete, al\u00e9m de custear toda a hospedagem em Israel.<\/em><\/p>\n\n\n\n<div class=\"wp-block-image\"><figure class=\"aligncenter size-large\"><img loading=\"lazy\" decoding=\"async\" width=\"1229\" height=\"885\" src=\"https:\/\/dedemesquita.com.br\/wp-content\/uploads\/2021\/11\/CiriosIsr03.jpg\" alt=\"\" class=\"wp-image-2757\" srcset=\"https:\/\/dedemesquita.com.br\/wp-content\/uploads\/2021\/11\/CiriosIsr03.jpg 1229w, https:\/\/dedemesquita.com.br\/wp-content\/uploads\/2021\/11\/CiriosIsr03-768x553.jpg 768w\" sizes=\"(max-width: 1229px) 100vw, 1229px\" \/><figcaption>Cr\u00e9dito do document\u00e1rio no qual \u00e9 mostrado o trabalho de Edvan Coutinho <\/figcaption><\/figure><\/div>\n\n\n\n<p><em>Uma amiga, tamb\u00e9m jornalista paraense, acredita que boa parte desses lapsos se deve \u00e0 renova\u00e7\u00e3o constante da reda\u00e7\u00e3o na avenida Nazar\u00e9: \u201cAh!, l\u00e1 est\u00e1 cheio de \u2018xovens\u2019 que n\u00e3o conhecem nada da hist\u00f3ria de onde trabalham; &nbsp;eram ainda crian\u00e7as no tempo dessas produ\u00e7\u00f5es\u201d. Pode ser, mas &nbsp;a s\u00edndrome da mem\u00f3ria seletiva faz as cabe\u00e7as jovens ou mais maduras da TV Liberal esquecerem que s\u00e3o&nbsp;fatos que &nbsp;ficaram registrados para sempre e que s\u00e3o &nbsp;facilmente comprovados: basta olhar os cr\u00e9ditos dos document\u00e1rios e das reportagens especiais, como as fotos aqui postadas.<\/em><\/p>\n\n\n\n<p><strong>Lapsos de mem\u00f3ria &#8211; <\/strong><em>Sempre fui um jornalista dos bastidores. &nbsp;\u201cEu quero \u00e9 que voc\u00eas brilhem\u201d \u2013 era o que eu costumava &nbsp;dizer, bem-humorado, \u00e0s dezenas de &nbsp;colegas rep\u00f3rteres e apresentadores com quem tive o privil\u00e9gio de trabalhar, tanto na TV Liberal &nbsp;quanto na &nbsp;Funtelpa, onde fui diretor da TV Cultura nos \u00faltimos quatro anos, antes de me mudar para a Europa. <\/em><\/p>\n\n\n\n<div class=\"wp-block-image\"><figure class=\"aligncenter size-large\"><img loading=\"lazy\" decoding=\"async\" width=\"1000\" height=\"652\" src=\"https:\/\/dedemesquita.com.br\/wp-content\/uploads\/2021\/11\/EDVAN2.jpg\" alt=\"\" class=\"wp-image-2761\" srcset=\"https:\/\/dedemesquita.com.br\/wp-content\/uploads\/2021\/11\/EDVAN2.jpg 1000w, https:\/\/dedemesquita.com.br\/wp-content\/uploads\/2021\/11\/EDVAN2-768x501.jpg 768w\" sizes=\"(max-width: 1000px) 100vw, 1000px\" \/><figcaption>A rep\u00f3rter Carla Eluan gravando passagem com o cameraman Gouv\u00eaa Jr., em Portugal (foto de Edvan Coutinho)<\/figcaption><\/figure><\/div>\n\n\n\n<p><em>Agora, por\u00e9m, penso que \u00e9 hora de ajudar a sanar esses lapsos de mem\u00f3ria. Talvez pense isso porque os ecos de Bel\u00e9m do Par\u00e1 sobre o v\u00eddeo do meu depoimento chegaram a mim nas semanas que estava de f\u00e9rias em Creta e na \u00c1tica, onde viveram Plat\u00e3o e Arist\u00f3teles. E me veio \u00e0 cabe\u00e7a o que os dois conclu\u00edram sobre &nbsp;a verdade: essa seria a \u201cexata correspond\u00eancia de um enunciado com a realidade da coisa por ele proferida\u201d.<\/em><\/p>\n","protected":false},"excerpt":{"rendered":"<p>O jornalista paraense Edvan Feitosa, que mora e trabalha na cidade de Bruges, na B\u00e9lgica, mandou um relato sobre a mem\u00f3ria seletiva que observou nas homenagens que a TV Liberal fez aos seus colaboradores pelos 45 anos da emissora, celebrados em 2021. Leia a seguir: &#8220;A mem\u00f3ria da TV Liberal, em Bel\u00e9m do Par\u00e1, sofre&nbsp;lapsos [&hellip;]<\/p>\n","protected":false},"author":2,"featured_media":2758,"comment_status":"open","ping_status":"open","sticky":false,"template":"","format":"standard","meta":{"footnotes":""},"categories":[51,14,29],"tags":[137],"class_list":["post-2754","post","type-post","status-publish","format-standard","has-post-thumbnail","hentry","category-destaque","category-imprensa","category-jornalismo","tag-tv-liberal"],"yoast_head":"<!-- This site is optimized with the Yoast SEO plugin v19.10 - https:\/\/yoast.com\/wordpress\/plugins\/seo\/ -->\n<title>A mem\u00f3ria (seletiva) da TV Liberal - Ded\u00e9 Mesquita<\/title>\n<meta name=\"robots\" content=\"index, follow, max-snippet:-1, max-image-preview:large, max-video-preview:-1\" \/>\n<link rel=\"canonical\" href=\"https:\/\/dedemesquita.com.br\/?p=2754\" \/>\n<meta property=\"og:locale\" content=\"pt_BR\" \/>\n<meta property=\"og:type\" content=\"article\" \/>\n<meta property=\"og:title\" content=\"A mem\u00f3ria (seletiva) da TV Liberal - Ded\u00e9 Mesquita\" \/>\n<meta property=\"og:description\" content=\"O jornalista paraense Edvan Feitosa, que mora e trabalha na cidade de Bruges, na B\u00e9lgica, mandou um relato sobre a mem\u00f3ria seletiva que observou nas homenagens que a TV Liberal fez aos seus colaboradores pelos 45 anos da emissora, celebrados em 2021. Leia a seguir: &#8220;A mem\u00f3ria da TV Liberal, em Bel\u00e9m do Par\u00e1, sofre&nbsp;lapsos [&hellip;]\" \/>\n<meta property=\"og:url\" content=\"https:\/\/dedemesquita.com.br\/?p=2754\" \/>\n<meta property=\"og:site_name\" content=\"Ded\u00e9 Mesquita\" \/>\n<meta property=\"article:publisher\" content=\"https:\/\/www.facebook.com\/dede.mesquita\" \/>\n<meta property=\"article:published_time\" content=\"2021-11-01T13:08:08+00:00\" \/>\n<meta property=\"article:modified_time\" content=\"2021-11-01T13:48:19+00:00\" \/>\n<meta property=\"og:image\" content=\"https:\/\/dedemesquita.com.br\/wp-content\/uploads\/2021\/11\/CiriosPT02.jpg\" \/>\n\t<meta property=\"og:image:width\" content=\"997\" \/>\n\t<meta property=\"og:image:height\" content=\"653\" \/>\n\t<meta property=\"og:image:type\" content=\"image\/jpeg\" \/>\n<meta name=\"author\" content=\"Ded\u00e9 Mesquita\" \/>\n<meta name=\"twitter:card\" content=\"summary_large_image\" \/>\n<meta name=\"twitter:creator\" content=\"@dedemesquita\" \/>\n<meta name=\"twitter:site\" content=\"@dedemesquita\" \/>\n<meta name=\"twitter:label1\" content=\"Escrito por\" \/>\n\t<meta name=\"twitter:data1\" content=\"Ded\u00e9 Mesquita\" \/>\n\t<meta name=\"twitter:label2\" content=\"Est. tempo de leitura\" \/>\n\t<meta name=\"twitter:data2\" content=\"7 minutos\" \/>\n<script type=\"application\/ld+json\" class=\"yoast-schema-graph\">{\"@context\":\"https:\/\/schema.org\",\"@graph\":[{\"@type\":\"WebPage\",\"@id\":\"https:\/\/dedemesquita.com.br\/?p=2754\",\"url\":\"https:\/\/dedemesquita.com.br\/?p=2754\",\"name\":\"A mem\u00f3ria (seletiva) da TV Liberal - Ded\u00e9 Mesquita\",\"isPartOf\":{\"@id\":\"https:\/\/dedemesquita.com.br\/#website\"},\"datePublished\":\"2021-11-01T13:08:08+00:00\",\"dateModified\":\"2021-11-01T13:48:19+00:00\",\"author\":{\"@id\":\"https:\/\/dedemesquita.com.br\/#\/schema\/person\/36571f81dd2d76dc3ab37231542c9e24\"},\"breadcrumb\":{\"@id\":\"https:\/\/dedemesquita.com.br\/?p=2754#breadcrumb\"},\"inLanguage\":\"pt-BR\",\"potentialAction\":[{\"@type\":\"ReadAction\",\"target\":[\"https:\/\/dedemesquita.com.br\/?p=2754\"]}]},{\"@type\":\"BreadcrumbList\",\"@id\":\"https:\/\/dedemesquita.com.br\/?p=2754#breadcrumb\",\"itemListElement\":[{\"@type\":\"ListItem\",\"position\":1,\"name\":\"In\u00edcio\",\"item\":\"https:\/\/dedemesquita.com.br\/\"},{\"@type\":\"ListItem\",\"position\":2,\"name\":\"A mem\u00f3ria (seletiva) da TV Liberal\"}]},{\"@type\":\"WebSite\",\"@id\":\"https:\/\/dedemesquita.com.br\/#website\",\"url\":\"https:\/\/dedemesquita.com.br\/\",\"name\":\"Ded\u00e9 Mesquita\",\"description\":\"Um site que mostra os bastidores da imprensa no estado do Par\u00e1 e em Bel\u00e9m\",\"potentialAction\":[{\"@type\":\"SearchAction\",\"target\":{\"@type\":\"EntryPoint\",\"urlTemplate\":\"https:\/\/dedemesquita.com.br\/?s={search_term_string}\"},\"query-input\":\"required name=search_term_string\"}],\"inLanguage\":\"pt-BR\"},{\"@type\":\"Person\",\"@id\":\"https:\/\/dedemesquita.com.br\/#\/schema\/person\/36571f81dd2d76dc3ab37231542c9e24\",\"name\":\"Ded\u00e9 Mesquita\",\"image\":{\"@type\":\"ImageObject\",\"inLanguage\":\"pt-BR\",\"@id\":\"https:\/\/dedemesquita.com.br\/#\/schema\/person\/image\/\",\"url\":\"https:\/\/dedemesquita.com.br\/wp-content\/uploads\/2021\/02\/foto_perfil-150x150.jpg\",\"contentUrl\":\"https:\/\/dedemesquita.com.br\/wp-content\/uploads\/2021\/02\/foto_perfil-150x150.jpg\",\"caption\":\"Ded\u00e9 Mesquita\"},\"sameAs\":[\"https:\/\/dedemesquita.com.br\"]}]}<\/script>\n<!-- \/ Yoast SEO plugin. -->","yoast_head_json":{"title":"A mem\u00f3ria (seletiva) da TV Liberal - Ded\u00e9 Mesquita","robots":{"index":"index","follow":"follow","max-snippet":"max-snippet:-1","max-image-preview":"max-image-preview:large","max-video-preview":"max-video-preview:-1"},"canonical":"https:\/\/dedemesquita.com.br\/?p=2754","og_locale":"pt_BR","og_type":"article","og_title":"A mem\u00f3ria (seletiva) da TV Liberal - Ded\u00e9 Mesquita","og_description":"O jornalista paraense Edvan Feitosa, que mora e trabalha na cidade de Bruges, na B\u00e9lgica, mandou um relato sobre a mem\u00f3ria seletiva que observou nas homenagens que a TV Liberal fez aos seus colaboradores pelos 45 anos da emissora, celebrados em 2021. Leia a seguir: &#8220;A mem\u00f3ria da TV Liberal, em Bel\u00e9m do Par\u00e1, sofre&nbsp;lapsos [&hellip;]","og_url":"https:\/\/dedemesquita.com.br\/?p=2754","og_site_name":"Ded\u00e9 Mesquita","article_publisher":"https:\/\/www.facebook.com\/dede.mesquita","article_published_time":"2021-11-01T13:08:08+00:00","article_modified_time":"2021-11-01T13:48:19+00:00","og_image":[{"width":997,"height":653,"url":"https:\/\/dedemesquita.com.br\/wp-content\/uploads\/2021\/11\/CiriosPT02.jpg","type":"image\/jpeg"}],"author":"Ded\u00e9 Mesquita","twitter_card":"summary_large_image","twitter_creator":"@dedemesquita","twitter_site":"@dedemesquita","twitter_misc":{"Escrito por":"Ded\u00e9 Mesquita","Est. tempo de leitura":"7 minutos"},"schema":{"@context":"https:\/\/schema.org","@graph":[{"@type":"WebPage","@id":"https:\/\/dedemesquita.com.br\/?p=2754","url":"https:\/\/dedemesquita.com.br\/?p=2754","name":"A mem\u00f3ria (seletiva) da TV Liberal - Ded\u00e9 Mesquita","isPartOf":{"@id":"https:\/\/dedemesquita.com.br\/#website"},"datePublished":"2021-11-01T13:08:08+00:00","dateModified":"2021-11-01T13:48:19+00:00","author":{"@id":"https:\/\/dedemesquita.com.br\/#\/schema\/person\/36571f81dd2d76dc3ab37231542c9e24"},"breadcrumb":{"@id":"https:\/\/dedemesquita.com.br\/?p=2754#breadcrumb"},"inLanguage":"pt-BR","potentialAction":[{"@type":"ReadAction","target":["https:\/\/dedemesquita.com.br\/?p=2754"]}]},{"@type":"BreadcrumbList","@id":"https:\/\/dedemesquita.com.br\/?p=2754#breadcrumb","itemListElement":[{"@type":"ListItem","position":1,"name":"In\u00edcio","item":"https:\/\/dedemesquita.com.br\/"},{"@type":"ListItem","position":2,"name":"A mem\u00f3ria (seletiva) da TV Liberal"}]},{"@type":"WebSite","@id":"https:\/\/dedemesquita.com.br\/#website","url":"https:\/\/dedemesquita.com.br\/","name":"Ded\u00e9 Mesquita","description":"Um site que mostra os bastidores da imprensa no estado do Par\u00e1 e em Bel\u00e9m","potentialAction":[{"@type":"SearchAction","target":{"@type":"EntryPoint","urlTemplate":"https:\/\/dedemesquita.com.br\/?s={search_term_string}"},"query-input":"required name=search_term_string"}],"inLanguage":"pt-BR"},{"@type":"Person","@id":"https:\/\/dedemesquita.com.br\/#\/schema\/person\/36571f81dd2d76dc3ab37231542c9e24","name":"Ded\u00e9 Mesquita","image":{"@type":"ImageObject","inLanguage":"pt-BR","@id":"https:\/\/dedemesquita.com.br\/#\/schema\/person\/image\/","url":"https:\/\/dedemesquita.com.br\/wp-content\/uploads\/2021\/02\/foto_perfil-150x150.jpg","contentUrl":"https:\/\/dedemesquita.com.br\/wp-content\/uploads\/2021\/02\/foto_perfil-150x150.jpg","caption":"Ded\u00e9 Mesquita"},"sameAs":["https:\/\/dedemesquita.com.br"]}]}},"_links":{"self":[{"href":"https:\/\/dedemesquita.com.br\/index.php?rest_route=\/wp\/v2\/posts\/2754"}],"collection":[{"href":"https:\/\/dedemesquita.com.br\/index.php?rest_route=\/wp\/v2\/posts"}],"about":[{"href":"https:\/\/dedemesquita.com.br\/index.php?rest_route=\/wp\/v2\/types\/post"}],"author":[{"embeddable":true,"href":"https:\/\/dedemesquita.com.br\/index.php?rest_route=\/wp\/v2\/users\/2"}],"replies":[{"embeddable":true,"href":"https:\/\/dedemesquita.com.br\/index.php?rest_route=%2Fwp%2Fv2%2Fcomments&post=2754"}],"version-history":[{"count":3,"href":"https:\/\/dedemesquita.com.br\/index.php?rest_route=\/wp\/v2\/posts\/2754\/revisions"}],"predecessor-version":[{"id":2769,"href":"https:\/\/dedemesquita.com.br\/index.php?rest_route=\/wp\/v2\/posts\/2754\/revisions\/2769"}],"wp:featuredmedia":[{"embeddable":true,"href":"https:\/\/dedemesquita.com.br\/index.php?rest_route=\/wp\/v2\/media\/2758"}],"wp:attachment":[{"href":"https:\/\/dedemesquita.com.br\/index.php?rest_route=%2Fwp%2Fv2%2Fmedia&parent=2754"}],"wp:term":[{"taxonomy":"category","embeddable":true,"href":"https:\/\/dedemesquita.com.br\/index.php?rest_route=%2Fwp%2Fv2%2Fcategories&post=2754"},{"taxonomy":"post_tag","embeddable":true,"href":"https:\/\/dedemesquita.com.br\/index.php?rest_route=%2Fwp%2Fv2%2Ftags&post=2754"}],"curies":[{"name":"wp","href":"https:\/\/api.w.org\/{rel}","templated":true}]}}