{"id":2717,"date":"2021-10-30T12:05:22","date_gmt":"2021-10-30T15:05:22","guid":{"rendered":"https:\/\/dedemesquita.com.br\/?p=2717"},"modified":"2021-10-30T12:19:01","modified_gmt":"2021-10-30T15:19:01","slug":"entrega-do-premio-sebrae-de-jornalismo-etapa-para-foi-um-sucesso","status":"publish","type":"post","link":"https:\/\/dedemesquita.com.br\/?p=2717","title":{"rendered":"Entrega do pr\u00eamio Sebrae de Jornalismo, etapa Par\u00e1, foi um sucesso"},"content":{"rendered":"\n<p>Na postagem de sexta-feira, 29, foram conhecidos e mostrado os vencedores do pr\u00eamio Sebrae do Jornalismo, etapa Par\u00e1, que voltou a ser disputado depois de um espa\u00e7o de seis anos. Veja aqui: <a href=\"https:\/\/dedemesquita.com.br\/vencedores-do-premio-sebrae-de-jornalismo-no-para-sao-revelados\/\"><strong>Vencedores do pr\u00eamio Sebrae de Jornalismo, no Par\u00e1, s\u00e3o revelados<\/strong><\/a>. A festa foi na noite de quinta-feira, 28, em Bel\u00e9m. <\/p>\n\n\n\n<p>A festa foi t\u00e3o bacana, mas t\u00e3o bacana, que temos mais fotos para mostrar como foi. Veja agora: <\/p>\n\n\n\n<div class=\"wp-block-image\"><figure class=\"aligncenter size-large\"><img loading=\"lazy\" decoding=\"async\" width=\"1368\" height=\"913\" src=\"https:\/\/dedemesquita.com.br\/wp-content\/uploads\/2021\/10\/WhatsApp-Image-2021-10-29-at-19.35.26-2.jpeg\" alt=\"\" class=\"wp-image-2741\" srcset=\"https:\/\/dedemesquita.com.br\/wp-content\/uploads\/2021\/10\/WhatsApp-Image-2021-10-29-at-19.35.26-2.jpeg 1368w, https:\/\/dedemesquita.com.br\/wp-content\/uploads\/2021\/10\/WhatsApp-Image-2021-10-29-at-19.35.26-2-768x513.jpeg 768w\" sizes=\"(max-width: 1368px) 100vw, 1368px\" \/><figcaption>Jecyone Pinheiro, do Sebrae-PA, e Priscilla Castro, da TV Liberal (foto de Uch\u00f4a Silva)<\/figcaption><\/figure><\/div>\n\n\n\n<div class=\"wp-block-image\"><figure class=\"aligncenter size-large\"><img loading=\"lazy\" decoding=\"async\" width=\"1369\" height=\"914\" src=\"https:\/\/dedemesquita.com.br\/wp-content\/uploads\/2021\/10\/WhatsApp-Image-2021-10-29-at-19.35.23.jpeg\" alt=\"\" class=\"wp-image-2718\" srcset=\"https:\/\/dedemesquita.com.br\/wp-content\/uploads\/2021\/10\/WhatsApp-Image-2021-10-29-at-19.35.23.jpeg 1369w, https:\/\/dedemesquita.com.br\/wp-content\/uploads\/2021\/10\/WhatsApp-Image-2021-10-29-at-19.35.23-768x513.jpeg 768w\" sizes=\"(max-width: 1369px) 100vw, 1369px\" \/><figcaption>Priscilla Castro comandou o bate-papo com a jornalista Maria C\u00e2ndida, rep\u00f3rter do programa \u00c9 de Casa, da Rede Globo (foto de Uch\u00f4a Silva)<\/figcaption><\/figure><\/div>\n\n\n\n<div class=\"wp-block-image\"><figure class=\"aligncenter size-large\"><img loading=\"lazy\" decoding=\"async\" width=\"1368\" height=\"913\" src=\"https:\/\/dedemesquita.com.br\/wp-content\/uploads\/2021\/10\/WhatsApp-Image-2021-10-29-at-19.35.29-1.jpeg\" alt=\"\" class=\"wp-image-2740\" srcset=\"https:\/\/dedemesquita.com.br\/wp-content\/uploads\/2021\/10\/WhatsApp-Image-2021-10-29-at-19.35.29-1.jpeg 1368w, https:\/\/dedemesquita.com.br\/wp-content\/uploads\/2021\/10\/WhatsApp-Image-2021-10-29-at-19.35.29-1-768x513.jpeg 768w\" sizes=\"(max-width: 1368px) 100vw, 1368px\" \/><figcaption>\u00daltima conversa pra alinhar os detalhes do bate-papo (foto de Uch\u00f4a Silva)<\/figcaption><\/figure><\/div>\n\n\n\n<div class=\"wp-block-image\"><figure class=\"aligncenter size-large\"><img loading=\"lazy\" decoding=\"async\" width=\"1368\" height=\"913\" src=\"https:\/\/dedemesquita.com.br\/wp-content\/uploads\/2021\/10\/WhatsApp-Image-2021-10-29-at-19.35.27.jpeg\" alt=\"\" class=\"wp-image-2720\" srcset=\"https:\/\/dedemesquita.com.br\/wp-content\/uploads\/2021\/10\/WhatsApp-Image-2021-10-29-at-19.35.27.jpeg 1368w, https:\/\/dedemesquita.com.br\/wp-content\/uploads\/2021\/10\/WhatsApp-Image-2021-10-29-at-19.35.27-768x513.jpeg 768w\" sizes=\"(max-width: 1368px) 100vw, 1368px\" \/><figcaption>O premiado duas vezes, Celso Freire (foto de Uch\u00f4a Silva)<\/figcaption><\/figure><\/div>\n\n\n\n<div class=\"wp-block-image\"><figure class=\"aligncenter size-large\"><img loading=\"lazy\" decoding=\"async\" width=\"1368\" height=\"913\" src=\"https:\/\/dedemesquita.com.br\/wp-content\/uploads\/2021\/10\/WhatsApp-Image-2021-10-29-at-19.35.26-1.jpeg\" alt=\"\" class=\"wp-image-2721\" srcset=\"https:\/\/dedemesquita.com.br\/wp-content\/uploads\/2021\/10\/WhatsApp-Image-2021-10-29-at-19.35.26-1.jpeg 1368w, https:\/\/dedemesquita.com.br\/wp-content\/uploads\/2021\/10\/WhatsApp-Image-2021-10-29-at-19.35.26-1-768x513.jpeg 768w\" sizes=\"(max-width: 1368px) 100vw, 1368px\" \/><figcaption>Silvaneide Guedes, do Sebrae-Par\u00e1 (foto de Uch\u00f4a Silva)<\/figcaption><\/figure><\/div>\n\n\n\n<div class=\"wp-block-image\"><figure class=\"aligncenter size-large\"><img loading=\"lazy\" decoding=\"async\" width=\"1368\" height=\"913\" src=\"https:\/\/dedemesquita.com.br\/wp-content\/uploads\/2021\/10\/WhatsApp-Image-2021-10-29-at-19.35.26.jpeg\" alt=\"\" class=\"wp-image-2722\" srcset=\"https:\/\/dedemesquita.com.br\/wp-content\/uploads\/2021\/10\/WhatsApp-Image-2021-10-29-at-19.35.26.jpeg 1368w, https:\/\/dedemesquita.com.br\/wp-content\/uploads\/2021\/10\/WhatsApp-Image-2021-10-29-at-19.35.26-768x513.jpeg 768w\" sizes=\"(max-width: 1368px) 100vw, 1368px\" \/><figcaption>Jecyone e Priscilla (foto de Uch\u00f4a Silva)<\/figcaption><\/figure><\/div>\n\n\n\n<div class=\"wp-block-image\"><figure class=\"aligncenter size-large\"><img loading=\"lazy\" decoding=\"async\" width=\"1369\" height=\"914\" src=\"https:\/\/dedemesquita.com.br\/wp-content\/uploads\/2021\/10\/WhatsApp-Image-2021-10-29-at-19.35.25.jpeg\" alt=\"\" class=\"wp-image-2724\" srcset=\"https:\/\/dedemesquita.com.br\/wp-content\/uploads\/2021\/10\/WhatsApp-Image-2021-10-29-at-19.35.25.jpeg 1369w, https:\/\/dedemesquita.com.br\/wp-content\/uploads\/2021\/10\/WhatsApp-Image-2021-10-29-at-19.35.25-768x513.jpeg 768w\" sizes=\"(max-width: 1369px) 100vw, 1369px\" \/><figcaption>O casal Raimundo Pacc\u00f3, fot\u00f3grafo, e N\u00e1tia Ney Machado, jornalista da Funtelpa (foto de Uch\u00f4a Silva)<\/figcaption><\/figure><\/div>\n\n\n\n<div class=\"wp-block-image\"><figure class=\"aligncenter size-large\"><img loading=\"lazy\" decoding=\"async\" width=\"1368\" height=\"913\" src=\"https:\/\/dedemesquita.com.br\/wp-content\/uploads\/2021\/10\/WhatsApp-Image-2021-10-29-at-19.35.24-1.jpeg\" alt=\"\" class=\"wp-image-2725\" srcset=\"https:\/\/dedemesquita.com.br\/wp-content\/uploads\/2021\/10\/WhatsApp-Image-2021-10-29-at-19.35.24-1.jpeg 1368w, https:\/\/dedemesquita.com.br\/wp-content\/uploads\/2021\/10\/WhatsApp-Image-2021-10-29-at-19.35.24-1-768x513.jpeg 768w\" sizes=\"(max-width: 1368px) 100vw, 1368px\" \/><figcaption>Julize Garcia, F\u00e1bia Sep\u00eada, Thais Bel\u00e9m e Jorge Paix\u00e3o, da TV Liberal, premiados tamb\u00e9m (foto de Uch\u00f4a Silva)<\/figcaption><\/figure><\/div>\n\n\n\n<div class=\"wp-block-image\"><figure class=\"aligncenter size-large\"><img loading=\"lazy\" decoding=\"async\" width=\"1368\" height=\"913\" src=\"https:\/\/dedemesquita.com.br\/wp-content\/uploads\/2021\/10\/WhatsApp-Image-2021-10-29-at-19.35.24.jpeg\" alt=\"\" class=\"wp-image-2726\" srcset=\"https:\/\/dedemesquita.com.br\/wp-content\/uploads\/2021\/10\/WhatsApp-Image-2021-10-29-at-19.35.24.jpeg 1368w, https:\/\/dedemesquita.com.br\/wp-content\/uploads\/2021\/10\/WhatsApp-Image-2021-10-29-at-19.35.24-768x513.jpeg 768w\" sizes=\"(max-width: 1368px) 100vw, 1368px\" \/><figcaption>O diretor-superintendente do Sebrae no Par\u00e1, Rubens Magno, faz os agradecimentos (foto de Uch\u00f4a Silva)<\/figcaption><\/figure><\/div>\n\n\n\n<div class=\"wp-block-image\"><figure class=\"aligncenter size-large\"><img loading=\"lazy\" decoding=\"async\" width=\"1368\" height=\"913\" src=\"https:\/\/dedemesquita.com.br\/wp-content\/uploads\/2021\/10\/WhatsApp-Image-2021-10-29-at-19.35.23-1.jpeg\" alt=\"\" class=\"wp-image-2727\" srcset=\"https:\/\/dedemesquita.com.br\/wp-content\/uploads\/2021\/10\/WhatsApp-Image-2021-10-29-at-19.35.23-1.jpeg 1368w, https:\/\/dedemesquita.com.br\/wp-content\/uploads\/2021\/10\/WhatsApp-Image-2021-10-29-at-19.35.23-1-768x513.jpeg 768w\" sizes=\"(max-width: 1368px) 100vw, 1368px\" \/><figcaption>Equipe da TV Liberal recebendo um dos pr\u00eamios que ganhou na categoria V\u00eddeo (foto de Uch\u00f4a Silva)<\/figcaption><\/figure><\/div>\n\n\n\n<div class=\"wp-block-image\"><figure class=\"aligncenter size-large\"><img loading=\"lazy\" decoding=\"async\" width=\"1368\" height=\"913\" src=\"https:\/\/dedemesquita.com.br\/wp-content\/uploads\/2021\/10\/WhatsApp-Image-2021-10-29-at-19.35.22-2.jpeg\" alt=\"\" class=\"wp-image-2728\" srcset=\"https:\/\/dedemesquita.com.br\/wp-content\/uploads\/2021\/10\/WhatsApp-Image-2021-10-29-at-19.35.22-2.jpeg 1368w, https:\/\/dedemesquita.com.br\/wp-content\/uploads\/2021\/10\/WhatsApp-Image-2021-10-29-at-19.35.22-2-768x513.jpeg 768w\" sizes=\"(max-width: 1368px) 100vw, 1368px\" \/><figcaption>F\u00e1bia Sep\u00eada e Thais Bel\u00e9m, da TV Liberal (foto de Uch\u00f4a Silva)<\/figcaption><\/figure><\/div>\n\n\n\n<div class=\"wp-block-image\"><figure class=\"aligncenter size-large\"><img loading=\"lazy\" decoding=\"async\" width=\"1368\" height=\"913\" src=\"https:\/\/dedemesquita.com.br\/wp-content\/uploads\/2021\/10\/WhatsApp-Image-2021-10-29-at-19.35.22-1.jpeg\" alt=\"\" class=\"wp-image-2729\" srcset=\"https:\/\/dedemesquita.com.br\/wp-content\/uploads\/2021\/10\/WhatsApp-Image-2021-10-29-at-19.35.22-1.jpeg 1368w, https:\/\/dedemesquita.com.br\/wp-content\/uploads\/2021\/10\/WhatsApp-Image-2021-10-29-at-19.35.22-1-768x513.jpeg 768w\" sizes=\"(max-width: 1368px) 100vw, 1368px\" \/><figcaption>Assessoras de comunica\u00e7\u00e3o do Sebrae-Par\u00e1, o diretor Rubens Magnos e as juradas do pr\u00eamio em 2021, Ana Prado, da UFPA, e Aline Brelaz, da Comus\/Ag\u00eancia Bel\u00e9m (foto de Uch\u00f4a Silva)<\/figcaption><\/figure><\/div>\n\n\n\n<div class=\"wp-block-image\"><figure class=\"aligncenter size-large\"><img loading=\"lazy\" decoding=\"async\" width=\"1368\" height=\"913\" src=\"https:\/\/dedemesquita.com.br\/wp-content\/uploads\/2021\/10\/WhatsApp-Image-2021-10-29-at-19.35.22.jpeg\" alt=\"\" class=\"wp-image-2732\" srcset=\"https:\/\/dedemesquita.com.br\/wp-content\/uploads\/2021\/10\/WhatsApp-Image-2021-10-29-at-19.35.22.jpeg 1368w, https:\/\/dedemesquita.com.br\/wp-content\/uploads\/2021\/10\/WhatsApp-Image-2021-10-29-at-19.35.22-768x513.jpeg 768w\" sizes=\"(max-width: 1368px) 100vw, 1368px\" \/><figcaption>C\u00e9lia Pinho e Den\u00edlson d &#8216; Almeida (foto de Uch\u00f4a Silva)<\/figcaption><\/figure><\/div>\n\n\n\n<div class=\"wp-block-image\"><figure class=\"aligncenter size-large\"><img loading=\"lazy\" decoding=\"async\" width=\"1368\" height=\"913\" src=\"https:\/\/dedemesquita.com.br\/wp-content\/uploads\/2021\/10\/WhatsApp-Image-2021-10-29-at-19.35.21-1.jpeg\" alt=\"\" class=\"wp-image-2733\" srcset=\"https:\/\/dedemesquita.com.br\/wp-content\/uploads\/2021\/10\/WhatsApp-Image-2021-10-29-at-19.35.21-1.jpeg 1368w, https:\/\/dedemesquita.com.br\/wp-content\/uploads\/2021\/10\/WhatsApp-Image-2021-10-29-at-19.35.21-1-768x513.jpeg 768w\" sizes=\"(max-width: 1368px) 100vw, 1368px\" \/><figcaption>Entrevista com diretor-superintendente do Sebrae no Par\u00e1, Rubens Magno. Ao fundo. Silvaneide Guedes, do Sebrae-PA (foto de Uch\u00f4a Silva)<\/figcaption><\/figure><\/div>\n\n\n\n<div class=\"wp-block-image\"><figure class=\"aligncenter size-large\"><img loading=\"lazy\" decoding=\"async\" width=\"1368\" height=\"913\" src=\"https:\/\/dedemesquita.com.br\/wp-content\/uploads\/2021\/10\/WhatsApp-Image-2021-10-29-at-19.35.21.jpeg\" alt=\"\" class=\"wp-image-2734\" srcset=\"https:\/\/dedemesquita.com.br\/wp-content\/uploads\/2021\/10\/WhatsApp-Image-2021-10-29-at-19.35.21.jpeg 1368w, https:\/\/dedemesquita.com.br\/wp-content\/uploads\/2021\/10\/WhatsApp-Image-2021-10-29-at-19.35.21-768x513.jpeg 768w\" sizes=\"(max-width: 1368px) 100vw, 1368px\" \/><figcaption>Comunica\u00e7\u00e3o do Sebrae-PA e diretor Rubens Magno (foto de Uch\u00f4a Silva)<\/figcaption><\/figure><\/div>\n\n\n\n<div class=\"wp-block-image\"><figure class=\"aligncenter size-large\"><img loading=\"lazy\" decoding=\"async\" width=\"1368\" height=\"913\" src=\"https:\/\/dedemesquita.com.br\/wp-content\/uploads\/2021\/10\/WhatsApp-Image-2021-10-29-at-19.35.20-1.jpeg\" alt=\"\" class=\"wp-image-2735\" srcset=\"https:\/\/dedemesquita.com.br\/wp-content\/uploads\/2021\/10\/WhatsApp-Image-2021-10-29-at-19.35.20-1.jpeg 1368w, https:\/\/dedemesquita.com.br\/wp-content\/uploads\/2021\/10\/WhatsApp-Image-2021-10-29-at-19.35.20-1-768x513.jpeg 768w\" sizes=\"(max-width: 1368px) 100vw, 1368px\" \/><figcaption>Turma do grupo RBA representada pelo diretor Camilo Centeno (foto de Uch\u00f4a Silva)<\/figcaption><\/figure><\/div>\n\n\n\n<div class=\"wp-block-image\"><figure class=\"aligncenter size-large\"><img loading=\"lazy\" decoding=\"async\" width=\"1368\" height=\"913\" src=\"https:\/\/dedemesquita.com.br\/wp-content\/uploads\/2021\/10\/WhatsApp-Image-2021-10-29-at-19.35.20.jpeg\" alt=\"\" class=\"wp-image-2736\" srcset=\"https:\/\/dedemesquita.com.br\/wp-content\/uploads\/2021\/10\/WhatsApp-Image-2021-10-29-at-19.35.20.jpeg 1368w, https:\/\/dedemesquita.com.br\/wp-content\/uploads\/2021\/10\/WhatsApp-Image-2021-10-29-at-19.35.20-768x513.jpeg 768w\" sizes=\"(max-width: 1368px) 100vw, 1368px\" \/><figcaption>Equipe da TV Liberal, duplamente premiada (foto de Uch\u00f4a Silva)<\/figcaption><\/figure><\/div>\n\n\n\n<div class=\"wp-block-image\"><figure class=\"aligncenter size-large\"><img loading=\"lazy\" decoding=\"async\" width=\"1368\" height=\"913\" src=\"https:\/\/dedemesquita.com.br\/wp-content\/uploads\/2021\/10\/WhatsApp-Image-2021-10-29-at-19.35.19-2.jpeg\" alt=\"\" class=\"wp-image-2737\" srcset=\"https:\/\/dedemesquita.com.br\/wp-content\/uploads\/2021\/10\/WhatsApp-Image-2021-10-29-at-19.35.19-2.jpeg 1368w, https:\/\/dedemesquita.com.br\/wp-content\/uploads\/2021\/10\/WhatsApp-Image-2021-10-29-at-19.35.19-2-768x513.jpeg 768w\" sizes=\"(max-width: 1368px) 100vw, 1368px\" \/><figcaption>Os premiados e Maria C\u00e2ndida e dire\u00e7\u00e3o do Sebrae-PA (foto de Uch\u00f4a Silva)<\/figcaption><\/figure><\/div>\n\n\n\n<div class=\"wp-block-image\"><figure class=\"aligncenter size-large\"><img loading=\"lazy\" decoding=\"async\" width=\"1368\" height=\"913\" src=\"https:\/\/dedemesquita.com.br\/wp-content\/uploads\/2021\/10\/WhatsApp-Image-2021-10-29-at-19.35.19-1.jpeg\" alt=\"\" class=\"wp-image-2738\" srcset=\"https:\/\/dedemesquita.com.br\/wp-content\/uploads\/2021\/10\/WhatsApp-Image-2021-10-29-at-19.35.19-1.jpeg 1368w, https:\/\/dedemesquita.com.br\/wp-content\/uploads\/2021\/10\/WhatsApp-Image-2021-10-29-at-19.35.19-1-768x513.jpeg 768w\" sizes=\"(max-width: 1368px) 100vw, 1368px\" \/><figcaption>Wellyda Farias, da r\u00e1dio Liberal (foto de Uch\u00f4a Silva)<\/figcaption><\/figure><\/div>\n\n\n\n<div class=\"wp-block-image\"><figure class=\"aligncenter size-large\"><img loading=\"lazy\" decoding=\"async\" width=\"1368\" height=\"913\" src=\"https:\/\/dedemesquita.com.br\/wp-content\/uploads\/2021\/10\/WhatsApp-Image-2021-10-29-at-19.35.19.jpeg\" alt=\"\" class=\"wp-image-2739\" srcset=\"https:\/\/dedemesquita.com.br\/wp-content\/uploads\/2021\/10\/WhatsApp-Image-2021-10-29-at-19.35.19.jpeg 1368w, https:\/\/dedemesquita.com.br\/wp-content\/uploads\/2021\/10\/WhatsApp-Image-2021-10-29-at-19.35.19-768x513.jpeg 768w\" sizes=\"(max-width: 1368px) 100vw, 1368px\" \/><figcaption>Os premiados na categoria <strong>\u00c1udi<\/strong>o, r\u00e1dio Liberal e R\u00e1dio Clube do Par\u00e1 (foto de Uch\u00f4a Silva)<\/figcaption><\/figure><\/div>\n\n\n\n<div class=\"wp-block-image\"><figure class=\"aligncenter size-large\"><img loading=\"lazy\" decoding=\"async\" width=\"1000\" height=\"666\" src=\"https:\/\/dedemesquita.com.br\/wp-content\/uploads\/2021\/10\/isma.jpg\" alt=\"\" class=\"wp-image-2744\" srcset=\"https:\/\/dedemesquita.com.br\/wp-content\/uploads\/2021\/10\/isma.jpg 1000w, https:\/\/dedemesquita.com.br\/wp-content\/uploads\/2021\/10\/isma-768x511.jpg 768w\" sizes=\"(max-width: 1000px) 100vw, 1000px\" \/><figcaption>Jecyone Pinheiro e o colunista de O Liberal, Ismaelino Pinto <\/figcaption><\/figure><\/div>\n\n\n\n<div class=\"wp-block-image\"><figure class=\"aligncenter size-large\"><img loading=\"lazy\" decoding=\"async\" width=\"857\" height=\"548\" src=\"https:\/\/dedemesquita.com.br\/wp-content\/uploads\/2021\/10\/jecyone.jpg\" alt=\"\" class=\"wp-image-2745\" srcset=\"https:\/\/dedemesquita.com.br\/wp-content\/uploads\/2021\/10\/jecyone.jpg 857w, https:\/\/dedemesquita.com.br\/wp-content\/uploads\/2021\/10\/jecyone-768x491.jpg 768w\" sizes=\"(max-width: 857px) 100vw, 857px\" \/><figcaption>Jecyone confere dos diplomas que seriam entregues <\/figcaption><\/figure><\/div>\n\n\n\n<div class=\"wp-block-image\"><figure class=\"aligncenter size-large\"><img loading=\"lazy\" decoding=\"async\" width=\"1000\" height=\"750\" src=\"https:\/\/dedemesquita.com.br\/wp-content\/uploads\/2021\/10\/luizao.jpg\" alt=\"\" class=\"wp-image-2746\" srcset=\"https:\/\/dedemesquita.com.br\/wp-content\/uploads\/2021\/10\/luizao.jpg 1000w, https:\/\/dedemesquita.com.br\/wp-content\/uploads\/2021\/10\/luizao-768x576.jpg 768w\" sizes=\"(max-width: 1000px) 100vw, 1000px\" \/><figcaption>Luiz &#8211; Luiz\u00e3o &#8211; Fl\u00e1vio Costa, Raquel Costa e Jecyone <\/figcaption><\/figure><\/div>\n\n\n\n<div class=\"wp-block-image\"><figure class=\"aligncenter size-large\"><img loading=\"lazy\" decoding=\"async\" width=\"960\" height=\"719\" src=\"https:\/\/dedemesquita.com.br\/wp-content\/uploads\/2021\/10\/meninas.jpg\" alt=\"\" class=\"wp-image-2747\" srcset=\"https:\/\/dedemesquita.com.br\/wp-content\/uploads\/2021\/10\/meninas.jpg 960w, https:\/\/dedemesquita.com.br\/wp-content\/uploads\/2021\/10\/meninas-768x575.jpg 768w\" sizes=\"(max-width: 960px) 100vw, 960px\" \/><figcaption>Jecyone, Juliane Rose e Silvaneide Guedes <\/figcaption><\/figure><\/div>\n\n\n\n<div class=\"wp-block-image\"><figure class=\"aligncenter size-large\"><img loading=\"lazy\" decoding=\"async\" width=\"1000\" height=\"749\" src=\"https:\/\/dedemesquita.com.br\/wp-content\/uploads\/2021\/10\/meninas2.jpg\" alt=\"\" class=\"wp-image-2748\" srcset=\"https:\/\/dedemesquita.com.br\/wp-content\/uploads\/2021\/10\/meninas2.jpg 1000w, https:\/\/dedemesquita.com.br\/wp-content\/uploads\/2021\/10\/meninas2-768x575.jpg 768w\" sizes=\"(max-width: 1000px) 100vw, 1000px\" \/><figcaption>Jecyone, Camila Delduque, N\u00e1tia Ney Machado e Ana Prado <\/figcaption><\/figure><\/div>\n","protected":false},"excerpt":{"rendered":"<p>Na postagem de sexta-feira, 29, foram conhecidos e mostrado os vencedores do pr\u00eamio Sebrae do Jornalismo, etapa Par\u00e1, que voltou a ser disputado depois de um espa\u00e7o de seis anos. Veja aqui: Vencedores do pr\u00eamio Sebrae de Jornalismo, no Par\u00e1, s\u00e3o revelados. A festa foi na noite de quinta-feira, 28, em Bel\u00e9m. A festa foi [&hellip;]<\/p>\n","protected":false},"author":2,"featured_media":2742,"comment_status":"open","ping_status":"open","sticky":false,"template":"","format":"standard","meta":{"footnotes":""},"categories":[51,14,29],"tags":[165,157,238,137],"class_list":["post-2717","post","type-post","status-publish","format-standard","has-post-thumbnail","hentry","category-destaque","category-imprensa","category-jornalismo","tag-radio-clube","tag-radio-liberal","tag-sebrae-para","tag-tv-liberal"],"yoast_head":"<!-- This site is optimized with the Yoast SEO plugin v19.10 - https:\/\/yoast.com\/wordpress\/plugins\/seo\/ -->\n<title>Entrega do pr\u00eamio Sebrae de Jornalismo, etapa Par\u00e1, foi um sucesso - Ded\u00e9 Mesquita<\/title>\n<meta name=\"robots\" content=\"index, follow, max-snippet:-1, max-image-preview:large, max-video-preview:-1\" \/>\n<link rel=\"canonical\" href=\"https:\/\/dedemesquita.com.br\/?p=2717\" \/>\n<meta property=\"og:locale\" content=\"pt_BR\" \/>\n<meta property=\"og:type\" content=\"article\" \/>\n<meta property=\"og:title\" content=\"Entrega do pr\u00eamio Sebrae de Jornalismo, etapa Par\u00e1, foi um sucesso - Ded\u00e9 Mesquita\" \/>\n<meta property=\"og:description\" content=\"Na postagem de sexta-feira, 29, foram conhecidos e mostrado os vencedores do pr\u00eamio Sebrae do Jornalismo, etapa Par\u00e1, que voltou a ser disputado depois de um espa\u00e7o de seis anos. Veja aqui: Vencedores do pr\u00eamio Sebrae de Jornalismo, no Par\u00e1, s\u00e3o revelados. A festa foi na noite de quinta-feira, 28, em Bel\u00e9m. A festa foi [&hellip;]\" \/>\n<meta property=\"og:url\" content=\"https:\/\/dedemesquita.com.br\/?p=2717\" \/>\n<meta property=\"og:site_name\" content=\"Ded\u00e9 Mesquita\" \/>\n<meta property=\"article:publisher\" content=\"https:\/\/www.facebook.com\/dede.mesquita\" \/>\n<meta property=\"article:published_time\" content=\"2021-10-30T15:05:22+00:00\" \/>\n<meta property=\"article:modified_time\" content=\"2021-10-30T15:19:01+00:00\" \/>\n<meta property=\"og:image\" content=\"https:\/\/dedemesquita.com.br\/wp-content\/uploads\/2021\/10\/CAPA_Sebrae.jpeg\" \/>\n\t<meta property=\"og:image:width\" content=\"1000\" \/>\n\t<meta property=\"og:image:height\" content=\"667\" \/>\n\t<meta property=\"og:image:type\" content=\"image\/jpeg\" \/>\n<meta name=\"author\" content=\"Ded\u00e9 Mesquita\" \/>\n<meta name=\"twitter:card\" content=\"summary_large_image\" \/>\n<meta name=\"twitter:creator\" content=\"@dedemesquita\" \/>\n<meta name=\"twitter:site\" content=\"@dedemesquita\" \/>\n<meta name=\"twitter:label1\" content=\"Escrito por\" \/>\n\t<meta name=\"twitter:data1\" content=\"Ded\u00e9 Mesquita\" \/>\n\t<meta name=\"twitter:label2\" content=\"Est. tempo de leitura\" \/>\n\t<meta name=\"twitter:data2\" content=\"7 minutos\" \/>\n<script type=\"application\/ld+json\" class=\"yoast-schema-graph\">{\"@context\":\"https:\/\/schema.org\",\"@graph\":[{\"@type\":\"WebPage\",\"@id\":\"https:\/\/dedemesquita.com.br\/?p=2717\",\"url\":\"https:\/\/dedemesquita.com.br\/?p=2717\",\"name\":\"Entrega do pr\u00eamio Sebrae de Jornalismo, etapa Par\u00e1, foi um sucesso - Ded\u00e9 Mesquita\",\"isPartOf\":{\"@id\":\"https:\/\/dedemesquita.com.br\/#website\"},\"datePublished\":\"2021-10-30T15:05:22+00:00\",\"dateModified\":\"2021-10-30T15:19:01+00:00\",\"author\":{\"@id\":\"https:\/\/dedemesquita.com.br\/#\/schema\/person\/36571f81dd2d76dc3ab37231542c9e24\"},\"breadcrumb\":{\"@id\":\"https:\/\/dedemesquita.com.br\/?p=2717#breadcrumb\"},\"inLanguage\":\"pt-BR\",\"potentialAction\":[{\"@type\":\"ReadAction\",\"target\":[\"https:\/\/dedemesquita.com.br\/?p=2717\"]}]},{\"@type\":\"BreadcrumbList\",\"@id\":\"https:\/\/dedemesquita.com.br\/?p=2717#breadcrumb\",\"itemListElement\":[{\"@type\":\"ListItem\",\"position\":1,\"name\":\"In\u00edcio\",\"item\":\"https:\/\/dedemesquita.com.br\/\"},{\"@type\":\"ListItem\",\"position\":2,\"name\":\"Entrega do pr\u00eamio Sebrae de Jornalismo, etapa Par\u00e1, foi um sucesso\"}]},{\"@type\":\"WebSite\",\"@id\":\"https:\/\/dedemesquita.com.br\/#website\",\"url\":\"https:\/\/dedemesquita.com.br\/\",\"name\":\"Ded\u00e9 Mesquita\",\"description\":\"Um site que mostra os bastidores da imprensa no estado do Par\u00e1 e em Bel\u00e9m\",\"potentialAction\":[{\"@type\":\"SearchAction\",\"target\":{\"@type\":\"EntryPoint\",\"urlTemplate\":\"https:\/\/dedemesquita.com.br\/?s={search_term_string}\"},\"query-input\":\"required name=search_term_string\"}],\"inLanguage\":\"pt-BR\"},{\"@type\":\"Person\",\"@id\":\"https:\/\/dedemesquita.com.br\/#\/schema\/person\/36571f81dd2d76dc3ab37231542c9e24\",\"name\":\"Ded\u00e9 Mesquita\",\"image\":{\"@type\":\"ImageObject\",\"inLanguage\":\"pt-BR\",\"@id\":\"https:\/\/dedemesquita.com.br\/#\/schema\/person\/image\/\",\"url\":\"https:\/\/dedemesquita.com.br\/wp-content\/uploads\/2021\/02\/foto_perfil-150x150.jpg\",\"contentUrl\":\"https:\/\/dedemesquita.com.br\/wp-content\/uploads\/2021\/02\/foto_perfil-150x150.jpg\",\"caption\":\"Ded\u00e9 Mesquita\"},\"sameAs\":[\"https:\/\/dedemesquita.com.br\"]}]}<\/script>\n<!-- \/ Yoast SEO plugin. -->","yoast_head_json":{"title":"Entrega do pr\u00eamio Sebrae de Jornalismo, etapa Par\u00e1, foi um sucesso - Ded\u00e9 Mesquita","robots":{"index":"index","follow":"follow","max-snippet":"max-snippet:-1","max-image-preview":"max-image-preview:large","max-video-preview":"max-video-preview:-1"},"canonical":"https:\/\/dedemesquita.com.br\/?p=2717","og_locale":"pt_BR","og_type":"article","og_title":"Entrega do pr\u00eamio Sebrae de Jornalismo, etapa Par\u00e1, foi um sucesso - Ded\u00e9 Mesquita","og_description":"Na postagem de sexta-feira, 29, foram conhecidos e mostrado os vencedores do pr\u00eamio Sebrae do Jornalismo, etapa Par\u00e1, que voltou a ser disputado depois de um espa\u00e7o de seis anos. Veja aqui: Vencedores do pr\u00eamio Sebrae de Jornalismo, no Par\u00e1, s\u00e3o revelados. A festa foi na noite de quinta-feira, 28, em Bel\u00e9m. A festa foi [&hellip;]","og_url":"https:\/\/dedemesquita.com.br\/?p=2717","og_site_name":"Ded\u00e9 Mesquita","article_publisher":"https:\/\/www.facebook.com\/dede.mesquita","article_published_time":"2021-10-30T15:05:22+00:00","article_modified_time":"2021-10-30T15:19:01+00:00","og_image":[{"width":1000,"height":667,"url":"https:\/\/dedemesquita.com.br\/wp-content\/uploads\/2021\/10\/CAPA_Sebrae.jpeg","type":"image\/jpeg"}],"author":"Ded\u00e9 Mesquita","twitter_card":"summary_large_image","twitter_creator":"@dedemesquita","twitter_site":"@dedemesquita","twitter_misc":{"Escrito por":"Ded\u00e9 Mesquita","Est. tempo de leitura":"7 minutos"},"schema":{"@context":"https:\/\/schema.org","@graph":[{"@type":"WebPage","@id":"https:\/\/dedemesquita.com.br\/?p=2717","url":"https:\/\/dedemesquita.com.br\/?p=2717","name":"Entrega do pr\u00eamio Sebrae de Jornalismo, etapa Par\u00e1, foi um sucesso - Ded\u00e9 Mesquita","isPartOf":{"@id":"https:\/\/dedemesquita.com.br\/#website"},"datePublished":"2021-10-30T15:05:22+00:00","dateModified":"2021-10-30T15:19:01+00:00","author":{"@id":"https:\/\/dedemesquita.com.br\/#\/schema\/person\/36571f81dd2d76dc3ab37231542c9e24"},"breadcrumb":{"@id":"https:\/\/dedemesquita.com.br\/?p=2717#breadcrumb"},"inLanguage":"pt-BR","potentialAction":[{"@type":"ReadAction","target":["https:\/\/dedemesquita.com.br\/?p=2717"]}]},{"@type":"BreadcrumbList","@id":"https:\/\/dedemesquita.com.br\/?p=2717#breadcrumb","itemListElement":[{"@type":"ListItem","position":1,"name":"In\u00edcio","item":"https:\/\/dedemesquita.com.br\/"},{"@type":"ListItem","position":2,"name":"Entrega do pr\u00eamio Sebrae de Jornalismo, etapa Par\u00e1, foi um sucesso"}]},{"@type":"WebSite","@id":"https:\/\/dedemesquita.com.br\/#website","url":"https:\/\/dedemesquita.com.br\/","name":"Ded\u00e9 Mesquita","description":"Um site que mostra os bastidores da imprensa no estado do Par\u00e1 e em Bel\u00e9m","potentialAction":[{"@type":"SearchAction","target":{"@type":"EntryPoint","urlTemplate":"https:\/\/dedemesquita.com.br\/?s={search_term_string}"},"query-input":"required name=search_term_string"}],"inLanguage":"pt-BR"},{"@type":"Person","@id":"https:\/\/dedemesquita.com.br\/#\/schema\/person\/36571f81dd2d76dc3ab37231542c9e24","name":"Ded\u00e9 Mesquita","image":{"@type":"ImageObject","inLanguage":"pt-BR","@id":"https:\/\/dedemesquita.com.br\/#\/schema\/person\/image\/","url":"https:\/\/dedemesquita.com.br\/wp-content\/uploads\/2021\/02\/foto_perfil-150x150.jpg","contentUrl":"https:\/\/dedemesquita.com.br\/wp-content\/uploads\/2021\/02\/foto_perfil-150x150.jpg","caption":"Ded\u00e9 Mesquita"},"sameAs":["https:\/\/dedemesquita.com.br"]}]}},"_links":{"self":[{"href":"https:\/\/dedemesquita.com.br\/index.php?rest_route=\/wp\/v2\/posts\/2717"}],"collection":[{"href":"https:\/\/dedemesquita.com.br\/index.php?rest_route=\/wp\/v2\/posts"}],"about":[{"href":"https:\/\/dedemesquita.com.br\/index.php?rest_route=\/wp\/v2\/types\/post"}],"author":[{"embeddable":true,"href":"https:\/\/dedemesquita.com.br\/index.php?rest_route=\/wp\/v2\/users\/2"}],"replies":[{"embeddable":true,"href":"https:\/\/dedemesquita.com.br\/index.php?rest_route=%2Fwp%2Fv2%2Fcomments&post=2717"}],"version-history":[{"count":3,"href":"https:\/\/dedemesquita.com.br\/index.php?rest_route=\/wp\/v2\/posts\/2717\/revisions"}],"predecessor-version":[{"id":2751,"href":"https:\/\/dedemesquita.com.br\/index.php?rest_route=\/wp\/v2\/posts\/2717\/revisions\/2751"}],"wp:featuredmedia":[{"embeddable":true,"href":"https:\/\/dedemesquita.com.br\/index.php?rest_route=\/wp\/v2\/media\/2742"}],"wp:attachment":[{"href":"https:\/\/dedemesquita.com.br\/index.php?rest_route=%2Fwp%2Fv2%2Fmedia&parent=2717"}],"wp:term":[{"taxonomy":"category","embeddable":true,"href":"https:\/\/dedemesquita.com.br\/index.php?rest_route=%2Fwp%2Fv2%2Fcategories&post=2717"},{"taxonomy":"post_tag","embeddable":true,"href":"https:\/\/dedemesquita.com.br\/index.php?rest_route=%2Fwp%2Fv2%2Ftags&post=2717"}],"curies":[{"name":"wp","href":"https:\/\/api.w.org\/{rel}","templated":true}]}}