{"id":2608,"date":"2021-10-21T09:55:24","date_gmt":"2021-10-21T12:55:24","guid":{"rendered":"https:\/\/dedemesquita.com.br\/?p=2608"},"modified":"2021-10-21T14:29:48","modified_gmt":"2021-10-21T17:29:48","slug":"calcadas-no-entorno-do-bosque-rodrigues-alves-estao-cheias-de-buracos","status":"publish","type":"post","link":"https:\/\/dedemesquita.com.br\/?p=2608","title":{"rendered":"Cal\u00e7adas no entorno do Bosque Rodrigues Alves est\u00e3o cheias de buracos"},"content":{"rendered":"\n<p>O m\u00e9dico veterin\u00e1rio e Mestre na Universidade Federal Rural da Amaz\u00f4nia (Ufra), Heriberto Figueiredo, fala, com grande preocupa\u00e7\u00e3o sobre as cal\u00e7adas que circundam o Bosque Rodrigues Alves, aponta outros problemas e apresenta algumas solu\u00e7\u00f5es e contribui\u00e7\u00f5es. <\/p>\n\n\n\n<p>O que mais causa estranheza \u00e9 que o Bosque foi reformado recentemente, mas as cal\u00e7adas est\u00e3o todas esburacadas. A reforma <strong>come\u00e7ou em novembro de 2020<\/strong>, mas parece que n\u00e3o foi adiante. <\/p>\n\n\n\n<p><strong>Leia a mensagem: <\/strong><\/p>\n\n\n\n<p><em>&#8220;Sou m\u00e9dico veterin\u00e1rio, morador do bairro do Marco-Bel\u00e9m-Par\u00e1, depois de um longo per\u00edodo sem poder caminhar por problemas de sa\u00fade, na segunda-feira passada, dia 18, voltei a caminhar ao redor do Bosque e um grande susto pelo descaso que me deparei com o cal\u00e7amento do entorno das avenidas Almirante Barroso e R\u00f4mulo Maiorana e das travessas Lomas Valentinas e Perebebu\u00ed.<\/em><\/p>\n\n\n\n<div class=\"wp-block-image\"><figure class=\"aligncenter size-large\"><img loading=\"lazy\" decoding=\"async\" width=\"754\" height=\"953\" src=\"https:\/\/dedemesquita.com.br\/wp-content\/uploads\/2021\/10\/WhatsApp-Image-2021-10-20-at-08.54.33.jpeg\" alt=\"\" class=\"wp-image-2613\"\/><figcaption>Buracos na cal\u00e7ada \u00e9 que n\u00e3o faltam (foto de Heriberto Figueiredo)<\/figcaption><\/figure><\/div>\n\n\n\n<p><em>Mesmo n\u00e3o sendo da \u00e1rea, entendo que o cal\u00e7amento ao redor do Bosque \u00e9 inadequado para pr\u00e1ticas esportivas (cooper ou corridas) devido \u00e0s irregularidades das pedras portuguesas que l\u00e1 foram colocadas, embora reconhecendo sua beleza, j\u00e1 que s\u00e3o lindas pedras.<\/em><\/p>\n\n\n\n<div class=\"wp-block-image\"><figure class=\"aligncenter size-large\"><img loading=\"lazy\" decoding=\"async\" width=\"757\" height=\"1600\" src=\"https:\/\/dedemesquita.com.br\/wp-content\/uploads\/2021\/10\/WhatsApp-Image-2021-10-20-at-08.54.39.jpeg\" alt=\"\" class=\"wp-image-2614\" srcset=\"https:\/\/dedemesquita.com.br\/wp-content\/uploads\/2021\/10\/WhatsApp-Image-2021-10-20-at-08.54.39.jpeg 757w, https:\/\/dedemesquita.com.br\/wp-content\/uploads\/2021\/10\/WhatsApp-Image-2021-10-20-at-08.54.39-727x1536.jpeg 727w\" sizes=\"(max-width: 757px) 100vw, 757px\" \/><figcaption>V\u00e1rio buracos (foto de Heriberto Figueiredo)<\/figcaption><\/figure><\/div>\n\n\n\n<p><em>Por falta de manuten\u00e7\u00e3o, v\u00e1rias pedras se deslocaram de onde estavam fixadas, formando verdadeiras crateras, colocando em risco de acidentes iminentes, das pessoas que praticam esportes no local, principalmente, os \u201cjovens\u201d da melhor idade e pessoas com defici\u00eancias. <\/em><\/p>\n\n\n\n<p><em>Al\u00e9m disso, as pedras se deslocam para o meio fio e ruas aumentando consideravelmente os riscos de acidentes, devido os ve\u00edculos passarem em alta velocidade, podendo atirar essas pedras em grandes dist\u00e2ncias.<\/em><\/p>\n\n\n\n<div class=\"wp-block-image\"><figure class=\"aligncenter size-large\"><img loading=\"lazy\" decoding=\"async\" width=\"752\" height=\"831\" src=\"https:\/\/dedemesquita.com.br\/wp-content\/uploads\/2021\/10\/WhatsApp-Image-2021-10-20-at-08.54.44.jpeg\" alt=\"\" class=\"wp-image-2619\"\/><figcaption>Pedras portuguesas que se deslocam para o meio fio podem causar acidentes (foto de Heriberto Figueiredo)<\/figcaption><\/figure><\/div>\n\n\n\n<div class=\"wp-block-image\"><figure class=\"aligncenter size-large\"><img loading=\"lazy\" decoding=\"async\" width=\"742\" height=\"977\" src=\"https:\/\/dedemesquita.com.br\/wp-content\/uploads\/2021\/10\/WhatsApp-Image-2021-10-20-at-08.54.47.jpeg\" alt=\"\" class=\"wp-image-2615\"\/><figcaption>Buracos que podem causar acidentes graves (foto de Heriberto Figueiredo)<\/figcaption><\/figure><\/div>\n\n\n\n<p><em>Observei tamb\u00e9m a falta de poda nas \u00e1rvores que ficam na periferia interna do bosque e que est\u00e3o sobre as grades de ferro do local, al\u00e9m de v\u00e1rias partes dessas grades est\u00e3o quebradas, devido \u00e0 queda de \u00e1rvores, e no entorno externo das cal\u00e7adas, muito <strong>LIXO<\/strong>.<\/em><\/p>\n\n\n\n<div class=\"wp-block-image\"><figure class=\"aligncenter size-large\"><img loading=\"lazy\" decoding=\"async\" width=\"1000\" height=\"473\" src=\"https:\/\/dedemesquita.com.br\/wp-content\/uploads\/2021\/10\/WhatsApp-Image-2021-10-20-at-08.54.47-1.jpeg\" alt=\"\" class=\"wp-image-2616\" srcset=\"https:\/\/dedemesquita.com.br\/wp-content\/uploads\/2021\/10\/WhatsApp-Image-2021-10-20-at-08.54.47-1.jpeg 1000w, https:\/\/dedemesquita.com.br\/wp-content\/uploads\/2021\/10\/WhatsApp-Image-2021-10-20-at-08.54.47-1-768x363.jpeg 768w\" sizes=\"(max-width: 1000px) 100vw, 1000px\" \/><figcaption>Buracos e lixo (foto de Heriberto Figueiredo)<\/figcaption><\/figure><\/div>\n\n\n\n<p><em>Por ser um Patrim\u00f4nio Hist\u00f3rico da cidade de Bel\u00e9m, sugiro \u00e0s autoridades municipais e estaduais, que em parcerias cuidem melhor do Bosque Rodrigues Alves:<\/em><\/p>\n\n\n\n<p><strong><em>SUGEST\u00d5ES:<\/em><\/strong><\/p>\n\n\n\n<ol class=\"wp-block-list\" type=\"1\"><li><em>Inspe\u00e7\u00f5es rotineiras para identificar as \u00e1rvores com riscos de queda, principalmente, as perif\u00e9ricas, que tendem a se inclinarem buscando a luz solar, e junto com profissionais da \u00e1rea de ci\u00eancias florestais, buscar solu\u00e7\u00f5es t\u00e9cnicas para minimizar a queda de \u00e1rvores;<\/em><\/li><li><em>Substituir o cal\u00e7amento ao redor do bosque com orienta\u00e7\u00f5es de profissionais das \u00e1reas de educa\u00e7\u00e3o f\u00edsica e engenharia civil, deixando o piso mais plano e com maior seguran\u00e7a para quem pratica esporte no local, e reaproveitar as pedras portuguesas em outros espa\u00e7os p\u00fablicos;<\/em><\/li><li><em>Reparos urgentes nas grades de prote\u00e7\u00e3o ao entorno do Bosque;<\/em><\/li><li><em>Limpeza di\u00e1ria no cal\u00e7amento externo e fixa\u00e7\u00e3o de lixeiras para a coleta de <strong>LIXO<\/strong>;<\/em><\/li><li><em>Melhorias na ilumina\u00e7\u00e3o externa ao entorno do Bosque. \u00c0 noite, a parte da avenida Romulo Maiorana, \u00e0s proximidades da Lomas Valentinas, est\u00e1 no escuro total; <\/em><\/li><li><em>Seguran\u00e7a que pode ser feita pela Guarda Municipal, principalmente, nos hor\u00e1rios de maior movimenta\u00e7\u00e3o dos praticantes de esportes no entorno do Bosque.<\/em><\/li><\/ol>\n\n\n\n<div class=\"wp-block-image\"><figure class=\"aligncenter size-large\"><img loading=\"lazy\" decoding=\"async\" width=\"1000\" height=\"474\" src=\"https:\/\/dedemesquita.com.br\/wp-content\/uploads\/2021\/10\/WhatsApp-Image-2021-10-20-at-08.54.37.jpeg\" alt=\"\" class=\"wp-image-2620\" srcset=\"https:\/\/dedemesquita.com.br\/wp-content\/uploads\/2021\/10\/WhatsApp-Image-2021-10-20-at-08.54.37.jpeg 1000w, https:\/\/dedemesquita.com.br\/wp-content\/uploads\/2021\/10\/WhatsApp-Image-2021-10-20-at-08.54.37-768x364.jpeg 768w\" sizes=\"(max-width: 1000px) 100vw, 1000px\" \/><figcaption>Grade sem reparo desde que uma \u00e1rvore caiu, pelo lado da travessa Perebebu\u00ed (foto de Heriberto Figueiredo)<\/figcaption><\/figure><\/div>\n\n\n\n<div class=\"wp-block-image\"><figure class=\"aligncenter size-large\"><img loading=\"lazy\" decoding=\"async\" width=\"1000\" height=\"473\" src=\"https:\/\/dedemesquita.com.br\/wp-content\/uploads\/2021\/10\/WhatsApp-Image-2021-10-20-at-08.56.00-1.jpeg\" alt=\"\" class=\"wp-image-2621\" srcset=\"https:\/\/dedemesquita.com.br\/wp-content\/uploads\/2021\/10\/WhatsApp-Image-2021-10-20-at-08.56.00-1.jpeg 1000w, https:\/\/dedemesquita.com.br\/wp-content\/uploads\/2021\/10\/WhatsApp-Image-2021-10-20-at-08.56.00-1-768x363.jpeg 768w\" sizes=\"(max-width: 1000px) 100vw, 1000px\" \/><figcaption>Mais grade quebrada (foto de Heriberto Figueiredo)<\/figcaption><\/figure><\/div>\n\n\n\n<figure class=\"wp-block-image size-large\"><img loading=\"lazy\" decoding=\"async\" width=\"1000\" height=\"473\" src=\"https:\/\/dedemesquita.com.br\/wp-content\/uploads\/2021\/10\/WhatsApp-Image-2021-10-20-at-08.54.43.jpeg\" alt=\"\" class=\"wp-image-2622\" srcset=\"https:\/\/dedemesquita.com.br\/wp-content\/uploads\/2021\/10\/WhatsApp-Image-2021-10-20-at-08.54.43.jpeg 1000w, https:\/\/dedemesquita.com.br\/wp-content\/uploads\/2021\/10\/WhatsApp-Image-2021-10-20-at-08.54.43-768x363.jpeg 768w\" sizes=\"(max-width: 1000px) 100vw, 1000px\" \/><figcaption>A mais recente queda de \u00e1rvore foi pelo lado da avenida Almirante Barroso (foto de Heriberto Figueiredo)<\/figcaption><\/figure>\n\n\n\n<p><em>Por fim, n\u00e3o entendam como cr\u00edticas e sim como zelo de minha parte pelos espa\u00e7os p\u00fablicos. Entendo das diversas atribui\u00e7\u00f5es de um gestor de uma cidade grande como Bel\u00e9m, mas n\u00e3o podemos deixar essas vitrines de nossa cidade se quebrarem&#8221;.<\/em><\/p>\n\n\n\n<p><strong>OUTRO LADO: <\/strong>Este site entrou em contato com a Comus\/Ag\u00eancia Bel\u00e9m e recebeu as seguintes notas: <em>&#8220;A <strong>Secretaria Municipal de Urbanismo ( Seurb)<\/strong> informa que tem conhecimento desse problema e comunica que est\u00e1 com processo de licita\u00e7\u00e3o em andamento, para contratar os servi\u00e7os de manuten\u00e7\u00e3o das cal\u00e7adas e do muro do Bosque Rodrigues Alves&#8221;.<\/em><\/p>\n\n\n\n<p>&nbsp;<em>&#8220;A <strong>Secretaria Municipal de Meio Ambiente de Bel\u00e9m (Semma)<\/strong> informa que est\u00e1 avaliando a situa\u00e7\u00e3o do Bosque Rodrigues Alves e que um projeto de revitaliza\u00e7\u00e3o emergencial j\u00e1 est\u00e1 sendo elaborado para o espa\u00e7o. No in\u00edcio desta semana, foi realizada uma visita t\u00e9cnica, com o objetivo de agilizar as obras que ser\u00e3o feitas no espa\u00e7o como a restaura\u00e7\u00e3o das cal\u00e7adas, ilumina\u00e7\u00e3o externa, conserto das grades, assim como a reforma da pra\u00e7a de alimenta\u00e7\u00e3o e do Lago da Iara. A revitaliza\u00e7\u00e3o emergencial consistir\u00e1 na primeira etapa do projeto de reforma do Jardim Zoobot\u00e2nico da Amaz\u00f4nia&#8221;.<\/em><\/p>\n\n\n\n<p><em>&#8220;A <strong>Secretaria Municipal de Saneamento (Sesan)<\/strong> informa que participar\u00e1 da a\u00e7\u00e3o emergencial que vai envolver diversas Secretarias no trabalho de revitaliza\u00e7\u00e3o do Bosque Rodrigues Alves. A Sesan vai atuar para as melhorias no Jardim Zoobot\u00e2nico de Bel\u00e9m com a limpeza do lago e recupera\u00e7\u00e3o do restaurante da pra\u00e7a de alimenta\u00e7\u00e3o, para melhor servir aos visitantes do bosque&#8221;.<\/em><\/p>\n","protected":false},"excerpt":{"rendered":"<p>O m\u00e9dico veterin\u00e1rio e Mestre na Universidade Federal Rural da Amaz\u00f4nia (Ufra), Heriberto Figueiredo, fala, com grande preocupa\u00e7\u00e3o sobre as cal\u00e7adas que circundam o Bosque Rodrigues Alves, aponta outros problemas e apresenta algumas solu\u00e7\u00f5es e contribui\u00e7\u00f5es. O que mais causa estranheza \u00e9 que o Bosque foi reformado recentemente, mas as cal\u00e7adas est\u00e3o todas esburacadas. A [&hellip;]<\/p>\n","protected":false},"author":2,"featured_media":2617,"comment_status":"open","ping_status":"open","sticky":false,"template":"","format":"standard","meta":{"footnotes":""},"categories":[51,14,29],"tags":[136,119,120,74],"class_list":["post-2608","post","type-post","status-publish","format-standard","has-post-thumbnail","hentry","category-destaque","category-imprensa","category-jornalismo","tag-comus-agencia-belem","tag-jornalismo","tag-jornalistas-paraenses-em-acao","tag-prefeitura-de-belem"],"yoast_head":"<!-- This site is optimized with the Yoast SEO plugin v19.10 - https:\/\/yoast.com\/wordpress\/plugins\/seo\/ -->\n<title>Cal\u00e7adas no entorno do Bosque Rodrigues Alves est\u00e3o cheias de buracos - Ded\u00e9 Mesquita<\/title>\n<meta name=\"robots\" content=\"index, follow, max-snippet:-1, max-image-preview:large, max-video-preview:-1\" \/>\n<link rel=\"canonical\" href=\"https:\/\/dedemesquita.com.br\/?p=2608\" \/>\n<meta property=\"og:locale\" content=\"pt_BR\" \/>\n<meta property=\"og:type\" content=\"article\" \/>\n<meta property=\"og:title\" content=\"Cal\u00e7adas no entorno do Bosque Rodrigues Alves est\u00e3o cheias de buracos - Ded\u00e9 Mesquita\" \/>\n<meta property=\"og:description\" content=\"O m\u00e9dico veterin\u00e1rio e Mestre na Universidade Federal Rural da Amaz\u00f4nia (Ufra), Heriberto Figueiredo, fala, com grande preocupa\u00e7\u00e3o sobre as cal\u00e7adas que circundam o Bosque Rodrigues Alves, aponta outros problemas e apresenta algumas solu\u00e7\u00f5es e contribui\u00e7\u00f5es. O que mais causa estranheza \u00e9 que o Bosque foi reformado recentemente, mas as cal\u00e7adas est\u00e3o todas esburacadas. A [&hellip;]\" \/>\n<meta property=\"og:url\" content=\"https:\/\/dedemesquita.com.br\/?p=2608\" \/>\n<meta property=\"og:site_name\" content=\"Ded\u00e9 Mesquita\" \/>\n<meta property=\"article:publisher\" content=\"https:\/\/www.facebook.com\/dede.mesquita\" \/>\n<meta property=\"article:published_time\" content=\"2021-10-21T12:55:24+00:00\" \/>\n<meta property=\"article:modified_time\" content=\"2021-10-21T17:29:48+00:00\" \/>\n<meta property=\"og:image\" content=\"https:\/\/dedemesquita.com.br\/wp-content\/uploads\/2021\/10\/WhatsApp-Image-2021-10-20-at-08.54.40-1.jpeg\" \/>\n\t<meta property=\"og:image:width\" content=\"1000\" \/>\n\t<meta property=\"og:image:height\" content=\"473\" \/>\n\t<meta property=\"og:image:type\" content=\"image\/jpeg\" \/>\n<meta name=\"author\" content=\"Ded\u00e9 Mesquita\" \/>\n<meta name=\"twitter:card\" content=\"summary_large_image\" \/>\n<meta name=\"twitter:creator\" content=\"@dedemesquita\" \/>\n<meta name=\"twitter:site\" content=\"@dedemesquita\" \/>\n<meta name=\"twitter:label1\" content=\"Escrito por\" \/>\n\t<meta name=\"twitter:data1\" content=\"Ded\u00e9 Mesquita\" \/>\n\t<meta name=\"twitter:label2\" content=\"Est. tempo de leitura\" \/>\n\t<meta name=\"twitter:data2\" content=\"6 minutos\" \/>\n<script type=\"application\/ld+json\" class=\"yoast-schema-graph\">{\"@context\":\"https:\/\/schema.org\",\"@graph\":[{\"@type\":\"WebPage\",\"@id\":\"https:\/\/dedemesquita.com.br\/?p=2608\",\"url\":\"https:\/\/dedemesquita.com.br\/?p=2608\",\"name\":\"Cal\u00e7adas no entorno do Bosque Rodrigues Alves est\u00e3o cheias de buracos - Ded\u00e9 Mesquita\",\"isPartOf\":{\"@id\":\"https:\/\/dedemesquita.com.br\/#website\"},\"datePublished\":\"2021-10-21T12:55:24+00:00\",\"dateModified\":\"2021-10-21T17:29:48+00:00\",\"author\":{\"@id\":\"https:\/\/dedemesquita.com.br\/#\/schema\/person\/36571f81dd2d76dc3ab37231542c9e24\"},\"breadcrumb\":{\"@id\":\"https:\/\/dedemesquita.com.br\/?p=2608#breadcrumb\"},\"inLanguage\":\"pt-BR\",\"potentialAction\":[{\"@type\":\"ReadAction\",\"target\":[\"https:\/\/dedemesquita.com.br\/?p=2608\"]}]},{\"@type\":\"BreadcrumbList\",\"@id\":\"https:\/\/dedemesquita.com.br\/?p=2608#breadcrumb\",\"itemListElement\":[{\"@type\":\"ListItem\",\"position\":1,\"name\":\"In\u00edcio\",\"item\":\"https:\/\/dedemesquita.com.br\/\"},{\"@type\":\"ListItem\",\"position\":2,\"name\":\"Cal\u00e7adas no entorno do Bosque Rodrigues Alves est\u00e3o cheias de buracos\"}]},{\"@type\":\"WebSite\",\"@id\":\"https:\/\/dedemesquita.com.br\/#website\",\"url\":\"https:\/\/dedemesquita.com.br\/\",\"name\":\"Ded\u00e9 Mesquita\",\"description\":\"Um site que mostra os bastidores da imprensa no estado do Par\u00e1 e em Bel\u00e9m\",\"potentialAction\":[{\"@type\":\"SearchAction\",\"target\":{\"@type\":\"EntryPoint\",\"urlTemplate\":\"https:\/\/dedemesquita.com.br\/?s={search_term_string}\"},\"query-input\":\"required name=search_term_string\"}],\"inLanguage\":\"pt-BR\"},{\"@type\":\"Person\",\"@id\":\"https:\/\/dedemesquita.com.br\/#\/schema\/person\/36571f81dd2d76dc3ab37231542c9e24\",\"name\":\"Ded\u00e9 Mesquita\",\"image\":{\"@type\":\"ImageObject\",\"inLanguage\":\"pt-BR\",\"@id\":\"https:\/\/dedemesquita.com.br\/#\/schema\/person\/image\/\",\"url\":\"https:\/\/dedemesquita.com.br\/wp-content\/uploads\/2021\/02\/foto_perfil-150x150.jpg\",\"contentUrl\":\"https:\/\/dedemesquita.com.br\/wp-content\/uploads\/2021\/02\/foto_perfil-150x150.jpg\",\"caption\":\"Ded\u00e9 Mesquita\"},\"sameAs\":[\"https:\/\/dedemesquita.com.br\"]}]}<\/script>\n<!-- \/ Yoast SEO plugin. -->","yoast_head_json":{"title":"Cal\u00e7adas no entorno do Bosque Rodrigues Alves est\u00e3o cheias de buracos - Ded\u00e9 Mesquita","robots":{"index":"index","follow":"follow","max-snippet":"max-snippet:-1","max-image-preview":"max-image-preview:large","max-video-preview":"max-video-preview:-1"},"canonical":"https:\/\/dedemesquita.com.br\/?p=2608","og_locale":"pt_BR","og_type":"article","og_title":"Cal\u00e7adas no entorno do Bosque Rodrigues Alves est\u00e3o cheias de buracos - Ded\u00e9 Mesquita","og_description":"O m\u00e9dico veterin\u00e1rio e Mestre na Universidade Federal Rural da Amaz\u00f4nia (Ufra), Heriberto Figueiredo, fala, com grande preocupa\u00e7\u00e3o sobre as cal\u00e7adas que circundam o Bosque Rodrigues Alves, aponta outros problemas e apresenta algumas solu\u00e7\u00f5es e contribui\u00e7\u00f5es. O que mais causa estranheza \u00e9 que o Bosque foi reformado recentemente, mas as cal\u00e7adas est\u00e3o todas esburacadas. A [&hellip;]","og_url":"https:\/\/dedemesquita.com.br\/?p=2608","og_site_name":"Ded\u00e9 Mesquita","article_publisher":"https:\/\/www.facebook.com\/dede.mesquita","article_published_time":"2021-10-21T12:55:24+00:00","article_modified_time":"2021-10-21T17:29:48+00:00","og_image":[{"width":1000,"height":473,"url":"https:\/\/dedemesquita.com.br\/wp-content\/uploads\/2021\/10\/WhatsApp-Image-2021-10-20-at-08.54.40-1.jpeg","type":"image\/jpeg"}],"author":"Ded\u00e9 Mesquita","twitter_card":"summary_large_image","twitter_creator":"@dedemesquita","twitter_site":"@dedemesquita","twitter_misc":{"Escrito por":"Ded\u00e9 Mesquita","Est. tempo de leitura":"6 minutos"},"schema":{"@context":"https:\/\/schema.org","@graph":[{"@type":"WebPage","@id":"https:\/\/dedemesquita.com.br\/?p=2608","url":"https:\/\/dedemesquita.com.br\/?p=2608","name":"Cal\u00e7adas no entorno do Bosque Rodrigues Alves est\u00e3o cheias de buracos - Ded\u00e9 Mesquita","isPartOf":{"@id":"https:\/\/dedemesquita.com.br\/#website"},"datePublished":"2021-10-21T12:55:24+00:00","dateModified":"2021-10-21T17:29:48+00:00","author":{"@id":"https:\/\/dedemesquita.com.br\/#\/schema\/person\/36571f81dd2d76dc3ab37231542c9e24"},"breadcrumb":{"@id":"https:\/\/dedemesquita.com.br\/?p=2608#breadcrumb"},"inLanguage":"pt-BR","potentialAction":[{"@type":"ReadAction","target":["https:\/\/dedemesquita.com.br\/?p=2608"]}]},{"@type":"BreadcrumbList","@id":"https:\/\/dedemesquita.com.br\/?p=2608#breadcrumb","itemListElement":[{"@type":"ListItem","position":1,"name":"In\u00edcio","item":"https:\/\/dedemesquita.com.br\/"},{"@type":"ListItem","position":2,"name":"Cal\u00e7adas no entorno do Bosque Rodrigues Alves est\u00e3o cheias de buracos"}]},{"@type":"WebSite","@id":"https:\/\/dedemesquita.com.br\/#website","url":"https:\/\/dedemesquita.com.br\/","name":"Ded\u00e9 Mesquita","description":"Um site que mostra os bastidores da imprensa no estado do Par\u00e1 e em Bel\u00e9m","potentialAction":[{"@type":"SearchAction","target":{"@type":"EntryPoint","urlTemplate":"https:\/\/dedemesquita.com.br\/?s={search_term_string}"},"query-input":"required name=search_term_string"}],"inLanguage":"pt-BR"},{"@type":"Person","@id":"https:\/\/dedemesquita.com.br\/#\/schema\/person\/36571f81dd2d76dc3ab37231542c9e24","name":"Ded\u00e9 Mesquita","image":{"@type":"ImageObject","inLanguage":"pt-BR","@id":"https:\/\/dedemesquita.com.br\/#\/schema\/person\/image\/","url":"https:\/\/dedemesquita.com.br\/wp-content\/uploads\/2021\/02\/foto_perfil-150x150.jpg","contentUrl":"https:\/\/dedemesquita.com.br\/wp-content\/uploads\/2021\/02\/foto_perfil-150x150.jpg","caption":"Ded\u00e9 Mesquita"},"sameAs":["https:\/\/dedemesquita.com.br"]}]}},"_links":{"self":[{"href":"https:\/\/dedemesquita.com.br\/index.php?rest_route=\/wp\/v2\/posts\/2608"}],"collection":[{"href":"https:\/\/dedemesquita.com.br\/index.php?rest_route=\/wp\/v2\/posts"}],"about":[{"href":"https:\/\/dedemesquita.com.br\/index.php?rest_route=\/wp\/v2\/types\/post"}],"author":[{"embeddable":true,"href":"https:\/\/dedemesquita.com.br\/index.php?rest_route=\/wp\/v2\/users\/2"}],"replies":[{"embeddable":true,"href":"https:\/\/dedemesquita.com.br\/index.php?rest_route=%2Fwp%2Fv2%2Fcomments&post=2608"}],"version-history":[{"count":7,"href":"https:\/\/dedemesquita.com.br\/index.php?rest_route=\/wp\/v2\/posts\/2608\/revisions"}],"predecessor-version":[{"id":2630,"href":"https:\/\/dedemesquita.com.br\/index.php?rest_route=\/wp\/v2\/posts\/2608\/revisions\/2630"}],"wp:featuredmedia":[{"embeddable":true,"href":"https:\/\/dedemesquita.com.br\/index.php?rest_route=\/wp\/v2\/media\/2617"}],"wp:attachment":[{"href":"https:\/\/dedemesquita.com.br\/index.php?rest_route=%2Fwp%2Fv2%2Fmedia&parent=2608"}],"wp:term":[{"taxonomy":"category","embeddable":true,"href":"https:\/\/dedemesquita.com.br\/index.php?rest_route=%2Fwp%2Fv2%2Fcategories&post=2608"},{"taxonomy":"post_tag","embeddable":true,"href":"https:\/\/dedemesquita.com.br\/index.php?rest_route=%2Fwp%2Fv2%2Ftags&post=2608"}],"curies":[{"name":"wp","href":"https:\/\/api.w.org\/{rel}","templated":true}]}}