{"id":2577,"date":"2021-10-17T11:13:55","date_gmt":"2021-10-17T14:13:55","guid":{"rendered":"https:\/\/dedemesquita.com.br\/?p=2577"},"modified":"2021-10-17T11:32:27","modified_gmt":"2021-10-17T14:32:27","slug":"imprensa-alternativa-de-belem-prestigia-lancamento-de-novo-livro-de-evandro-correa","status":"publish","type":"post","link":"https:\/\/dedemesquita.com.br\/?p=2577","title":{"rendered":"Imprensa alternativa de Bel\u00e9m prestigia lan\u00e7amento de novo livro de Evandro Correa"},"content":{"rendered":"\n<p>Atualmente, em Bel\u00e9m, as melhores not\u00edcias, os furos de reportagem, o combate \u00e0s irregularidades dos governos estadual e municipal e outros detalhes &#8220;s\u00f3rdidos&#8221; n\u00e3o s\u00e3o encontrados na chamada &#8220;Grande Imprensa&#8221;. Se algu\u00e9m quiser saber o que, REALMENTE, acontece nos bastidores dos Tr\u00eas Poderes, na capital paraense e no estado como um todo, ter\u00e1 que recorrer \u00e0 conhecida como &#8220;imprensa alternativa&#8221;, aquela que denuncia, apura, publica e INCOMODA os &#8220;poderosos&#8221;, em seus blogs e sites. <\/p>\n\n\n\n<p>Na quinta-feira, 14, boa parte dos representantes dessa &#8220;imprensa nanica e barulhenta&#8221; esteve presente ao lan\u00e7amento do livro \u201cSobral Santos II e Novo Amap\u00e1 \u2013 40 anos das trag\u00e9dias que abalaram o Brasil&#8221;, escrito por Evandro Correa. Leia mais aqui: <a href=\"https:\/\/dedemesquita.com.br\/evandro-correa-lanca-livro-sobre-grandes-naufragios-na-regiao-amazonica\/\"><strong>Evandro Corr\u00eaa lan\u00e7a livro sobre grandes naufr\u00e1gios na regi\u00e3o amaz\u00f4nica<\/strong><\/a>. O encontro dos &#8220;azeitados&#8221; [piada interna] foi na livraria Saraiva, no segundo piso do shopping Boulevard.<\/p>\n\n\n\n<p>N\u00e3o vou nomear quem passou por l\u00e1, porque, enfim, sabe-se l\u00e1 quando o governador do Par\u00e1, Heldisssss Barbalho (MDB), n\u00e3o resolve sacar da cartola o juiz de plant\u00e3o dele, Heyder Tavares, e promover mais uma famigerada &#8220;busca &amp; apreens\u00e3o&#8221; na casa de algu\u00e9m, inclusive, euzinha aqui, que me alinho aos &#8220;azeitados&#8221;. <\/p>\n\n\n\n<p>Confira as fotos da noite aut\u00f3grafos do livro \u201cSobral Santos II e Novo Amap\u00e1 \u2013 40 anos das trag\u00e9dias que abalaram o Brasil&#8221;: <\/p>\n\n\n\n<div class=\"wp-block-image\"><figure class=\"aligncenter size-large\"><img loading=\"lazy\" decoding=\"async\" width=\"1000\" height=\"625\" src=\"https:\/\/dedemesquita.com.br\/wp-content\/uploads\/2021\/10\/245902839_238278311685114_1240776629641418095_n.jpg\" alt=\"\" class=\"wp-image-2578\" srcset=\"https:\/\/dedemesquita.com.br\/wp-content\/uploads\/2021\/10\/245902839_238278311685114_1240776629641418095_n.jpg 1000w, https:\/\/dedemesquita.com.br\/wp-content\/uploads\/2021\/10\/245902839_238278311685114_1240776629641418095_n-768x480.jpg 768w\" sizes=\"(max-width: 1000px) 100vw, 1000px\" \/><figcaption>Os convidados esperando o momento do aut\u00f3grafo (foto de Advaldo Nobre) <\/figcaption><\/figure><\/div>\n\n\n\n<div class=\"wp-block-image\"><figure class=\"aligncenter size-large\"><img loading=\"lazy\" decoding=\"async\" width=\"1000\" height=\"657\" src=\"https:\/\/dedemesquita.com.br\/wp-content\/uploads\/2021\/10\/245984815_709940650399175_5731980308255844386_n.jpg\" alt=\"\" class=\"wp-image-2579\" srcset=\"https:\/\/dedemesquita.com.br\/wp-content\/uploads\/2021\/10\/245984815_709940650399175_5731980308255844386_n.jpg 1000w, https:\/\/dedemesquita.com.br\/wp-content\/uploads\/2021\/10\/245984815_709940650399175_5731980308255844386_n-768x505.jpg 768w, https:\/\/dedemesquita.com.br\/wp-content\/uploads\/2021\/10\/245984815_709940650399175_5731980308255844386_n-455x300.jpg 455w\" sizes=\"(max-width: 1000px) 100vw, 1000px\" \/><figcaption>Evandro Correa autografando o livro (foto de Advaldo Nobre)<\/figcaption><\/figure><\/div>\n\n\n\n<div class=\"wp-block-image\"><figure class=\"aligncenter size-large\"><img loading=\"lazy\" decoding=\"async\" width=\"1000\" height=\"699\" src=\"https:\/\/dedemesquita.com.br\/wp-content\/uploads\/2021\/10\/245942476_308336033978465_2897806482099355423_n.jpg\" alt=\"\" class=\"wp-image-2580\" srcset=\"https:\/\/dedemesquita.com.br\/wp-content\/uploads\/2021\/10\/245942476_308336033978465_2897806482099355423_n.jpg 1000w, https:\/\/dedemesquita.com.br\/wp-content\/uploads\/2021\/10\/245942476_308336033978465_2897806482099355423_n-768x537.jpg 768w\" sizes=\"(max-width: 1000px) 100vw, 1000px\" \/><figcaption>Amigos, conhecidos e parceiros de Evandro Correa que estiveram na noite de aut\u00f3grafos (foto de Advaldo Nobre)<\/figcaption><\/figure><\/div>\n\n\n\n<div class=\"wp-block-image\"><figure class=\"aligncenter size-large\"><img loading=\"lazy\" decoding=\"async\" width=\"1000\" height=\"657\" src=\"https:\/\/dedemesquita.com.br\/wp-content\/uploads\/2021\/10\/245592981_175981371358523_6119934793231479335_n.jpg\" alt=\"\" class=\"wp-image-2581\" srcset=\"https:\/\/dedemesquita.com.br\/wp-content\/uploads\/2021\/10\/245592981_175981371358523_6119934793231479335_n.jpg 1000w, https:\/\/dedemesquita.com.br\/wp-content\/uploads\/2021\/10\/245592981_175981371358523_6119934793231479335_n-768x505.jpg 768w, https:\/\/dedemesquita.com.br\/wp-content\/uploads\/2021\/10\/245592981_175981371358523_6119934793231479335_n-455x300.jpg 455w\" sizes=\"(max-width: 1000px) 100vw, 1000px\" \/><figcaption>E eu ganhei meu livro autografado (foto de Advaldo Nobre)<\/figcaption><\/figure><\/div>\n\n\n\n<div class=\"wp-block-image\"><figure class=\"aligncenter size-large\"><img loading=\"lazy\" decoding=\"async\" width=\"922\" height=\"556\" src=\"https:\/\/dedemesquita.com.br\/wp-content\/uploads\/2021\/10\/noixx.jpg\" alt=\"\" class=\"wp-image-2586\" srcset=\"https:\/\/dedemesquita.com.br\/wp-content\/uploads\/2021\/10\/noixx.jpg 922w, https:\/\/dedemesquita.com.br\/wp-content\/uploads\/2021\/10\/noixx-768x463.jpg 768w\" sizes=\"(max-width: 922px) 100vw, 922px\" \/><figcaption>S\u00e9rgio Ch\u00eane, eu e Olavo Dutra, este, dono da coluna hom\u00f4nima mais bem informada de Bel\u00e9m do Par\u00e1\u00e1\u00e1\u00e1\u00e1\u00e1\u00e1<\/figcaption><\/figure><\/div>\n\n\n\n<div class=\"wp-block-image\"><figure class=\"aligncenter size-large\"><img loading=\"lazy\" decoding=\"async\" width=\"949\" height=\"693\" src=\"https:\/\/dedemesquita.com.br\/wp-content\/uploads\/2021\/10\/WhatsApp-Image-2021-10-14-at-23.44.26.jpeg\" alt=\"\" class=\"wp-image-2583\" srcset=\"https:\/\/dedemesquita.com.br\/wp-content\/uploads\/2021\/10\/WhatsApp-Image-2021-10-14-at-23.44.26.jpeg 949w, https:\/\/dedemesquita.com.br\/wp-content\/uploads\/2021\/10\/WhatsApp-Image-2021-10-14-at-23.44.26-768x561.jpeg 768w\" sizes=\"(max-width: 949px) 100vw, 949px\" \/><figcaption>Eu de novo (foto de Milton Rezende) <\/figcaption><\/figure><\/div>\n","protected":false},"excerpt":{"rendered":"<p>Atualmente, em Bel\u00e9m, as melhores not\u00edcias, os furos de reportagem, o combate \u00e0s irregularidades dos governos estadual e municipal e outros detalhes &#8220;s\u00f3rdidos&#8221; n\u00e3o s\u00e3o encontrados na chamada &#8220;Grande Imprensa&#8221;. Se algu\u00e9m quiser saber o que, REALMENTE, acontece nos bastidores dos Tr\u00eas Poderes, na capital paraense e no estado como um todo, ter\u00e1 que recorrer [&hellip;]<\/p>\n","protected":false},"author":2,"featured_media":2582,"comment_status":"open","ping_status":"open","sticky":false,"template":"","format":"standard","meta":{"footnotes":""},"categories":[51,14,29],"tags":[233,119,120,235,234],"class_list":["post-2577","post","type-post","status-publish","format-standard","has-post-thumbnail","hentry","category-destaque","category-imprensa","category-jornalismo","tag-evandro-correa","tag-jornalismo","tag-jornalistas-paraenses-em-acao","tag-o-antagonico","tag-para-news"],"yoast_head":"<!-- This site is optimized with the Yoast SEO plugin v19.10 - https:\/\/yoast.com\/wordpress\/plugins\/seo\/ -->\n<title>Imprensa alternativa de Bel\u00e9m prestigia lan\u00e7amento de novo livro de Evandro Correa - Ded\u00e9 Mesquita<\/title>\n<meta name=\"robots\" content=\"index, follow, max-snippet:-1, max-image-preview:large, max-video-preview:-1\" \/>\n<link rel=\"canonical\" href=\"https:\/\/dedemesquita.com.br\/?p=2577\" \/>\n<meta property=\"og:locale\" content=\"pt_BR\" \/>\n<meta property=\"og:type\" content=\"article\" \/>\n<meta property=\"og:title\" content=\"Imprensa alternativa de Bel\u00e9m prestigia lan\u00e7amento de novo livro de Evandro Correa - Ded\u00e9 Mesquita\" \/>\n<meta property=\"og:description\" content=\"Atualmente, em Bel\u00e9m, as melhores not\u00edcias, os furos de reportagem, o combate \u00e0s irregularidades dos governos estadual e municipal e outros detalhes &#8220;s\u00f3rdidos&#8221; n\u00e3o s\u00e3o encontrados na chamada &#8220;Grande Imprensa&#8221;. Se algu\u00e9m quiser saber o que, REALMENTE, acontece nos bastidores dos Tr\u00eas Poderes, na capital paraense e no estado como um todo, ter\u00e1 que recorrer [&hellip;]\" \/>\n<meta property=\"og:url\" content=\"https:\/\/dedemesquita.com.br\/?p=2577\" \/>\n<meta property=\"og:site_name\" content=\"Ded\u00e9 Mesquita\" \/>\n<meta property=\"article:publisher\" content=\"https:\/\/www.facebook.com\/dede.mesquita\" \/>\n<meta property=\"article:published_time\" content=\"2021-10-17T14:13:55+00:00\" \/>\n<meta property=\"article:modified_time\" content=\"2021-10-17T14:32:27+00:00\" \/>\n<meta property=\"og:image\" content=\"https:\/\/dedemesquita.com.br\/wp-content\/uploads\/2021\/10\/245584834_884863852134496_1879233500240693233_n.jpg\" \/>\n\t<meta property=\"og:image:width\" content=\"1000\" \/>\n\t<meta property=\"og:image:height\" content=\"625\" \/>\n\t<meta property=\"og:image:type\" content=\"image\/jpeg\" \/>\n<meta name=\"author\" content=\"Ded\u00e9 Mesquita\" \/>\n<meta name=\"twitter:card\" content=\"summary_large_image\" \/>\n<meta name=\"twitter:creator\" content=\"@dedemesquita\" \/>\n<meta name=\"twitter:site\" content=\"@dedemesquita\" \/>\n<meta name=\"twitter:label1\" content=\"Escrito por\" \/>\n\t<meta name=\"twitter:data1\" content=\"Ded\u00e9 Mesquita\" \/>\n\t<meta name=\"twitter:label2\" content=\"Est. tempo de leitura\" \/>\n\t<meta name=\"twitter:data2\" content=\"3 minutos\" \/>\n<script type=\"application\/ld+json\" class=\"yoast-schema-graph\">{\"@context\":\"https:\/\/schema.org\",\"@graph\":[{\"@type\":\"WebPage\",\"@id\":\"https:\/\/dedemesquita.com.br\/?p=2577\",\"url\":\"https:\/\/dedemesquita.com.br\/?p=2577\",\"name\":\"Imprensa alternativa de Bel\u00e9m prestigia lan\u00e7amento de novo livro de Evandro Correa - Ded\u00e9 Mesquita\",\"isPartOf\":{\"@id\":\"https:\/\/dedemesquita.com.br\/#website\"},\"datePublished\":\"2021-10-17T14:13:55+00:00\",\"dateModified\":\"2021-10-17T14:32:27+00:00\",\"author\":{\"@id\":\"https:\/\/dedemesquita.com.br\/#\/schema\/person\/36571f81dd2d76dc3ab37231542c9e24\"},\"breadcrumb\":{\"@id\":\"https:\/\/dedemesquita.com.br\/?p=2577#breadcrumb\"},\"inLanguage\":\"pt-BR\",\"potentialAction\":[{\"@type\":\"ReadAction\",\"target\":[\"https:\/\/dedemesquita.com.br\/?p=2577\"]}]},{\"@type\":\"BreadcrumbList\",\"@id\":\"https:\/\/dedemesquita.com.br\/?p=2577#breadcrumb\",\"itemListElement\":[{\"@type\":\"ListItem\",\"position\":1,\"name\":\"In\u00edcio\",\"item\":\"https:\/\/dedemesquita.com.br\/\"},{\"@type\":\"ListItem\",\"position\":2,\"name\":\"Imprensa alternativa de Bel\u00e9m prestigia lan\u00e7amento de novo livro de Evandro Correa\"}]},{\"@type\":\"WebSite\",\"@id\":\"https:\/\/dedemesquita.com.br\/#website\",\"url\":\"https:\/\/dedemesquita.com.br\/\",\"name\":\"Ded\u00e9 Mesquita\",\"description\":\"Um site que mostra os bastidores da imprensa no estado do Par\u00e1 e em Bel\u00e9m\",\"potentialAction\":[{\"@type\":\"SearchAction\",\"target\":{\"@type\":\"EntryPoint\",\"urlTemplate\":\"https:\/\/dedemesquita.com.br\/?s={search_term_string}\"},\"query-input\":\"required name=search_term_string\"}],\"inLanguage\":\"pt-BR\"},{\"@type\":\"Person\",\"@id\":\"https:\/\/dedemesquita.com.br\/#\/schema\/person\/36571f81dd2d76dc3ab37231542c9e24\",\"name\":\"Ded\u00e9 Mesquita\",\"image\":{\"@type\":\"ImageObject\",\"inLanguage\":\"pt-BR\",\"@id\":\"https:\/\/dedemesquita.com.br\/#\/schema\/person\/image\/\",\"url\":\"https:\/\/dedemesquita.com.br\/wp-content\/uploads\/2021\/02\/foto_perfil-150x150.jpg\",\"contentUrl\":\"https:\/\/dedemesquita.com.br\/wp-content\/uploads\/2021\/02\/foto_perfil-150x150.jpg\",\"caption\":\"Ded\u00e9 Mesquita\"},\"sameAs\":[\"https:\/\/dedemesquita.com.br\"]}]}<\/script>\n<!-- \/ Yoast SEO plugin. -->","yoast_head_json":{"title":"Imprensa alternativa de Bel\u00e9m prestigia lan\u00e7amento de novo livro de Evandro Correa - Ded\u00e9 Mesquita","robots":{"index":"index","follow":"follow","max-snippet":"max-snippet:-1","max-image-preview":"max-image-preview:large","max-video-preview":"max-video-preview:-1"},"canonical":"https:\/\/dedemesquita.com.br\/?p=2577","og_locale":"pt_BR","og_type":"article","og_title":"Imprensa alternativa de Bel\u00e9m prestigia lan\u00e7amento de novo livro de Evandro Correa - Ded\u00e9 Mesquita","og_description":"Atualmente, em Bel\u00e9m, as melhores not\u00edcias, os furos de reportagem, o combate \u00e0s irregularidades dos governos estadual e municipal e outros detalhes &#8220;s\u00f3rdidos&#8221; n\u00e3o s\u00e3o encontrados na chamada &#8220;Grande Imprensa&#8221;. Se algu\u00e9m quiser saber o que, REALMENTE, acontece nos bastidores dos Tr\u00eas Poderes, na capital paraense e no estado como um todo, ter\u00e1 que recorrer [&hellip;]","og_url":"https:\/\/dedemesquita.com.br\/?p=2577","og_site_name":"Ded\u00e9 Mesquita","article_publisher":"https:\/\/www.facebook.com\/dede.mesquita","article_published_time":"2021-10-17T14:13:55+00:00","article_modified_time":"2021-10-17T14:32:27+00:00","og_image":[{"width":1000,"height":625,"url":"https:\/\/dedemesquita.com.br\/wp-content\/uploads\/2021\/10\/245584834_884863852134496_1879233500240693233_n.jpg","type":"image\/jpeg"}],"author":"Ded\u00e9 Mesquita","twitter_card":"summary_large_image","twitter_creator":"@dedemesquita","twitter_site":"@dedemesquita","twitter_misc":{"Escrito por":"Ded\u00e9 Mesquita","Est. tempo de leitura":"3 minutos"},"schema":{"@context":"https:\/\/schema.org","@graph":[{"@type":"WebPage","@id":"https:\/\/dedemesquita.com.br\/?p=2577","url":"https:\/\/dedemesquita.com.br\/?p=2577","name":"Imprensa alternativa de Bel\u00e9m prestigia lan\u00e7amento de novo livro de Evandro Correa - Ded\u00e9 Mesquita","isPartOf":{"@id":"https:\/\/dedemesquita.com.br\/#website"},"datePublished":"2021-10-17T14:13:55+00:00","dateModified":"2021-10-17T14:32:27+00:00","author":{"@id":"https:\/\/dedemesquita.com.br\/#\/schema\/person\/36571f81dd2d76dc3ab37231542c9e24"},"breadcrumb":{"@id":"https:\/\/dedemesquita.com.br\/?p=2577#breadcrumb"},"inLanguage":"pt-BR","potentialAction":[{"@type":"ReadAction","target":["https:\/\/dedemesquita.com.br\/?p=2577"]}]},{"@type":"BreadcrumbList","@id":"https:\/\/dedemesquita.com.br\/?p=2577#breadcrumb","itemListElement":[{"@type":"ListItem","position":1,"name":"In\u00edcio","item":"https:\/\/dedemesquita.com.br\/"},{"@type":"ListItem","position":2,"name":"Imprensa alternativa de Bel\u00e9m prestigia lan\u00e7amento de novo livro de Evandro Correa"}]},{"@type":"WebSite","@id":"https:\/\/dedemesquita.com.br\/#website","url":"https:\/\/dedemesquita.com.br\/","name":"Ded\u00e9 Mesquita","description":"Um site que mostra os bastidores da imprensa no estado do Par\u00e1 e em Bel\u00e9m","potentialAction":[{"@type":"SearchAction","target":{"@type":"EntryPoint","urlTemplate":"https:\/\/dedemesquita.com.br\/?s={search_term_string}"},"query-input":"required name=search_term_string"}],"inLanguage":"pt-BR"},{"@type":"Person","@id":"https:\/\/dedemesquita.com.br\/#\/schema\/person\/36571f81dd2d76dc3ab37231542c9e24","name":"Ded\u00e9 Mesquita","image":{"@type":"ImageObject","inLanguage":"pt-BR","@id":"https:\/\/dedemesquita.com.br\/#\/schema\/person\/image\/","url":"https:\/\/dedemesquita.com.br\/wp-content\/uploads\/2021\/02\/foto_perfil-150x150.jpg","contentUrl":"https:\/\/dedemesquita.com.br\/wp-content\/uploads\/2021\/02\/foto_perfil-150x150.jpg","caption":"Ded\u00e9 Mesquita"},"sameAs":["https:\/\/dedemesquita.com.br"]}]}},"_links":{"self":[{"href":"https:\/\/dedemesquita.com.br\/index.php?rest_route=\/wp\/v2\/posts\/2577"}],"collection":[{"href":"https:\/\/dedemesquita.com.br\/index.php?rest_route=\/wp\/v2\/posts"}],"about":[{"href":"https:\/\/dedemesquita.com.br\/index.php?rest_route=\/wp\/v2\/types\/post"}],"author":[{"embeddable":true,"href":"https:\/\/dedemesquita.com.br\/index.php?rest_route=\/wp\/v2\/users\/2"}],"replies":[{"embeddable":true,"href":"https:\/\/dedemesquita.com.br\/index.php?rest_route=%2Fwp%2Fv2%2Fcomments&post=2577"}],"version-history":[{"count":3,"href":"https:\/\/dedemesquita.com.br\/index.php?rest_route=\/wp\/v2\/posts\/2577\/revisions"}],"predecessor-version":[{"id":2588,"href":"https:\/\/dedemesquita.com.br\/index.php?rest_route=\/wp\/v2\/posts\/2577\/revisions\/2588"}],"wp:featuredmedia":[{"embeddable":true,"href":"https:\/\/dedemesquita.com.br\/index.php?rest_route=\/wp\/v2\/media\/2582"}],"wp:attachment":[{"href":"https:\/\/dedemesquita.com.br\/index.php?rest_route=%2Fwp%2Fv2%2Fmedia&parent=2577"}],"wp:term":[{"taxonomy":"category","embeddable":true,"href":"https:\/\/dedemesquita.com.br\/index.php?rest_route=%2Fwp%2Fv2%2Fcategories&post=2577"},{"taxonomy":"post_tag","embeddable":true,"href":"https:\/\/dedemesquita.com.br\/index.php?rest_route=%2Fwp%2Fv2%2Ftags&post=2577"}],"curies":[{"name":"wp","href":"https:\/\/api.w.org\/{rel}","templated":true}]}}