{"id":2566,"date":"2021-10-14T08:16:40","date_gmt":"2021-10-14T11:16:40","guid":{"rendered":"https:\/\/dedemesquita.com.br\/?p=2566"},"modified":"2021-10-14T08:16:42","modified_gmt":"2021-10-14T11:16:42","slug":"evandro-correa-lanca-livro-sobre-grandes-naufragios-na-regiao-amazonica","status":"publish","type":"post","link":"https:\/\/dedemesquita.com.br\/?p=2566","title":{"rendered":"Evandro Corr\u00eaa lan\u00e7a livro sobre grandes naufr\u00e1gios na regi\u00e3o amaz\u00f4nica"},"content":{"rendered":"\n<p id=\"viewer-4l0s9\">O jornalista Evandro Corr\u00eaa, editor dos sites Para News e o Antag\u00f4nico, lan\u00e7a nesta quinta-feira, 14, o livro \u201cSobral Santos II e Novo Amap\u00e1 \u2013 40 anos das trag\u00e9dias que abalaram o Brasil.\u201d A noite de aut\u00f3grafos ser\u00e1, a partir das 19 horas, no audit\u00f3rio da livraria Saraiva, no 2\u00ba piso do Doca Boulevard Shopping. <\/p>\n\n\n\n<p id=\"viewer-4l0s9\">A obra, que traz o selo da editora Marques, relembra os bastidores dos maiores naufr\u00e1gios registrados nos rios amaz\u00f4nicos, dentre os quais o Sobral Santos II e Novo Amap\u00e1, barcos que foram a pique em 1981, ceifando a vida de mais de 600 pessoas.<\/p>\n\n\n\n<p id=\"viewer-3d1k4\">O livro tamb\u00e9m relata detalhes de trag\u00e9dias mais recentes, como o naufr\u00e1gio do navio Ana Karolinne III, que afundou no ano passado, matando mais de 40 passageiros. Os naufr\u00e1gios do Correio do Arari, Rebocador da Bertolini, Haidar Beirute, Capit\u00e3o Ribeiro e S\u00e3o Jos\u00e9 do Acar\u00e1 tamb\u00e9m s\u00e3o relembradas na obra, que levou mais de dois anos em produ\u00e7\u00e3o e tem 364 p\u00e1ginas, com depoimentos e relatos de sobreviventes, autoridades e parentes de v\u00edtimas de 40 naufr\u00e1gios registrados nos rios da Amaz\u00f4nia.<\/p>\n\n\n\n<p id=\"viewer-29d39\">A obra tamb\u00e9m ser\u00e1 lan\u00e7ada em Santar\u00e9m, no dia 19 de outubro (ter\u00e7a-feira), no audit\u00f3rio do hotel Barrudada, a partir das 19 horas e tamb\u00e9m em Itaituba, no dia 21 de outubro, no audit\u00f3rio do hotel Ac\u00e1cia, a partir das 20 horas.<\/p>\n\n\n\n<p>S<strong>ervi\u00e7o<\/strong>: O livro \u201cSobral Santos II e Novo Amap\u00e1 \u2013 40 anos das trag\u00e9dias que abalaram o Brasil&#8221;, de Evandro Corr\u00eaa, com impress\u00e3o da editora Marques, ser\u00e1 lan\u00e7ado nesta quinta-feira, 14, \u00e0s 19h, no audit\u00f3rio da livraria Saraiva, no segundo piso do shopping Boulevard. Valor do exemplar: R$ 70,00. Pedidos e reserva de exemplar: <strong>98126-2993<\/strong>\/ <strong>98284-3175<\/strong><\/p>\n\n\n\n<p class=\"has-text-align-right\"><strong><em>Com informa\u00e7\u00f5es do site Antag\u00f4nico<\/em><\/strong><\/p>\n\n\n\n<p class=\"has-text-align-right\"><strong><em> <\/em><\/strong><\/p>\n","protected":false},"excerpt":{"rendered":"<p>O jornalista Evandro Corr\u00eaa, editor dos sites Para News e o Antag\u00f4nico, lan\u00e7a nesta quinta-feira, 14, o livro \u201cSobral Santos II e Novo Amap\u00e1 \u2013 40 anos das trag\u00e9dias que abalaram o Brasil.\u201d A noite de aut\u00f3grafos ser\u00e1, a partir das 19 horas, no audit\u00f3rio da livraria Saraiva, no 2\u00ba piso do Doca Boulevard Shopping. [&hellip;]<\/p>\n","protected":false},"author":2,"featured_media":2567,"comment_status":"open","ping_status":"open","sticky":false,"template":"","format":"standard","meta":{"footnotes":""},"categories":[51,14,29],"tags":[233,119,120,235,234],"class_list":["post-2566","post","type-post","status-publish","format-standard","has-post-thumbnail","hentry","category-destaque","category-imprensa","category-jornalismo","tag-evandro-correa","tag-jornalismo","tag-jornalistas-paraenses-em-acao","tag-o-antagonico","tag-para-news"],"yoast_head":"<!-- This site is optimized with the Yoast SEO plugin v19.10 - https:\/\/yoast.com\/wordpress\/plugins\/seo\/ -->\n<title>Evandro Corr\u00eaa lan\u00e7a livro sobre grandes naufr\u00e1gios na regi\u00e3o amaz\u00f4nica - Ded\u00e9 Mesquita<\/title>\n<meta name=\"robots\" content=\"index, follow, max-snippet:-1, max-image-preview:large, max-video-preview:-1\" \/>\n<link rel=\"canonical\" href=\"https:\/\/dedemesquita.com.br\/?p=2566\" \/>\n<meta property=\"og:locale\" content=\"pt_BR\" \/>\n<meta property=\"og:type\" content=\"article\" \/>\n<meta property=\"og:title\" content=\"Evandro Corr\u00eaa lan\u00e7a livro sobre grandes naufr\u00e1gios na regi\u00e3o amaz\u00f4nica - Ded\u00e9 Mesquita\" \/>\n<meta property=\"og:description\" content=\"O jornalista Evandro Corr\u00eaa, editor dos sites Para News e o Antag\u00f4nico, lan\u00e7a nesta quinta-feira, 14, o livro \u201cSobral Santos II e Novo Amap\u00e1 \u2013 40 anos das trag\u00e9dias que abalaram o Brasil.\u201d A noite de aut\u00f3grafos ser\u00e1, a partir das 19 horas, no audit\u00f3rio da livraria Saraiva, no 2\u00ba piso do Doca Boulevard Shopping. [&hellip;]\" \/>\n<meta property=\"og:url\" content=\"https:\/\/dedemesquita.com.br\/?p=2566\" \/>\n<meta property=\"og:site_name\" content=\"Ded\u00e9 Mesquita\" \/>\n<meta property=\"article:publisher\" content=\"https:\/\/www.facebook.com\/dede.mesquita\" \/>\n<meta property=\"article:published_time\" content=\"2021-10-14T11:16:40+00:00\" \/>\n<meta property=\"article:modified_time\" content=\"2021-10-14T11:16:42+00:00\" \/>\n<meta property=\"og:image\" content=\"https:\/\/dedemesquita.com.br\/wp-content\/uploads\/2021\/10\/barco.png\" \/>\n\t<meta property=\"og:image:width\" content=\"853\" \/>\n\t<meta property=\"og:image:height\" content=\"511\" \/>\n\t<meta property=\"og:image:type\" content=\"image\/png\" \/>\n<meta name=\"author\" content=\"Ded\u00e9 Mesquita\" \/>\n<meta name=\"twitter:card\" content=\"summary_large_image\" \/>\n<meta name=\"twitter:creator\" content=\"@dedemesquita\" \/>\n<meta name=\"twitter:site\" content=\"@dedemesquita\" \/>\n<meta name=\"twitter:label1\" content=\"Escrito por\" \/>\n\t<meta name=\"twitter:data1\" content=\"Ded\u00e9 Mesquita\" \/>\n\t<meta name=\"twitter:label2\" content=\"Est. tempo de leitura\" \/>\n\t<meta name=\"twitter:data2\" content=\"2 minutos\" \/>\n<script type=\"application\/ld+json\" class=\"yoast-schema-graph\">{\"@context\":\"https:\/\/schema.org\",\"@graph\":[{\"@type\":\"WebPage\",\"@id\":\"https:\/\/dedemesquita.com.br\/?p=2566\",\"url\":\"https:\/\/dedemesquita.com.br\/?p=2566\",\"name\":\"Evandro Corr\u00eaa lan\u00e7a livro sobre grandes naufr\u00e1gios na regi\u00e3o amaz\u00f4nica - Ded\u00e9 Mesquita\",\"isPartOf\":{\"@id\":\"https:\/\/dedemesquita.com.br\/#website\"},\"datePublished\":\"2021-10-14T11:16:40+00:00\",\"dateModified\":\"2021-10-14T11:16:42+00:00\",\"author\":{\"@id\":\"https:\/\/dedemesquita.com.br\/#\/schema\/person\/36571f81dd2d76dc3ab37231542c9e24\"},\"breadcrumb\":{\"@id\":\"https:\/\/dedemesquita.com.br\/?p=2566#breadcrumb\"},\"inLanguage\":\"pt-BR\",\"potentialAction\":[{\"@type\":\"ReadAction\",\"target\":[\"https:\/\/dedemesquita.com.br\/?p=2566\"]}]},{\"@type\":\"BreadcrumbList\",\"@id\":\"https:\/\/dedemesquita.com.br\/?p=2566#breadcrumb\",\"itemListElement\":[{\"@type\":\"ListItem\",\"position\":1,\"name\":\"In\u00edcio\",\"item\":\"https:\/\/dedemesquita.com.br\/\"},{\"@type\":\"ListItem\",\"position\":2,\"name\":\"Evandro Corr\u00eaa lan\u00e7a livro sobre grandes naufr\u00e1gios na regi\u00e3o amaz\u00f4nica\"}]},{\"@type\":\"WebSite\",\"@id\":\"https:\/\/dedemesquita.com.br\/#website\",\"url\":\"https:\/\/dedemesquita.com.br\/\",\"name\":\"Ded\u00e9 Mesquita\",\"description\":\"Um site que mostra os bastidores da imprensa no estado do Par\u00e1 e em Bel\u00e9m\",\"potentialAction\":[{\"@type\":\"SearchAction\",\"target\":{\"@type\":\"EntryPoint\",\"urlTemplate\":\"https:\/\/dedemesquita.com.br\/?s={search_term_string}\"},\"query-input\":\"required name=search_term_string\"}],\"inLanguage\":\"pt-BR\"},{\"@type\":\"Person\",\"@id\":\"https:\/\/dedemesquita.com.br\/#\/schema\/person\/36571f81dd2d76dc3ab37231542c9e24\",\"name\":\"Ded\u00e9 Mesquita\",\"image\":{\"@type\":\"ImageObject\",\"inLanguage\":\"pt-BR\",\"@id\":\"https:\/\/dedemesquita.com.br\/#\/schema\/person\/image\/\",\"url\":\"https:\/\/dedemesquita.com.br\/wp-content\/uploads\/2021\/02\/foto_perfil-150x150.jpg\",\"contentUrl\":\"https:\/\/dedemesquita.com.br\/wp-content\/uploads\/2021\/02\/foto_perfil-150x150.jpg\",\"caption\":\"Ded\u00e9 Mesquita\"},\"sameAs\":[\"https:\/\/dedemesquita.com.br\"]}]}<\/script>\n<!-- \/ Yoast SEO plugin. -->","yoast_head_json":{"title":"Evandro Corr\u00eaa lan\u00e7a livro sobre grandes naufr\u00e1gios na regi\u00e3o amaz\u00f4nica - Ded\u00e9 Mesquita","robots":{"index":"index","follow":"follow","max-snippet":"max-snippet:-1","max-image-preview":"max-image-preview:large","max-video-preview":"max-video-preview:-1"},"canonical":"https:\/\/dedemesquita.com.br\/?p=2566","og_locale":"pt_BR","og_type":"article","og_title":"Evandro Corr\u00eaa lan\u00e7a livro sobre grandes naufr\u00e1gios na regi\u00e3o amaz\u00f4nica - Ded\u00e9 Mesquita","og_description":"O jornalista Evandro Corr\u00eaa, editor dos sites Para News e o Antag\u00f4nico, lan\u00e7a nesta quinta-feira, 14, o livro \u201cSobral Santos II e Novo Amap\u00e1 \u2013 40 anos das trag\u00e9dias que abalaram o Brasil.\u201d A noite de aut\u00f3grafos ser\u00e1, a partir das 19 horas, no audit\u00f3rio da livraria Saraiva, no 2\u00ba piso do Doca Boulevard Shopping. [&hellip;]","og_url":"https:\/\/dedemesquita.com.br\/?p=2566","og_site_name":"Ded\u00e9 Mesquita","article_publisher":"https:\/\/www.facebook.com\/dede.mesquita","article_published_time":"2021-10-14T11:16:40+00:00","article_modified_time":"2021-10-14T11:16:42+00:00","og_image":[{"width":853,"height":511,"url":"https:\/\/dedemesquita.com.br\/wp-content\/uploads\/2021\/10\/barco.png","type":"image\/png"}],"author":"Ded\u00e9 Mesquita","twitter_card":"summary_large_image","twitter_creator":"@dedemesquita","twitter_site":"@dedemesquita","twitter_misc":{"Escrito por":"Ded\u00e9 Mesquita","Est. tempo de leitura":"2 minutos"},"schema":{"@context":"https:\/\/schema.org","@graph":[{"@type":"WebPage","@id":"https:\/\/dedemesquita.com.br\/?p=2566","url":"https:\/\/dedemesquita.com.br\/?p=2566","name":"Evandro Corr\u00eaa lan\u00e7a livro sobre grandes naufr\u00e1gios na regi\u00e3o amaz\u00f4nica - Ded\u00e9 Mesquita","isPartOf":{"@id":"https:\/\/dedemesquita.com.br\/#website"},"datePublished":"2021-10-14T11:16:40+00:00","dateModified":"2021-10-14T11:16:42+00:00","author":{"@id":"https:\/\/dedemesquita.com.br\/#\/schema\/person\/36571f81dd2d76dc3ab37231542c9e24"},"breadcrumb":{"@id":"https:\/\/dedemesquita.com.br\/?p=2566#breadcrumb"},"inLanguage":"pt-BR","potentialAction":[{"@type":"ReadAction","target":["https:\/\/dedemesquita.com.br\/?p=2566"]}]},{"@type":"BreadcrumbList","@id":"https:\/\/dedemesquita.com.br\/?p=2566#breadcrumb","itemListElement":[{"@type":"ListItem","position":1,"name":"In\u00edcio","item":"https:\/\/dedemesquita.com.br\/"},{"@type":"ListItem","position":2,"name":"Evandro Corr\u00eaa lan\u00e7a livro sobre grandes naufr\u00e1gios na regi\u00e3o amaz\u00f4nica"}]},{"@type":"WebSite","@id":"https:\/\/dedemesquita.com.br\/#website","url":"https:\/\/dedemesquita.com.br\/","name":"Ded\u00e9 Mesquita","description":"Um site que mostra os bastidores da imprensa no estado do Par\u00e1 e em Bel\u00e9m","potentialAction":[{"@type":"SearchAction","target":{"@type":"EntryPoint","urlTemplate":"https:\/\/dedemesquita.com.br\/?s={search_term_string}"},"query-input":"required name=search_term_string"}],"inLanguage":"pt-BR"},{"@type":"Person","@id":"https:\/\/dedemesquita.com.br\/#\/schema\/person\/36571f81dd2d76dc3ab37231542c9e24","name":"Ded\u00e9 Mesquita","image":{"@type":"ImageObject","inLanguage":"pt-BR","@id":"https:\/\/dedemesquita.com.br\/#\/schema\/person\/image\/","url":"https:\/\/dedemesquita.com.br\/wp-content\/uploads\/2021\/02\/foto_perfil-150x150.jpg","contentUrl":"https:\/\/dedemesquita.com.br\/wp-content\/uploads\/2021\/02\/foto_perfil-150x150.jpg","caption":"Ded\u00e9 Mesquita"},"sameAs":["https:\/\/dedemesquita.com.br"]}]}},"_links":{"self":[{"href":"https:\/\/dedemesquita.com.br\/index.php?rest_route=\/wp\/v2\/posts\/2566"}],"collection":[{"href":"https:\/\/dedemesquita.com.br\/index.php?rest_route=\/wp\/v2\/posts"}],"about":[{"href":"https:\/\/dedemesquita.com.br\/index.php?rest_route=\/wp\/v2\/types\/post"}],"author":[{"embeddable":true,"href":"https:\/\/dedemesquita.com.br\/index.php?rest_route=\/wp\/v2\/users\/2"}],"replies":[{"embeddable":true,"href":"https:\/\/dedemesquita.com.br\/index.php?rest_route=%2Fwp%2Fv2%2Fcomments&post=2566"}],"version-history":[{"count":1,"href":"https:\/\/dedemesquita.com.br\/index.php?rest_route=\/wp\/v2\/posts\/2566\/revisions"}],"predecessor-version":[{"id":2568,"href":"https:\/\/dedemesquita.com.br\/index.php?rest_route=\/wp\/v2\/posts\/2566\/revisions\/2568"}],"wp:featuredmedia":[{"embeddable":true,"href":"https:\/\/dedemesquita.com.br\/index.php?rest_route=\/wp\/v2\/media\/2567"}],"wp:attachment":[{"href":"https:\/\/dedemesquita.com.br\/index.php?rest_route=%2Fwp%2Fv2%2Fmedia&parent=2566"}],"wp:term":[{"taxonomy":"category","embeddable":true,"href":"https:\/\/dedemesquita.com.br\/index.php?rest_route=%2Fwp%2Fv2%2Fcategories&post=2566"},{"taxonomy":"post_tag","embeddable":true,"href":"https:\/\/dedemesquita.com.br\/index.php?rest_route=%2Fwp%2Fv2%2Ftags&post=2566"}],"curies":[{"name":"wp","href":"https:\/\/api.w.org\/{rel}","templated":true}]}}