{"id":2395,"date":"2021-10-11T22:00:11","date_gmt":"2021-10-12T01:00:11","guid":{"rendered":"https:\/\/dedemesquita.com.br\/?p=2395"},"modified":"2021-10-13T20:30:27","modified_gmt":"2021-10-13T23:30:27","slug":"imprensa-no-cirio-2021-as-grandes-procissoes-da-trasladacao-e-do-cirio","status":"publish","type":"post","link":"https:\/\/dedemesquita.com.br\/?p=2395","title":{"rendered":"Imprensa no C\u00edrio 2021: as grandes prociss\u00f5es da traslada\u00e7\u00e3o e do C\u00edrio"},"content":{"rendered":"\n<p>Na postagem anterior, mostramos que o C\u00edrio 2021 foi diferente. Leia aqui: <a href=\"https:\/\/dedemesquita.com.br\/imprensa-no-cirio-2021-descida-da-imagem-original-do-gloria\/\"><strong>Imprensa no C\u00edrio 2021: descida da Imagem Original do Gl\u00f3ria<\/strong><\/a><\/p>\n\n\n\n<p>Tanto a traslada\u00e7\u00e3o, no s\u00e1bado, 9, quanto o C\u00edrio, no domingo, 10, n\u00e3o tiveram a Imagem Peregrina de Nossa Senhora de Nazar\u00e9 conduzida pelas ruas de Bel\u00e9m. Como em 2020, a Imagem foi conduzida por um helic\u00f3ptero, fazendo o trajeto do C\u00edrio e sobrevoando hospitais da capital paraense, das proximidades da igreja da S\u00e9, na Cidade Velha, ao estacionamento da pra\u00e7a Santu\u00e1rio, ao lado da Bas\u00edlica de Nazar\u00e9.<\/p>\n\n\n\n<p>Mas desde a noite de s\u00e1bado, 9, uma multid\u00e3o tomou conta das ruas de Bel\u00e9m, com milhares de pessoas fazendo o trajeto do col\u00e9gio Gentil Bittencourt at\u00e9 a igreja da S\u00e9. Na verdade, sem a Imagem Peregrina, muitas outras r\u00e9plicas da Imagem foram conduzidas por grupo de pessoas pelas ruas da cidade. Na noite de s\u00e1bado, a surpresa: a Imagem Peregrina foi colocada em um carro e fez um pequeno trajeto pela avenida Magalh\u00e3es Barata, at\u00e9 a Bas\u00edlica, ficando bem pertinho dos devotos. Por volta das 23h, a Imagem chegou de carro \u00e0 igreja da S\u00e9 e tamb\u00e9m foi levada para mais perto dos fi\u00e9is. <\/p>\n\n\n\n<p>No domingo, 10, a multid\u00e3o que foi grande no s\u00e1bado, se multiplicou. As autoridades de seguran\u00e7a estimaram que cerca de meio milh\u00e3o de pessoas fizeram o trajeto do C\u00edrio, entre a Catedral Metropolitana e a Bas\u00edlica. Depois de chegar de helic\u00f3ptero, a imagem de N. Sra. de Nazar\u00e9 foi colocada na berlinda e puxada por uma das esta\u00e7\u00f5es da corda. A berlinda foi colocada no centro da pra\u00e7a Santu\u00e1rio, depois foi retirada e levada para aben\u00e7oar os fi\u00e9is que estavam na avenida General\u00edssimo Deodoro, travessa 14 de Mar\u00e7o e alameda Dom Alberto Ramos. <\/p>\n\n\n\n<p>E os coleguinhas da imprensa? Acompanharam tudo, correram atr\u00e1s de Nazinha e fizeram uma cobertura das mais lindas que j\u00e1 vimos por aqui. Veja quem esteve por l\u00e1. <\/p>\n\n\n\n<p><strong>Reda\u00e7\u00f5es &#8211; <\/strong>Come\u00e7amos com quem fica nas reda\u00e7\u00f5es de TVs, r\u00e1dios, jornais e portais: <\/p>\n\n\n\n<div class=\"wp-block-image\"><figure class=\"aligncenter size-large\"><img loading=\"lazy\" decoding=\"async\" width=\"960\" height=\"628\" src=\"https:\/\/dedemesquita.com.br\/wp-content\/uploads\/2021\/10\/WhatsApp-Image-2021-10-13-at-20.28.39.jpeg\" alt=\"\" class=\"wp-image-2547\" srcset=\"https:\/\/dedemesquita.com.br\/wp-content\/uploads\/2021\/10\/WhatsApp-Image-2021-10-13-at-20.28.39.jpeg 960w, https:\/\/dedemesquita.com.br\/wp-content\/uploads\/2021\/10\/WhatsApp-Image-2021-10-13-at-20.28.39-768x502.jpeg 768w\" sizes=\"(max-width: 960px) 100vw, 960px\" \/><figcaption>Equipe da TV Liberal que atuou na cobertura do C\u00edrio 2021 <\/figcaption><\/figure><\/div>\n\n\n\n<div class=\"wp-block-image\"><figure class=\"aligncenter size-large\"><img loading=\"lazy\" decoding=\"async\" width=\"719\" height=\"557\" src=\"https:\/\/dedemesquita.com.br\/wp-content\/uploads\/2021\/10\/WhatsApp-Image-2021-10-10-at-06.08.30.jpeg\" alt=\"\" class=\"wp-image-2396\"\/><figcaption>Ant\u00f4nio Santos e Wellington J\u00fanior na reda\u00e7\u00e3o do DOL <\/figcaption><\/figure><\/div>\n\n\n\n<div class=\"wp-block-image\"><figure class=\"aligncenter size-large\"><img loading=\"lazy\" decoding=\"async\" width=\"719\" height=\"562\" src=\"https:\/\/dedemesquita.com.br\/wp-content\/uploads\/2021\/10\/WhatsApp-Image-2021-10-10-at-07.03.33.jpeg\" alt=\"\" class=\"wp-image-2397\"\/><figcaption>Josy Maciel, Daniela Martins, Jo\u00e3o Jadson e T\u00e2nia Menezes na reda\u00e7\u00e3o da TV Liberal <\/figcaption><\/figure><\/div>\n\n\n\n<div class=\"wp-block-image\"><figure class=\"aligncenter size-large\"><img loading=\"lazy\" decoding=\"async\" width=\"987\" height=\"554\" src=\"https:\/\/dedemesquita.com.br\/wp-content\/uploads\/2021\/10\/WhatsApp-Image-2021-10-10-at-22.23.13.jpeg\" alt=\"\" class=\"wp-image-2398\" srcset=\"https:\/\/dedemesquita.com.br\/wp-content\/uploads\/2021\/10\/WhatsApp-Image-2021-10-10-at-22.23.13.jpeg 987w, https:\/\/dedemesquita.com.br\/wp-content\/uploads\/2021\/10\/WhatsApp-Image-2021-10-10-at-22.23.13-768x431.jpeg 768w\" sizes=\"(max-width: 987px) 100vw, 987px\" \/><figcaption>Matheus Viggo no est\u00fadio da transmiss\u00e3o do C\u00edrio na RBA TV<\/figcaption><\/figure><\/div>\n\n\n\n<div class=\"wp-block-image\"><figure class=\"aligncenter size-large\"><img loading=\"lazy\" decoding=\"async\" width=\"720\" height=\"720\" src=\"https:\/\/dedemesquita.com.br\/wp-content\/uploads\/2021\/10\/WhatsApp-Image-2021-10-11-at-07.44.52.jpeg\" alt=\"\" class=\"wp-image-2399\" srcset=\"https:\/\/dedemesquita.com.br\/wp-content\/uploads\/2021\/10\/WhatsApp-Image-2021-10-11-at-07.44.52.jpeg 720w, https:\/\/dedemesquita.com.br\/wp-content\/uploads\/2021\/10\/WhatsApp-Image-2021-10-11-at-07.44.52-150x150.jpeg 150w\" sizes=\"(max-width: 720px) 100vw, 720px\" \/><figcaption>Equipe da r\u00e1dio Liberal, em frente da reda\u00e7\u00e3o na avenida Romulo Maiorana <\/figcaption><\/figure><\/div>\n\n\n\n<div class=\"wp-block-image\"><figure class=\"aligncenter size-large\"><img loading=\"lazy\" decoding=\"async\" width=\"720\" height=\"540\" src=\"https:\/\/dedemesquita.com.br\/wp-content\/uploads\/2021\/10\/WhatsApp-Image-2021-10-10-at-15.09.26.jpeg\" alt=\"\" class=\"wp-image-2400\"\/><figcaption>Felipe Cortez comandou a transmiss\u00e3o do C\u00edrio nos est\u00fadios da TV Cultura <\/figcaption><\/figure><\/div>\n\n\n\n<div class=\"wp-block-image\"><figure class=\"aligncenter size-large\"><img loading=\"lazy\" decoding=\"async\" width=\"720\" height=\"452\" src=\"https:\/\/dedemesquita.com.br\/wp-content\/uploads\/2021\/10\/WhatsApp-Image-2021-10-10-at-15.08.16.jpeg\" alt=\"\" class=\"wp-image-2401\"\/><figcaption>Reda\u00e7\u00e3o do portal Roma News <\/figcaption><\/figure><\/div>\n\n\n\n<p><strong>Prociss\u00f5es &#8211; <\/strong>Cobertura das prociss\u00f5es da traslada\u00e7\u00e3o e do C\u00edrio <\/p>\n\n\n\n<div class=\"wp-block-image\"><figure class=\"aligncenter size-large\"><img loading=\"lazy\" decoding=\"async\" width=\"609\" height=\"542\" src=\"https:\/\/dedemesquita.com.br\/wp-content\/uploads\/2021\/10\/WhatsApp-Image-2021-10-10-at-06.15.13.jpeg\" alt=\"\" class=\"wp-image-2402\"\/><figcaption>Filipe Bispo Vale em foto de Marx Vasconcelos <\/figcaption><\/figure><\/div>\n\n\n\n<div class=\"wp-block-image\"><figure class=\"aligncenter size-large\"><img loading=\"lazy\" decoding=\"async\" width=\"720\" height=\"536\" src=\"https:\/\/dedemesquita.com.br\/wp-content\/uploads\/2021\/10\/WhatsApp-Image-2021-10-10-at-09.58.20.jpeg\" alt=\"\" class=\"wp-image-2403\"\/><figcaption>Maycon Nunes <\/figcaption><\/figure><\/div>\n\n\n\n<div class=\"wp-block-image\"><figure class=\"aligncenter size-large\"><img loading=\"lazy\" decoding=\"async\" width=\"719\" height=\"560\" src=\"https:\/\/dedemesquita.com.br\/wp-content\/uploads\/2021\/10\/WhatsApp-Image-2021-10-10-at-09.58.20-1.jpeg\" alt=\"\" class=\"wp-image-2404\"\/><figcaption>Esse trio: Bruno Cruz, Maycon Nunes e Marx Vasconcelos <\/figcaption><\/figure><\/div>\n\n\n\n<div class=\"wp-block-image\"><figure class=\"aligncenter size-large\"><img loading=\"lazy\" decoding=\"async\" width=\"717\" height=\"555\" src=\"https:\/\/dedemesquita.com.br\/wp-content\/uploads\/2021\/10\/WhatsApp-Image-2021-10-10-at-15.01.22.jpeg\" alt=\"\" class=\"wp-image-2405\"\/><figcaption>Celso Freire da r\u00e1dio Liberal <\/figcaption><\/figure><\/div>\n\n\n\n<div class=\"wp-block-image\"><figure class=\"aligncenter size-large\"><img loading=\"lazy\" decoding=\"async\" width=\"718\" height=\"557\" src=\"https:\/\/dedemesquita.com.br\/wp-content\/uploads\/2021\/10\/WhatsApp-Image-2021-10-10-at-15.03.32.jpeg\" alt=\"\" class=\"wp-image-2406\"\/><figcaption>Rosana Pinto, assessora de comunica\u00e7\u00e3o do C\u00edrio de Nazar\u00e9, e L\u00e9o Nunes, da TV Liberal <\/figcaption><\/figure><\/div>\n\n\n\n<div class=\"wp-block-image\"><figure class=\"aligncenter size-large\"><img loading=\"lazy\" decoding=\"async\" width=\"720\" height=\"555\" src=\"https:\/\/dedemesquita.com.br\/wp-content\/uploads\/2021\/10\/WhatsApp-Image-2021-10-10-at-15.03.58.jpeg\" alt=\"\" class=\"wp-image-2407\"\/><figcaption>M\u00e1rcio Lins e L\u00e9o Nunes, da TV Liberal <\/figcaption><\/figure><\/div>\n\n\n\n<div class=\"wp-block-image\"><figure class=\"aligncenter size-large\"><img loading=\"lazy\" decoding=\"async\" width=\"714\" height=\"557\" src=\"https:\/\/dedemesquita.com.br\/wp-content\/uploads\/2021\/10\/WhatsApp-Image-2021-10-10-at-15.05.17.jpeg\" alt=\"\" class=\"wp-image-2408\"\/><figcaption>Carmem Helena e Alessandra &#8211; Leka &#8211; Serr\u00e3o (foto de Alessandra Serr\u00e3o) <\/figcaption><\/figure><\/div>\n\n\n\n<div class=\"wp-block-image\"><figure class=\"aligncenter size-large\"><img loading=\"lazy\" decoding=\"async\" width=\"719\" height=\"560\" src=\"https:\/\/dedemesquita.com.br\/wp-content\/uploads\/2021\/10\/WhatsApp-Image-2021-10-10-at-15.05.41.jpeg\" alt=\"\" class=\"wp-image-2409\"\/><figcaption>Euzinha e Leka (foto de Alessandra Serr\u00e3o)<\/figcaption><\/figure><\/div>\n\n\n\n<div class=\"wp-block-image\"><figure class=\"aligncenter size-large\"><img loading=\"lazy\" decoding=\"async\" width=\"716\" height=\"560\" src=\"https:\/\/dedemesquita.com.br\/wp-content\/uploads\/2021\/10\/WhatsApp-Image-2021-10-10-at-15.06.01.jpeg\" alt=\"\" class=\"wp-image-2410\"\/><figcaption>Alessandra &#8211; Leka &#8211; Serr\u00e3o e Camila Lima (foto de Alessandra Serr\u00e3o)<\/figcaption><\/figure><\/div>\n\n\n\n<div class=\"wp-block-image\"><figure class=\"aligncenter size-large\"><img loading=\"lazy\" decoding=\"async\" width=\"717\" height=\"531\" src=\"https:\/\/dedemesquita.com.br\/wp-content\/uploads\/2021\/10\/WhatsApp-Image-2021-10-10-at-20.07.51.jpeg\" alt=\"\" class=\"wp-image-2411\"\/><figcaption>Laiana Damasceno, a onipresente rep\u00f3rter do portal Roma News <\/figcaption><\/figure><\/div>\n\n\n\n<div class=\"wp-block-image\"><figure class=\"aligncenter size-large\"><img loading=\"lazy\" decoding=\"async\" width=\"718\" height=\"560\" src=\"https:\/\/dedemesquita.com.br\/wp-content\/uploads\/2021\/10\/WhatsApp-Image-2021-10-10-at-20.09.21.jpeg\" alt=\"\" class=\"wp-image-2412\"\/><figcaption>Andreia Teixeira, Andr\u00e9 Mardock e Salim Wariss <\/figcaption><\/figure><\/div>\n\n\n\n<div class=\"wp-block-image\"><figure class=\"aligncenter size-large\"><img loading=\"lazy\" decoding=\"async\" width=\"714\" height=\"557\" src=\"https:\/\/dedemesquita.com.br\/wp-content\/uploads\/2021\/10\/WhatsApp-Image-2021-10-10-at-20.09.42.jpeg\" alt=\"\" class=\"wp-image-2413\"\/><figcaption>Andreia Teixeira, da TV Cultura <\/figcaption><\/figure><\/div>\n\n\n\n<div class=\"wp-block-image\"><figure class=\"aligncenter size-large\"><img loading=\"lazy\" decoding=\"async\" width=\"719\" height=\"552\" src=\"https:\/\/dedemesquita.com.br\/wp-content\/uploads\/2021\/10\/WhatsApp-Image-2021-10-10-at-20.17.04.jpeg\" alt=\"\" class=\"wp-image-2414\"\/><figcaption>Andr\u00e9 Mardock, da TV Cultura <\/figcaption><\/figure><\/div>\n\n\n\n<div class=\"wp-block-image\"><figure class=\"aligncenter size-large\"><img loading=\"lazy\" decoding=\"async\" width=\"720\" height=\"553\" src=\"https:\/\/dedemesquita.com.br\/wp-content\/uploads\/2021\/10\/WhatsApp-Image-2021-10-11-at-20.30.34-5.jpeg\" alt=\"\" class=\"wp-image-2415\"\/><figcaption>O trio dos &#8220;len\u00e7os \u00e1rabes&#8221;: Filipe Bispo Vale, Maycon Nunes e Osmarino Souza <\/figcaption><\/figure><\/div>\n\n\n\n<div class=\"wp-block-image\"><figure class=\"aligncenter size-large\"><img loading=\"lazy\" decoding=\"async\" width=\"709\" height=\"528\" src=\"https:\/\/dedemesquita.com.br\/wp-content\/uploads\/2021\/10\/WhatsApp-Image-2021-10-11-at-20.30.34-4.jpeg\" alt=\"\" class=\"wp-image-2416\"\/><figcaption>Kadu Alvorada, da Secom\/Ag\u00eancia Par\u00e1<\/figcaption><\/figure><\/div>\n\n\n\n<div class=\"wp-block-image\"><figure class=\"aligncenter size-large\"><img loading=\"lazy\" decoding=\"async\" width=\"720\" height=\"1000\" src=\"https:\/\/dedemesquita.com.br\/wp-content\/uploads\/2021\/10\/WhatsApp-Image-2021-10-11-at-20.30.34-2.jpeg\" alt=\"\" class=\"wp-image-2417\"\/><figcaption>&#8220;tio&#8221; Tarso Sarraf nas ruas do C\u00edrio <\/figcaption><\/figure><\/div>\n\n\n\n<div class=\"wp-block-image\"><figure class=\"aligncenter size-large\"><img loading=\"lazy\" decoding=\"async\" width=\"717\" height=\"559\" src=\"https:\/\/dedemesquita.com.br\/wp-content\/uploads\/2021\/10\/WhatsApp-Image-2021-10-11-at-20.30.34-1.jpeg\" alt=\"\" class=\"wp-image-2418\"\/><figcaption>Jal\u00edlia Messias, da TV Liberal <\/figcaption><\/figure><\/div>\n\n\n\n<div class=\"wp-block-image\"><figure class=\"aligncenter size-large\"><img loading=\"lazy\" decoding=\"async\" width=\"720\" height=\"513\" src=\"https:\/\/dedemesquita.com.br\/wp-content\/uploads\/2021\/10\/WhatsApp-Image-2021-10-11-at-20.30.34.jpeg\" alt=\"\" class=\"wp-image-2419\"\/><figcaption>O platinado Thiago Gomes, da Reda\u00e7\u00e3o Integrada O Liberal <\/figcaption><\/figure><\/div>\n\n\n\n<div class=\"wp-block-image\"><figure class=\"aligncenter size-large\"><img loading=\"lazy\" decoding=\"async\" width=\"717\" height=\"545\" src=\"https:\/\/dedemesquita.com.br\/wp-content\/uploads\/2021\/10\/WhatsApp-Image-2021-10-10-at-23.48.54.jpeg\" alt=\"\" class=\"wp-image-2420\"\/><figcaption>Vanessa Fortes confere imagens com cinegrafista da TV Cultura <\/figcaption><\/figure><\/div>\n\n\n\n<div class=\"wp-block-image\"><figure class=\"aligncenter size-large\"><img loading=\"lazy\" decoding=\"async\" width=\"716\" height=\"547\" src=\"https:\/\/dedemesquita.com.br\/wp-content\/uploads\/2021\/10\/WhatsApp-Image-2021-10-10-at-23.47.41.jpeg\" alt=\"\" class=\"wp-image-2421\"\/><figcaption>YUri Danilo e Wellington J\u00fanior, da RBA TV <\/figcaption><\/figure><\/div>\n\n\n\n<div class=\"wp-block-image\"><figure class=\"aligncenter size-large\"><img loading=\"lazy\" decoding=\"async\" width=\"720\" height=\"952\" src=\"https:\/\/dedemesquita.com.br\/wp-content\/uploads\/2021\/10\/WhatsApp-Image-2021-10-11-at-20.30.34-3.jpeg\" alt=\"\" class=\"wp-image-2422\"\/><figcaption>Tim\u00f3teo Lopes, que veio diretamente de S\u00e3o Paulo para cobrir o C\u00edrio pelo jornal Folha de S. Paulo <\/figcaption><\/figure><\/div>\n\n\n\n<div class=\"wp-block-image\"><figure class=\"aligncenter size-large\"><img loading=\"lazy\" decoding=\"async\" width=\"720\" height=\"540\" src=\"https:\/\/dedemesquita.com.br\/wp-content\/uploads\/2021\/10\/WhatsApp-Image-2021-10-10-at-15.19.30.jpeg\" alt=\"\" class=\"wp-image-2423\"\/><figcaption>C\u00e9lia Pinho e Den\u00edlson d\u00b4Almeida no C\u00edrio <\/figcaption><\/figure><\/div>\n\n\n\n<div class=\"wp-block-image\"><figure class=\"aligncenter size-large\"><img loading=\"lazy\" decoding=\"async\" width=\"720\" height=\"540\" src=\"https:\/\/dedemesquita.com.br\/wp-content\/uploads\/2021\/10\/WhatsApp-Image-2021-10-10-at-06.02.54.jpeg\" alt=\"\" class=\"wp-image-2424\"\/><figcaption>Andrey Ara\u00fajo, do SBT Par\u00e1, na cobertura da Traslada\u00e7\u00e3o <\/figcaption><\/figure><\/div>\n\n\n\n<div class=\"wp-block-image\"><figure class=\"aligncenter size-large\"><img loading=\"lazy\" decoding=\"async\" width=\"720\" height=\"731\" src=\"https:\/\/dedemesquita.com.br\/wp-content\/uploads\/2021\/10\/WhatsApp-Image-2021-10-11-at-21.57.56.jpeg\" alt=\"\" class=\"wp-image-2426\"\/><figcaption>Celso Freire, da r\u00e1dio Liberal, e Renato Lobo, do portal Roma News <\/figcaption><\/figure><\/div>\n","protected":false},"excerpt":{"rendered":"<p>Na postagem anterior, mostramos que o C\u00edrio 2021 foi diferente. Leia aqui: Imprensa no C\u00edrio 2021: descida da Imagem Original do Gl\u00f3ria Tanto a traslada\u00e7\u00e3o, no s\u00e1bado, 9, quanto o C\u00edrio, no domingo, 10, n\u00e3o tiveram a Imagem Peregrina de Nossa Senhora de Nazar\u00e9 conduzida pelas ruas de Bel\u00e9m. Como em 2020, a Imagem foi [&hellip;]<\/p>\n","protected":false},"author":2,"featured_media":2425,"comment_status":"open","ping_status":"open","sticky":false,"template":"","format":"standard","meta":{"footnotes":""},"categories":[51,14,29],"tags":[119,120,144,157,145,183,190,150,197,137],"class_list":["post-2395","post","type-post","status-publish","format-standard","has-post-thumbnail","hentry","category-destaque","category-imprensa","category-jornalismo","tag-jornalismo","tag-jornalistas-paraenses-em-acao","tag-o-liberal","tag-radio-liberal","tag-rbatv","tag-roma-news","tag-sbt-pa","tag-secom-pa","tag-tv-cultura","tag-tv-liberal"],"yoast_head":"<!-- This site is optimized with the Yoast SEO plugin v19.10 - https:\/\/yoast.com\/wordpress\/plugins\/seo\/ -->\n<title>Imprensa no C\u00edrio 2021: as grandes prociss\u00f5es da traslada\u00e7\u00e3o e do C\u00edrio - Ded\u00e9 Mesquita<\/title>\n<meta name=\"robots\" content=\"index, follow, max-snippet:-1, max-image-preview:large, max-video-preview:-1\" \/>\n<link rel=\"canonical\" href=\"https:\/\/dedemesquita.com.br\/?p=2395\" \/>\n<meta property=\"og:locale\" content=\"pt_BR\" \/>\n<meta property=\"og:type\" content=\"article\" \/>\n<meta property=\"og:title\" content=\"Imprensa no C\u00edrio 2021: as grandes prociss\u00f5es da traslada\u00e7\u00e3o e do C\u00edrio - Ded\u00e9 Mesquita\" \/>\n<meta property=\"og:description\" content=\"Na postagem anterior, mostramos que o C\u00edrio 2021 foi diferente. Leia aqui: Imprensa no C\u00edrio 2021: descida da Imagem Original do Gl\u00f3ria Tanto a traslada\u00e7\u00e3o, no s\u00e1bado, 9, quanto o C\u00edrio, no domingo, 10, n\u00e3o tiveram a Imagem Peregrina de Nossa Senhora de Nazar\u00e9 conduzida pelas ruas de Bel\u00e9m. Como em 2020, a Imagem foi [&hellip;]\" \/>\n<meta property=\"og:url\" content=\"https:\/\/dedemesquita.com.br\/?p=2395\" \/>\n<meta property=\"og:site_name\" content=\"Ded\u00e9 Mesquita\" \/>\n<meta property=\"article:publisher\" content=\"https:\/\/www.facebook.com\/dede.mesquita\" \/>\n<meta property=\"article:published_time\" content=\"2021-10-12T01:00:11+00:00\" \/>\n<meta property=\"article:modified_time\" content=\"2021-10-13T23:30:27+00:00\" \/>\n<meta property=\"og:image\" content=\"https:\/\/dedemesquita.com.br\/wp-content\/uploads\/2021\/10\/WhatsApp-Image-2021-10-10-at-20.03.45.jpeg\" \/>\n\t<meta property=\"og:image:width\" content=\"1000\" \/>\n\t<meta property=\"og:image:height\" content=\"502\" \/>\n\t<meta property=\"og:image:type\" content=\"image\/jpeg\" \/>\n<meta name=\"author\" content=\"Ded\u00e9 Mesquita\" \/>\n<meta name=\"twitter:card\" content=\"summary_large_image\" \/>\n<meta name=\"twitter:creator\" content=\"@dedemesquita\" \/>\n<meta name=\"twitter:site\" content=\"@dedemesquita\" \/>\n<meta name=\"twitter:label1\" content=\"Escrito por\" \/>\n\t<meta name=\"twitter:data1\" content=\"Ded\u00e9 Mesquita\" \/>\n\t<meta name=\"twitter:label2\" content=\"Est. tempo de leitura\" \/>\n\t<meta name=\"twitter:data2\" content=\"9 minutos\" \/>\n<script type=\"application\/ld+json\" class=\"yoast-schema-graph\">{\"@context\":\"https:\/\/schema.org\",\"@graph\":[{\"@type\":\"WebPage\",\"@id\":\"https:\/\/dedemesquita.com.br\/?p=2395\",\"url\":\"https:\/\/dedemesquita.com.br\/?p=2395\",\"name\":\"Imprensa no C\u00edrio 2021: as grandes prociss\u00f5es da traslada\u00e7\u00e3o e do C\u00edrio - Ded\u00e9 Mesquita\",\"isPartOf\":{\"@id\":\"https:\/\/dedemesquita.com.br\/#website\"},\"datePublished\":\"2021-10-12T01:00:11+00:00\",\"dateModified\":\"2021-10-13T23:30:27+00:00\",\"author\":{\"@id\":\"https:\/\/dedemesquita.com.br\/#\/schema\/person\/36571f81dd2d76dc3ab37231542c9e24\"},\"breadcrumb\":{\"@id\":\"https:\/\/dedemesquita.com.br\/?p=2395#breadcrumb\"},\"inLanguage\":\"pt-BR\",\"potentialAction\":[{\"@type\":\"ReadAction\",\"target\":[\"https:\/\/dedemesquita.com.br\/?p=2395\"]}]},{\"@type\":\"BreadcrumbList\",\"@id\":\"https:\/\/dedemesquita.com.br\/?p=2395#breadcrumb\",\"itemListElement\":[{\"@type\":\"ListItem\",\"position\":1,\"name\":\"In\u00edcio\",\"item\":\"https:\/\/dedemesquita.com.br\/\"},{\"@type\":\"ListItem\",\"position\":2,\"name\":\"Imprensa no C\u00edrio 2021: as grandes prociss\u00f5es da traslada\u00e7\u00e3o e do C\u00edrio\"}]},{\"@type\":\"WebSite\",\"@id\":\"https:\/\/dedemesquita.com.br\/#website\",\"url\":\"https:\/\/dedemesquita.com.br\/\",\"name\":\"Ded\u00e9 Mesquita\",\"description\":\"Um site que mostra os bastidores da imprensa no estado do Par\u00e1 e em Bel\u00e9m\",\"potentialAction\":[{\"@type\":\"SearchAction\",\"target\":{\"@type\":\"EntryPoint\",\"urlTemplate\":\"https:\/\/dedemesquita.com.br\/?s={search_term_string}\"},\"query-input\":\"required name=search_term_string\"}],\"inLanguage\":\"pt-BR\"},{\"@type\":\"Person\",\"@id\":\"https:\/\/dedemesquita.com.br\/#\/schema\/person\/36571f81dd2d76dc3ab37231542c9e24\",\"name\":\"Ded\u00e9 Mesquita\",\"image\":{\"@type\":\"ImageObject\",\"inLanguage\":\"pt-BR\",\"@id\":\"https:\/\/dedemesquita.com.br\/#\/schema\/person\/image\/\",\"url\":\"https:\/\/dedemesquita.com.br\/wp-content\/uploads\/2021\/02\/foto_perfil-150x150.jpg\",\"contentUrl\":\"https:\/\/dedemesquita.com.br\/wp-content\/uploads\/2021\/02\/foto_perfil-150x150.jpg\",\"caption\":\"Ded\u00e9 Mesquita\"},\"sameAs\":[\"https:\/\/dedemesquita.com.br\"]}]}<\/script>\n<!-- \/ Yoast SEO plugin. -->","yoast_head_json":{"title":"Imprensa no C\u00edrio 2021: as grandes prociss\u00f5es da traslada\u00e7\u00e3o e do C\u00edrio - Ded\u00e9 Mesquita","robots":{"index":"index","follow":"follow","max-snippet":"max-snippet:-1","max-image-preview":"max-image-preview:large","max-video-preview":"max-video-preview:-1"},"canonical":"https:\/\/dedemesquita.com.br\/?p=2395","og_locale":"pt_BR","og_type":"article","og_title":"Imprensa no C\u00edrio 2021: as grandes prociss\u00f5es da traslada\u00e7\u00e3o e do C\u00edrio - Ded\u00e9 Mesquita","og_description":"Na postagem anterior, mostramos que o C\u00edrio 2021 foi diferente. Leia aqui: Imprensa no C\u00edrio 2021: descida da Imagem Original do Gl\u00f3ria Tanto a traslada\u00e7\u00e3o, no s\u00e1bado, 9, quanto o C\u00edrio, no domingo, 10, n\u00e3o tiveram a Imagem Peregrina de Nossa Senhora de Nazar\u00e9 conduzida pelas ruas de Bel\u00e9m. Como em 2020, a Imagem foi [&hellip;]","og_url":"https:\/\/dedemesquita.com.br\/?p=2395","og_site_name":"Ded\u00e9 Mesquita","article_publisher":"https:\/\/www.facebook.com\/dede.mesquita","article_published_time":"2021-10-12T01:00:11+00:00","article_modified_time":"2021-10-13T23:30:27+00:00","og_image":[{"width":1000,"height":502,"url":"https:\/\/dedemesquita.com.br\/wp-content\/uploads\/2021\/10\/WhatsApp-Image-2021-10-10-at-20.03.45.jpeg","type":"image\/jpeg"}],"author":"Ded\u00e9 Mesquita","twitter_card":"summary_large_image","twitter_creator":"@dedemesquita","twitter_site":"@dedemesquita","twitter_misc":{"Escrito por":"Ded\u00e9 Mesquita","Est. tempo de leitura":"9 minutos"},"schema":{"@context":"https:\/\/schema.org","@graph":[{"@type":"WebPage","@id":"https:\/\/dedemesquita.com.br\/?p=2395","url":"https:\/\/dedemesquita.com.br\/?p=2395","name":"Imprensa no C\u00edrio 2021: as grandes prociss\u00f5es da traslada\u00e7\u00e3o e do C\u00edrio - Ded\u00e9 Mesquita","isPartOf":{"@id":"https:\/\/dedemesquita.com.br\/#website"},"datePublished":"2021-10-12T01:00:11+00:00","dateModified":"2021-10-13T23:30:27+00:00","author":{"@id":"https:\/\/dedemesquita.com.br\/#\/schema\/person\/36571f81dd2d76dc3ab37231542c9e24"},"breadcrumb":{"@id":"https:\/\/dedemesquita.com.br\/?p=2395#breadcrumb"},"inLanguage":"pt-BR","potentialAction":[{"@type":"ReadAction","target":["https:\/\/dedemesquita.com.br\/?p=2395"]}]},{"@type":"BreadcrumbList","@id":"https:\/\/dedemesquita.com.br\/?p=2395#breadcrumb","itemListElement":[{"@type":"ListItem","position":1,"name":"In\u00edcio","item":"https:\/\/dedemesquita.com.br\/"},{"@type":"ListItem","position":2,"name":"Imprensa no C\u00edrio 2021: as grandes prociss\u00f5es da traslada\u00e7\u00e3o e do C\u00edrio"}]},{"@type":"WebSite","@id":"https:\/\/dedemesquita.com.br\/#website","url":"https:\/\/dedemesquita.com.br\/","name":"Ded\u00e9 Mesquita","description":"Um site que mostra os bastidores da imprensa no estado do Par\u00e1 e em Bel\u00e9m","potentialAction":[{"@type":"SearchAction","target":{"@type":"EntryPoint","urlTemplate":"https:\/\/dedemesquita.com.br\/?s={search_term_string}"},"query-input":"required name=search_term_string"}],"inLanguage":"pt-BR"},{"@type":"Person","@id":"https:\/\/dedemesquita.com.br\/#\/schema\/person\/36571f81dd2d76dc3ab37231542c9e24","name":"Ded\u00e9 Mesquita","image":{"@type":"ImageObject","inLanguage":"pt-BR","@id":"https:\/\/dedemesquita.com.br\/#\/schema\/person\/image\/","url":"https:\/\/dedemesquita.com.br\/wp-content\/uploads\/2021\/02\/foto_perfil-150x150.jpg","contentUrl":"https:\/\/dedemesquita.com.br\/wp-content\/uploads\/2021\/02\/foto_perfil-150x150.jpg","caption":"Ded\u00e9 Mesquita"},"sameAs":["https:\/\/dedemesquita.com.br"]}]}},"_links":{"self":[{"href":"https:\/\/dedemesquita.com.br\/index.php?rest_route=\/wp\/v2\/posts\/2395"}],"collection":[{"href":"https:\/\/dedemesquita.com.br\/index.php?rest_route=\/wp\/v2\/posts"}],"about":[{"href":"https:\/\/dedemesquita.com.br\/index.php?rest_route=\/wp\/v2\/types\/post"}],"author":[{"embeddable":true,"href":"https:\/\/dedemesquita.com.br\/index.php?rest_route=\/wp\/v2\/users\/2"}],"replies":[{"embeddable":true,"href":"https:\/\/dedemesquita.com.br\/index.php?rest_route=%2Fwp%2Fv2%2Fcomments&post=2395"}],"version-history":[{"count":2,"href":"https:\/\/dedemesquita.com.br\/index.php?rest_route=\/wp\/v2\/posts\/2395\/revisions"}],"predecessor-version":[{"id":2549,"href":"https:\/\/dedemesquita.com.br\/index.php?rest_route=\/wp\/v2\/posts\/2395\/revisions\/2549"}],"wp:featuredmedia":[{"embeddable":true,"href":"https:\/\/dedemesquita.com.br\/index.php?rest_route=\/wp\/v2\/media\/2425"}],"wp:attachment":[{"href":"https:\/\/dedemesquita.com.br\/index.php?rest_route=%2Fwp%2Fv2%2Fmedia&parent=2395"}],"wp:term":[{"taxonomy":"category","embeddable":true,"href":"https:\/\/dedemesquita.com.br\/index.php?rest_route=%2Fwp%2Fv2%2Fcategories&post=2395"},{"taxonomy":"post_tag","embeddable":true,"href":"https:\/\/dedemesquita.com.br\/index.php?rest_route=%2Fwp%2Fv2%2Ftags&post=2395"}],"curies":[{"name":"wp","href":"https:\/\/api.w.org\/{rel}","templated":true}]}}