{"id":2326,"date":"2021-10-08T17:24:02","date_gmt":"2021-10-08T20:24:02","guid":{"rendered":"https:\/\/dedemesquita.com.br\/?p=2326"},"modified":"2021-10-13T19:22:21","modified_gmt":"2021-10-13T22:22:21","slug":"imprensa-no-cirio-2021-traslado-para-ananindeua-e-marituba-e-a-chegada-da-esquadrilha-da-fumaca","status":"publish","type":"post","link":"https:\/\/dedemesquita.com.br\/?p=2326","title":{"rendered":"Imprensa no C\u00edrio 2021: traslado para Ananindeua e Marituba e a chegada da Esquadrilha da Fuma\u00e7a"},"content":{"rendered":"\n<p>Foi bem diferente. Mas n\u00e3o foi mais diferente que no ano passado, quando, por conta da pandemia de covid-19, a prociss\u00e3o do traslado da Imagem Peregrina de Nossa Senhora de Nazar\u00e9, para Ananindeua e Marituba, nem foi realizada. \u00c0 tarde, chegaram os avi\u00f5es da Esquadrilha da Fuma\u00e7a que far\u00e3o dois voos em homenagem \u00e0 Nossa Senhora de Nazar\u00e9. <\/p>\n\n\n\n<p><strong>Traslado &#8211;<\/strong> O &#8220;traslado&#8221;, em tempos &#8220;normais&#8221;, marca o in\u00edcio da temporada de prociss\u00f5es do C\u00edrio de Nossa Senhora de Nazar\u00e9, abrindo assim, oficialmente, a grande festa dos paraenses. <\/p>\n\n\n\n<p>Este ano, por estarmos ainda em meio \u00e0 pandemia, o &#8220;traslado&#8221; ser\u00e1 a \u00fanica prociss\u00e3o em que a imagem de Senhora de Nazar\u00e9 vai sair \u00e0s ruas da Regi\u00e3o Metropolitana de Bel\u00e9m (RMB) e ficar mais perto dos fi\u00e9is. Normalmente, essa prociss\u00e3o come\u00e7a de manh\u00e3 cedo e s\u00f3 termina \u00e0 noite, na igreja matriz de Nossa Senhora das Gra\u00e7as, em Ananindeua. <\/p>\n\n\n\n<p>A prociss\u00e3o desta sexta-feira, 8, come\u00e7ou \u00e0s 7 horas, com sa\u00edda da Bas\u00edlica de Nazar\u00e9, e percorreu o trajeto Bel\u00e9m, Ananindeua e Marituba, pelas principais vias dessas cidades, mas sem parar para as tradicionais homenagens. Sem paradas, ao meio dia, depois de 60 quil\u00f4metros percorridos, a Imagem Peregrina j\u00e1 estava de volta \u00e0 Bas\u00edlica Santu\u00e1rio de Nazar\u00e9. <\/p>\n\n\n\n<p>E a imprensa local acompanhou tudo. Veja como foi: <\/p>\n\n\n\n<div class=\"wp-block-image\"><figure class=\"aligncenter size-large\"><img loading=\"lazy\" decoding=\"async\" width=\"641\" height=\"790\" src=\"https:\/\/dedemesquita.com.br\/wp-content\/uploads\/2021\/10\/243316347_588024222528440_2173627107603392449_n.jpg\" alt=\"\" class=\"wp-image-2347\"\/><figcaption>Thais Veiga, da assessoria de comunica\u00e7\u00e3o da Guarda Municipal de Bel\u00e9m <\/figcaption><\/figure><\/div>\n\n\n\n<div class=\"wp-block-image\"><figure class=\"aligncenter size-large\"><img loading=\"lazy\" decoding=\"async\" width=\"714\" height=\"499\" src=\"https:\/\/dedemesquita.com.br\/wp-content\/uploads\/2021\/10\/WhatsApp-Image-2021-10-08-at-13.15.02-1.jpeg\" alt=\"\" class=\"wp-image-2327\"\/><figcaption>Mois\u00e9s Henrique, cinegrafista da TV Liberal (foto de Ded\u00e9 Mesquita)<\/figcaption><\/figure><\/div>\n\n\n\n<div class=\"wp-block-image\"><figure class=\"aligncenter size-large\"><img loading=\"lazy\" decoding=\"async\" width=\"705\" height=\"556\" src=\"https:\/\/dedemesquita.com.br\/wp-content\/uploads\/2021\/10\/WhatsApp-Image-2021-10-08-at-13.15.02-2.jpeg\" alt=\"\" class=\"wp-image-2328\"\/><figcaption>M\u00e1rcio Nagano, da Reda\u00e7\u00e3o Integrada O Liberal (foto de Ded\u00e9 Mesquita)<\/figcaption><\/figure><\/div>\n\n\n\n<div class=\"wp-block-image\"><figure class=\"aligncenter size-large\"><img loading=\"lazy\" decoding=\"async\" width=\"715\" height=\"801\" src=\"https:\/\/dedemesquita.com.br\/wp-content\/uploads\/2021\/10\/WhatsApp-Image-2021-10-08-at-13.15.02-4.jpeg\" alt=\"\" class=\"wp-image-2329\"\/><figcaption>F\u00e1bio Cruz, Cinthia Gatti e Marcio Nagano dentro da Bas\u00edlica, antes do traslado <\/figcaption><\/figure><\/div>\n\n\n\n<div class=\"wp-block-image\"><figure class=\"aligncenter size-large\"><img loading=\"lazy\" decoding=\"async\" width=\"882\" height=\"554\" src=\"https:\/\/dedemesquita.com.br\/wp-content\/uploads\/2021\/10\/WhatsApp-Image-2021-10-08-at-13.15.52-1.jpeg\" alt=\"\" class=\"wp-image-2330\" srcset=\"https:\/\/dedemesquita.com.br\/wp-content\/uploads\/2021\/10\/WhatsApp-Image-2021-10-08-at-13.15.52-1.jpeg 882w, https:\/\/dedemesquita.com.br\/wp-content\/uploads\/2021\/10\/WhatsApp-Image-2021-10-08-at-13.15.52-1-768x482.jpeg 768w\" sizes=\"(max-width: 882px) 100vw, 882px\" \/><figcaption>Equipe do SBT Par\u00e1 (foto de Ded\u00e9 Mesquita)<\/figcaption><\/figure><\/div>\n\n\n\n<div class=\"wp-block-image\"><figure class=\"aligncenter size-large\"><img loading=\"lazy\" decoding=\"async\" width=\"1000\" height=\"807\" src=\"https:\/\/dedemesquita.com.br\/wp-content\/uploads\/2021\/10\/WhatsApp-Image-2021-10-08-at-13.15.52.jpeg\" alt=\"\" class=\"wp-image-2331\" srcset=\"https:\/\/dedemesquita.com.br\/wp-content\/uploads\/2021\/10\/WhatsApp-Image-2021-10-08-at-13.15.52.jpeg 1000w, https:\/\/dedemesquita.com.br\/wp-content\/uploads\/2021\/10\/WhatsApp-Image-2021-10-08-at-13.15.52-768x620.jpeg 768w\" sizes=\"(max-width: 1000px) 100vw, 1000px\" \/><figcaption>Mais uma equipe da TV Liberal (foto de Ded\u00e9 Mesquita)<\/figcaption><\/figure><\/div>\n\n\n\n<div class=\"wp-block-image\"><figure class=\"aligncenter size-large\"><img loading=\"lazy\" decoding=\"async\" width=\"1000\" height=\"810\" src=\"https:\/\/dedemesquita.com.br\/wp-content\/uploads\/2021\/10\/WhatsApp-Image-2021-10-08-at-13.15.52-2.jpeg\" alt=\"\" class=\"wp-image-2332\" srcset=\"https:\/\/dedemesquita.com.br\/wp-content\/uploads\/2021\/10\/WhatsApp-Image-2021-10-08-at-13.15.52-2.jpeg 1000w, https:\/\/dedemesquita.com.br\/wp-content\/uploads\/2021\/10\/WhatsApp-Image-2021-10-08-at-13.15.52-2-768x622.jpeg 768w\" sizes=\"(max-width: 1000px) 100vw, 1000px\" \/><figcaption>Igor Mota, o Motinha, fot\u00f3grafo da Reda\u00e7\u00e3o Integrada O Liberal (foto de Ded\u00e9 Mesquita)<\/figcaption><\/figure><\/div>\n\n\n\n<div class=\"wp-block-image\"><figure class=\"aligncenter size-large\"><img loading=\"lazy\" decoding=\"async\" width=\"884\" height=\"563\" src=\"https:\/\/dedemesquita.com.br\/wp-content\/uploads\/2021\/10\/WhatsApp-Image-2021-10-08-at-13.15.52-3.jpeg\" alt=\"\" class=\"wp-image-2333\" srcset=\"https:\/\/dedemesquita.com.br\/wp-content\/uploads\/2021\/10\/WhatsApp-Image-2021-10-08-at-13.15.52-3.jpeg 884w, https:\/\/dedemesquita.com.br\/wp-content\/uploads\/2021\/10\/WhatsApp-Image-2021-10-08-at-13.15.52-3-768x489.jpeg 768w\" sizes=\"(max-width: 884px) 100vw, 884px\" \/><figcaption>\u00c1lvaro Ribeiro, cinegrafista da TV Liberal (foto de Ded\u00e9 Mesquita)<\/figcaption><\/figure><\/div>\n\n\n\n<div class=\"wp-block-image\"><figure class=\"aligncenter size-large\"><img loading=\"lazy\" decoding=\"async\" width=\"683\" height=\"551\" src=\"https:\/\/dedemesquita.com.br\/wp-content\/uploads\/2021\/10\/WhatsApp-Image-2021-10-08-at-16.09.58.jpeg\" alt=\"\" class=\"wp-image-2334\"\/><figcaption>Equipe de &#8220;rede&#8221; da TV Liberal com Fabiano Villela e Reginaldo Gon\u00e7alves <\/figcaption><\/figure><\/div>\n\n\n\n<div class=\"wp-block-image\"><figure class=\"aligncenter size-large\"><img loading=\"lazy\" decoding=\"async\" width=\"1200\" height=\"1600\" src=\"https:\/\/dedemesquita.com.br\/wp-content\/uploads\/2021\/10\/WhatsApp-Image-2021-10-08-at-08.48.47.jpeg\" alt=\"\" class=\"wp-image-2335\" srcset=\"https:\/\/dedemesquita.com.br\/wp-content\/uploads\/2021\/10\/WhatsApp-Image-2021-10-08-at-08.48.47.jpeg 1200w, https:\/\/dedemesquita.com.br\/wp-content\/uploads\/2021\/10\/WhatsApp-Image-2021-10-08-at-08.48.47-768x1024.jpeg 768w, https:\/\/dedemesquita.com.br\/wp-content\/uploads\/2021\/10\/WhatsApp-Image-2021-10-08-at-08.48.47-1152x1536.jpeg 1152w\" sizes=\"(max-width: 1200px) 100vw, 1200px\" \/><figcaption>Antenor Filho, o &#8220;antena&#8221;, da TV e r\u00e1dio Liberal <\/figcaption><\/figure><\/div>\n\n\n\n<div class=\"wp-block-image\"><figure class=\"aligncenter size-large\"><img loading=\"lazy\" decoding=\"async\" width=\"720\" height=\"786\" src=\"https:\/\/dedemesquita.com.br\/wp-content\/uploads\/2021\/10\/WhatsApp-Image-2021-10-08-at-13.15.02.jpeg\" alt=\"\" class=\"wp-image-2336\"\/><figcaption>M\u00e1rcio Lins entrevista M\u00e1rio Tuma para o Bom Dia Par\u00e1 (foto de Ded\u00e9 Mesquita)<\/figcaption><\/figure><\/div>\n\n\n\n<div class=\"wp-block-image\"><figure class=\"aligncenter size-large\"><img loading=\"lazy\" decoding=\"async\" width=\"718\" height=\"548\" src=\"https:\/\/dedemesquita.com.br\/wp-content\/uploads\/2021\/10\/WhatsApp-Image-2021-10-08-at-13.15.02-3.jpeg\" alt=\"\" class=\"wp-image-2337\"\/><figcaption>Diego Beckman, da Guarda de Nazar\u00e9 e tamb\u00e9m da RBA TV (foto de Ded\u00e9 Mesquita)<\/figcaption><\/figure><\/div>\n\n\n\n<div class=\"wp-block-image\"><figure class=\"aligncenter size-large\"><img loading=\"lazy\" decoding=\"async\" width=\"1000\" height=\"717\" src=\"https:\/\/dedemesquita.com.br\/wp-content\/uploads\/2021\/10\/WhatsApp-Image-2021-10-08-at-13.15.52-4.jpeg\" alt=\"\" class=\"wp-image-2338\" srcset=\"https:\/\/dedemesquita.com.br\/wp-content\/uploads\/2021\/10\/WhatsApp-Image-2021-10-08-at-13.15.52-4.jpeg 1000w, https:\/\/dedemesquita.com.br\/wp-content\/uploads\/2021\/10\/WhatsApp-Image-2021-10-08-at-13.15.52-4-768x551.jpeg 768w\" sizes=\"(max-width: 1000px) 100vw, 1000px\" \/><figcaption>O famoso carro dos cinegrafistas e fot\u00f3grafos que acompanha o traslado, com Jorge Paix\u00e3o \u00e0 frente (foto de Ded\u00e9 Mesquita)<\/figcaption><\/figure><\/div>\n\n\n\n<div class=\"wp-block-image\"><figure class=\"aligncenter size-large\"><img loading=\"lazy\" decoding=\"async\" width=\"1000\" height=\"563\" src=\"https:\/\/dedemesquita.com.br\/wp-content\/uploads\/2021\/10\/WhatsApp-Image-2021-10-08-at-08.50.47.jpeg\" alt=\"\" class=\"wp-image-2339\" srcset=\"https:\/\/dedemesquita.com.br\/wp-content\/uploads\/2021\/10\/WhatsApp-Image-2021-10-08-at-08.50.47.jpeg 1000w, https:\/\/dedemesquita.com.br\/wp-content\/uploads\/2021\/10\/WhatsApp-Image-2021-10-08-at-08.50.47-768x432.jpeg 768w\" sizes=\"(max-width: 1000px) 100vw, 1000px\" \/><figcaption>O fot\u00f3grafo Marx Vasconcelos no movimento da f\u00e9 (foto de Antenor Filho) <\/figcaption><\/figure><\/div>\n\n\n\n<div class=\"wp-block-image\"><figure class=\"aligncenter size-large\"><img loading=\"lazy\" decoding=\"async\" width=\"1000\" height=\"681\" src=\"https:\/\/dedemesquita.com.br\/wp-content\/uploads\/2021\/10\/WhatsApp-Image-2021-10-08-at-08.50.47-1.jpeg\" alt=\"\" class=\"wp-image-2340\" srcset=\"https:\/\/dedemesquita.com.br\/wp-content\/uploads\/2021\/10\/WhatsApp-Image-2021-10-08-at-08.50.47-1.jpeg 1000w, https:\/\/dedemesquita.com.br\/wp-content\/uploads\/2021\/10\/WhatsApp-Image-2021-10-08-at-08.50.47-1-768x523.jpeg 768w\" sizes=\"(max-width: 1000px) 100vw, 1000px\" \/><figcaption>Vis\u00e3o geral dos carros que acompanham o traslado (foto de Antenor Filho)<\/figcaption><\/figure><\/div>\n\n\n\n<div class=\"wp-block-image\"><figure class=\"aligncenter size-large\"><img loading=\"lazy\" decoding=\"async\" width=\"893\" height=\"835\" src=\"https:\/\/dedemesquita.com.br\/wp-content\/uploads\/2021\/10\/WhatsApp-Image-2021-10-08-at-08.48.35.jpeg\" alt=\"\" class=\"wp-image-2341\" srcset=\"https:\/\/dedemesquita.com.br\/wp-content\/uploads\/2021\/10\/WhatsApp-Image-2021-10-08-at-08.48.35.jpeg 893w, https:\/\/dedemesquita.com.br\/wp-content\/uploads\/2021\/10\/WhatsApp-Image-2021-10-08-at-08.48.35-768x718.jpeg 768w\" sizes=\"(max-width: 893px) 100vw, 893px\" \/><figcaption>Aqui j\u00e1 entrou no carro o Thiago Gomes (foto de Antenor Filho)<\/figcaption><\/figure><\/div>\n\n\n\n<div class=\"wp-block-image\"><figure class=\"aligncenter size-large\"><img loading=\"lazy\" decoding=\"async\" width=\"1000\" height=\"563\" src=\"https:\/\/dedemesquita.com.br\/wp-content\/uploads\/2021\/10\/WhatsApp-Image-2021-10-08-at-08.50.48-2.jpeg\" alt=\"\" class=\"wp-image-2342\" srcset=\"https:\/\/dedemesquita.com.br\/wp-content\/uploads\/2021\/10\/WhatsApp-Image-2021-10-08-at-08.50.48-2.jpeg 1000w, https:\/\/dedemesquita.com.br\/wp-content\/uploads\/2021\/10\/WhatsApp-Image-2021-10-08-at-08.50.48-2-768x432.jpeg 768w\" sizes=\"(max-width: 1000px) 100vw, 1000px\" \/><figcaption>Parece &#8220;farra&#8221;, mas \u00e9 trampo muito s\u00e9rio (foto de Antenor Filho)<\/figcaption><\/figure><\/div>\n\n\n\n<div class=\"wp-block-image\"><figure class=\"aligncenter size-large\"><img loading=\"lazy\" decoding=\"async\" width=\"1000\" height=\"563\" src=\"https:\/\/dedemesquita.com.br\/wp-content\/uploads\/2021\/10\/WhatsApp-Image-2021-10-08-at-08.50.48-3.jpeg\" alt=\"\" class=\"wp-image-2343\" srcset=\"https:\/\/dedemesquita.com.br\/wp-content\/uploads\/2021\/10\/WhatsApp-Image-2021-10-08-at-08.50.48-3.jpeg 1000w, https:\/\/dedemesquita.com.br\/wp-content\/uploads\/2021\/10\/WhatsApp-Image-2021-10-08-at-08.50.48-3-768x432.jpeg 768w\" sizes=\"(max-width: 1000px) 100vw, 1000px\" \/><figcaption>Hora de localizar o fot\u00f3grafo (foto de Antenor Filho)<\/figcaption><\/figure><\/div>\n\n\n\n<div class=\"wp-block-image\"><figure class=\"aligncenter size-large\"><img loading=\"lazy\" decoding=\"async\" width=\"823\" height=\"1057\" src=\"https:\/\/dedemesquita.com.br\/wp-content\/uploads\/2021\/10\/WhatsApp-Image-2021-10-08-at-08.48.25.jpeg\" alt=\"\" class=\"wp-image-2344\" srcset=\"https:\/\/dedemesquita.com.br\/wp-content\/uploads\/2021\/10\/WhatsApp-Image-2021-10-08-at-08.48.25.jpeg 823w, https:\/\/dedemesquita.com.br\/wp-content\/uploads\/2021\/10\/WhatsApp-Image-2021-10-08-at-08.48.25-768x986.jpeg 768w\" sizes=\"(max-width: 823px) 100vw, 823px\" \/><figcaption>Antenor Filho, de novo e sempre <\/figcaption><\/figure><\/div>\n\n\n\n<div class=\"wp-block-image\"><figure class=\"aligncenter size-large\"><img loading=\"lazy\" decoding=\"async\" width=\"1600\" height=\"1202\" src=\"https:\/\/dedemesquita.com.br\/wp-content\/uploads\/2021\/10\/WhatsApp-Image-2021-10-08-at-12.56.27.jpeg\" alt=\"\" class=\"wp-image-2345\" srcset=\"https:\/\/dedemesquita.com.br\/wp-content\/uploads\/2021\/10\/WhatsApp-Image-2021-10-08-at-12.56.27.jpeg 1600w, https:\/\/dedemesquita.com.br\/wp-content\/uploads\/2021\/10\/WhatsApp-Image-2021-10-08-at-12.56.27-768x577.jpeg 768w, https:\/\/dedemesquita.com.br\/wp-content\/uploads\/2021\/10\/WhatsApp-Image-2021-10-08-at-12.56.27-1536x1154.jpeg 1536w\" sizes=\"(max-width: 1600px) 100vw, 1600px\" \/><figcaption>Rosana Pinto, da ag\u00eancia Eko, Salim Wariss, da Guarda da Santa, e outros colegas da comunica\u00e7\u00e3o da Arquidiocese <\/figcaption><\/figure><\/div>\n\n\n\n<div class=\"wp-block-image\"><figure class=\"aligncenter size-large\"><img loading=\"lazy\" decoding=\"async\" width=\"1000\" height=\"759\" src=\"https:\/\/dedemesquita.com.br\/wp-content\/uploads\/2021\/10\/carmem.jpg\" alt=\"\" class=\"wp-image-2350\" srcset=\"https:\/\/dedemesquita.com.br\/wp-content\/uploads\/2021\/10\/carmem.jpg 1000w, https:\/\/dedemesquita.com.br\/wp-content\/uploads\/2021\/10\/carmem-768x583.jpg 768w\" sizes=\"(max-width: 1000px) 100vw, 1000px\" \/><figcaption>Carmem Helena na prociss\u00e3o do traslado <\/figcaption><\/figure><\/div>\n\n\n\n<div class=\"wp-block-image\"><figure class=\"aligncenter size-large\"><img loading=\"lazy\" decoding=\"async\" width=\"720\" height=\"470\" src=\"https:\/\/dedemesquita.com.br\/wp-content\/uploads\/2021\/10\/traslado.jpeg\" alt=\"\" class=\"wp-image-2435\"\/><figcaption>Lua Ara\u00fajo na prociss\u00e3o do Traslado, ao lado dela, Antenor Filho, e J. R. Avelar, da R\u00e1dio Clube do Par\u00e1 e RBATV\u00a0<\/figcaption><\/figure><\/div>\n\n\n\n<div class=\"wp-block-image\"><figure class=\"aligncenter size-large\"><img loading=\"lazy\" decoding=\"async\" width=\"1600\" height=\"1067\" src=\"https:\/\/dedemesquita.com.br\/wp-content\/uploads\/2021\/10\/WhatsApp-Image-2021-10-08-at-16.05.47.jpeg\" alt=\"\" class=\"wp-image-2441\" srcset=\"https:\/\/dedemesquita.com.br\/wp-content\/uploads\/2021\/10\/WhatsApp-Image-2021-10-08-at-16.05.47.jpeg 1600w, https:\/\/dedemesquita.com.br\/wp-content\/uploads\/2021\/10\/WhatsApp-Image-2021-10-08-at-16.05.47-768x512.jpeg 768w, https:\/\/dedemesquita.com.br\/wp-content\/uploads\/2021\/10\/WhatsApp-Image-2021-10-08-at-16.05.47-1536x1024.jpeg 1536w\" sizes=\"(max-width: 1600px) 100vw, 1600px\" \/><figcaption>Thiago Gomes, da Reda\u00e7\u00e3o Integrada O Liberal, Mauro \u00c2ngelo, do Di\u00e1rio do Par\u00e1, e Jorge Paix\u00e3o, da TV Liberal (foto de Marx Furtado)<\/figcaption><\/figure><\/div>\n\n\n\n<p><strong>Esquadrilha da Fuma\u00e7a &#8211;<\/strong> No in\u00edcio da tarde desta sexta-feira, 8, as oito aeronaves A-29 Super Tucano do Esquadr\u00e3o de Demonstra\u00e7\u00e3o A\u00e9rea (EDA), mais conhecido como Esquadrilha da&nbsp;Fuma\u00e7a, pousaram em solo paraense e foram recebidas com as b\u00ean\u00e7\u00e3os da Imagem Peregrina de Nossa Senhora de Nazar\u00e9. O evento ocorreu no Complexo Ala 9 \/ Base A\u00e9rea de Bel\u00e9m.<\/p>\n\n\n\n<p>A programa\u00e7\u00e3o oficial da&nbsp;Fuma\u00e7a&nbsp;no C\u00edrio 2021 ter\u00e1 in\u00edcio no s\u00e1bado, 9, a partir das 16h. As aeronaves sair\u00e3o da Base A\u00e9rea de Bel\u00e9m e far\u00e3o sobrevoos pela cidade, tendo como ponto principal a Bas\u00edlica Santu\u00e1rio de Nossa Senhora de Nazar\u00e9. O destaque ser\u00e1 para uma mensagem especial que a Esquadrilha escrever\u00e1 sobre a igreja e que poder\u00e1 ser vista de v\u00e1rios pontos da capital.<\/p>\n\n\n\n<p>No domingo, 10, a partir das 7h30, est\u00e3o programadas outras passagens das aeronaves em alguns pontos como a Igreja da S\u00e9, o Complexo do Ver-o-Peso e a Esta\u00e7\u00e3o das Docas, entre outros. Os hor\u00e1rios das passagens da Esquadrilha da&nbsp;Fuma\u00e7a&nbsp;foram escolhidos para marcar o in\u00edcio da Traslada\u00e7\u00e3o e do C\u00edrio que, como no ano de 2020, novamente n\u00e3o acontecer\u00e3o devido \u00e0 pandemia.<\/p>\n\n\n\n<p>A imprensa esteve na coletiva de imprensa que recepcionou as aeronaves. Veja quem estava por l\u00e1: <\/p>\n\n\n\n<div class=\"wp-block-image\"><figure class=\"aligncenter size-large\"><img loading=\"lazy\" decoding=\"async\" width=\"1600\" height=\"1200\" src=\"https:\/\/dedemesquita.com.br\/wp-content\/uploads\/2021\/10\/WhatsApp-Image-2021-10-08-at-18.49.45.jpeg\" alt=\"\" class=\"wp-image-2434\" srcset=\"https:\/\/dedemesquita.com.br\/wp-content\/uploads\/2021\/10\/WhatsApp-Image-2021-10-08-at-18.49.45.jpeg 1600w, https:\/\/dedemesquita.com.br\/wp-content\/uploads\/2021\/10\/WhatsApp-Image-2021-10-08-at-18.49.45-768x576.jpeg 768w, https:\/\/dedemesquita.com.br\/wp-content\/uploads\/2021\/10\/WhatsApp-Image-2021-10-08-at-18.49.45-1536x1152.jpeg 1536w\" sizes=\"(max-width: 1600px) 100vw, 1600px\" \/><figcaption>Coletiva de imprensa na Base A\u00e9rea de Bel\u00e9m (foto de Rosana Pinto)<\/figcaption><\/figure><\/div>\n\n\n\n<div class=\"wp-block-image\"><figure class=\"aligncenter size-large\"><img loading=\"lazy\" decoding=\"async\" width=\"1600\" height=\"1200\" src=\"https:\/\/dedemesquita.com.br\/wp-content\/uploads\/2021\/10\/WhatsApp-Image-2021-10-08-at-18.49.42.jpeg\" alt=\"\" class=\"wp-image-2433\" srcset=\"https:\/\/dedemesquita.com.br\/wp-content\/uploads\/2021\/10\/WhatsApp-Image-2021-10-08-at-18.49.42.jpeg 1600w, https:\/\/dedemesquita.com.br\/wp-content\/uploads\/2021\/10\/WhatsApp-Image-2021-10-08-at-18.49.42-768x576.jpeg 768w, https:\/\/dedemesquita.com.br\/wp-content\/uploads\/2021\/10\/WhatsApp-Image-2021-10-08-at-18.49.42-1536x1152.jpeg 1536w\" sizes=\"(max-width: 1600px) 100vw, 1600px\" \/><figcaption>Coletiva de imprensa com Albano Martins Jr. (foto de Rosana Pinto)<\/figcaption><\/figure><\/div>\n\n\n\n<div class=\"wp-block-image\"><figure class=\"aligncenter size-large\"><img loading=\"lazy\" decoding=\"async\" width=\"1600\" height=\"1200\" src=\"https:\/\/dedemesquita.com.br\/wp-content\/uploads\/2021\/10\/WhatsApp-Image-2021-10-08-at-18.49.46.jpeg\" alt=\"\" class=\"wp-image-2431\" srcset=\"https:\/\/dedemesquita.com.br\/wp-content\/uploads\/2021\/10\/WhatsApp-Image-2021-10-08-at-18.49.46.jpeg 1600w, https:\/\/dedemesquita.com.br\/wp-content\/uploads\/2021\/10\/WhatsApp-Image-2021-10-08-at-18.49.46-768x576.jpeg 768w, https:\/\/dedemesquita.com.br\/wp-content\/uploads\/2021\/10\/WhatsApp-Image-2021-10-08-at-18.49.46-1536x1152.jpeg 1536w\" sizes=\"(max-width: 1600px) 100vw, 1600px\" \/><figcaption>Mais da coletiva (foto de Rosana Pinto)<\/figcaption><\/figure><\/div>\n\n\n\n<div class=\"wp-block-image\"><figure class=\"aligncenter size-large\"><img loading=\"lazy\" decoding=\"async\" width=\"1600\" height=\"1200\" src=\"https:\/\/dedemesquita.com.br\/wp-content\/uploads\/2021\/10\/WhatsApp-Image-2021-10-08-at-18.49.46-1.jpeg\" alt=\"\" class=\"wp-image-2430\" srcset=\"https:\/\/dedemesquita.com.br\/wp-content\/uploads\/2021\/10\/WhatsApp-Image-2021-10-08-at-18.49.46-1.jpeg 1600w, https:\/\/dedemesquita.com.br\/wp-content\/uploads\/2021\/10\/WhatsApp-Image-2021-10-08-at-18.49.46-1-768x576.jpeg 768w, https:\/\/dedemesquita.com.br\/wp-content\/uploads\/2021\/10\/WhatsApp-Image-2021-10-08-at-18.49.46-1-1536x1152.jpeg 1536w\" sizes=\"(max-width: 1600px) 100vw, 1600px\" \/><figcaption>Todos atentos \u00e0s informa\u00e7\u00f5es (foto de Rosana Pinto)<\/figcaption><\/figure><\/div>\n\n\n\n<div class=\"wp-block-image\"><figure class=\"aligncenter size-large\"><img loading=\"lazy\" decoding=\"async\" width=\"1000\" height=\"582\" src=\"https:\/\/dedemesquita.com.br\/wp-content\/uploads\/2021\/10\/WhatsApp-Image-2021-10-08-at-16.13.58.jpeg\" alt=\"\" class=\"wp-image-2348\" srcset=\"https:\/\/dedemesquita.com.br\/wp-content\/uploads\/2021\/10\/WhatsApp-Image-2021-10-08-at-16.13.58.jpeg 1000w, https:\/\/dedemesquita.com.br\/wp-content\/uploads\/2021\/10\/WhatsApp-Image-2021-10-08-at-16.13.58-768x447.jpeg 768w\" sizes=\"(max-width: 1000px) 100vw, 1000px\" \/><figcaption>Olha esse time de feras, com Filipe Bispo Vale, Osmarino Souza, Wagner Santana, Bruno Cruz, Marx Vasconcelos, Cristino Martins, Luiz Estumano, Salim Wariss e mais colegas cinegrafistas <\/figcaption><\/figure><\/div>\n\n\n\n<div class=\"wp-block-image\"><figure class=\"aligncenter size-large\"><img loading=\"lazy\" decoding=\"async\" width=\"1000\" height=\"780\" src=\"https:\/\/dedemesquita.com.br\/wp-content\/uploads\/2021\/10\/WhatsApp-Image-2021-10-08-at-16.10.22.jpeg\" alt=\"\" class=\"wp-image-2349\" srcset=\"https:\/\/dedemesquita.com.br\/wp-content\/uploads\/2021\/10\/WhatsApp-Image-2021-10-08-at-16.10.22.jpeg 1000w, https:\/\/dedemesquita.com.br\/wp-content\/uploads\/2021\/10\/WhatsApp-Image-2021-10-08-at-16.10.22-768x599.jpeg 768w\" sizes=\"(max-width: 1000px) 100vw, 1000px\" \/><figcaption>Esse trio &#8220;parada dura&#8221;: Bruno Cruz, Marx Vasconcelos e Filipe Bispo Vale <\/figcaption><\/figure><\/div>\n\n\n\n<div class=\"wp-block-image\"><figure class=\"aligncenter size-large\"><img loading=\"lazy\" decoding=\"async\" width=\"720\" height=\"926\" src=\"https:\/\/dedemesquita.com.br\/wp-content\/uploads\/2021\/10\/WhatsApp-Image-2021-10-08-at-17.22.04.jpeg\" alt=\"\" class=\"wp-image-2351\"\/><figcaption>Menino Wagner Santana que NEM gosta de avi\u00f5es <\/figcaption><\/figure><\/div>\n","protected":false},"excerpt":{"rendered":"<p>Foi bem diferente. Mas n\u00e3o foi mais diferente que no ano passado, quando, por conta da pandemia de covid-19, a prociss\u00e3o do traslado da Imagem Peregrina de Nossa Senhora de Nazar\u00e9, para Ananindeua e Marituba, nem foi realizada. \u00c0 tarde, chegaram os avi\u00f5es da Esquadrilha da Fuma\u00e7a que far\u00e3o dois voos em homenagem \u00e0 Nossa [&hellip;]<\/p>\n","protected":false},"author":2,"featured_media":2346,"comment_status":"open","ping_status":"open","sticky":false,"template":"","format":"standard","meta":{"footnotes":""},"categories":[51,14,29],"tags":[181,161,218,119,120,144,137],"class_list":["post-2326","post","type-post","status-publish","format-standard","has-post-thumbnail","hentry","category-destaque","category-imprensa","category-jornalismo","tag-diario-do-para","tag-eko-estrategias-em-comunicacao","tag-guarda-de-nazare","tag-jornalismo","tag-jornalistas-paraenses-em-acao","tag-o-liberal","tag-tv-liberal"],"yoast_head":"<!-- This site is optimized with the Yoast SEO plugin v19.10 - https:\/\/yoast.com\/wordpress\/plugins\/seo\/ -->\n<title>Imprensa no C\u00edrio 2021: traslado para Ananindeua e Marituba e a chegada da Esquadrilha da Fuma\u00e7a - Ded\u00e9 Mesquita<\/title>\n<meta name=\"robots\" content=\"index, follow, max-snippet:-1, max-image-preview:large, max-video-preview:-1\" \/>\n<link rel=\"canonical\" href=\"https:\/\/dedemesquita.com.br\/?p=2326\" \/>\n<meta property=\"og:locale\" content=\"pt_BR\" \/>\n<meta property=\"og:type\" content=\"article\" \/>\n<meta property=\"og:title\" content=\"Imprensa no C\u00edrio 2021: traslado para Ananindeua e Marituba e a chegada da Esquadrilha da Fuma\u00e7a - Ded\u00e9 Mesquita\" \/>\n<meta property=\"og:description\" content=\"Foi bem diferente. Mas n\u00e3o foi mais diferente que no ano passado, quando, por conta da pandemia de covid-19, a prociss\u00e3o do traslado da Imagem Peregrina de Nossa Senhora de Nazar\u00e9, para Ananindeua e Marituba, nem foi realizada. \u00c0 tarde, chegaram os avi\u00f5es da Esquadrilha da Fuma\u00e7a que far\u00e3o dois voos em homenagem \u00e0 Nossa [&hellip;]\" \/>\n<meta property=\"og:url\" content=\"https:\/\/dedemesquita.com.br\/?p=2326\" \/>\n<meta property=\"og:site_name\" content=\"Ded\u00e9 Mesquita\" \/>\n<meta property=\"article:publisher\" content=\"https:\/\/www.facebook.com\/dede.mesquita\" \/>\n<meta property=\"article:published_time\" content=\"2021-10-08T20:24:02+00:00\" \/>\n<meta property=\"article:modified_time\" content=\"2021-10-13T22:22:21+00:00\" \/>\n<meta property=\"og:image\" content=\"https:\/\/dedemesquita.com.br\/wp-content\/uploads\/2021\/10\/WhatsApp-Image-2021-10-08-at-12.56.15.jpeg\" \/>\n\t<meta property=\"og:image:width\" content=\"997\" \/>\n\t<meta property=\"og:image:height\" content=\"559\" \/>\n\t<meta property=\"og:image:type\" content=\"image\/jpeg\" \/>\n<meta name=\"author\" content=\"Ded\u00e9 Mesquita\" \/>\n<meta name=\"twitter:card\" content=\"summary_large_image\" \/>\n<meta name=\"twitter:creator\" content=\"@dedemesquita\" \/>\n<meta name=\"twitter:site\" content=\"@dedemesquita\" \/>\n<meta name=\"twitter:label1\" content=\"Escrito por\" \/>\n\t<meta name=\"twitter:data1\" content=\"Ded\u00e9 Mesquita\" \/>\n\t<meta name=\"twitter:label2\" content=\"Est. tempo de leitura\" \/>\n\t<meta name=\"twitter:data2\" content=\"10 minutos\" \/>\n<script type=\"application\/ld+json\" class=\"yoast-schema-graph\">{\"@context\":\"https:\/\/schema.org\",\"@graph\":[{\"@type\":\"WebPage\",\"@id\":\"https:\/\/dedemesquita.com.br\/?p=2326\",\"url\":\"https:\/\/dedemesquita.com.br\/?p=2326\",\"name\":\"Imprensa no C\u00edrio 2021: traslado para Ananindeua e Marituba e a chegada da Esquadrilha da Fuma\u00e7a - Ded\u00e9 Mesquita\",\"isPartOf\":{\"@id\":\"https:\/\/dedemesquita.com.br\/#website\"},\"datePublished\":\"2021-10-08T20:24:02+00:00\",\"dateModified\":\"2021-10-13T22:22:21+00:00\",\"author\":{\"@id\":\"https:\/\/dedemesquita.com.br\/#\/schema\/person\/36571f81dd2d76dc3ab37231542c9e24\"},\"breadcrumb\":{\"@id\":\"https:\/\/dedemesquita.com.br\/?p=2326#breadcrumb\"},\"inLanguage\":\"pt-BR\",\"potentialAction\":[{\"@type\":\"ReadAction\",\"target\":[\"https:\/\/dedemesquita.com.br\/?p=2326\"]}]},{\"@type\":\"BreadcrumbList\",\"@id\":\"https:\/\/dedemesquita.com.br\/?p=2326#breadcrumb\",\"itemListElement\":[{\"@type\":\"ListItem\",\"position\":1,\"name\":\"In\u00edcio\",\"item\":\"https:\/\/dedemesquita.com.br\/\"},{\"@type\":\"ListItem\",\"position\":2,\"name\":\"Imprensa no C\u00edrio 2021: traslado para Ananindeua e Marituba e a chegada da Esquadrilha da Fuma\u00e7a\"}]},{\"@type\":\"WebSite\",\"@id\":\"https:\/\/dedemesquita.com.br\/#website\",\"url\":\"https:\/\/dedemesquita.com.br\/\",\"name\":\"Ded\u00e9 Mesquita\",\"description\":\"Um site que mostra os bastidores da imprensa no estado do Par\u00e1 e em Bel\u00e9m\",\"potentialAction\":[{\"@type\":\"SearchAction\",\"target\":{\"@type\":\"EntryPoint\",\"urlTemplate\":\"https:\/\/dedemesquita.com.br\/?s={search_term_string}\"},\"query-input\":\"required name=search_term_string\"}],\"inLanguage\":\"pt-BR\"},{\"@type\":\"Person\",\"@id\":\"https:\/\/dedemesquita.com.br\/#\/schema\/person\/36571f81dd2d76dc3ab37231542c9e24\",\"name\":\"Ded\u00e9 Mesquita\",\"image\":{\"@type\":\"ImageObject\",\"inLanguage\":\"pt-BR\",\"@id\":\"https:\/\/dedemesquita.com.br\/#\/schema\/person\/image\/\",\"url\":\"https:\/\/dedemesquita.com.br\/wp-content\/uploads\/2021\/02\/foto_perfil-150x150.jpg\",\"contentUrl\":\"https:\/\/dedemesquita.com.br\/wp-content\/uploads\/2021\/02\/foto_perfil-150x150.jpg\",\"caption\":\"Ded\u00e9 Mesquita\"},\"sameAs\":[\"https:\/\/dedemesquita.com.br\"]}]}<\/script>\n<!-- \/ Yoast SEO plugin. -->","yoast_head_json":{"title":"Imprensa no C\u00edrio 2021: traslado para Ananindeua e Marituba e a chegada da Esquadrilha da Fuma\u00e7a - Ded\u00e9 Mesquita","robots":{"index":"index","follow":"follow","max-snippet":"max-snippet:-1","max-image-preview":"max-image-preview:large","max-video-preview":"max-video-preview:-1"},"canonical":"https:\/\/dedemesquita.com.br\/?p=2326","og_locale":"pt_BR","og_type":"article","og_title":"Imprensa no C\u00edrio 2021: traslado para Ananindeua e Marituba e a chegada da Esquadrilha da Fuma\u00e7a - Ded\u00e9 Mesquita","og_description":"Foi bem diferente. Mas n\u00e3o foi mais diferente que no ano passado, quando, por conta da pandemia de covid-19, a prociss\u00e3o do traslado da Imagem Peregrina de Nossa Senhora de Nazar\u00e9, para Ananindeua e Marituba, nem foi realizada. \u00c0 tarde, chegaram os avi\u00f5es da Esquadrilha da Fuma\u00e7a que far\u00e3o dois voos em homenagem \u00e0 Nossa [&hellip;]","og_url":"https:\/\/dedemesquita.com.br\/?p=2326","og_site_name":"Ded\u00e9 Mesquita","article_publisher":"https:\/\/www.facebook.com\/dede.mesquita","article_published_time":"2021-10-08T20:24:02+00:00","article_modified_time":"2021-10-13T22:22:21+00:00","og_image":[{"width":997,"height":559,"url":"https:\/\/dedemesquita.com.br\/wp-content\/uploads\/2021\/10\/WhatsApp-Image-2021-10-08-at-12.56.15.jpeg","type":"image\/jpeg"}],"author":"Ded\u00e9 Mesquita","twitter_card":"summary_large_image","twitter_creator":"@dedemesquita","twitter_site":"@dedemesquita","twitter_misc":{"Escrito por":"Ded\u00e9 Mesquita","Est. tempo de leitura":"10 minutos"},"schema":{"@context":"https:\/\/schema.org","@graph":[{"@type":"WebPage","@id":"https:\/\/dedemesquita.com.br\/?p=2326","url":"https:\/\/dedemesquita.com.br\/?p=2326","name":"Imprensa no C\u00edrio 2021: traslado para Ananindeua e Marituba e a chegada da Esquadrilha da Fuma\u00e7a - Ded\u00e9 Mesquita","isPartOf":{"@id":"https:\/\/dedemesquita.com.br\/#website"},"datePublished":"2021-10-08T20:24:02+00:00","dateModified":"2021-10-13T22:22:21+00:00","author":{"@id":"https:\/\/dedemesquita.com.br\/#\/schema\/person\/36571f81dd2d76dc3ab37231542c9e24"},"breadcrumb":{"@id":"https:\/\/dedemesquita.com.br\/?p=2326#breadcrumb"},"inLanguage":"pt-BR","potentialAction":[{"@type":"ReadAction","target":["https:\/\/dedemesquita.com.br\/?p=2326"]}]},{"@type":"BreadcrumbList","@id":"https:\/\/dedemesquita.com.br\/?p=2326#breadcrumb","itemListElement":[{"@type":"ListItem","position":1,"name":"In\u00edcio","item":"https:\/\/dedemesquita.com.br\/"},{"@type":"ListItem","position":2,"name":"Imprensa no C\u00edrio 2021: traslado para Ananindeua e Marituba e a chegada da Esquadrilha da Fuma\u00e7a"}]},{"@type":"WebSite","@id":"https:\/\/dedemesquita.com.br\/#website","url":"https:\/\/dedemesquita.com.br\/","name":"Ded\u00e9 Mesquita","description":"Um site que mostra os bastidores da imprensa no estado do Par\u00e1 e em Bel\u00e9m","potentialAction":[{"@type":"SearchAction","target":{"@type":"EntryPoint","urlTemplate":"https:\/\/dedemesquita.com.br\/?s={search_term_string}"},"query-input":"required name=search_term_string"}],"inLanguage":"pt-BR"},{"@type":"Person","@id":"https:\/\/dedemesquita.com.br\/#\/schema\/person\/36571f81dd2d76dc3ab37231542c9e24","name":"Ded\u00e9 Mesquita","image":{"@type":"ImageObject","inLanguage":"pt-BR","@id":"https:\/\/dedemesquita.com.br\/#\/schema\/person\/image\/","url":"https:\/\/dedemesquita.com.br\/wp-content\/uploads\/2021\/02\/foto_perfil-150x150.jpg","contentUrl":"https:\/\/dedemesquita.com.br\/wp-content\/uploads\/2021\/02\/foto_perfil-150x150.jpg","caption":"Ded\u00e9 Mesquita"},"sameAs":["https:\/\/dedemesquita.com.br"]}]}},"_links":{"self":[{"href":"https:\/\/dedemesquita.com.br\/index.php?rest_route=\/wp\/v2\/posts\/2326"}],"collection":[{"href":"https:\/\/dedemesquita.com.br\/index.php?rest_route=\/wp\/v2\/posts"}],"about":[{"href":"https:\/\/dedemesquita.com.br\/index.php?rest_route=\/wp\/v2\/types\/post"}],"author":[{"embeddable":true,"href":"https:\/\/dedemesquita.com.br\/index.php?rest_route=\/wp\/v2\/users\/2"}],"replies":[{"embeddable":true,"href":"https:\/\/dedemesquita.com.br\/index.php?rest_route=%2Fwp%2Fv2%2Fcomments&post=2326"}],"version-history":[{"count":5,"href":"https:\/\/dedemesquita.com.br\/index.php?rest_route=\/wp\/v2\/posts\/2326\/revisions"}],"predecessor-version":[{"id":2488,"href":"https:\/\/dedemesquita.com.br\/index.php?rest_route=\/wp\/v2\/posts\/2326\/revisions\/2488"}],"wp:featuredmedia":[{"embeddable":true,"href":"https:\/\/dedemesquita.com.br\/index.php?rest_route=\/wp\/v2\/media\/2346"}],"wp:attachment":[{"href":"https:\/\/dedemesquita.com.br\/index.php?rest_route=%2Fwp%2Fv2%2Fmedia&parent=2326"}],"wp:term":[{"taxonomy":"category","embeddable":true,"href":"https:\/\/dedemesquita.com.br\/index.php?rest_route=%2Fwp%2Fv2%2Fcategories&post=2326"},{"taxonomy":"post_tag","embeddable":true,"href":"https:\/\/dedemesquita.com.br\/index.php?rest_route=%2Fwp%2Fv2%2Ftags&post=2326"}],"curies":[{"name":"wp","href":"https:\/\/api.w.org\/{rel}","templated":true}]}}