{"id":2228,"date":"2021-09-27T16:22:18","date_gmt":"2021-09-27T19:22:18","guid":{"rendered":"https:\/\/dedemesquita.com.br\/?p=2228"},"modified":"2021-09-27T16:22:19","modified_gmt":"2021-09-27T19:22:19","slug":"evaldo-junior-na-comunicacao-da-seduc-pa-e-outras-mudancas-nas-redacoes","status":"publish","type":"post","link":"https:\/\/dedemesquita.com.br\/?p=2228","title":{"rendered":"Evaldo J\u00fanior na comunica\u00e7\u00e3o da Seduc-PA e outras mudan\u00e7as nas reda\u00e7\u00f5es"},"content":{"rendered":"\n<p>E quem disse que as mudan\u00e7as nas reda\u00e7\u00f5es dos ve\u00edculos e assessorias de comunica\u00e7\u00e3o param em Bel\u00e9m? Pelo contr\u00e1rio, continuam a pleno vapor e vamos a elas. <\/p>\n\n\n\n<p><strong>Seduc-PA &#8211; <\/strong>O jornalista <strong>Evaldo J\u00fanior<\/strong>, que era produtor da TV Liberal, deixou emissora em dezembro de 2020, e fez o caminho de v\u00e1rios coleguinhas: foi para a Secom\/Ag\u00eancia Par\u00e1. Veja a not\u00edcia aqui: <a href=\"https:\/\/dedemesquita.com.br\/no-final-do-ano-mais-mudancas-nas-redacoes-de-belem\/\"><strong>No final do ano, mais mudan\u00e7as nas reda\u00e7\u00f5es de Bel\u00e9m<\/strong><\/a>. Em mar\u00e7o deste ano, com a sa\u00edda de Cristiani Sousa [indo para a comunica\u00e7\u00e3o da Prefeitura de Ananindeua] da assessoria de comunica\u00e7\u00e3o da Pol\u00edcia Civil, Evaldo passou a ocupar a vaga dela. Mas, como todos sabem, a assessoria da Pol\u00edcia Civil n\u00e3o \u00e9 assim t\u00e3o f\u00e1cil e nem todos t\u00eam a compet\u00eancia e tarimba de um <strong>Walrimar Santos<\/strong>.<\/p>\n\n\n\n<p>No in\u00edcio deste m\u00eas de setembro, noticiamos aqui que a Secom-PA passaria por algumas mudan\u00e7as nas assessorias das secretarias. Leia mais aqui: <a href=\"https:\/\/dedemesquita.com.br\/lancamentos-de-livros-e-filme-e-outras-novidades-nas-redacoes\/\"><strong>Lan\u00e7amentos de livros e filme e outras novidades nas reda\u00e7\u00f5es<\/strong><\/a>. Com sa\u00edda de L\u00edlian Guedes da Seduc-PA, Evaldo passou a coordenar a comunica\u00e7\u00e3o daquela secretaria.  <\/p>\n\n\n\n<p>Mas como este site <strong>N\u00c3O<\/strong> \u00e9 ba\u00fa, recebemos estas informa\u00e7\u00f5es: <strong><em>&#8220;As mudan\u00e7as na Secom n\u00e3o param. Lilian Guedes saiu da Seduc e quem ir\u00e1 ocupar o cargo da Lilian \u00e9 o Evaldo Junior, que pediu pra sair da coordena\u00e7\u00e3o da Pol\u00edcia Civil por conta da alta demanda. H\u00e1 meses, ele reclamou pra Secom que n\u00e3o estava tendo vida social e n\u00e3o aguentava mais tanta demanda da imprensa, mesmo tendo dois jornalistas para auxili\u00e1-lo e viajando para espairecer e curtir a vida. Seria \u00f3timo se a curti\u00e7\u00e3o fosse feita durante as f\u00e9rias, mas n\u00e3o. E pasmem, toda vida boa destas &#8220;f\u00e9rias&#8221; foi autorizada pela Secom, j\u00e1 que, ele tamb\u00e9m faz parte da panelinha da Mamacita Vera. Rodrigo Reis assume a t\u00e3o problem\u00e1tica PC, que em 2021, tem nova troca de Assessoria. A primeira foi em janeiro, com a sa\u00edda de Cristiani Sousa&#8221;<\/em><\/strong>.<\/p>\n\n\n\n<div class=\"wp-block-image\"><figure class=\"aligncenter size-large\"><img loading=\"lazy\" decoding=\"async\" width=\"599\" height=\"516\" src=\"https:\/\/dedemesquita.com.br\/wp-content\/uploads\/2021\/09\/EVALDO_JUNIOR.png\" alt=\"\" class=\"wp-image-2230\"\/><figcaption>Evaldo J\u00fanior quando curtia e cobria as a\u00e7\u00f5es do helic\u00f3ptero da Pol\u00edcia Civil do Par\u00e1 <\/figcaption><\/figure><\/div>\n\n\n\n<p>Como eu frisei acima: nem todo mundo \u00e9 um Walrimar Santos, que ficou na comunica\u00e7\u00e3o da PC por quase 16 anos. Eu disse, 16 anos, quando ele passou pelos governos de Ana J\u00falia Carepa e Sim\u00e3o Jatene. E sim, agora, o coordenador de comunica\u00e7\u00e3o da gloriosa Pol\u00edcia Civil do Par\u00e1 \u00e9 <strong>Rodrigo Reis<\/strong>. Contato do Rodrigo: 91 99941-3490. <\/p>\n\n\n\n<div class=\"wp-block-image\"><figure class=\"aligncenter size-large\"><img loading=\"lazy\" decoding=\"async\" width=\"514\" height=\"505\" src=\"https:\/\/dedemesquita.com.br\/wp-content\/uploads\/2021\/09\/RODRIGO_REIS.png\" alt=\"\" class=\"wp-image-2234\"\/><figcaption>Rodrigo Reis agora est\u00e1 na assessoria de comunica\u00e7\u00e3o da Pol\u00edcia Civil do Par\u00e1 <\/figcaption><\/figure><\/div>\n\n\n\n<p><strong>Outras novidades: <\/strong><\/p>\n\n\n\n<p><strong>Val\u00e9ria Barros<\/strong>, que teve passagens pela Temple e Fiepa, assumiu o cargo de analista de Responsabilidade Social na ag\u00eancia Madelon Piana Consultoria, empresa com sede em Belo Horizonte, Minas Gerais. <\/p>\n\n\n\n<div class=\"wp-block-image\"><figure class=\"aligncenter size-large\"><img loading=\"lazy\" decoding=\"async\" width=\"696\" height=\"555\" src=\"https:\/\/dedemesquita.com.br\/wp-content\/uploads\/2021\/09\/VALERIA_BARROS.jpg\" alt=\"\" class=\"wp-image-2231\"\/><figcaption>Val\u00e9ria Barros est\u00e1 de emprego novo <\/figcaption><\/figure><\/div>\n\n\n\n<p><strong>Rosa Cardoso<\/strong>, com trabalhos na TV Liberal, Funda\u00e7\u00e3o Carlos Gomes e Unama, \u00e9 agora consultora de comunica\u00e7\u00e3o da ag\u00eancia InPress Porter Novelli, com sede em S\u00e3o Paulo (capital).  <\/p>\n\n\n\n<div class=\"wp-block-image\"><figure class=\"aligncenter size-large\"><img loading=\"lazy\" decoding=\"async\" width=\"599\" height=\"576\" src=\"https:\/\/dedemesquita.com.br\/wp-content\/uploads\/2021\/09\/ROSA_CARDOSO.png\" alt=\"\" class=\"wp-image-2232\"\/><figcaption>Rosa Cardoso est\u00e1 na ag\u00eancia InPress Porter Novelli<\/figcaption><\/figure><\/div>\n\n\n\n<p>A loja Al\u00f4 Abigai Sexshop Queer, da social m\u00eddia <strong>Elva Vieira<\/strong>, que teve passagem pelo portal Roma News, foi uma das startups selecionadas pelo programa BID ao Cubo de acelera\u00e7\u00e3o de startups em fase inicial. O programa \u00e9 gratuito e on line com quatro m\u00f3dulos focados na constru\u00e7\u00e3o dos primeiros passos e estrutura\u00e7\u00e3o de startups. <\/p>\n\n\n\n<p>Conhe\u00e7a a loja da Elva aqui: <a href=\"https:\/\/www.instagram.com\/aloabigailoficial\/\"><strong>https:\/\/www.instagram.com\/aloabigailoficial\/<\/strong><\/a><\/p>\n\n\n\n<div class=\"wp-block-image\"><figure class=\"aligncenter size-large\"><img loading=\"lazy\" decoding=\"async\" width=\"601\" height=\"557\" src=\"https:\/\/dedemesquita.com.br\/wp-content\/uploads\/2021\/09\/Elva.png\" alt=\"\" class=\"wp-image-2229\"\/><figcaption>Elva Vieira e a sua startup tud\u00edssimo de muito bom <\/figcaption><\/figure><\/div>\n","protected":false},"excerpt":{"rendered":"<p>E quem disse que as mudan\u00e7as nas reda\u00e7\u00f5es dos ve\u00edculos e assessorias de comunica\u00e7\u00e3o param em Bel\u00e9m? Pelo contr\u00e1rio, continuam a pleno vapor e vamos a elas. Seduc-PA &#8211; O jornalista Evaldo J\u00fanior, que era produtor da TV Liberal, deixou emissora em dezembro de 2020, e fez o caminho de v\u00e1rios coleguinhas: foi para a [&hellip;]<\/p>\n","protected":false},"author":2,"featured_media":2233,"comment_status":"open","ping_status":"open","sticky":false,"template":"","format":"standard","meta":{"footnotes":""},"categories":[51,14,29],"tags":[216,119,120,217,150,137],"class_list":["post-2228","post","type-post","status-publish","format-standard","has-post-thumbnail","hentry","category-destaque","category-imprensa","category-jornalismo","tag-inpress-porter-novelli","tag-jornalismo","tag-jornalistas-paraenses-em-acao","tag-madelon-piana-consultoria","tag-secom-pa","tag-tv-liberal"],"yoast_head":"<!-- This site is optimized with the Yoast SEO plugin v19.10 - https:\/\/yoast.com\/wordpress\/plugins\/seo\/ -->\n<title>Evaldo J\u00fanior na comunica\u00e7\u00e3o da Seduc-PA e outras mudan\u00e7as nas reda\u00e7\u00f5es - Ded\u00e9 Mesquita<\/title>\n<meta name=\"robots\" content=\"index, follow, max-snippet:-1, max-image-preview:large, max-video-preview:-1\" \/>\n<link rel=\"canonical\" href=\"https:\/\/dedemesquita.com.br\/?p=2228\" \/>\n<meta property=\"og:locale\" content=\"pt_BR\" \/>\n<meta property=\"og:type\" content=\"article\" \/>\n<meta property=\"og:title\" content=\"Evaldo J\u00fanior na comunica\u00e7\u00e3o da Seduc-PA e outras mudan\u00e7as nas reda\u00e7\u00f5es - Ded\u00e9 Mesquita\" \/>\n<meta property=\"og:description\" content=\"E quem disse que as mudan\u00e7as nas reda\u00e7\u00f5es dos ve\u00edculos e assessorias de comunica\u00e7\u00e3o param em Bel\u00e9m? Pelo contr\u00e1rio, continuam a pleno vapor e vamos a elas. Seduc-PA &#8211; O jornalista Evaldo J\u00fanior, que era produtor da TV Liberal, deixou emissora em dezembro de 2020, e fez o caminho de v\u00e1rios coleguinhas: foi para a [&hellip;]\" \/>\n<meta property=\"og:url\" content=\"https:\/\/dedemesquita.com.br\/?p=2228\" \/>\n<meta property=\"og:site_name\" content=\"Ded\u00e9 Mesquita\" \/>\n<meta property=\"article:publisher\" content=\"https:\/\/www.facebook.com\/dede.mesquita\" \/>\n<meta property=\"article:published_time\" content=\"2021-09-27T19:22:18+00:00\" \/>\n<meta property=\"article:modified_time\" content=\"2021-09-27T19:22:19+00:00\" \/>\n<meta property=\"og:image\" content=\"https:\/\/dedemesquita.com.br\/wp-content\/uploads\/2021\/09\/evaldo.png\" \/>\n\t<meta property=\"og:image:width\" content=\"545\" \/>\n\t<meta property=\"og:image:height\" content=\"388\" \/>\n\t<meta property=\"og:image:type\" content=\"image\/png\" \/>\n<meta name=\"author\" content=\"Ded\u00e9 Mesquita\" \/>\n<meta name=\"twitter:card\" content=\"summary_large_image\" \/>\n<meta name=\"twitter:creator\" content=\"@dedemesquita\" \/>\n<meta name=\"twitter:site\" content=\"@dedemesquita\" \/>\n<meta name=\"twitter:label1\" content=\"Escrito por\" \/>\n\t<meta name=\"twitter:data1\" content=\"Ded\u00e9 Mesquita\" \/>\n\t<meta name=\"twitter:label2\" content=\"Est. tempo de leitura\" \/>\n\t<meta name=\"twitter:data2\" content=\"4 minutos\" \/>\n<script type=\"application\/ld+json\" class=\"yoast-schema-graph\">{\"@context\":\"https:\/\/schema.org\",\"@graph\":[{\"@type\":\"WebPage\",\"@id\":\"https:\/\/dedemesquita.com.br\/?p=2228\",\"url\":\"https:\/\/dedemesquita.com.br\/?p=2228\",\"name\":\"Evaldo J\u00fanior na comunica\u00e7\u00e3o da Seduc-PA e outras mudan\u00e7as nas reda\u00e7\u00f5es - Ded\u00e9 Mesquita\",\"isPartOf\":{\"@id\":\"https:\/\/dedemesquita.com.br\/#website\"},\"datePublished\":\"2021-09-27T19:22:18+00:00\",\"dateModified\":\"2021-09-27T19:22:19+00:00\",\"author\":{\"@id\":\"https:\/\/dedemesquita.com.br\/#\/schema\/person\/36571f81dd2d76dc3ab37231542c9e24\"},\"breadcrumb\":{\"@id\":\"https:\/\/dedemesquita.com.br\/?p=2228#breadcrumb\"},\"inLanguage\":\"pt-BR\",\"potentialAction\":[{\"@type\":\"ReadAction\",\"target\":[\"https:\/\/dedemesquita.com.br\/?p=2228\"]}]},{\"@type\":\"BreadcrumbList\",\"@id\":\"https:\/\/dedemesquita.com.br\/?p=2228#breadcrumb\",\"itemListElement\":[{\"@type\":\"ListItem\",\"position\":1,\"name\":\"In\u00edcio\",\"item\":\"https:\/\/dedemesquita.com.br\/\"},{\"@type\":\"ListItem\",\"position\":2,\"name\":\"Evaldo J\u00fanior na comunica\u00e7\u00e3o da Seduc-PA e outras mudan\u00e7as nas reda\u00e7\u00f5es\"}]},{\"@type\":\"WebSite\",\"@id\":\"https:\/\/dedemesquita.com.br\/#website\",\"url\":\"https:\/\/dedemesquita.com.br\/\",\"name\":\"Ded\u00e9 Mesquita\",\"description\":\"Um site que mostra os bastidores da imprensa no estado do Par\u00e1 e em Bel\u00e9m\",\"potentialAction\":[{\"@type\":\"SearchAction\",\"target\":{\"@type\":\"EntryPoint\",\"urlTemplate\":\"https:\/\/dedemesquita.com.br\/?s={search_term_string}\"},\"query-input\":\"required name=search_term_string\"}],\"inLanguage\":\"pt-BR\"},{\"@type\":\"Person\",\"@id\":\"https:\/\/dedemesquita.com.br\/#\/schema\/person\/36571f81dd2d76dc3ab37231542c9e24\",\"name\":\"Ded\u00e9 Mesquita\",\"image\":{\"@type\":\"ImageObject\",\"inLanguage\":\"pt-BR\",\"@id\":\"https:\/\/dedemesquita.com.br\/#\/schema\/person\/image\/\",\"url\":\"https:\/\/dedemesquita.com.br\/wp-content\/uploads\/2021\/02\/foto_perfil-150x150.jpg\",\"contentUrl\":\"https:\/\/dedemesquita.com.br\/wp-content\/uploads\/2021\/02\/foto_perfil-150x150.jpg\",\"caption\":\"Ded\u00e9 Mesquita\"},\"sameAs\":[\"https:\/\/dedemesquita.com.br\"]}]}<\/script>\n<!-- \/ Yoast SEO plugin. -->","yoast_head_json":{"title":"Evaldo J\u00fanior na comunica\u00e7\u00e3o da Seduc-PA e outras mudan\u00e7as nas reda\u00e7\u00f5es - Ded\u00e9 Mesquita","robots":{"index":"index","follow":"follow","max-snippet":"max-snippet:-1","max-image-preview":"max-image-preview:large","max-video-preview":"max-video-preview:-1"},"canonical":"https:\/\/dedemesquita.com.br\/?p=2228","og_locale":"pt_BR","og_type":"article","og_title":"Evaldo J\u00fanior na comunica\u00e7\u00e3o da Seduc-PA e outras mudan\u00e7as nas reda\u00e7\u00f5es - Ded\u00e9 Mesquita","og_description":"E quem disse que as mudan\u00e7as nas reda\u00e7\u00f5es dos ve\u00edculos e assessorias de comunica\u00e7\u00e3o param em Bel\u00e9m? Pelo contr\u00e1rio, continuam a pleno vapor e vamos a elas. Seduc-PA &#8211; O jornalista Evaldo J\u00fanior, que era produtor da TV Liberal, deixou emissora em dezembro de 2020, e fez o caminho de v\u00e1rios coleguinhas: foi para a [&hellip;]","og_url":"https:\/\/dedemesquita.com.br\/?p=2228","og_site_name":"Ded\u00e9 Mesquita","article_publisher":"https:\/\/www.facebook.com\/dede.mesquita","article_published_time":"2021-09-27T19:22:18+00:00","article_modified_time":"2021-09-27T19:22:19+00:00","og_image":[{"width":545,"height":388,"url":"https:\/\/dedemesquita.com.br\/wp-content\/uploads\/2021\/09\/evaldo.png","type":"image\/png"}],"author":"Ded\u00e9 Mesquita","twitter_card":"summary_large_image","twitter_creator":"@dedemesquita","twitter_site":"@dedemesquita","twitter_misc":{"Escrito por":"Ded\u00e9 Mesquita","Est. tempo de leitura":"4 minutos"},"schema":{"@context":"https:\/\/schema.org","@graph":[{"@type":"WebPage","@id":"https:\/\/dedemesquita.com.br\/?p=2228","url":"https:\/\/dedemesquita.com.br\/?p=2228","name":"Evaldo J\u00fanior na comunica\u00e7\u00e3o da Seduc-PA e outras mudan\u00e7as nas reda\u00e7\u00f5es - Ded\u00e9 Mesquita","isPartOf":{"@id":"https:\/\/dedemesquita.com.br\/#website"},"datePublished":"2021-09-27T19:22:18+00:00","dateModified":"2021-09-27T19:22:19+00:00","author":{"@id":"https:\/\/dedemesquita.com.br\/#\/schema\/person\/36571f81dd2d76dc3ab37231542c9e24"},"breadcrumb":{"@id":"https:\/\/dedemesquita.com.br\/?p=2228#breadcrumb"},"inLanguage":"pt-BR","potentialAction":[{"@type":"ReadAction","target":["https:\/\/dedemesquita.com.br\/?p=2228"]}]},{"@type":"BreadcrumbList","@id":"https:\/\/dedemesquita.com.br\/?p=2228#breadcrumb","itemListElement":[{"@type":"ListItem","position":1,"name":"In\u00edcio","item":"https:\/\/dedemesquita.com.br\/"},{"@type":"ListItem","position":2,"name":"Evaldo J\u00fanior na comunica\u00e7\u00e3o da Seduc-PA e outras mudan\u00e7as nas reda\u00e7\u00f5es"}]},{"@type":"WebSite","@id":"https:\/\/dedemesquita.com.br\/#website","url":"https:\/\/dedemesquita.com.br\/","name":"Ded\u00e9 Mesquita","description":"Um site que mostra os bastidores da imprensa no estado do Par\u00e1 e em Bel\u00e9m","potentialAction":[{"@type":"SearchAction","target":{"@type":"EntryPoint","urlTemplate":"https:\/\/dedemesquita.com.br\/?s={search_term_string}"},"query-input":"required name=search_term_string"}],"inLanguage":"pt-BR"},{"@type":"Person","@id":"https:\/\/dedemesquita.com.br\/#\/schema\/person\/36571f81dd2d76dc3ab37231542c9e24","name":"Ded\u00e9 Mesquita","image":{"@type":"ImageObject","inLanguage":"pt-BR","@id":"https:\/\/dedemesquita.com.br\/#\/schema\/person\/image\/","url":"https:\/\/dedemesquita.com.br\/wp-content\/uploads\/2021\/02\/foto_perfil-150x150.jpg","contentUrl":"https:\/\/dedemesquita.com.br\/wp-content\/uploads\/2021\/02\/foto_perfil-150x150.jpg","caption":"Ded\u00e9 Mesquita"},"sameAs":["https:\/\/dedemesquita.com.br"]}]}},"_links":{"self":[{"href":"https:\/\/dedemesquita.com.br\/index.php?rest_route=\/wp\/v2\/posts\/2228"}],"collection":[{"href":"https:\/\/dedemesquita.com.br\/index.php?rest_route=\/wp\/v2\/posts"}],"about":[{"href":"https:\/\/dedemesquita.com.br\/index.php?rest_route=\/wp\/v2\/types\/post"}],"author":[{"embeddable":true,"href":"https:\/\/dedemesquita.com.br\/index.php?rest_route=\/wp\/v2\/users\/2"}],"replies":[{"embeddable":true,"href":"https:\/\/dedemesquita.com.br\/index.php?rest_route=%2Fwp%2Fv2%2Fcomments&post=2228"}],"version-history":[{"count":1,"href":"https:\/\/dedemesquita.com.br\/index.php?rest_route=\/wp\/v2\/posts\/2228\/revisions"}],"predecessor-version":[{"id":2235,"href":"https:\/\/dedemesquita.com.br\/index.php?rest_route=\/wp\/v2\/posts\/2228\/revisions\/2235"}],"wp:featuredmedia":[{"embeddable":true,"href":"https:\/\/dedemesquita.com.br\/index.php?rest_route=\/wp\/v2\/media\/2233"}],"wp:attachment":[{"href":"https:\/\/dedemesquita.com.br\/index.php?rest_route=%2Fwp%2Fv2%2Fmedia&parent=2228"}],"wp:term":[{"taxonomy":"category","embeddable":true,"href":"https:\/\/dedemesquita.com.br\/index.php?rest_route=%2Fwp%2Fv2%2Fcategories&post=2228"},{"taxonomy":"post_tag","embeddable":true,"href":"https:\/\/dedemesquita.com.br\/index.php?rest_route=%2Fwp%2Fv2%2Ftags&post=2228"}],"curies":[{"name":"wp","href":"https:\/\/api.w.org\/{rel}","templated":true}]}}