{"id":2216,"date":"2021-09-23T19:29:35","date_gmt":"2021-09-23T22:29:35","guid":{"rendered":"https:\/\/dedemesquita.com.br\/?p=2216"},"modified":"2021-09-24T21:06:14","modified_gmt":"2021-09-25T00:06:14","slug":"lancamento-de-livro-postumo-de-ronald-junqueiro-e-outras-boas-noticias","status":"publish","type":"post","link":"https:\/\/dedemesquita.com.br\/?p=2216","title":{"rendered":"Lan\u00e7amento de livro p\u00f3stumo de Ronald Junqueiro e outras boas not\u00edcias"},"content":{"rendered":"\n<p>Este site \u00e9, preferencialmente, de divulga\u00e7\u00e3o de not\u00edcias boas, apesar de algumas mudan\u00e7as de rumo. Ent\u00e3o, vamos a elas.<\/p>\n\n\n\n<p><strong>Novo livro &#8211; <\/strong>O romance &#8220;#SeTokyo&#8221;, do jornalista paraense <strong>Ronald Junqueiro<\/strong>, falecido em fevereiro de 2019, vai ser lan\u00e7ado nesta sexta-feira, 24, quando ele faria anivers\u00e1rio de nascimento, por meio de publica\u00e7\u00f5es em m\u00eddia impressa e em plataformas sociais. Ele deixou a obra pronta para ser impressa e foi produzido pela editora paraense Paka-Tatu.<\/p>\n\n\n\n<p>O website <strong><a href=\"https:\/\/ronaldjunqueiro.com.br\">https:\/\/ronaldjunqueiro.com.br<\/a> <\/strong>criado para abrigar a cria\u00e7\u00e3o intelectual e art\u00edstica de Ronald e ser\u00e1 lan\u00e7ado tamb\u00e9m no dia em 24 de setembro. Ele \u00e9 tamb\u00e9m o autor de &#8220;Berlinda &#8211; Asas do Fim do Mundo&#8221;, lan\u00e7ado em 2013. <\/p>\n\n\n\n<div class=\"wp-block-image\"><figure class=\"aligncenter size-large\"><img loading=\"lazy\" decoding=\"async\" width=\"521\" height=\"685\" src=\"https:\/\/dedemesquita.com.br\/wp-content\/uploads\/2021\/09\/ron-al.jpg\" alt=\"\" class=\"wp-image-2217\"\/><figcaption>Convite de lan\u00e7amento do livro p\u00f3stumo de Ronald Junqueiro <\/figcaption><\/figure><\/div>\n\n\n\n<p><strong>Beb\u00ea &#8211; <\/strong>O site d\u00e1 as boas-vindas para a <strong>Alana<\/strong>, primeira filha da jornalista <strong>Camille Nascimento<\/strong> e de Alan Pinheiro. O site deseja muitas, muitas felicidades \u00e0 fam\u00edlia e muita sa\u00fade \u00e0 Alana. <\/p>\n\n\n\n<div class=\"wp-block-image\"><figure class=\"aligncenter size-large\"><img loading=\"lazy\" decoding=\"async\" width=\"357\" height=\"382\" src=\"https:\/\/dedemesquita.com.br\/wp-content\/uploads\/2021\/09\/alana.png\" alt=\"\" class=\"wp-image-2218\"\/><figcaption>Alana dorme o sono dos &#8220;justinhos&#8221; <\/figcaption><\/figure><\/div>\n\n\n\n<p><strong>Paula Sampaio &#8211; <\/strong>Imagens coletadas pela fot\u00f3grafa Paula Sampaio durante 30 anos est\u00e3o sendo recuperadas com recursos da Lei Aldir Blanc. O projeto &#8220;Rotas Amaz\u00f4nicas: Salvaguarda de um acervo de imagens-hist\u00f3rias&#8221;, empreendeu a recupera\u00e7\u00e3o museol\u00f3gica e a digitaliza\u00e7\u00e3o da parte mais deteriorada do acervo referente a primeira d\u00e9cada de documenta\u00e7\u00e3o fotogr\u00e1fica de Paula  &#8211; 208 negativos fotogr\u00e1ficos 35mm e cerca de 100 slides -, j\u00e1 organizados e identificados; bem como efetivou o recondicionamento de aproximadamente 800 negativos fotogr\u00e1ficos ainda em bom estado e a limpeza e arquivamento de 356 c\u00f3pias fotogr\u00e1ficas (gelatina e prata). Paula trabalhou por muitos anos no jornal O Liberal e na Secult-PA, e hoje \u00e9 respons\u00e1vel pelo N\u00facleo de Fotografia do Centro de Cultura e Turismo Sesc Ver-o-Peso. <\/p>\n\n\n\n<p>Para garantir a acessibilidade e o compartilhamento dessa experi\u00eancia de preserva\u00e7\u00e3o, o projeto tamb\u00e9m disponibiliza gratuitamente um e-book (com faixa de audiodescri\u00e7\u00e3o), contendo o processo de trabalho e proposta de atividade de arte educa\u00e7\u00e3o. O livro online pode ser acessado no site da fot\u00f3grafa <a href=\"http:\/\/www.paulasampaio.com.br\"><strong>www.paulasampaio.com.br<\/strong><\/a><\/p>\n\n\n\n<div class=\"wp-block-image\"><figure class=\"aligncenter size-large\"><img loading=\"lazy\" decoding=\"async\" width=\"960\" height=\"660\" src=\"https:\/\/dedemesquita.com.br\/wp-content\/uploads\/2021\/09\/paula.jpg\" alt=\"\" class=\"wp-image-2219\" srcset=\"https:\/\/dedemesquita.com.br\/wp-content\/uploads\/2021\/09\/paula.jpg 960w, https:\/\/dedemesquita.com.br\/wp-content\/uploads\/2021\/09\/paula-768x528.jpg 768w\" sizes=\"(max-width: 960px) 100vw, 960px\" \/><figcaption>Trabalhos de Paula Sampaio que est\u00e3o sendo digitalizados <\/figcaption><\/figure><\/div>\n\n\n\n<p><strong>Document\u00e1rio &#8211;<\/strong> De Santar\u00e9m para o mundo o document\u00e1rio <strong>&#8220;O que \u00e9 o Sair\u00e9&#8221;<\/strong> foi lan\u00e7ado na noite de quarta-feira, dia 1 de setembro, em uma das salas do circuito Cinesystem, e em uma mostra presencial em Santar\u00e9m e tamb\u00e9m virtual, por meio do canal do&nbsp;YouTube. O document\u00e1rio \u00e9 um trabalho do jornalista <strong>F\u00e1bio Barbosa<\/strong> com o intuito de mostrar a tradi\u00e7\u00e3o cultural vivida h\u00e1 mais de 300 anos, no oeste do Par\u00e1.&nbsp;<\/p>\n\n\n\n<p>O jornalista explica que a inten\u00e7\u00e3o \u00e9 de divulgar para a comunidade e para o mundo que o Sair\u00e9 n\u00e3o se limita a festa folcl\u00f3rica de disputa de botos, em Alter do Ch\u00e3o. Sair\u00e9 se trata de uma tradi\u00e7\u00e3o cultural miscigenada e que nasceu n\u00e3o apenas em Santar\u00e9m, mas sim por cidades do oeste do Par\u00e1.&nbsp;O filme, de 22 minutos, pode ser conferido neste link: <a href=\"https:\/\/www.youtube.com\/watch?v=Y4kle1X-jLs\"><strong>https:\/\/www.youtube.com\/watch?v=Y4kle1X-jLs<\/strong><\/a><\/p>\n\n\n\n<div class=\"wp-block-image\"><figure class=\"aligncenter size-large\"><img loading=\"lazy\" decoding=\"async\" width=\"822\" height=\"463\" src=\"https:\/\/dedemesquita.com.br\/wp-content\/uploads\/2021\/09\/SAIRE.png\" alt=\"\" class=\"wp-image-2220\" srcset=\"https:\/\/dedemesquita.com.br\/wp-content\/uploads\/2021\/09\/SAIRE.png 822w, https:\/\/dedemesquita.com.br\/wp-content\/uploads\/2021\/09\/SAIRE-768x433.png 768w\" sizes=\"(max-width: 822px) 100vw, 822px\" \/><figcaption>Cena do document\u00e1rio &#8220;O que \u00e9 Sair\u00e9?&#8221;, dirigido pelo jornalista F\u00e1bio Barbosa <\/figcaption><\/figure><\/div>\n","protected":false},"excerpt":{"rendered":"<p>Este site \u00e9, preferencialmente, de divulga\u00e7\u00e3o de not\u00edcias boas, apesar de algumas mudan\u00e7as de rumo. Ent\u00e3o, vamos a elas. Novo livro &#8211; O romance &#8220;#SeTokyo&#8221;, do jornalista paraense Ronald Junqueiro, falecido em fevereiro de 2019, vai ser lan\u00e7ado nesta sexta-feira, 24, quando ele faria anivers\u00e1rio de nascimento, por meio de publica\u00e7\u00f5es em m\u00eddia impressa e [&hellip;]<\/p>\n","protected":false},"author":2,"featured_media":2221,"comment_status":"open","ping_status":"open","sticky":false,"template":"","format":"standard","meta":{"footnotes":""},"categories":[51,14,29],"tags":[213,215,214],"class_list":["post-2216","post","type-post","status-publish","format-standard","has-post-thumbnail","hentry","category-destaque","category-imprensa","category-jornalismo","tag-paula-sampaio","tag-ronald-junqueiro","tag-saire"],"yoast_head":"<!-- This site is optimized with the Yoast SEO plugin v19.10 - https:\/\/yoast.com\/wordpress\/plugins\/seo\/ -->\n<title>Lan\u00e7amento de livro p\u00f3stumo de Ronald Junqueiro e outras boas not\u00edcias - Ded\u00e9 Mesquita<\/title>\n<meta name=\"robots\" content=\"index, follow, max-snippet:-1, max-image-preview:large, max-video-preview:-1\" \/>\n<link rel=\"canonical\" href=\"https:\/\/dedemesquita.com.br\/?p=2216\" \/>\n<meta property=\"og:locale\" content=\"pt_BR\" \/>\n<meta property=\"og:type\" content=\"article\" \/>\n<meta property=\"og:title\" content=\"Lan\u00e7amento de livro p\u00f3stumo de Ronald Junqueiro e outras boas not\u00edcias - Ded\u00e9 Mesquita\" \/>\n<meta property=\"og:description\" content=\"Este site \u00e9, preferencialmente, de divulga\u00e7\u00e3o de not\u00edcias boas, apesar de algumas mudan\u00e7as de rumo. Ent\u00e3o, vamos a elas. Novo livro &#8211; O romance &#8220;#SeTokyo&#8221;, do jornalista paraense Ronald Junqueiro, falecido em fevereiro de 2019, vai ser lan\u00e7ado nesta sexta-feira, 24, quando ele faria anivers\u00e1rio de nascimento, por meio de publica\u00e7\u00f5es em m\u00eddia impressa e [&hellip;]\" \/>\n<meta property=\"og:url\" content=\"https:\/\/dedemesquita.com.br\/?p=2216\" \/>\n<meta property=\"og:site_name\" content=\"Ded\u00e9 Mesquita\" \/>\n<meta property=\"article:publisher\" content=\"https:\/\/www.facebook.com\/dede.mesquita\" \/>\n<meta property=\"article:published_time\" content=\"2021-09-23T22:29:35+00:00\" \/>\n<meta property=\"article:modified_time\" content=\"2021-09-25T00:06:14+00:00\" \/>\n<meta property=\"og:image\" content=\"https:\/\/dedemesquita.com.br\/wp-content\/uploads\/2021\/09\/ronald.jpg\" \/>\n\t<meta property=\"og:image:width\" content=\"1000\" \/>\n\t<meta property=\"og:image:height\" content=\"722\" \/>\n\t<meta property=\"og:image:type\" content=\"image\/jpeg\" \/>\n<meta name=\"author\" content=\"Ded\u00e9 Mesquita\" \/>\n<meta name=\"twitter:card\" content=\"summary_large_image\" \/>\n<meta name=\"twitter:creator\" content=\"@dedemesquita\" \/>\n<meta name=\"twitter:site\" content=\"@dedemesquita\" \/>\n<meta name=\"twitter:label1\" content=\"Escrito por\" \/>\n\t<meta name=\"twitter:data1\" content=\"Ded\u00e9 Mesquita\" \/>\n\t<meta name=\"twitter:label2\" content=\"Est. tempo de leitura\" \/>\n\t<meta name=\"twitter:data2\" content=\"3 minutos\" \/>\n<script type=\"application\/ld+json\" class=\"yoast-schema-graph\">{\"@context\":\"https:\/\/schema.org\",\"@graph\":[{\"@type\":\"WebPage\",\"@id\":\"https:\/\/dedemesquita.com.br\/?p=2216\",\"url\":\"https:\/\/dedemesquita.com.br\/?p=2216\",\"name\":\"Lan\u00e7amento de livro p\u00f3stumo de Ronald Junqueiro e outras boas not\u00edcias - Ded\u00e9 Mesquita\",\"isPartOf\":{\"@id\":\"https:\/\/dedemesquita.com.br\/#website\"},\"datePublished\":\"2021-09-23T22:29:35+00:00\",\"dateModified\":\"2021-09-25T00:06:14+00:00\",\"author\":{\"@id\":\"https:\/\/dedemesquita.com.br\/#\/schema\/person\/36571f81dd2d76dc3ab37231542c9e24\"},\"breadcrumb\":{\"@id\":\"https:\/\/dedemesquita.com.br\/?p=2216#breadcrumb\"},\"inLanguage\":\"pt-BR\",\"potentialAction\":[{\"@type\":\"ReadAction\",\"target\":[\"https:\/\/dedemesquita.com.br\/?p=2216\"]}]},{\"@type\":\"BreadcrumbList\",\"@id\":\"https:\/\/dedemesquita.com.br\/?p=2216#breadcrumb\",\"itemListElement\":[{\"@type\":\"ListItem\",\"position\":1,\"name\":\"In\u00edcio\",\"item\":\"https:\/\/dedemesquita.com.br\/\"},{\"@type\":\"ListItem\",\"position\":2,\"name\":\"Lan\u00e7amento de livro p\u00f3stumo de Ronald Junqueiro e outras boas not\u00edcias\"}]},{\"@type\":\"WebSite\",\"@id\":\"https:\/\/dedemesquita.com.br\/#website\",\"url\":\"https:\/\/dedemesquita.com.br\/\",\"name\":\"Ded\u00e9 Mesquita\",\"description\":\"Um site que mostra os bastidores da imprensa no estado do Par\u00e1 e em Bel\u00e9m\",\"potentialAction\":[{\"@type\":\"SearchAction\",\"target\":{\"@type\":\"EntryPoint\",\"urlTemplate\":\"https:\/\/dedemesquita.com.br\/?s={search_term_string}\"},\"query-input\":\"required name=search_term_string\"}],\"inLanguage\":\"pt-BR\"},{\"@type\":\"Person\",\"@id\":\"https:\/\/dedemesquita.com.br\/#\/schema\/person\/36571f81dd2d76dc3ab37231542c9e24\",\"name\":\"Ded\u00e9 Mesquita\",\"image\":{\"@type\":\"ImageObject\",\"inLanguage\":\"pt-BR\",\"@id\":\"https:\/\/dedemesquita.com.br\/#\/schema\/person\/image\/\",\"url\":\"https:\/\/dedemesquita.com.br\/wp-content\/uploads\/2021\/02\/foto_perfil-150x150.jpg\",\"contentUrl\":\"https:\/\/dedemesquita.com.br\/wp-content\/uploads\/2021\/02\/foto_perfil-150x150.jpg\",\"caption\":\"Ded\u00e9 Mesquita\"},\"sameAs\":[\"https:\/\/dedemesquita.com.br\"]}]}<\/script>\n<!-- \/ Yoast SEO plugin. -->","yoast_head_json":{"title":"Lan\u00e7amento de livro p\u00f3stumo de Ronald Junqueiro e outras boas not\u00edcias - Ded\u00e9 Mesquita","robots":{"index":"index","follow":"follow","max-snippet":"max-snippet:-1","max-image-preview":"max-image-preview:large","max-video-preview":"max-video-preview:-1"},"canonical":"https:\/\/dedemesquita.com.br\/?p=2216","og_locale":"pt_BR","og_type":"article","og_title":"Lan\u00e7amento de livro p\u00f3stumo de Ronald Junqueiro e outras boas not\u00edcias - Ded\u00e9 Mesquita","og_description":"Este site \u00e9, preferencialmente, de divulga\u00e7\u00e3o de not\u00edcias boas, apesar de algumas mudan\u00e7as de rumo. Ent\u00e3o, vamos a elas. Novo livro &#8211; O romance &#8220;#SeTokyo&#8221;, do jornalista paraense Ronald Junqueiro, falecido em fevereiro de 2019, vai ser lan\u00e7ado nesta sexta-feira, 24, quando ele faria anivers\u00e1rio de nascimento, por meio de publica\u00e7\u00f5es em m\u00eddia impressa e [&hellip;]","og_url":"https:\/\/dedemesquita.com.br\/?p=2216","og_site_name":"Ded\u00e9 Mesquita","article_publisher":"https:\/\/www.facebook.com\/dede.mesquita","article_published_time":"2021-09-23T22:29:35+00:00","article_modified_time":"2021-09-25T00:06:14+00:00","og_image":[{"width":1000,"height":722,"url":"https:\/\/dedemesquita.com.br\/wp-content\/uploads\/2021\/09\/ronald.jpg","type":"image\/jpeg"}],"author":"Ded\u00e9 Mesquita","twitter_card":"summary_large_image","twitter_creator":"@dedemesquita","twitter_site":"@dedemesquita","twitter_misc":{"Escrito por":"Ded\u00e9 Mesquita","Est. tempo de leitura":"3 minutos"},"schema":{"@context":"https:\/\/schema.org","@graph":[{"@type":"WebPage","@id":"https:\/\/dedemesquita.com.br\/?p=2216","url":"https:\/\/dedemesquita.com.br\/?p=2216","name":"Lan\u00e7amento de livro p\u00f3stumo de Ronald Junqueiro e outras boas not\u00edcias - Ded\u00e9 Mesquita","isPartOf":{"@id":"https:\/\/dedemesquita.com.br\/#website"},"datePublished":"2021-09-23T22:29:35+00:00","dateModified":"2021-09-25T00:06:14+00:00","author":{"@id":"https:\/\/dedemesquita.com.br\/#\/schema\/person\/36571f81dd2d76dc3ab37231542c9e24"},"breadcrumb":{"@id":"https:\/\/dedemesquita.com.br\/?p=2216#breadcrumb"},"inLanguage":"pt-BR","potentialAction":[{"@type":"ReadAction","target":["https:\/\/dedemesquita.com.br\/?p=2216"]}]},{"@type":"BreadcrumbList","@id":"https:\/\/dedemesquita.com.br\/?p=2216#breadcrumb","itemListElement":[{"@type":"ListItem","position":1,"name":"In\u00edcio","item":"https:\/\/dedemesquita.com.br\/"},{"@type":"ListItem","position":2,"name":"Lan\u00e7amento de livro p\u00f3stumo de Ronald Junqueiro e outras boas not\u00edcias"}]},{"@type":"WebSite","@id":"https:\/\/dedemesquita.com.br\/#website","url":"https:\/\/dedemesquita.com.br\/","name":"Ded\u00e9 Mesquita","description":"Um site que mostra os bastidores da imprensa no estado do Par\u00e1 e em Bel\u00e9m","potentialAction":[{"@type":"SearchAction","target":{"@type":"EntryPoint","urlTemplate":"https:\/\/dedemesquita.com.br\/?s={search_term_string}"},"query-input":"required name=search_term_string"}],"inLanguage":"pt-BR"},{"@type":"Person","@id":"https:\/\/dedemesquita.com.br\/#\/schema\/person\/36571f81dd2d76dc3ab37231542c9e24","name":"Ded\u00e9 Mesquita","image":{"@type":"ImageObject","inLanguage":"pt-BR","@id":"https:\/\/dedemesquita.com.br\/#\/schema\/person\/image\/","url":"https:\/\/dedemesquita.com.br\/wp-content\/uploads\/2021\/02\/foto_perfil-150x150.jpg","contentUrl":"https:\/\/dedemesquita.com.br\/wp-content\/uploads\/2021\/02\/foto_perfil-150x150.jpg","caption":"Ded\u00e9 Mesquita"},"sameAs":["https:\/\/dedemesquita.com.br"]}]}},"_links":{"self":[{"href":"https:\/\/dedemesquita.com.br\/index.php?rest_route=\/wp\/v2\/posts\/2216"}],"collection":[{"href":"https:\/\/dedemesquita.com.br\/index.php?rest_route=\/wp\/v2\/posts"}],"about":[{"href":"https:\/\/dedemesquita.com.br\/index.php?rest_route=\/wp\/v2\/types\/post"}],"author":[{"embeddable":true,"href":"https:\/\/dedemesquita.com.br\/index.php?rest_route=\/wp\/v2\/users\/2"}],"replies":[{"embeddable":true,"href":"https:\/\/dedemesquita.com.br\/index.php?rest_route=%2Fwp%2Fv2%2Fcomments&post=2216"}],"version-history":[{"count":3,"href":"https:\/\/dedemesquita.com.br\/index.php?rest_route=\/wp\/v2\/posts\/2216\/revisions"}],"predecessor-version":[{"id":2226,"href":"https:\/\/dedemesquita.com.br\/index.php?rest_route=\/wp\/v2\/posts\/2216\/revisions\/2226"}],"wp:featuredmedia":[{"embeddable":true,"href":"https:\/\/dedemesquita.com.br\/index.php?rest_route=\/wp\/v2\/media\/2221"}],"wp:attachment":[{"href":"https:\/\/dedemesquita.com.br\/index.php?rest_route=%2Fwp%2Fv2%2Fmedia&parent=2216"}],"wp:term":[{"taxonomy":"category","embeddable":true,"href":"https:\/\/dedemesquita.com.br\/index.php?rest_route=%2Fwp%2Fv2%2Fcategories&post=2216"},{"taxonomy":"post_tag","embeddable":true,"href":"https:\/\/dedemesquita.com.br\/index.php?rest_route=%2Fwp%2Fv2%2Ftags&post=2216"}],"curies":[{"name":"wp","href":"https:\/\/api.w.org\/{rel}","templated":true}]}}