{"id":2089,"date":"2021-09-16T12:04:10","date_gmt":"2021-09-16T15:04:10","guid":{"rendered":"https:\/\/dedemesquita.com.br\/?p=2089"},"modified":"2021-09-16T14:36:04","modified_gmt":"2021-09-16T17:36:04","slug":"ineficiencia-da-atual-comus-agencia-belem-e-denunciada-ao-prefeito-edmilson-rodrigues","status":"publish","type":"post","link":"https:\/\/dedemesquita.com.br\/?p=2089","title":{"rendered":"Inefici\u00eancia da atual Comus\/Ag\u00eancia Bel\u00e9m \u00e9 denunciada ao prefeito Edmilson Rodrigues"},"content":{"rendered":"\n<p>\u00c9, amigos, a &#8220;terra plana&#8221; n\u00e3o gira, ela capota! E na \u00e1rea do jornalismo e da comunica\u00e7\u00e3o social em Bel\u00e9m, essa m\u00e1xima \u00e9 muito mais que verdade. <\/p>\n\n\n\n<p>Ent\u00e3o, o amor acabou? Em menos de 9 meses, o love entre os jornalistas &#8220;de esquerda&#8221; de Bel\u00e9m, que tanto ajudaram na elei\u00e7\u00e3o de Ed Potoca \u00e0 Prefeitura Municipal de Bel\u00e9m em 2020 terminou? Como diria o &#8220;cab\u00f4co&#8221;: &#8220;Mas cuma assim?&#8221;<\/p>\n\n\n\n<p>Todos aqui sabem que eu, euzinha, Ded\u00e9 Mesquita, alertei sobre Keyla Negr\u00e3o ser a coordenadora da Comus\/ Ag\u00eancia Bel\u00e9m. Para n\u00e3o me acusarem de mentirosa, aqui est\u00e1, em postagem deste site em 24 de fevereiro de 2021: <a href=\"https:\/\/dedemesquita.com.br\/keyla-negrao-da-comus-exonera-jornalista-por-ele-trabalhar-em-veiculo-que-critica-a-prefeitura\/\"><strong>Keyla Negr\u00e3o, da Comus, exonera jornalista por ele trabalhar em ve\u00edculo que critica a Prefeitura<\/strong><\/a>.<\/p>\n\n\n\n<p>E mais aqui: <a href=\"https:\/\/dedemesquita.com.br\/nem-as-faculdades-de-belem-querem-keyla-negrao-de-volta\/\"><strong>Nem as faculdades de Bel\u00e9m querem Keyla Negr\u00e3o de volta<\/strong><\/a>, do dia 25 de fevereiro de 2021. <\/p>\n\n\n\n<p>Destaco este trecho: <em><span><b>Quando foi divulgado que Keyla seria a coordenadora da Comus, muita gente veio me perguntar de quem se tratava, j\u00e1 que raras pessoas a conheciam. Eu fui muito sincera e falei a quem me perguntou: \u201cEspero que ela tenha mudado\u201d. E, infelizmente, pelo jeito, n\u00e3o! O maior problema dessa mo\u00e7a, al\u00e9m da milit\u00e2ncia, \u00e9 somente uma coisa: ela n\u00e3o sabe ser gestora, ela N\u00c3O \u00e9 gestora!. N\u00e3o sabe lidar com gente, pessoas. Nunca&nbsp;foi rep\u00f3rter. Nunca foi gerente. E, por isso, mesmo, n\u00e3o sabe lidar com crises. Seria bem interessante que ela voltasse \u00e0 <\/b><\/span><strong>\u00e1rea da pesquisa, de onde nunca deveria ter sa\u00eddo.&nbsp;<\/strong><\/em>Veja bem: &#8220;nunca foi gerente&#8221;<\/p>\n\n\n\n<p>E como todos sabem, este site publica <strong>AT\u00c9 <\/strong>not\u00edcias de desafetos da p\u00e1gina.<\/p>\n\n\n\n<p>Na quarta-feira, 15, em meio \u00e0s cobran\u00e7as da segunda dose da vacina contra covid-19 para os jornalistas de Bel\u00e9m, nos deparamos com estes tuites da rep\u00f3rter do jornal Di\u00e1rio do Par\u00e1 e da gloriosa Secom-PA, <strong>Carolina Menezes<\/strong>, minha BFF, <strong>#sqn<\/strong>: <\/p>\n\n\n\n<div class=\"wp-block-image\"><figure class=\"aligncenter size-large\"><img loading=\"lazy\" decoding=\"async\" width=\"720\" height=\"382\" src=\"https:\/\/dedemesquita.com.br\/wp-content\/uploads\/2021\/09\/WhatsApp-Image-2021-09-15-at-20.47.08.jpeg\" alt=\"\" class=\"wp-image-2091\"\/><\/figure><\/div>\n\n\n\n<div class=\"wp-block-image\"><figure class=\"aligncenter size-large\"><img loading=\"lazy\" decoding=\"async\" width=\"720\" height=\"262\" src=\"https:\/\/dedemesquita.com.br\/wp-content\/uploads\/2021\/09\/WhatsApp-Image-2021-09-15-at-20.47.09.jpeg\" alt=\"\" class=\"wp-image-2092\"\/><\/figure><\/div>\n\n\n\n<div class=\"wp-block-image\"><figure class=\"aligncenter size-large\"><img loading=\"lazy\" decoding=\"async\" width=\"720\" height=\"351\" src=\"https:\/\/dedemesquita.com.br\/wp-content\/uploads\/2021\/09\/WhatsApp-Image-2021-09-15-at-20.47.09-1-1.jpeg\" alt=\"\" class=\"wp-image-2093\"\/><\/figure><\/div>\n\n\n\n<p>Veja bem, veja bem, estamos falando de Carolina Menezes, a segunda encrenqueira-mor do jornalismo belemense, qui\u00e7\u00e1, nacional, visto que at\u00e9 com o Rodrigo Bocardi, da Globo-SP, ela j\u00e1 arrumou confus\u00e3o. Sim, o primeiro posto \u00e9 do <strong>acreano<\/strong> Henrique Miranda. <\/p>\n\n\n\n<p>Eu? N\u00e3o, eu sou <em>hors concours<\/em> na treta&#8230; S\u00f3 criei uma imensa e famosa chamada Treta do Jabuti. <\/p>\n\n\n\n<p><strong>Voltemos \u00e0 treta atual<\/strong> &#8211; Os prints n\u00e3o mentem jamais e a\u00ed est\u00e3o para quem quiser ler. O que falei de &#8220;acad\u00eamica&#8221; sobre Keyla, Carol escreveu; o que falei sobre a incompet\u00eancia da atual assessoria de comunica\u00e7\u00e3o, Carol, idem; e sobre a falta de traquejo dessa comunica\u00e7\u00e3o que tamb\u00e9m falei, Carol escreveu igual. Olha, eu odeio essa frase, mas &#8220;eu avisei!&#8221;. <\/p>\n\n\n\n<p>Carolina tamb\u00e9m \u00e9 aquela que me acusou de inventar inverdades sobre a turma de Keyla Negr\u00e3o &amp; Cia ter apagado as reportagens da Ag\u00eancia Bel\u00e9m sobre as \u00faltimas a\u00e7\u00f5es do ex-prefeito Zenaldo Coutinho, em janeiro deste ano. Vi que as postagens tinham sumido, denunciei, Zenaldo cobrou e, &#8220;volta o c\u00e3o arrependido&#8221;, como num milagre tecnol\u00f3gico, as postagens retornaram ao site, mas empurradas l\u00e1\u00e1\u00e1 pra tr\u00e1s. <\/p>\n\n\n\n<p><strong>Mais cobran\u00e7as &#8211; <\/strong>E como se n\u00e3o bastasse, o ex-encrequeiro-mor do jornalismo belemense, que agora est\u00e1 at\u00e9 mais calmo, <strong>Anderson Ara\u00fajo<\/strong>, tamb\u00e9m tomou as dores de Carol e deu seu pitaco, ele que est\u00e1 em uma das coordena\u00e7\u00f5es do muito glorioso DOL: <\/p>\n\n\n\n<div class=\"wp-block-image\"><figure class=\"aligncenter size-large\"><img loading=\"lazy\" decoding=\"async\" width=\"705\" height=\"378\" src=\"https:\/\/dedemesquita.com.br\/wp-content\/uploads\/2021\/09\/ander.png\" alt=\"\" class=\"wp-image-2094\"\/><\/figure><\/div>\n\n\n\n<div class=\"wp-block-image\"><figure class=\"aligncenter size-large\"><img loading=\"lazy\" decoding=\"async\" width=\"733\" height=\"340\" src=\"https:\/\/dedemesquita.com.br\/wp-content\/uploads\/2021\/09\/ander2.png\" alt=\"\" class=\"wp-image-2095\"\/><figcaption>Den\u00fancia, ao vivo e a cores, no Twitter<\/figcaption><\/figure><\/div>\n\n\n\n<p><strong>E eis que Ed Potoca, n\u00e3o s\u00f3 viu, como respondeu. No morde &amp; assopra, mas respondeu: <\/strong><\/p>\n\n\n\n<div class=\"wp-block-image\"><figure class=\"aligncenter size-large\"><img loading=\"lazy\" decoding=\"async\" width=\"730\" height=\"503\" src=\"https:\/\/dedemesquita.com.br\/wp-content\/uploads\/2021\/09\/ander3.png\" alt=\"\" class=\"wp-image-2096\"\/><\/figure><\/div>\n\n\n\n<p>Olha, se o prefeito Ed Potoca ainda n\u00e3o sabia da <strong>lamban\u00e7a<\/strong> em sua assessoria de comunica\u00e7\u00e3o, agora sabe. E mais, &#8216;seu&#8217; Ed Potoca, pergunte a quem est\u00e1 nas reda\u00e7\u00f5es, a quem fica esperando em v\u00e3o por uma notinha dessa sua assessoria. <\/p>\n\n\n\n<p>Ou\u00e7a, leia, pergunte. A ponta do outro lado, o da imprensa, est\u00e1 \u00e0 deriva desde janeiro deste ano. A sua gest\u00e3o, que poderia ser uma boa gest\u00e3o, est\u00e1 &#8220;se queimando&#8221; com o que a Comus\/Ag\u00eancia Bel\u00e9m <strong>n\u00e3o est\u00e1 fazendo<\/strong>. <\/p>\n\n\n\n<p><\/p>\n","protected":false},"excerpt":{"rendered":"<p>\u00c9, amigos, a &#8220;terra plana&#8221; n\u00e3o gira, ela capota! E na \u00e1rea do jornalismo e da comunica\u00e7\u00e3o social em Bel\u00e9m, essa m\u00e1xima \u00e9 muito mais que verdade. Ent\u00e3o, o amor acabou? Em menos de 9 meses, o love entre os jornalistas &#8220;de esquerda&#8221; de Bel\u00e9m, que tanto ajudaram na elei\u00e7\u00e3o de Ed Potoca \u00e0 Prefeitura [&hellip;]<\/p>\n","protected":false},"author":2,"featured_media":2097,"comment_status":"open","ping_status":"open","sticky":false,"template":"","format":"standard","meta":{"footnotes":""},"categories":[51,14,29],"tags":[136,181,184,119,120,150],"class_list":["post-2089","post","type-post","status-publish","format-standard","has-post-thumbnail","hentry","category-destaque","category-imprensa","category-jornalismo","tag-comus-agencia-belem","tag-diario-do-para","tag-dol","tag-jornalismo","tag-jornalistas-paraenses-em-acao","tag-secom-pa"],"yoast_head":"<!-- This site is optimized with the Yoast SEO plugin v19.10 - https:\/\/yoast.com\/wordpress\/plugins\/seo\/ -->\n<title>Inefici\u00eancia da atual Comus\/Ag\u00eancia Bel\u00e9m \u00e9 denunciada ao prefeito Edmilson Rodrigues - Ded\u00e9 Mesquita<\/title>\n<meta name=\"robots\" content=\"index, follow, max-snippet:-1, max-image-preview:large, max-video-preview:-1\" \/>\n<link rel=\"canonical\" href=\"https:\/\/dedemesquita.com.br\/?p=2089\" \/>\n<meta property=\"og:locale\" content=\"pt_BR\" \/>\n<meta property=\"og:type\" content=\"article\" \/>\n<meta property=\"og:title\" content=\"Inefici\u00eancia da atual Comus\/Ag\u00eancia Bel\u00e9m \u00e9 denunciada ao prefeito Edmilson Rodrigues - Ded\u00e9 Mesquita\" \/>\n<meta property=\"og:description\" content=\"\u00c9, amigos, a &#8220;terra plana&#8221; n\u00e3o gira, ela capota! E na \u00e1rea do jornalismo e da comunica\u00e7\u00e3o social em Bel\u00e9m, essa m\u00e1xima \u00e9 muito mais que verdade. Ent\u00e3o, o amor acabou? Em menos de 9 meses, o love entre os jornalistas &#8220;de esquerda&#8221; de Bel\u00e9m, que tanto ajudaram na elei\u00e7\u00e3o de Ed Potoca \u00e0 Prefeitura [&hellip;]\" \/>\n<meta property=\"og:url\" content=\"https:\/\/dedemesquita.com.br\/?p=2089\" \/>\n<meta property=\"og:site_name\" content=\"Ded\u00e9 Mesquita\" \/>\n<meta property=\"article:publisher\" content=\"https:\/\/www.facebook.com\/dede.mesquita\" \/>\n<meta property=\"article:published_time\" content=\"2021-09-16T15:04:10+00:00\" \/>\n<meta property=\"article:modified_time\" content=\"2021-09-16T17:36:04+00:00\" \/>\n<meta property=\"og:image\" content=\"https:\/\/dedemesquita.com.br\/wp-content\/uploads\/2021\/09\/895d5930-c1b1-4c11-b7b6-81cf9802d1f8.jpg\" \/>\n\t<meta property=\"og:image:width\" content=\"1000\" \/>\n\t<meta property=\"og:image:height\" content=\"666\" \/>\n\t<meta property=\"og:image:type\" content=\"image\/jpeg\" \/>\n<meta name=\"author\" content=\"Ded\u00e9 Mesquita\" \/>\n<meta name=\"twitter:card\" content=\"summary_large_image\" \/>\n<meta name=\"twitter:creator\" content=\"@dedemesquita\" \/>\n<meta name=\"twitter:site\" content=\"@dedemesquita\" \/>\n<meta name=\"twitter:label1\" content=\"Escrito por\" \/>\n\t<meta name=\"twitter:data1\" content=\"Ded\u00e9 Mesquita\" \/>\n\t<meta name=\"twitter:label2\" content=\"Est. tempo de leitura\" \/>\n\t<meta name=\"twitter:data2\" content=\"4 minutos\" \/>\n<script type=\"application\/ld+json\" class=\"yoast-schema-graph\">{\"@context\":\"https:\/\/schema.org\",\"@graph\":[{\"@type\":\"WebPage\",\"@id\":\"https:\/\/dedemesquita.com.br\/?p=2089\",\"url\":\"https:\/\/dedemesquita.com.br\/?p=2089\",\"name\":\"Inefici\u00eancia da atual Comus\/Ag\u00eancia Bel\u00e9m \u00e9 denunciada ao prefeito Edmilson Rodrigues - Ded\u00e9 Mesquita\",\"isPartOf\":{\"@id\":\"https:\/\/dedemesquita.com.br\/#website\"},\"datePublished\":\"2021-09-16T15:04:10+00:00\",\"dateModified\":\"2021-09-16T17:36:04+00:00\",\"author\":{\"@id\":\"https:\/\/dedemesquita.com.br\/#\/schema\/person\/36571f81dd2d76dc3ab37231542c9e24\"},\"breadcrumb\":{\"@id\":\"https:\/\/dedemesquita.com.br\/?p=2089#breadcrumb\"},\"inLanguage\":\"pt-BR\",\"potentialAction\":[{\"@type\":\"ReadAction\",\"target\":[\"https:\/\/dedemesquita.com.br\/?p=2089\"]}]},{\"@type\":\"BreadcrumbList\",\"@id\":\"https:\/\/dedemesquita.com.br\/?p=2089#breadcrumb\",\"itemListElement\":[{\"@type\":\"ListItem\",\"position\":1,\"name\":\"In\u00edcio\",\"item\":\"https:\/\/dedemesquita.com.br\/\"},{\"@type\":\"ListItem\",\"position\":2,\"name\":\"Inefici\u00eancia da atual Comus\/Ag\u00eancia Bel\u00e9m \u00e9 denunciada ao prefeito Edmilson Rodrigues\"}]},{\"@type\":\"WebSite\",\"@id\":\"https:\/\/dedemesquita.com.br\/#website\",\"url\":\"https:\/\/dedemesquita.com.br\/\",\"name\":\"Ded\u00e9 Mesquita\",\"description\":\"Um site que mostra os bastidores da imprensa no estado do Par\u00e1 e em Bel\u00e9m\",\"potentialAction\":[{\"@type\":\"SearchAction\",\"target\":{\"@type\":\"EntryPoint\",\"urlTemplate\":\"https:\/\/dedemesquita.com.br\/?s={search_term_string}\"},\"query-input\":\"required name=search_term_string\"}],\"inLanguage\":\"pt-BR\"},{\"@type\":\"Person\",\"@id\":\"https:\/\/dedemesquita.com.br\/#\/schema\/person\/36571f81dd2d76dc3ab37231542c9e24\",\"name\":\"Ded\u00e9 Mesquita\",\"image\":{\"@type\":\"ImageObject\",\"inLanguage\":\"pt-BR\",\"@id\":\"https:\/\/dedemesquita.com.br\/#\/schema\/person\/image\/\",\"url\":\"https:\/\/dedemesquita.com.br\/wp-content\/uploads\/2021\/02\/foto_perfil-150x150.jpg\",\"contentUrl\":\"https:\/\/dedemesquita.com.br\/wp-content\/uploads\/2021\/02\/foto_perfil-150x150.jpg\",\"caption\":\"Ded\u00e9 Mesquita\"},\"sameAs\":[\"https:\/\/dedemesquita.com.br\"]}]}<\/script>\n<!-- \/ Yoast SEO plugin. -->","yoast_head_json":{"title":"Inefici\u00eancia da atual Comus\/Ag\u00eancia Bel\u00e9m \u00e9 denunciada ao prefeito Edmilson Rodrigues - Ded\u00e9 Mesquita","robots":{"index":"index","follow":"follow","max-snippet":"max-snippet:-1","max-image-preview":"max-image-preview:large","max-video-preview":"max-video-preview:-1"},"canonical":"https:\/\/dedemesquita.com.br\/?p=2089","og_locale":"pt_BR","og_type":"article","og_title":"Inefici\u00eancia da atual Comus\/Ag\u00eancia Bel\u00e9m \u00e9 denunciada ao prefeito Edmilson Rodrigues - Ded\u00e9 Mesquita","og_description":"\u00c9, amigos, a &#8220;terra plana&#8221; n\u00e3o gira, ela capota! E na \u00e1rea do jornalismo e da comunica\u00e7\u00e3o social em Bel\u00e9m, essa m\u00e1xima \u00e9 muito mais que verdade. Ent\u00e3o, o amor acabou? Em menos de 9 meses, o love entre os jornalistas &#8220;de esquerda&#8221; de Bel\u00e9m, que tanto ajudaram na elei\u00e7\u00e3o de Ed Potoca \u00e0 Prefeitura [&hellip;]","og_url":"https:\/\/dedemesquita.com.br\/?p=2089","og_site_name":"Ded\u00e9 Mesquita","article_publisher":"https:\/\/www.facebook.com\/dede.mesquita","article_published_time":"2021-09-16T15:04:10+00:00","article_modified_time":"2021-09-16T17:36:04+00:00","og_image":[{"width":1000,"height":666,"url":"https:\/\/dedemesquita.com.br\/wp-content\/uploads\/2021\/09\/895d5930-c1b1-4c11-b7b6-81cf9802d1f8.jpg","type":"image\/jpeg"}],"author":"Ded\u00e9 Mesquita","twitter_card":"summary_large_image","twitter_creator":"@dedemesquita","twitter_site":"@dedemesquita","twitter_misc":{"Escrito por":"Ded\u00e9 Mesquita","Est. tempo de leitura":"4 minutos"},"schema":{"@context":"https:\/\/schema.org","@graph":[{"@type":"WebPage","@id":"https:\/\/dedemesquita.com.br\/?p=2089","url":"https:\/\/dedemesquita.com.br\/?p=2089","name":"Inefici\u00eancia da atual Comus\/Ag\u00eancia Bel\u00e9m \u00e9 denunciada ao prefeito Edmilson Rodrigues - Ded\u00e9 Mesquita","isPartOf":{"@id":"https:\/\/dedemesquita.com.br\/#website"},"datePublished":"2021-09-16T15:04:10+00:00","dateModified":"2021-09-16T17:36:04+00:00","author":{"@id":"https:\/\/dedemesquita.com.br\/#\/schema\/person\/36571f81dd2d76dc3ab37231542c9e24"},"breadcrumb":{"@id":"https:\/\/dedemesquita.com.br\/?p=2089#breadcrumb"},"inLanguage":"pt-BR","potentialAction":[{"@type":"ReadAction","target":["https:\/\/dedemesquita.com.br\/?p=2089"]}]},{"@type":"BreadcrumbList","@id":"https:\/\/dedemesquita.com.br\/?p=2089#breadcrumb","itemListElement":[{"@type":"ListItem","position":1,"name":"In\u00edcio","item":"https:\/\/dedemesquita.com.br\/"},{"@type":"ListItem","position":2,"name":"Inefici\u00eancia da atual Comus\/Ag\u00eancia Bel\u00e9m \u00e9 denunciada ao prefeito Edmilson Rodrigues"}]},{"@type":"WebSite","@id":"https:\/\/dedemesquita.com.br\/#website","url":"https:\/\/dedemesquita.com.br\/","name":"Ded\u00e9 Mesquita","description":"Um site que mostra os bastidores da imprensa no estado do Par\u00e1 e em Bel\u00e9m","potentialAction":[{"@type":"SearchAction","target":{"@type":"EntryPoint","urlTemplate":"https:\/\/dedemesquita.com.br\/?s={search_term_string}"},"query-input":"required name=search_term_string"}],"inLanguage":"pt-BR"},{"@type":"Person","@id":"https:\/\/dedemesquita.com.br\/#\/schema\/person\/36571f81dd2d76dc3ab37231542c9e24","name":"Ded\u00e9 Mesquita","image":{"@type":"ImageObject","inLanguage":"pt-BR","@id":"https:\/\/dedemesquita.com.br\/#\/schema\/person\/image\/","url":"https:\/\/dedemesquita.com.br\/wp-content\/uploads\/2021\/02\/foto_perfil-150x150.jpg","contentUrl":"https:\/\/dedemesquita.com.br\/wp-content\/uploads\/2021\/02\/foto_perfil-150x150.jpg","caption":"Ded\u00e9 Mesquita"},"sameAs":["https:\/\/dedemesquita.com.br"]}]}},"_links":{"self":[{"href":"https:\/\/dedemesquita.com.br\/index.php?rest_route=\/wp\/v2\/posts\/2089"}],"collection":[{"href":"https:\/\/dedemesquita.com.br\/index.php?rest_route=\/wp\/v2\/posts"}],"about":[{"href":"https:\/\/dedemesquita.com.br\/index.php?rest_route=\/wp\/v2\/types\/post"}],"author":[{"embeddable":true,"href":"https:\/\/dedemesquita.com.br\/index.php?rest_route=\/wp\/v2\/users\/2"}],"replies":[{"embeddable":true,"href":"https:\/\/dedemesquita.com.br\/index.php?rest_route=%2Fwp%2Fv2%2Fcomments&post=2089"}],"version-history":[{"count":6,"href":"https:\/\/dedemesquita.com.br\/index.php?rest_route=\/wp\/v2\/posts\/2089\/revisions"}],"predecessor-version":[{"id":2107,"href":"https:\/\/dedemesquita.com.br\/index.php?rest_route=\/wp\/v2\/posts\/2089\/revisions\/2107"}],"wp:featuredmedia":[{"embeddable":true,"href":"https:\/\/dedemesquita.com.br\/index.php?rest_route=\/wp\/v2\/media\/2097"}],"wp:attachment":[{"href":"https:\/\/dedemesquita.com.br\/index.php?rest_route=%2Fwp%2Fv2%2Fmedia&parent=2089"}],"wp:term":[{"taxonomy":"category","embeddable":true,"href":"https:\/\/dedemesquita.com.br\/index.php?rest_route=%2Fwp%2Fv2%2Fcategories&post=2089"},{"taxonomy":"post_tag","embeddable":true,"href":"https:\/\/dedemesquita.com.br\/index.php?rest_route=%2Fwp%2Fv2%2Ftags&post=2089"}],"curies":[{"name":"wp","href":"https:\/\/api.w.org\/{rel}","templated":true}]}}