{"id":2074,"date":"2021-09-15T20:22:27","date_gmt":"2021-09-15T23:22:27","guid":{"rendered":"https:\/\/dedemesquita.com.br\/?p=2074"},"modified":"2021-10-14T07:51:52","modified_gmt":"2021-10-14T10:51:52","slug":"comunicacao-da-prefeitura-de-marituba-tambem-tem-a-sua-mamacita-do-mal","status":"publish","type":"post","link":"https:\/\/dedemesquita.com.br\/?p=2074","title":{"rendered":"Comunica\u00e7\u00e3o da Prefeitura de Marituba tamb\u00e9m tem a sua &#8216;mamacita do mal&#8217;"},"content":{"rendered":"\n<p>No in\u00edcio deste m\u00eas de setembro, este site publicou reportagem sobre a demiss\u00e3o em massa promovida pela <strong>&#8216;prefeita PPP&#8217; (Patr\u00edcia Prefeita Perfeita<\/strong>), Patr\u00edcia Mendes (Republicanos), a gestora da Prefeitura Municipal de Marituba, Regi\u00e3o Metropolitana de Bel\u00e9m. Veja aqui: <a href=\"https:\/\/dedemesquita.com.br\/sem-a-visibilidade-que-acha-que-deveria-ter-prefeita-de-marituba-exonera-jornalistas\/\"><strong>Sem a visibilidade que acha que deveria ter, prefeita de Marituba exonera jornalistas<\/strong><\/a>.<\/p>\n\n\n\n<p>E duas semanas depois, os rumores de que Marituba TAMB\u00c9M tem a sua <strong>&#8216;mamacita do mal&#8217;<\/strong> continuam firmes e fortes, e agora temos uma indica\u00e7\u00e3o. Isso mesmo, senhoras e senhores, tal qual a Prefeitura de Bel\u00e9m, a de Ananindeua e comunica\u00e7\u00e3o do Governo do Par\u00e1, Marituba passa a contribuir com as demandas de ass\u00e9dio moral, persegui\u00e7\u00f5es e puxa-saquismo. <\/p>\n\n\n\n<p>A mo\u00e7a, que seria suspeita de ser a mamacita, trabalhou na campanha vitoriosa de Patr\u00edcia \u00e0 Prefeitura de Marituba, em 2020. Com a elei\u00e7\u00e3o em Marituba definida no primeiro turno, ela foi convocada pelo QG de campanhas \u00e0s prefeituras do interior do Par\u00e1, sob a orienta\u00e7\u00e3o e ger\u00eancia do atual governador Helder Barbalho (MDB), e foi para Santar\u00e9m atuar no segundo turno que definiu N\u00e9lio Aguiar (DEM) como prefeito daquela cidade.<\/p>\n\n\n\n<p><strong>Assessora &#8211; <\/strong>Mas as elei\u00e7\u00f5es se foram e todos precisam trabalhar. Quando a &#8216;prefeita PPP&#8217; assumiu, a mo\u00e7a, por j\u00e1 estar atuando mais diretamente como assessora de Patr\u00edcia, acreditou que seria escolhida como a coordenadora da comunica\u00e7\u00e3o da Prefeitura de Marituba. Qual n\u00e3o foi a surpresa dela quando a jornalista <strong>Elck Oliveira<\/strong> foi anunciada e assumiu a coordena\u00e7\u00e3o. <\/p>\n\n\n\n<div class=\"wp-block-image\"><figure class=\"aligncenter size-large\"><img loading=\"lazy\" decoding=\"async\" width=\"593\" height=\"399\" src=\"https:\/\/dedemesquita.com.br\/wp-content\/uploads\/2021\/10\/borrada.png\" alt=\"\" class=\"wp-image-2560\"\/><figcaption>Equipe da Prefeitura de Marituba, meses atr\u00e1s, quando tudo era flores <\/figcaption><\/figure><\/div>\n\n\n\n<p>Come\u00e7ou um embate silencioso e a mo\u00e7a trabalhando nas &#8216;sombras&#8217; para derrubar Elck e sua equipe. O que fica mais estranho \u00e9 que ela tem o mesmo sal\u00e1rio que Elck tinha, segundo den\u00fancias que chegaram a este site, mas ela queria ser chefe. <\/p>\n\n\n\n<p>Outra coisa foi que a mo\u00e7a come\u00e7ou a jogar &#8220;veneno&#8221;, aqui e ali, sobre o fato de a equipe de comunica\u00e7\u00e3o ser, quase em sua maioria, de jornalistas que moram em Bel\u00e9m e n\u00e3o em Marituba. Detalhe: a mo\u00e7a \u00e9 de Bel\u00e9m, moradora de um bairro perif\u00e9rico da cidade. <\/p>\n\n\n\n<p>Tamb\u00e9m come\u00e7ou a pesar os sal\u00e1rios desses profissionais que acarretaram quase uma inclus\u00e3o de Marituba na Lei de Responsabilidade Fiscal, segundo conversas nos corredores da Prefeitura. <\/p>\n\n\n\n<p><strong>Reuni\u00e3o &#8211;<\/strong> No final de agosto, a prefeita PPP fez uma reuni\u00e3o com os assessores da comunica\u00e7\u00e3o, cobrando visibilidade na m\u00eddia. Fontes d\u00e3o conta que Patr\u00edcia &#8220;estava virada na giraya&#8221; e promoveu cenas expl\u00edcitas de humilha\u00e7\u00e3o sobre os jornalistas. <\/p>\n\n\n\n<p>Segundo uma fonte: &#8220;A prefeita fez uma reuni\u00e3o e nos humilhou e disse que iria reduzir a equipe e que depois divulgaria a lista dos que iriam ficar&#8221;. <\/p>\n\n\n\n<div class=\"wp-block-image\"><figure class=\"aligncenter size-large\"><img loading=\"lazy\" decoding=\"async\" width=\"722\" height=\"945\" src=\"https:\/\/dedemesquita.com.br\/wp-content\/uploads\/2021\/09\/238827592_264271545341234_4393524504455906801_n.jpg\" alt=\"\" class=\"wp-image-2085\"\/><figcaption>Informa\u00e7\u00f5es recebidas por este site no in\u00edcio de setembro\/2021<\/figcaption><\/figure><\/div>\n\n\n\n<p>No dia seguinte, Elck se reuniu com a equipe para tentar sanar alguns pontos citados por Patr\u00edcia. Houve v\u00e1rias reclama\u00e7\u00f5es, em uma das quais, foi falado sobre o marido da prefeita, ao qual Patr\u00edcia quer transformar em deputado estadual. O marido de Patr\u00edcia, Moyses Mendes, seria, na verdade, quem manda e desmanda naquela Prefeitura. Talqualzinho, em Bel\u00e9m, com Edmilson Rodrigues (PSOL) tendo Aldenor Jr., chefe de gabinete dele, como o real &#8220;mandat\u00e1rio&#8221;. <\/p>\n\n\n\n<p>Quase que imediatamente, Patr\u00edcia recebeu um \u00e1udio gravado com as conversas dessa reuni\u00e3o. &#8220;Estranho que o principal suspeito de ter feito a grava\u00e7\u00e3o com \u00e1udio da reuni\u00e3o que tivemos, no dia seguinte foi o \u00fanico que n\u00e3o estava na lista dos que iriam permanecer e at\u00e9 hoje n\u00e3o foi exonerado&#8221;, continua nossa fonte. <\/p>\n\n\n\n<p>O que leva \u00e0 mo\u00e7a, novamente. &#8220;Al\u00e9m de tudo, sempre houve os ci\u00fames da (&#8230;) que trabalhou na campanha [de Patr\u00edcia em 2020] e que nunca engoliu o fato da Elck ter sido chamada pra comandar a comunica\u00e7\u00e3o. Cargo que ela, (&#8230;), sempre almejou\u2026 mesmo tendo sal\u00e1rio igual ao da Elck&#8221;. <\/p>\n\n\n\n<p>Dias depois, em nota plantada, o jornal Di\u00e1rio do Par\u00e1, da fam\u00edlia Barbalho, publicou em uma de suas principais colunas, a de Mauro Bonna, em 5 de setembro de 2021, que a prefeita PPP tinha descoberto uma escuta na sede da Prefeitura de Marituba. <\/p>\n\n\n\n<p>Ora, ora, aplicaaaa!!!<\/p>\n\n\n\n<div class=\"wp-block-image\"><figure class=\"aligncenter size-large\"><img loading=\"lazy\" decoding=\"async\" width=\"567\" height=\"416\" src=\"https:\/\/dedemesquita.com.br\/wp-content\/uploads\/2021\/09\/WhatsApp-Image-2021-09-15-at-11.44.43.jpeg\" alt=\"\" class=\"wp-image-2075\"\/><figcaption>Nota plantada no jornal Di\u00e1rio do Par\u00e1 <\/figcaption><\/figure><\/div>\n\n\n\n<p>Mas olha, mesmo com toda a for\u00e7a-tarefa para levantar a moral da prefeita PPP, fica dif\u00edcil at\u00e9 para uma comunica\u00e7\u00e3o tarimbada segurar a onda de uma prefeita que publica esse tipo de coisa nos stories do Instagram dela. Veja imagem abaixo: <\/p>\n\n\n\n<p>Essa prefeita precisa se decidir se \u00e9 gestora ou projeto &#8211; ruim &#8211; de <em>digital influencer<\/em>. <\/p>\n\n\n\n<p><strong>Veja:<\/strong> <\/p>\n\n\n\n<div class=\"wp-block-image\"><figure class=\"aligncenter size-large\"><img loading=\"lazy\" decoding=\"async\" width=\"721\" height=\"1217\" src=\"https:\/\/dedemesquita.com.br\/wp-content\/uploads\/2021\/09\/WhatsApp-Image-2021-09-15-at-19.16.07.jpeg\" alt=\"\" class=\"wp-image-2077\"\/><figcaption>Print do storie da prefeita Patr\u00edcia Mendes <\/figcaption><\/figure><\/div>\n","protected":false},"excerpt":{"rendered":"<p>No in\u00edcio deste m\u00eas de setembro, este site publicou reportagem sobre a demiss\u00e3o em massa promovida pela &#8216;prefeita PPP&#8217; (Patr\u00edcia Prefeita Perfeita), Patr\u00edcia Mendes (Republicanos), a gestora da Prefeitura Municipal de Marituba, Regi\u00e3o Metropolitana de Bel\u00e9m. Veja aqui: Sem a visibilidade que acha que deveria ter, prefeita de Marituba exonera jornalistas. E duas semanas depois, [&hellip;]<\/p>\n","protected":false},"author":2,"featured_media":2079,"comment_status":"open","ping_status":"open","sticky":false,"template":"","format":"standard","meta":{"footnotes":""},"categories":[51,14,29],"tags":[119,120,209,202],"class_list":["post-2074","post","type-post","status-publish","format-standard","has-post-thumbnail","hentry","category-destaque","category-imprensa","category-jornalismo","tag-jornalismo","tag-jornalistas-paraenses-em-acao","tag-prefeita-ppp","tag-prefeitura-de-marituba"],"yoast_head":"<!-- This site is optimized with the Yoast SEO plugin v19.10 - https:\/\/yoast.com\/wordpress\/plugins\/seo\/ -->\n<title>Comunica\u00e7\u00e3o da Prefeitura de Marituba tamb\u00e9m tem a sua &#039;mamacita do mal&#039; - Ded\u00e9 Mesquita<\/title>\n<meta name=\"robots\" content=\"index, follow, max-snippet:-1, max-image-preview:large, max-video-preview:-1\" \/>\n<link rel=\"canonical\" href=\"https:\/\/dedemesquita.com.br\/?p=2074\" \/>\n<meta property=\"og:locale\" content=\"pt_BR\" \/>\n<meta property=\"og:type\" content=\"article\" \/>\n<meta property=\"og:title\" content=\"Comunica\u00e7\u00e3o da Prefeitura de Marituba tamb\u00e9m tem a sua &#039;mamacita do mal&#039; - Ded\u00e9 Mesquita\" \/>\n<meta property=\"og:description\" content=\"No in\u00edcio deste m\u00eas de setembro, este site publicou reportagem sobre a demiss\u00e3o em massa promovida pela &#8216;prefeita PPP&#8217; (Patr\u00edcia Prefeita Perfeita), Patr\u00edcia Mendes (Republicanos), a gestora da Prefeitura Municipal de Marituba, Regi\u00e3o Metropolitana de Bel\u00e9m. Veja aqui: Sem a visibilidade que acha que deveria ter, prefeita de Marituba exonera jornalistas. E duas semanas depois, [&hellip;]\" \/>\n<meta property=\"og:url\" content=\"https:\/\/dedemesquita.com.br\/?p=2074\" \/>\n<meta property=\"og:site_name\" content=\"Ded\u00e9 Mesquita\" \/>\n<meta property=\"article:publisher\" content=\"https:\/\/www.facebook.com\/dede.mesquita\" \/>\n<meta property=\"article:published_time\" content=\"2021-09-15T23:22:27+00:00\" \/>\n<meta property=\"article:modified_time\" content=\"2021-10-14T10:51:52+00:00\" \/>\n<meta property=\"og:image\" content=\"https:\/\/dedemesquita.com.br\/wp-content\/uploads\/2021\/09\/mari.jpg\" \/>\n\t<meta property=\"og:image:width\" content=\"1000\" \/>\n\t<meta property=\"og:image:height\" content=\"523\" \/>\n\t<meta property=\"og:image:type\" content=\"image\/jpeg\" \/>\n<meta name=\"author\" content=\"Ded\u00e9 Mesquita\" \/>\n<meta name=\"twitter:card\" content=\"summary_large_image\" \/>\n<meta name=\"twitter:creator\" content=\"@dedemesquita\" \/>\n<meta name=\"twitter:site\" content=\"@dedemesquita\" \/>\n<meta name=\"twitter:label1\" content=\"Escrito por\" \/>\n\t<meta name=\"twitter:data1\" content=\"Ded\u00e9 Mesquita\" \/>\n\t<meta name=\"twitter:label2\" content=\"Est. tempo de leitura\" \/>\n\t<meta name=\"twitter:data2\" content=\"5 minutos\" \/>\n<script type=\"application\/ld+json\" class=\"yoast-schema-graph\">{\"@context\":\"https:\/\/schema.org\",\"@graph\":[{\"@type\":\"WebPage\",\"@id\":\"https:\/\/dedemesquita.com.br\/?p=2074\",\"url\":\"https:\/\/dedemesquita.com.br\/?p=2074\",\"name\":\"Comunica\u00e7\u00e3o da Prefeitura de Marituba tamb\u00e9m tem a sua 'mamacita do mal' - Ded\u00e9 Mesquita\",\"isPartOf\":{\"@id\":\"https:\/\/dedemesquita.com.br\/#website\"},\"datePublished\":\"2021-09-15T23:22:27+00:00\",\"dateModified\":\"2021-10-14T10:51:52+00:00\",\"author\":{\"@id\":\"https:\/\/dedemesquita.com.br\/#\/schema\/person\/36571f81dd2d76dc3ab37231542c9e24\"},\"breadcrumb\":{\"@id\":\"https:\/\/dedemesquita.com.br\/?p=2074#breadcrumb\"},\"inLanguage\":\"pt-BR\",\"potentialAction\":[{\"@type\":\"ReadAction\",\"target\":[\"https:\/\/dedemesquita.com.br\/?p=2074\"]}]},{\"@type\":\"BreadcrumbList\",\"@id\":\"https:\/\/dedemesquita.com.br\/?p=2074#breadcrumb\",\"itemListElement\":[{\"@type\":\"ListItem\",\"position\":1,\"name\":\"In\u00edcio\",\"item\":\"https:\/\/dedemesquita.com.br\/\"},{\"@type\":\"ListItem\",\"position\":2,\"name\":\"Comunica\u00e7\u00e3o da Prefeitura de Marituba tamb\u00e9m tem a sua &#8216;mamacita do mal&#8217;\"}]},{\"@type\":\"WebSite\",\"@id\":\"https:\/\/dedemesquita.com.br\/#website\",\"url\":\"https:\/\/dedemesquita.com.br\/\",\"name\":\"Ded\u00e9 Mesquita\",\"description\":\"Um site que mostra os bastidores da imprensa no estado do Par\u00e1 e em Bel\u00e9m\",\"potentialAction\":[{\"@type\":\"SearchAction\",\"target\":{\"@type\":\"EntryPoint\",\"urlTemplate\":\"https:\/\/dedemesquita.com.br\/?s={search_term_string}\"},\"query-input\":\"required name=search_term_string\"}],\"inLanguage\":\"pt-BR\"},{\"@type\":\"Person\",\"@id\":\"https:\/\/dedemesquita.com.br\/#\/schema\/person\/36571f81dd2d76dc3ab37231542c9e24\",\"name\":\"Ded\u00e9 Mesquita\",\"image\":{\"@type\":\"ImageObject\",\"inLanguage\":\"pt-BR\",\"@id\":\"https:\/\/dedemesquita.com.br\/#\/schema\/person\/image\/\",\"url\":\"https:\/\/dedemesquita.com.br\/wp-content\/uploads\/2021\/02\/foto_perfil-150x150.jpg\",\"contentUrl\":\"https:\/\/dedemesquita.com.br\/wp-content\/uploads\/2021\/02\/foto_perfil-150x150.jpg\",\"caption\":\"Ded\u00e9 Mesquita\"},\"sameAs\":[\"https:\/\/dedemesquita.com.br\"]}]}<\/script>\n<!-- \/ Yoast SEO plugin. -->","yoast_head_json":{"title":"Comunica\u00e7\u00e3o da Prefeitura de Marituba tamb\u00e9m tem a sua 'mamacita do mal' - Ded\u00e9 Mesquita","robots":{"index":"index","follow":"follow","max-snippet":"max-snippet:-1","max-image-preview":"max-image-preview:large","max-video-preview":"max-video-preview:-1"},"canonical":"https:\/\/dedemesquita.com.br\/?p=2074","og_locale":"pt_BR","og_type":"article","og_title":"Comunica\u00e7\u00e3o da Prefeitura de Marituba tamb\u00e9m tem a sua 'mamacita do mal' - Ded\u00e9 Mesquita","og_description":"No in\u00edcio deste m\u00eas de setembro, este site publicou reportagem sobre a demiss\u00e3o em massa promovida pela &#8216;prefeita PPP&#8217; (Patr\u00edcia Prefeita Perfeita), Patr\u00edcia Mendes (Republicanos), a gestora da Prefeitura Municipal de Marituba, Regi\u00e3o Metropolitana de Bel\u00e9m. Veja aqui: Sem a visibilidade que acha que deveria ter, prefeita de Marituba exonera jornalistas. E duas semanas depois, [&hellip;]","og_url":"https:\/\/dedemesquita.com.br\/?p=2074","og_site_name":"Ded\u00e9 Mesquita","article_publisher":"https:\/\/www.facebook.com\/dede.mesquita","article_published_time":"2021-09-15T23:22:27+00:00","article_modified_time":"2021-10-14T10:51:52+00:00","og_image":[{"width":1000,"height":523,"url":"https:\/\/dedemesquita.com.br\/wp-content\/uploads\/2021\/09\/mari.jpg","type":"image\/jpeg"}],"author":"Ded\u00e9 Mesquita","twitter_card":"summary_large_image","twitter_creator":"@dedemesquita","twitter_site":"@dedemesquita","twitter_misc":{"Escrito por":"Ded\u00e9 Mesquita","Est. tempo de leitura":"5 minutos"},"schema":{"@context":"https:\/\/schema.org","@graph":[{"@type":"WebPage","@id":"https:\/\/dedemesquita.com.br\/?p=2074","url":"https:\/\/dedemesquita.com.br\/?p=2074","name":"Comunica\u00e7\u00e3o da Prefeitura de Marituba tamb\u00e9m tem a sua 'mamacita do mal' - Ded\u00e9 Mesquita","isPartOf":{"@id":"https:\/\/dedemesquita.com.br\/#website"},"datePublished":"2021-09-15T23:22:27+00:00","dateModified":"2021-10-14T10:51:52+00:00","author":{"@id":"https:\/\/dedemesquita.com.br\/#\/schema\/person\/36571f81dd2d76dc3ab37231542c9e24"},"breadcrumb":{"@id":"https:\/\/dedemesquita.com.br\/?p=2074#breadcrumb"},"inLanguage":"pt-BR","potentialAction":[{"@type":"ReadAction","target":["https:\/\/dedemesquita.com.br\/?p=2074"]}]},{"@type":"BreadcrumbList","@id":"https:\/\/dedemesquita.com.br\/?p=2074#breadcrumb","itemListElement":[{"@type":"ListItem","position":1,"name":"In\u00edcio","item":"https:\/\/dedemesquita.com.br\/"},{"@type":"ListItem","position":2,"name":"Comunica\u00e7\u00e3o da Prefeitura de Marituba tamb\u00e9m tem a sua &#8216;mamacita do mal&#8217;"}]},{"@type":"WebSite","@id":"https:\/\/dedemesquita.com.br\/#website","url":"https:\/\/dedemesquita.com.br\/","name":"Ded\u00e9 Mesquita","description":"Um site que mostra os bastidores da imprensa no estado do Par\u00e1 e em Bel\u00e9m","potentialAction":[{"@type":"SearchAction","target":{"@type":"EntryPoint","urlTemplate":"https:\/\/dedemesquita.com.br\/?s={search_term_string}"},"query-input":"required name=search_term_string"}],"inLanguage":"pt-BR"},{"@type":"Person","@id":"https:\/\/dedemesquita.com.br\/#\/schema\/person\/36571f81dd2d76dc3ab37231542c9e24","name":"Ded\u00e9 Mesquita","image":{"@type":"ImageObject","inLanguage":"pt-BR","@id":"https:\/\/dedemesquita.com.br\/#\/schema\/person\/image\/","url":"https:\/\/dedemesquita.com.br\/wp-content\/uploads\/2021\/02\/foto_perfil-150x150.jpg","contentUrl":"https:\/\/dedemesquita.com.br\/wp-content\/uploads\/2021\/02\/foto_perfil-150x150.jpg","caption":"Ded\u00e9 Mesquita"},"sameAs":["https:\/\/dedemesquita.com.br"]}]}},"_links":{"self":[{"href":"https:\/\/dedemesquita.com.br\/index.php?rest_route=\/wp\/v2\/posts\/2074"}],"collection":[{"href":"https:\/\/dedemesquita.com.br\/index.php?rest_route=\/wp\/v2\/posts"}],"about":[{"href":"https:\/\/dedemesquita.com.br\/index.php?rest_route=\/wp\/v2\/types\/post"}],"author":[{"embeddable":true,"href":"https:\/\/dedemesquita.com.br\/index.php?rest_route=\/wp\/v2\/users\/2"}],"replies":[{"embeddable":true,"href":"https:\/\/dedemesquita.com.br\/index.php?rest_route=%2Fwp%2Fv2%2Fcomments&post=2074"}],"version-history":[{"count":7,"href":"https:\/\/dedemesquita.com.br\/index.php?rest_route=\/wp\/v2\/posts\/2074\/revisions"}],"predecessor-version":[{"id":2561,"href":"https:\/\/dedemesquita.com.br\/index.php?rest_route=\/wp\/v2\/posts\/2074\/revisions\/2561"}],"wp:featuredmedia":[{"embeddable":true,"href":"https:\/\/dedemesquita.com.br\/index.php?rest_route=\/wp\/v2\/media\/2079"}],"wp:attachment":[{"href":"https:\/\/dedemesquita.com.br\/index.php?rest_route=%2Fwp%2Fv2%2Fmedia&parent=2074"}],"wp:term":[{"taxonomy":"category","embeddable":true,"href":"https:\/\/dedemesquita.com.br\/index.php?rest_route=%2Fwp%2Fv2%2Fcategories&post=2074"},{"taxonomy":"post_tag","embeddable":true,"href":"https:\/\/dedemesquita.com.br\/index.php?rest_route=%2Fwp%2Fv2%2Ftags&post=2074"}],"curies":[{"name":"wp","href":"https:\/\/api.w.org\/{rel}","templated":true}]}}