{"id":1981,"date":"2021-09-07T17:20:21","date_gmt":"2021-09-07T20:20:21","guid":{"rendered":"https:\/\/dedemesquita.com.br\/?p=1981"},"modified":"2021-09-07T20:52:45","modified_gmt":"2021-09-07T23:52:45","slug":"a-roda-das-mudancas-nao-para-nao-para-nas-redacoes","status":"publish","type":"post","link":"https:\/\/dedemesquita.com.br\/?p=1981","title":{"rendered":"A roda das mudan\u00e7as n\u00e3o para, n\u00e3o para nas reda\u00e7\u00f5es"},"content":{"rendered":"\n<p>Ent\u00e3o, vamos do que voc\u00eas gostam mesmo de saber: quem mudou de emprego, quem assumiu nova fun\u00e7\u00f5es e quem trabalha muito nessa &#8220;cacha\u00e7a&#8221; boa chamada comunica\u00e7\u00e3o social. <\/p>\n\n\n\n<p>Come\u00e7amos por Bel\u00e9m. A jornalista <strong>Fabiana Cabral<\/strong>, ex-coordenadora da Comus\/Ag\u00eancia Bel\u00e9m, assumiu a assessoria de comunica\u00e7\u00e3o do Espa\u00e7o Cultural S\u00e3o Jos\u00e9 Liberto. <\/p>\n\n\n\n<div class=\"wp-block-image\"><figure class=\"aligncenter size-large\"><img loading=\"lazy\" decoding=\"async\" width=\"238\" height=\"277\" src=\"https:\/\/dedemesquita.com.br\/wp-content\/uploads\/2021\/09\/FABIANA_CABRAL.jpg\" alt=\"\" class=\"wp-image-1982\"\/><figcaption>Fabiana Cabral em foto de Dani Filgueiras<\/figcaption><\/figure><\/div>\n\n\n\n<p>A jornalista <strong>Lissa de Alexandria<\/strong>, a Rainha da Maced\u00f4nia (by Instagram), \u00e9 a nova contratada do portal G1 Par\u00e1. Lissa tem passagens pelo portal Roma News e pela ag\u00eancia Levant. <\/p>\n\n\n\n<div class=\"wp-block-image\"><figure class=\"aligncenter size-large\"><img loading=\"lazy\" decoding=\"async\" width=\"607\" height=\"564\" src=\"https:\/\/dedemesquita.com.br\/wp-content\/uploads\/2021\/09\/LISSA_DE_ALEXANDRIA.png\" alt=\"\" class=\"wp-image-1983\"\/><figcaption>Lissa de Alexandria \u00e9 o refor\u00e7o do portal G1 Par\u00e1 <\/figcaption><\/figure><\/div>\n\n\n\n<p>E agora os coleguinhas paraenses que moram <strong>em S\u00e3o Paulo<\/strong> e no <strong>Rio de Janeiro<\/strong>. <\/p>\n\n\n\n<p><strong>Tim\u00f3teo Lopes,<\/strong> que passou pela Secretaria de Comunica\u00e7\u00e3o (Secom-PA) e emissoras de televis\u00e3o em Bel\u00e9m, agora faz parte agora do time da ag\u00eancia FSB Comunica\u00e7\u00e3o, l\u00edder em Public Relations (PR), ou Rela\u00e7\u00f5es P\u00fablicas (RP), em portugu\u00eas, na Am\u00e9rica Latina e contratado para o atendimento institucional da Sul Am\u00e9rica, gigante do setor de sa\u00fade no Pa\u00eds. Tim\u00f3teo continua com <em>free lancer<\/em> do jornal Folha de S. Paulo e, nessa condi\u00e7\u00e3o, estar\u00e1 em Bel\u00e9m em outubro para a cobertura do C\u00edrio de Nossa Senhora de Nazar\u00e9. <\/p>\n\n\n\n<div class=\"wp-block-image\"><figure class=\"aligncenter size-large\"><img loading=\"lazy\" decoding=\"async\" width=\"530\" height=\"530\" src=\"https:\/\/dedemesquita.com.br\/wp-content\/uploads\/2021\/09\/TIM.png\" alt=\"\" class=\"wp-image-1990\" srcset=\"https:\/\/dedemesquita.com.br\/wp-content\/uploads\/2021\/09\/TIM.png 530w, https:\/\/dedemesquita.com.br\/wp-content\/uploads\/2021\/09\/TIM-150x150.png 150w\" sizes=\"(max-width: 530px) 100vw, 530px\" \/><figcaption>Tim\u00f3teo Lopes e a vers\u00e3o &#8220;tenho topete&#8221; <\/figcaption><\/figure><\/div>\n\n\n\n<p>Tem outra paraense na FSB Comunica\u00e7\u00e3o: <strong>Viviane Mel\u00e9m<\/strong>, ex-TV Record Par\u00e1. Ela atende ao grupo Sabin, um dos maiores <em>players <\/em>em Medicina Diagn\u00f3stica do Brasil.<\/p>\n\n\n\n<div class=\"wp-block-image\"><figure class=\"aligncenter size-large\"><img loading=\"lazy\" decoding=\"async\" width=\"725\" height=\"543\" src=\"https:\/\/dedemesquita.com.br\/wp-content\/uploads\/2021\/09\/VIVAINE_BELEM.jpg\" alt=\"\" class=\"wp-image-1985\"\/><figcaption>Viviane Mel\u00e9m, precisamos de um nova foto sua pra este site <\/figcaption><\/figure><\/div>\n\n\n\n<p><strong>Gabriel Pinheiro<\/strong>, ex integrante do grupo Eko, se mudou recentemente para S\u00e3o Paulo, foi contratado como produtor de conte\u00fado da empresa Endemol e est\u00e1 no programa Master Chef, da Band TV.<\/p>\n\n\n\n<div class=\"wp-block-image\"><figure class=\"aligncenter size-large\"><img loading=\"lazy\" decoding=\"async\" width=\"584\" height=\"518\" src=\"https:\/\/dedemesquita.com.br\/wp-content\/uploads\/2021\/09\/GABRIEL_PINHEIRO-.png\" alt=\"\" class=\"wp-image-1986\"\/><figcaption>Gabriel Pinheiro est\u00e1 de olho no que rola no Master Chef Brasil <\/figcaption><\/figure><\/div>\n\n\n\n<p><strong>Mariana Pontes<\/strong>, ex editora-chefe do Balan\u00e7o Geral (Record Par\u00e1), j\u00e1 est\u00e1 h\u00e1 alguns anos morando em S\u00e3o Paulo, e agora \u00e9 editora-executiva do programa Primeiro Impacto (SBT), apresentado por Dudu Camargo.<\/p>\n\n\n\n<div class=\"wp-block-image\"><figure class=\"aligncenter size-large\"><img loading=\"lazy\" decoding=\"async\" width=\"740\" height=\"497\" src=\"https:\/\/dedemesquita.com.br\/wp-content\/uploads\/2021\/09\/239868810_212506180902812_3203111711554009790_n.jpg\" alt=\"\" class=\"wp-image-1987\"\/><figcaption>Mariana Pontes \u00e9 editora-executiva do programa Primeiro Impacto <\/figcaption><\/figure><\/div>\n\n\n\n<p>A jornalista <strong>Keyth Washington<\/strong>, ex-assessora da Santa Casa de Miseric\u00f3rdia do Par\u00e1, que j\u00e1 mora em S\u00e3o Paulo, h\u00e1 mais de 12 anos, atende agora a Natura, sendo <em>storyteller<\/em> de uma linha de produtos da empresa, e tamb\u00e9m est\u00e1 na coordena\u00e7\u00e3o de um projeto da gigante francesa farmac\u00eautica Sanofi.<\/p>\n\n\n\n<div class=\"wp-block-image\"><figure class=\"aligncenter size-large\"><img loading=\"lazy\" decoding=\"async\" width=\"748\" height=\"540\" src=\"https:\/\/dedemesquita.com.br\/wp-content\/uploads\/2021\/09\/240835936_378844713707130_6228371810936060962_n.jpg\" alt=\"\" class=\"wp-image-1988\"\/><figcaption>Keyth Washington trabalha para a Natura <\/figcaption><\/figure><\/div>\n\n\n\n<p><strong>Erika Torres<\/strong>, que se mudou pro Rio de Janeiro em 2019 e migrou pra \u00e1rea corporativa privada do mercado financeiro, depois de uma longa experi\u00eancia no setor p\u00fablico com Relgov, \u00e9 analista s\u00eanior da Approach Comunica\u00e7\u00e3o e atende \u00e0 conta da Ativa Investimentos, uma das maiores corretoras do Brasil. Junto com Erika, a Approach tem mais dois paraenses: <strong>Gabriela Azevedo<\/strong> e <strong>Marcelo Vieira Dias<\/strong>.<\/p>\n\n\n\n<div class=\"wp-block-image\"><figure class=\"aligncenter size-large\"><img loading=\"lazy\" decoding=\"async\" width=\"1000\" height=\"1008\" src=\"https:\/\/dedemesquita.com.br\/wp-content\/uploads\/2021\/09\/240608557_205906361597372_5373532236287634541_n.jpg\" alt=\"\" class=\"wp-image-1989\" srcset=\"https:\/\/dedemesquita.com.br\/wp-content\/uploads\/2021\/09\/240608557_205906361597372_5373532236287634541_n.jpg 1000w, https:\/\/dedemesquita.com.br\/wp-content\/uploads\/2021\/09\/240608557_205906361597372_5373532236287634541_n-150x150.jpg 150w, https:\/\/dedemesquita.com.br\/wp-content\/uploads\/2021\/09\/240608557_205906361597372_5373532236287634541_n-768x774.jpg 768w\" sizes=\"(max-width: 1000px) 100vw, 1000px\" \/><figcaption>Erika Torres \u00e9 mais uma jornalista paraense na ag\u00eancia Approach Comunica\u00e7\u00e3o<\/figcaption><\/figure><\/div>\n","protected":false},"excerpt":{"rendered":"<p>Ent\u00e3o, vamos do que voc\u00eas gostam mesmo de saber: quem mudou de emprego, quem assumiu nova fun\u00e7\u00f5es e quem trabalha muito nessa &#8220;cacha\u00e7a&#8221; boa chamada comunica\u00e7\u00e3o social. Come\u00e7amos por Bel\u00e9m. A jornalista Fabiana Cabral, ex-coordenadora da Comus\/Ag\u00eancia Bel\u00e9m, assumiu a assessoria de comunica\u00e7\u00e3o do Espa\u00e7o Cultural S\u00e3o Jos\u00e9 Liberto. A jornalista Lissa de Alexandria, a [&hellip;]<\/p>\n","protected":false},"author":2,"featured_media":1991,"comment_status":"open","ping_status":"open","sticky":false,"template":"","format":"standard","meta":{"footnotes":""},"categories":[51,14,29],"tags":[206,187,119,120,205],"class_list":["post-1981","post","type-post","status-publish","format-standard","has-post-thumbnail","hentry","category-destaque","category-imprensa","category-jornalismo","tag-approach-comunicacao","tag-g1-para","tag-jornalismo","tag-jornalistas-paraenses-em-acao","tag-sao-jose-liberto"],"yoast_head":"<!-- This site is optimized with the Yoast SEO plugin v19.10 - https:\/\/yoast.com\/wordpress\/plugins\/seo\/ -->\n<title>A roda das mudan\u00e7as n\u00e3o para, n\u00e3o para nas reda\u00e7\u00f5es - Ded\u00e9 Mesquita<\/title>\n<meta name=\"robots\" content=\"index, follow, max-snippet:-1, max-image-preview:large, max-video-preview:-1\" \/>\n<link rel=\"canonical\" href=\"https:\/\/dedemesquita.com.br\/?p=1981\" \/>\n<meta property=\"og:locale\" content=\"pt_BR\" \/>\n<meta property=\"og:type\" content=\"article\" \/>\n<meta property=\"og:title\" content=\"A roda das mudan\u00e7as n\u00e3o para, n\u00e3o para nas reda\u00e7\u00f5es - Ded\u00e9 Mesquita\" \/>\n<meta property=\"og:description\" content=\"Ent\u00e3o, vamos do que voc\u00eas gostam mesmo de saber: quem mudou de emprego, quem assumiu nova fun\u00e7\u00f5es e quem trabalha muito nessa &#8220;cacha\u00e7a&#8221; boa chamada comunica\u00e7\u00e3o social. Come\u00e7amos por Bel\u00e9m. A jornalista Fabiana Cabral, ex-coordenadora da Comus\/Ag\u00eancia Bel\u00e9m, assumiu a assessoria de comunica\u00e7\u00e3o do Espa\u00e7o Cultural S\u00e3o Jos\u00e9 Liberto. A jornalista Lissa de Alexandria, a [&hellip;]\" \/>\n<meta property=\"og:url\" content=\"https:\/\/dedemesquita.com.br\/?p=1981\" \/>\n<meta property=\"og:site_name\" content=\"Ded\u00e9 Mesquita\" \/>\n<meta property=\"article:publisher\" content=\"https:\/\/www.facebook.com\/dede.mesquita\" \/>\n<meta property=\"article:published_time\" content=\"2021-09-07T20:20:21+00:00\" \/>\n<meta property=\"article:modified_time\" content=\"2021-09-07T23:52:45+00:00\" \/>\n<meta property=\"og:image\" content=\"https:\/\/dedemesquita.com.br\/wp-content\/uploads\/2021\/09\/240544173_810431306317059_4382248026863120547_n-1.jpg\" \/>\n\t<meta property=\"og:image:width\" content=\"995\" \/>\n\t<meta property=\"og:image:height\" content=\"919\" \/>\n\t<meta property=\"og:image:type\" content=\"image\/jpeg\" \/>\n<meta name=\"author\" content=\"Ded\u00e9 Mesquita\" \/>\n<meta name=\"twitter:card\" content=\"summary_large_image\" \/>\n<meta name=\"twitter:creator\" content=\"@dedemesquita\" \/>\n<meta name=\"twitter:site\" content=\"@dedemesquita\" \/>\n<meta name=\"twitter:label1\" content=\"Escrito por\" \/>\n\t<meta name=\"twitter:data1\" content=\"Ded\u00e9 Mesquita\" \/>\n\t<meta name=\"twitter:label2\" content=\"Est. tempo de leitura\" \/>\n\t<meta name=\"twitter:data2\" content=\"4 minutos\" \/>\n<script type=\"application\/ld+json\" class=\"yoast-schema-graph\">{\"@context\":\"https:\/\/schema.org\",\"@graph\":[{\"@type\":\"WebPage\",\"@id\":\"https:\/\/dedemesquita.com.br\/?p=1981\",\"url\":\"https:\/\/dedemesquita.com.br\/?p=1981\",\"name\":\"A roda das mudan\u00e7as n\u00e3o para, n\u00e3o para nas reda\u00e7\u00f5es - Ded\u00e9 Mesquita\",\"isPartOf\":{\"@id\":\"https:\/\/dedemesquita.com.br\/#website\"},\"datePublished\":\"2021-09-07T20:20:21+00:00\",\"dateModified\":\"2021-09-07T23:52:45+00:00\",\"author\":{\"@id\":\"https:\/\/dedemesquita.com.br\/#\/schema\/person\/36571f81dd2d76dc3ab37231542c9e24\"},\"breadcrumb\":{\"@id\":\"https:\/\/dedemesquita.com.br\/?p=1981#breadcrumb\"},\"inLanguage\":\"pt-BR\",\"potentialAction\":[{\"@type\":\"ReadAction\",\"target\":[\"https:\/\/dedemesquita.com.br\/?p=1981\"]}]},{\"@type\":\"BreadcrumbList\",\"@id\":\"https:\/\/dedemesquita.com.br\/?p=1981#breadcrumb\",\"itemListElement\":[{\"@type\":\"ListItem\",\"position\":1,\"name\":\"In\u00edcio\",\"item\":\"https:\/\/dedemesquita.com.br\/\"},{\"@type\":\"ListItem\",\"position\":2,\"name\":\"A roda das mudan\u00e7as n\u00e3o para, n\u00e3o para nas reda\u00e7\u00f5es\"}]},{\"@type\":\"WebSite\",\"@id\":\"https:\/\/dedemesquita.com.br\/#website\",\"url\":\"https:\/\/dedemesquita.com.br\/\",\"name\":\"Ded\u00e9 Mesquita\",\"description\":\"Um site que mostra os bastidores da imprensa no estado do Par\u00e1 e em Bel\u00e9m\",\"potentialAction\":[{\"@type\":\"SearchAction\",\"target\":{\"@type\":\"EntryPoint\",\"urlTemplate\":\"https:\/\/dedemesquita.com.br\/?s={search_term_string}\"},\"query-input\":\"required name=search_term_string\"}],\"inLanguage\":\"pt-BR\"},{\"@type\":\"Person\",\"@id\":\"https:\/\/dedemesquita.com.br\/#\/schema\/person\/36571f81dd2d76dc3ab37231542c9e24\",\"name\":\"Ded\u00e9 Mesquita\",\"image\":{\"@type\":\"ImageObject\",\"inLanguage\":\"pt-BR\",\"@id\":\"https:\/\/dedemesquita.com.br\/#\/schema\/person\/image\/\",\"url\":\"https:\/\/dedemesquita.com.br\/wp-content\/uploads\/2021\/02\/foto_perfil-150x150.jpg\",\"contentUrl\":\"https:\/\/dedemesquita.com.br\/wp-content\/uploads\/2021\/02\/foto_perfil-150x150.jpg\",\"caption\":\"Ded\u00e9 Mesquita\"},\"sameAs\":[\"https:\/\/dedemesquita.com.br\"]}]}<\/script>\n<!-- \/ Yoast SEO plugin. -->","yoast_head_json":{"title":"A roda das mudan\u00e7as n\u00e3o para, n\u00e3o para nas reda\u00e7\u00f5es - Ded\u00e9 Mesquita","robots":{"index":"index","follow":"follow","max-snippet":"max-snippet:-1","max-image-preview":"max-image-preview:large","max-video-preview":"max-video-preview:-1"},"canonical":"https:\/\/dedemesquita.com.br\/?p=1981","og_locale":"pt_BR","og_type":"article","og_title":"A roda das mudan\u00e7as n\u00e3o para, n\u00e3o para nas reda\u00e7\u00f5es - Ded\u00e9 Mesquita","og_description":"Ent\u00e3o, vamos do que voc\u00eas gostam mesmo de saber: quem mudou de emprego, quem assumiu nova fun\u00e7\u00f5es e quem trabalha muito nessa &#8220;cacha\u00e7a&#8221; boa chamada comunica\u00e7\u00e3o social. Come\u00e7amos por Bel\u00e9m. A jornalista Fabiana Cabral, ex-coordenadora da Comus\/Ag\u00eancia Bel\u00e9m, assumiu a assessoria de comunica\u00e7\u00e3o do Espa\u00e7o Cultural S\u00e3o Jos\u00e9 Liberto. A jornalista Lissa de Alexandria, a [&hellip;]","og_url":"https:\/\/dedemesquita.com.br\/?p=1981","og_site_name":"Ded\u00e9 Mesquita","article_publisher":"https:\/\/www.facebook.com\/dede.mesquita","article_published_time":"2021-09-07T20:20:21+00:00","article_modified_time":"2021-09-07T23:52:45+00:00","og_image":[{"width":995,"height":919,"url":"https:\/\/dedemesquita.com.br\/wp-content\/uploads\/2021\/09\/240544173_810431306317059_4382248026863120547_n-1.jpg","type":"image\/jpeg"}],"author":"Ded\u00e9 Mesquita","twitter_card":"summary_large_image","twitter_creator":"@dedemesquita","twitter_site":"@dedemesquita","twitter_misc":{"Escrito por":"Ded\u00e9 Mesquita","Est. tempo de leitura":"4 minutos"},"schema":{"@context":"https:\/\/schema.org","@graph":[{"@type":"WebPage","@id":"https:\/\/dedemesquita.com.br\/?p=1981","url":"https:\/\/dedemesquita.com.br\/?p=1981","name":"A roda das mudan\u00e7as n\u00e3o para, n\u00e3o para nas reda\u00e7\u00f5es - Ded\u00e9 Mesquita","isPartOf":{"@id":"https:\/\/dedemesquita.com.br\/#website"},"datePublished":"2021-09-07T20:20:21+00:00","dateModified":"2021-09-07T23:52:45+00:00","author":{"@id":"https:\/\/dedemesquita.com.br\/#\/schema\/person\/36571f81dd2d76dc3ab37231542c9e24"},"breadcrumb":{"@id":"https:\/\/dedemesquita.com.br\/?p=1981#breadcrumb"},"inLanguage":"pt-BR","potentialAction":[{"@type":"ReadAction","target":["https:\/\/dedemesquita.com.br\/?p=1981"]}]},{"@type":"BreadcrumbList","@id":"https:\/\/dedemesquita.com.br\/?p=1981#breadcrumb","itemListElement":[{"@type":"ListItem","position":1,"name":"In\u00edcio","item":"https:\/\/dedemesquita.com.br\/"},{"@type":"ListItem","position":2,"name":"A roda das mudan\u00e7as n\u00e3o para, n\u00e3o para nas reda\u00e7\u00f5es"}]},{"@type":"WebSite","@id":"https:\/\/dedemesquita.com.br\/#website","url":"https:\/\/dedemesquita.com.br\/","name":"Ded\u00e9 Mesquita","description":"Um site que mostra os bastidores da imprensa no estado do Par\u00e1 e em Bel\u00e9m","potentialAction":[{"@type":"SearchAction","target":{"@type":"EntryPoint","urlTemplate":"https:\/\/dedemesquita.com.br\/?s={search_term_string}"},"query-input":"required name=search_term_string"}],"inLanguage":"pt-BR"},{"@type":"Person","@id":"https:\/\/dedemesquita.com.br\/#\/schema\/person\/36571f81dd2d76dc3ab37231542c9e24","name":"Ded\u00e9 Mesquita","image":{"@type":"ImageObject","inLanguage":"pt-BR","@id":"https:\/\/dedemesquita.com.br\/#\/schema\/person\/image\/","url":"https:\/\/dedemesquita.com.br\/wp-content\/uploads\/2021\/02\/foto_perfil-150x150.jpg","contentUrl":"https:\/\/dedemesquita.com.br\/wp-content\/uploads\/2021\/02\/foto_perfil-150x150.jpg","caption":"Ded\u00e9 Mesquita"},"sameAs":["https:\/\/dedemesquita.com.br"]}]}},"_links":{"self":[{"href":"https:\/\/dedemesquita.com.br\/index.php?rest_route=\/wp\/v2\/posts\/1981"}],"collection":[{"href":"https:\/\/dedemesquita.com.br\/index.php?rest_route=\/wp\/v2\/posts"}],"about":[{"href":"https:\/\/dedemesquita.com.br\/index.php?rest_route=\/wp\/v2\/types\/post"}],"author":[{"embeddable":true,"href":"https:\/\/dedemesquita.com.br\/index.php?rest_route=\/wp\/v2\/users\/2"}],"replies":[{"embeddable":true,"href":"https:\/\/dedemesquita.com.br\/index.php?rest_route=%2Fwp%2Fv2%2Fcomments&post=1981"}],"version-history":[{"count":2,"href":"https:\/\/dedemesquita.com.br\/index.php?rest_route=\/wp\/v2\/posts\/1981\/revisions"}],"predecessor-version":[{"id":1993,"href":"https:\/\/dedemesquita.com.br\/index.php?rest_route=\/wp\/v2\/posts\/1981\/revisions\/1993"}],"wp:featuredmedia":[{"embeddable":true,"href":"https:\/\/dedemesquita.com.br\/index.php?rest_route=\/wp\/v2\/media\/1991"}],"wp:attachment":[{"href":"https:\/\/dedemesquita.com.br\/index.php?rest_route=%2Fwp%2Fv2%2Fmedia&parent=1981"}],"wp:term":[{"taxonomy":"category","embeddable":true,"href":"https:\/\/dedemesquita.com.br\/index.php?rest_route=%2Fwp%2Fv2%2Fcategories&post=1981"},{"taxonomy":"post_tag","embeddable":true,"href":"https:\/\/dedemesquita.com.br\/index.php?rest_route=%2Fwp%2Fv2%2Ftags&post=1981"}],"curies":[{"name":"wp","href":"https:\/\/api.w.org\/{rel}","templated":true}]}}