{"id":1916,"date":"2021-09-01T17:55:23","date_gmt":"2021-09-01T20:55:23","guid":{"rendered":"https:\/\/dedemesquita.com.br\/?p=1916"},"modified":"2021-09-01T19:11:02","modified_gmt":"2021-09-01T22:11:02","slug":"sem-a-visibilidade-que-acha-que-deveria-ter-prefeita-de-marituba-exonera-jornalistas","status":"publish","type":"post","link":"https:\/\/dedemesquita.com.br\/?p=1916","title":{"rendered":"Sem a visibilidade que acha que deveria ter, prefeita de Marituba exonera jornalistas"},"content":{"rendered":"\n<p>A Regi\u00e3o Metropolitana de Bel\u00e9m (RMB), e as suas tr\u00eas principais cidades, Bel\u00e9m, Ananindeua e Marituba, est\u00e1 tendo s\u00e9rios problemas com gestores e quem faz a sua comunica\u00e7\u00e3o. Como j\u00e1 falamos aqui, a assessoria de comunica\u00e7\u00e3o de Bel\u00e9m \u00e9 aquela coisa, toda aparelhada pelo &#8220;partido&#8221;, no caso, o PSOL. Em Ananindeua, \u00e9 aquela hist\u00f3ria que reportamos aqui, com a &#8220;mamacita do mal&#8221;, Jackie Carrera. Mas em Marituba, o problema, mesmo, \u00e9 a prefeita Patr\u00edcia Mendes (Republicanos). <\/p>\n\n\n\n<p>S\u00e3o tantos problemas, que o que mais espanta \u00e9 foi iniciado apenas o nono m\u00eas de gest\u00e3o desses prefeitos, que come\u00e7aram o mandato em 1 de janeiro de 2021.<\/p>\n\n\n\n<div class=\"wp-block-image\"><figure class=\"aligncenter size-large\"><img loading=\"lazy\" decoding=\"async\" width=\"827\" height=\"242\" src=\"https:\/\/dedemesquita.com.br\/wp-content\/uploads\/2021\/09\/marit.png\" alt=\"\" class=\"wp-image-1923\" srcset=\"https:\/\/dedemesquita.com.br\/wp-content\/uploads\/2021\/09\/marit.png 827w, https:\/\/dedemesquita.com.br\/wp-content\/uploads\/2021\/09\/marit-768x225.png 768w\" sizes=\"(max-width: 827px) 100vw, 827px\" \/><figcaption>Topo de p\u00e1gina do site da Prefeitura de Marituba <\/figcaption><\/figure><\/div>\n\n\n\n<p>Mas vamos ao <em>case<\/em> Marituba. Nesta quarta-feira, 1, depois de muito insistir que a Prefeitura de Marituba tinha que ter uma conta no <strong>Twitter<\/strong> &#8211; que foi criada na segunda-feira, 30 -, Patr\u00edcia achava que essa m\u00eddia lhe daria muita visibilidade e alguns &#8220;assessores&#8221; lhe emprenharam o ouvido, afirmando que o Twitter era tudo que Marituba precisava ter para &#8220;aparecer&#8221;, o que n\u00e3o \u00e9 bem assim. Nesta manh\u00e3, num rasgo de autoritarismo, Patr\u00edcia exonerou quase todos os profissionais da comunica\u00e7\u00e3o, a come\u00e7ar pela jornalista <strong>Elck Oliveira<\/strong>, que coordenava esse setor, desde janeiro. <\/p>\n\n\n\n<div class=\"wp-block-image\"><figure class=\"aligncenter size-large\"><img loading=\"lazy\" decoding=\"async\" width=\"1000\" height=\"873\" src=\"https:\/\/dedemesquita.com.br\/wp-content\/uploads\/2021\/09\/marituba.jpg\" alt=\"\" class=\"wp-image-1922\" srcset=\"https:\/\/dedemesquita.com.br\/wp-content\/uploads\/2021\/09\/marituba.jpg 1000w, https:\/\/dedemesquita.com.br\/wp-content\/uploads\/2021\/09\/marituba-768x670.jpg 768w\" sizes=\"(max-width: 1000px) 100vw, 1000px\" \/><figcaption>O t\u00e3o ansiado Twitter da Prefeitura de Marituba <\/figcaption><\/figure><\/div>\n\n\n\n<p><strong>Patr\u00edcia &#8211; <\/strong>Todos sabemos que Marituba n\u00e3o d\u00e1 muita sorte com prefeitos. Depois de anos de gest\u00f5es de Ant\u00f4nio Armando, parecia que as coisas mudariam de figura, quando uma mulher foi eleita para o cargo, em 2020. N\u00e3o \u00e9 bem assim. Logo nos primeiros dias de mandato, Patr\u00edcia se armou de uma marreta e destruiu uma escada, colocada pela gest\u00e3o anterior, que dava o acesso direto, pela parte de tr\u00e1s, \u00e0 sede da Prefeitura. Rendeu holofotes? Rendeu! Mas acabou nisso.<\/p>\n\n\n\n<p>Mas Patr\u00edcia n\u00e3o se ajudava. Ela entrava muda e sa\u00eda calada das <em>lives<\/em> de Helder Barbalho (MDB) sobre a segunda onda de Covid-19, nos primeiros meses deste ano. Quem viu as entrevistas se perguntava se Helder n\u00e3o faria a gentileza de dar voz \u00e0 prefeita. <\/p>\n\n\n\n<p><strong>IGEPREV &#8211;<\/strong> Meses atr\u00e1s, a Prefeitura de Marituba se viu \u00e0s voltas com um contrato de muitos milh\u00f5es com a banca de advocacia Mendes &amp; Mendes, que tem como um dos s\u00f3cios o atual presidente do IGEPREV, Giusepp Mendes. Foi um esc\u00e2ndalo descoberto pelo Tribunal de Contas dos Munic\u00edpios (TCM) e a Prefeitura teve que voltar atr\u00e1s e cancelar o contrato. <\/p>\n\n\n\n<p>Segundo fontes, a Prefeitura de Marituba, nesses 9 meses, n\u00e3o conseguiu, sequer, fazer a licita\u00e7\u00e3o de uma ag\u00eancia de publicidade para atender \u00e0s demandas da entidade.<\/p>\n\n\n\n<p><strong>Aglomera\u00e7\u00e3o &#8211; <\/strong>Um v\u00eddeo recebido pela reportagem do&nbsp;<strong>portal Roma News<\/strong>&nbsp;no dia 25 de maio passado, mostra a prefeita de Marituba, Patr\u00edcia Mendes, em uma aglomera\u00e7\u00e3o no munic\u00edpio. Segundo a den\u00fancia, as imagens teriam sido feitas em um bar na na sexta-feira anterior, 21, e mostram a prefeita em meio a um grupo, bebendo e dan\u00e7ando, mas ningu\u00e9m usa m\u00e1scara.&nbsp;<\/p>\n\n\n\n<p><strong>Aterro sanit\u00e1rio &#8211; <\/strong>Mas o pior come\u00e7ou na segunda-feira, 30, quando foi anunciado que o Aterro Sanit\u00e1rio de Marituba ter\u00e1 continuidade at\u00e9 agosto de 2023, depois de um acordo intermediado pelo Minist\u00e9rio P\u00fablico do Par\u00e1. A prefeita disse que ir\u00e1 recorrer da decis\u00e3o, visto que a popula\u00e7\u00e3o de Marituba n\u00e3o suporta mais conviver com o lix\u00e3o em que se transformou o aterro, que recebe lixo de Bel\u00e9m, Ananindeua e Marituba. Fontes pr\u00f3ximas afirmam que houve um &#8220;acerto&#8221; &#8211; leia-se milh\u00f5es &#8211; do Governo do Estado com a Prefeitura de Marituba, e que Patr\u00edcia vai recorrer, mas s\u00f3 para fazer figura\u00e7\u00e3o.  <\/p>\n\n\n\n<p>E assim continua a hist\u00f3ria que todos conhecemos de que a corda sempre arrebenta para o lado mais fraco. A comunica\u00e7\u00e3o \u00e9 sempre &#8220;a culpada&#8221; pelos desmandos dos gestores. E dessa forma, jornalistas, mesmo fazendo um bom trabalho, ficam desempregados. E segue o baile. <\/p>\n\n\n\n<p><strong>NOTA DA EDI\u00c7\u00c3O 1:<\/strong> A jornalista <strong>Elck Oliveira fez o seguinte esclarecimento<\/strong> sobre a sa\u00edda dela da comunica\u00e7\u00e3o da Prefeitura de Marituba. <em>&#8220;Oi, Ded\u00e9, boa noite, s\u00f3 pra esclarecer algumas coisas: A prefeita n\u00e3o me exonerou, entreguei o cargo a ela ontem [dia 31], por motivos pessoais. Sobre o Twitter, essa hist\u00f3ria n\u00e3o existiu, a reativa\u00e7\u00e3o do perfil foi um movimento natural da pr\u00f3pria equipe de comunica\u00e7\u00e3o, por entendermos a import\u00e2ncia dessa ferramenta na atualidade. Sobre os outros pontos, n\u00e3o tenho conhecimento, por isso, n\u00e3o vou opinar&#8221;.<\/em><\/p>\n\n\n\n<p><strong>NOTA DA EDI\u00c7\u00c3O 2: <\/strong>Vou manter as informa\u00e7\u00f5es que recebi que, inclusive, citam nomes. O que aconteceu em Marituba, na verdade, \u00e9 a conhecid\u00edssima &#8220;puxada de tapete&#8221;, o que inclui uma assessora direta da prefeita e um \u00e1udio &#8220;X-9&#8221; que chegou at\u00e9 Patr\u00edcia. <\/p>\n\n\n\n<p><\/p>\n","protected":false},"excerpt":{"rendered":"<p>A Regi\u00e3o Metropolitana de Bel\u00e9m (RMB), e as suas tr\u00eas principais cidades, Bel\u00e9m, Ananindeua e Marituba, est\u00e1 tendo s\u00e9rios problemas com gestores e quem faz a sua comunica\u00e7\u00e3o. Como j\u00e1 falamos aqui, a assessoria de comunica\u00e7\u00e3o de Bel\u00e9m \u00e9 aquela coisa, toda aparelhada pelo &#8220;partido&#8221;, no caso, o PSOL. Em Ananindeua, \u00e9 aquela hist\u00f3ria que [&hellip;]<\/p>\n","protected":false},"author":2,"featured_media":1924,"comment_status":"open","ping_status":"open","sticky":false,"template":"","format":"standard","meta":{"footnotes":""},"categories":[51,14,29],"tags":[119,120,202],"class_list":["post-1916","post","type-post","status-publish","format-standard","has-post-thumbnail","hentry","category-destaque","category-imprensa","category-jornalismo","tag-jornalismo","tag-jornalistas-paraenses-em-acao","tag-prefeitura-de-marituba"],"yoast_head":"<!-- This site is optimized with the Yoast SEO plugin v19.10 - https:\/\/yoast.com\/wordpress\/plugins\/seo\/ -->\n<title>Sem a visibilidade que acha que deveria ter, prefeita de Marituba exonera jornalistas - Ded\u00e9 Mesquita<\/title>\n<meta name=\"robots\" content=\"index, follow, max-snippet:-1, max-image-preview:large, max-video-preview:-1\" \/>\n<link rel=\"canonical\" href=\"https:\/\/dedemesquita.com.br\/?p=1916\" \/>\n<meta property=\"og:locale\" content=\"pt_BR\" \/>\n<meta property=\"og:type\" content=\"article\" \/>\n<meta property=\"og:title\" content=\"Sem a visibilidade que acha que deveria ter, prefeita de Marituba exonera jornalistas - Ded\u00e9 Mesquita\" \/>\n<meta property=\"og:description\" content=\"A Regi\u00e3o Metropolitana de Bel\u00e9m (RMB), e as suas tr\u00eas principais cidades, Bel\u00e9m, Ananindeua e Marituba, est\u00e1 tendo s\u00e9rios problemas com gestores e quem faz a sua comunica\u00e7\u00e3o. Como j\u00e1 falamos aqui, a assessoria de comunica\u00e7\u00e3o de Bel\u00e9m \u00e9 aquela coisa, toda aparelhada pelo &#8220;partido&#8221;, no caso, o PSOL. Em Ananindeua, \u00e9 aquela hist\u00f3ria que [&hellip;]\" \/>\n<meta property=\"og:url\" content=\"https:\/\/dedemesquita.com.br\/?p=1916\" \/>\n<meta property=\"og:site_name\" content=\"Ded\u00e9 Mesquita\" \/>\n<meta property=\"article:publisher\" content=\"https:\/\/www.facebook.com\/dede.mesquita\" \/>\n<meta property=\"article:published_time\" content=\"2021-09-01T20:55:23+00:00\" \/>\n<meta property=\"article:modified_time\" content=\"2021-09-01T22:11:02+00:00\" \/>\n<meta property=\"og:image\" content=\"https:\/\/dedemesquita.com.br\/wp-content\/uploads\/2021\/09\/pat.jpeg\" \/>\n\t<meta property=\"og:image:width\" content=\"750\" \/>\n\t<meta property=\"og:image:height\" content=\"552\" \/>\n\t<meta property=\"og:image:type\" content=\"image\/jpeg\" \/>\n<meta name=\"author\" content=\"Ded\u00e9 Mesquita\" \/>\n<meta name=\"twitter:card\" content=\"summary_large_image\" \/>\n<meta name=\"twitter:creator\" content=\"@dedemesquita\" \/>\n<meta name=\"twitter:site\" content=\"@dedemesquita\" \/>\n<meta name=\"twitter:label1\" content=\"Escrito por\" \/>\n\t<meta name=\"twitter:data1\" content=\"Ded\u00e9 Mesquita\" \/>\n\t<meta name=\"twitter:label2\" content=\"Est. tempo de leitura\" \/>\n\t<meta name=\"twitter:data2\" content=\"4 minutos\" \/>\n<script type=\"application\/ld+json\" class=\"yoast-schema-graph\">{\"@context\":\"https:\/\/schema.org\",\"@graph\":[{\"@type\":\"WebPage\",\"@id\":\"https:\/\/dedemesquita.com.br\/?p=1916\",\"url\":\"https:\/\/dedemesquita.com.br\/?p=1916\",\"name\":\"Sem a visibilidade que acha que deveria ter, prefeita de Marituba exonera jornalistas - Ded\u00e9 Mesquita\",\"isPartOf\":{\"@id\":\"https:\/\/dedemesquita.com.br\/#website\"},\"datePublished\":\"2021-09-01T20:55:23+00:00\",\"dateModified\":\"2021-09-01T22:11:02+00:00\",\"author\":{\"@id\":\"https:\/\/dedemesquita.com.br\/#\/schema\/person\/36571f81dd2d76dc3ab37231542c9e24\"},\"breadcrumb\":{\"@id\":\"https:\/\/dedemesquita.com.br\/?p=1916#breadcrumb\"},\"inLanguage\":\"pt-BR\",\"potentialAction\":[{\"@type\":\"ReadAction\",\"target\":[\"https:\/\/dedemesquita.com.br\/?p=1916\"]}]},{\"@type\":\"BreadcrumbList\",\"@id\":\"https:\/\/dedemesquita.com.br\/?p=1916#breadcrumb\",\"itemListElement\":[{\"@type\":\"ListItem\",\"position\":1,\"name\":\"In\u00edcio\",\"item\":\"https:\/\/dedemesquita.com.br\/\"},{\"@type\":\"ListItem\",\"position\":2,\"name\":\"Sem a visibilidade que acha que deveria ter, prefeita de Marituba exonera jornalistas\"}]},{\"@type\":\"WebSite\",\"@id\":\"https:\/\/dedemesquita.com.br\/#website\",\"url\":\"https:\/\/dedemesquita.com.br\/\",\"name\":\"Ded\u00e9 Mesquita\",\"description\":\"Um site que mostra os bastidores da imprensa no estado do Par\u00e1 e em Bel\u00e9m\",\"potentialAction\":[{\"@type\":\"SearchAction\",\"target\":{\"@type\":\"EntryPoint\",\"urlTemplate\":\"https:\/\/dedemesquita.com.br\/?s={search_term_string}\"},\"query-input\":\"required name=search_term_string\"}],\"inLanguage\":\"pt-BR\"},{\"@type\":\"Person\",\"@id\":\"https:\/\/dedemesquita.com.br\/#\/schema\/person\/36571f81dd2d76dc3ab37231542c9e24\",\"name\":\"Ded\u00e9 Mesquita\",\"image\":{\"@type\":\"ImageObject\",\"inLanguage\":\"pt-BR\",\"@id\":\"https:\/\/dedemesquita.com.br\/#\/schema\/person\/image\/\",\"url\":\"https:\/\/dedemesquita.com.br\/wp-content\/uploads\/2021\/02\/foto_perfil-150x150.jpg\",\"contentUrl\":\"https:\/\/dedemesquita.com.br\/wp-content\/uploads\/2021\/02\/foto_perfil-150x150.jpg\",\"caption\":\"Ded\u00e9 Mesquita\"},\"sameAs\":[\"https:\/\/dedemesquita.com.br\"]}]}<\/script>\n<!-- \/ Yoast SEO plugin. -->","yoast_head_json":{"title":"Sem a visibilidade que acha que deveria ter, prefeita de Marituba exonera jornalistas - Ded\u00e9 Mesquita","robots":{"index":"index","follow":"follow","max-snippet":"max-snippet:-1","max-image-preview":"max-image-preview:large","max-video-preview":"max-video-preview:-1"},"canonical":"https:\/\/dedemesquita.com.br\/?p=1916","og_locale":"pt_BR","og_type":"article","og_title":"Sem a visibilidade que acha que deveria ter, prefeita de Marituba exonera jornalistas - Ded\u00e9 Mesquita","og_description":"A Regi\u00e3o Metropolitana de Bel\u00e9m (RMB), e as suas tr\u00eas principais cidades, Bel\u00e9m, Ananindeua e Marituba, est\u00e1 tendo s\u00e9rios problemas com gestores e quem faz a sua comunica\u00e7\u00e3o. Como j\u00e1 falamos aqui, a assessoria de comunica\u00e7\u00e3o de Bel\u00e9m \u00e9 aquela coisa, toda aparelhada pelo &#8220;partido&#8221;, no caso, o PSOL. Em Ananindeua, \u00e9 aquela hist\u00f3ria que [&hellip;]","og_url":"https:\/\/dedemesquita.com.br\/?p=1916","og_site_name":"Ded\u00e9 Mesquita","article_publisher":"https:\/\/www.facebook.com\/dede.mesquita","article_published_time":"2021-09-01T20:55:23+00:00","article_modified_time":"2021-09-01T22:11:02+00:00","og_image":[{"width":750,"height":552,"url":"https:\/\/dedemesquita.com.br\/wp-content\/uploads\/2021\/09\/pat.jpeg","type":"image\/jpeg"}],"author":"Ded\u00e9 Mesquita","twitter_card":"summary_large_image","twitter_creator":"@dedemesquita","twitter_site":"@dedemesquita","twitter_misc":{"Escrito por":"Ded\u00e9 Mesquita","Est. tempo de leitura":"4 minutos"},"schema":{"@context":"https:\/\/schema.org","@graph":[{"@type":"WebPage","@id":"https:\/\/dedemesquita.com.br\/?p=1916","url":"https:\/\/dedemesquita.com.br\/?p=1916","name":"Sem a visibilidade que acha que deveria ter, prefeita de Marituba exonera jornalistas - Ded\u00e9 Mesquita","isPartOf":{"@id":"https:\/\/dedemesquita.com.br\/#website"},"datePublished":"2021-09-01T20:55:23+00:00","dateModified":"2021-09-01T22:11:02+00:00","author":{"@id":"https:\/\/dedemesquita.com.br\/#\/schema\/person\/36571f81dd2d76dc3ab37231542c9e24"},"breadcrumb":{"@id":"https:\/\/dedemesquita.com.br\/?p=1916#breadcrumb"},"inLanguage":"pt-BR","potentialAction":[{"@type":"ReadAction","target":["https:\/\/dedemesquita.com.br\/?p=1916"]}]},{"@type":"BreadcrumbList","@id":"https:\/\/dedemesquita.com.br\/?p=1916#breadcrumb","itemListElement":[{"@type":"ListItem","position":1,"name":"In\u00edcio","item":"https:\/\/dedemesquita.com.br\/"},{"@type":"ListItem","position":2,"name":"Sem a visibilidade que acha que deveria ter, prefeita de Marituba exonera jornalistas"}]},{"@type":"WebSite","@id":"https:\/\/dedemesquita.com.br\/#website","url":"https:\/\/dedemesquita.com.br\/","name":"Ded\u00e9 Mesquita","description":"Um site que mostra os bastidores da imprensa no estado do Par\u00e1 e em Bel\u00e9m","potentialAction":[{"@type":"SearchAction","target":{"@type":"EntryPoint","urlTemplate":"https:\/\/dedemesquita.com.br\/?s={search_term_string}"},"query-input":"required name=search_term_string"}],"inLanguage":"pt-BR"},{"@type":"Person","@id":"https:\/\/dedemesquita.com.br\/#\/schema\/person\/36571f81dd2d76dc3ab37231542c9e24","name":"Ded\u00e9 Mesquita","image":{"@type":"ImageObject","inLanguage":"pt-BR","@id":"https:\/\/dedemesquita.com.br\/#\/schema\/person\/image\/","url":"https:\/\/dedemesquita.com.br\/wp-content\/uploads\/2021\/02\/foto_perfil-150x150.jpg","contentUrl":"https:\/\/dedemesquita.com.br\/wp-content\/uploads\/2021\/02\/foto_perfil-150x150.jpg","caption":"Ded\u00e9 Mesquita"},"sameAs":["https:\/\/dedemesquita.com.br"]}]}},"_links":{"self":[{"href":"https:\/\/dedemesquita.com.br\/index.php?rest_route=\/wp\/v2\/posts\/1916"}],"collection":[{"href":"https:\/\/dedemesquita.com.br\/index.php?rest_route=\/wp\/v2\/posts"}],"about":[{"href":"https:\/\/dedemesquita.com.br\/index.php?rest_route=\/wp\/v2\/types\/post"}],"author":[{"embeddable":true,"href":"https:\/\/dedemesquita.com.br\/index.php?rest_route=\/wp\/v2\/users\/2"}],"replies":[{"embeddable":true,"href":"https:\/\/dedemesquita.com.br\/index.php?rest_route=%2Fwp%2Fv2%2Fcomments&post=1916"}],"version-history":[{"count":6,"href":"https:\/\/dedemesquita.com.br\/index.php?rest_route=\/wp\/v2\/posts\/1916\/revisions"}],"predecessor-version":[{"id":1928,"href":"https:\/\/dedemesquita.com.br\/index.php?rest_route=\/wp\/v2\/posts\/1916\/revisions\/1928"}],"wp:featuredmedia":[{"embeddable":true,"href":"https:\/\/dedemesquita.com.br\/index.php?rest_route=\/wp\/v2\/media\/1924"}],"wp:attachment":[{"href":"https:\/\/dedemesquita.com.br\/index.php?rest_route=%2Fwp%2Fv2%2Fmedia&parent=1916"}],"wp:term":[{"taxonomy":"category","embeddable":true,"href":"https:\/\/dedemesquita.com.br\/index.php?rest_route=%2Fwp%2Fv2%2Fcategories&post=1916"},{"taxonomy":"post_tag","embeddable":true,"href":"https:\/\/dedemesquita.com.br\/index.php?rest_route=%2Fwp%2Fv2%2Ftags&post=1916"}],"curies":[{"name":"wp","href":"https:\/\/api.w.org\/{rel}","templated":true}]}}