{"id":1855,"date":"2021-08-17T17:58:16","date_gmt":"2021-08-17T20:58:16","guid":{"rendered":"https:\/\/dedemesquita.com.br\/?p=1855"},"modified":"2021-08-17T17:58:17","modified_gmt":"2021-08-17T20:58:17","slug":"tarso-sarraf-ganha-medalha-de-ouro-em-concurso-nacional-de-fotografia","status":"publish","type":"post","link":"https:\/\/dedemesquita.com.br\/?p=1855","title":{"rendered":"Tarso Sarraf ganha medalha de ouro em concurso nacional de fotografia"},"content":{"rendered":"\n<p>Foi divulgado nesta ter\u00e7a-feira, 17, o resultado do Grande Pr\u00eamio Fotografe 2021, da revista Fotografe Melhor. O grande vencedor, medalha de ouro, na categoria Documental, foi o fotojornalista paraense Tarso Sarraf. <\/p>\n\n\n\n<p>&#8220;Passei um ano cobrindo Covid-19, andando pelo interior do Par\u00e1, mostrando a realidade onde vivem, v\u00e1rios locais, \u00e1reas ind\u00edgenas e ribeirinhos, mostrando ao mundo as dificuldades que agentes de sa\u00fade enfrentam para ter acesso ao povo do Par\u00e1&#8221;, descreveu Tarso. <\/p>\n\n\n\n<div class=\"wp-block-image\"><figure class=\"aligncenter size-large\"><img loading=\"lazy\" decoding=\"async\" width=\"1073\" height=\"480\" src=\"https:\/\/dedemesquita.com.br\/wp-content\/uploads\/2021\/08\/TARSO.png\" alt=\"\" class=\"wp-image-1856\" srcset=\"https:\/\/dedemesquita.com.br\/wp-content\/uploads\/2021\/08\/TARSO.png 1073w, https:\/\/dedemesquita.com.br\/wp-content\/uploads\/2021\/08\/TARSO-768x344.png 768w\" sizes=\"(max-width: 1073px) 100vw, 1073px\" \/><figcaption>Resultado da premia\u00e7\u00e3o na revista Fotografe Melhor <\/figcaption><\/figure><\/div>\n\n\n\n<p><strong>Carreira &#8211; <\/strong>Tarso Sarraf come\u00e7ou a fotografar em 1991 e j\u00e1 percorreu v\u00e1rios cantos do Brasil. Cobriu as Olimp\u00edadas Rio 2016 e a Copa do Mundo de Futebol de 2018, na R\u00fassia. Dos 27 anos de profiss\u00e3o dele, 20 foram dedicados ao fotojornalismo. Tem sete (7) pr\u00eamios no jornalismo. J\u00e1 passou pelos grandes jornais da capital paraense e colabora periodicamente com AFP.com (Agence France-Presse). Atualmente, \u00e9 coordenador de audiovisual grupo O Liberal. <\/p>\n\n\n\n<p><strong>Premia\u00e7\u00e3o &#8211; <\/strong>Os primeiros, segundos e terceiros colocados em todas as 10 subcategorias &#8211; com a Documental, na qual Tarso foi o vencedor &#8211; ganhar\u00e3o medalhas de ouro, prata e bronze. Todos os 30 trabalhos ganhadores far\u00e3o parte de uma exposi\u00e7\u00e3o, programada para ocorrer na Escola Pan-americana de Artes, em S\u00e3o Paulo (SP), a partir do dia 10 de setembro de 2021.<\/p>\n\n\n\n<p>Os dois ganhadores do Grande Pr\u00eamio Fotografe 2021 receber\u00e3o um trof\u00e9u especialmente concebido pelo escultor paulista Fabio Souza.<\/p>\n\n\n\n<p>Por conta de restri\u00e7\u00f5es sanit\u00e1rias, n\u00e3o haver\u00e1 cerim\u00f4nia de premia\u00e7\u00e3o, ficando restrita a abertura da exposi\u00e7\u00e3o aos premiados ou representantes e \u00e0 equipe organizadora.<\/p>\n\n\n\n<p><strong>Concorr\u00eancia &#8211;<\/strong> O Grande Pr\u00eamio Fotografe 2021 recebeu um total de 787 inscri\u00e7\u00f5es, sendo 235 na categoria Ensaio e 552 na categoria Imagem Destacada. Desses, 82 Ensaios e 257 Imagens Destacadas foram pr\u00e9-selecionados e publicados no site de Fotografe ao longo do per\u00edodo de inscri\u00e7\u00f5es. <\/p>\n\n\n\n<p>A Comiss\u00e3o Julgadora do concurso foi formada por \u00c9lcio Ohnuma, \u00c9rico Elias, \u00c9rico Hiller, Ivana Deb\u00e9rtolis, Juan Esteves, M\u00f4nica Maia e S\u00e9rgio Branco.<\/p>\n","protected":false},"excerpt":{"rendered":"<p>Foi divulgado nesta ter\u00e7a-feira, 17, o resultado do Grande Pr\u00eamio Fotografe 2021, da revista Fotografe Melhor. O grande vencedor, medalha de ouro, na categoria Documental, foi o fotojornalista paraense Tarso Sarraf. &#8220;Passei um ano cobrindo Covid-19, andando pelo interior do Par\u00e1, mostrando a realidade onde vivem, v\u00e1rios locais, \u00e1reas ind\u00edgenas e ribeirinhos, mostrando ao mundo [&hellip;]<\/p>\n","protected":false},"author":2,"featured_media":1857,"comment_status":"open","ping_status":"open","sticky":false,"template":"","format":"standard","meta":{"footnotes":""},"categories":[51,14,29],"tags":[196,119,120,144],"class_list":["post-1855","post","type-post","status-publish","format-standard","has-post-thumbnail","hentry","category-destaque","category-imprensa","category-jornalismo","tag-fotografe-melhor","tag-jornalismo","tag-jornalistas-paraenses-em-acao","tag-o-liberal"],"yoast_head":"<!-- This site is optimized with the Yoast SEO plugin v19.10 - https:\/\/yoast.com\/wordpress\/plugins\/seo\/ -->\n<title>Tarso Sarraf ganha medalha de ouro em concurso nacional de fotografia - Ded\u00e9 Mesquita<\/title>\n<meta name=\"robots\" content=\"index, follow, max-snippet:-1, max-image-preview:large, max-video-preview:-1\" \/>\n<link rel=\"canonical\" href=\"https:\/\/dedemesquita.com.br\/?p=1855\" \/>\n<meta property=\"og:locale\" content=\"pt_BR\" \/>\n<meta property=\"og:type\" content=\"article\" \/>\n<meta property=\"og:title\" content=\"Tarso Sarraf ganha medalha de ouro em concurso nacional de fotografia - Ded\u00e9 Mesquita\" \/>\n<meta property=\"og:description\" content=\"Foi divulgado nesta ter\u00e7a-feira, 17, o resultado do Grande Pr\u00eamio Fotografe 2021, da revista Fotografe Melhor. O grande vencedor, medalha de ouro, na categoria Documental, foi o fotojornalista paraense Tarso Sarraf. &#8220;Passei um ano cobrindo Covid-19, andando pelo interior do Par\u00e1, mostrando a realidade onde vivem, v\u00e1rios locais, \u00e1reas ind\u00edgenas e ribeirinhos, mostrando ao mundo [&hellip;]\" \/>\n<meta property=\"og:url\" content=\"https:\/\/dedemesquita.com.br\/?p=1855\" \/>\n<meta property=\"og:site_name\" content=\"Ded\u00e9 Mesquita\" \/>\n<meta property=\"article:publisher\" content=\"https:\/\/www.facebook.com\/dede.mesquita\" \/>\n<meta property=\"article:published_time\" content=\"2021-08-17T20:58:16+00:00\" \/>\n<meta property=\"article:modified_time\" content=\"2021-08-17T20:58:17+00:00\" \/>\n<meta property=\"og:image\" content=\"https:\/\/dedemesquita.com.br\/wp-content\/uploads\/2021\/08\/FOTO_TARSO_SARRAF-1.jpg\" \/>\n\t<meta property=\"og:image:width\" content=\"999\" \/>\n\t<meta property=\"og:image:height\" content=\"551\" \/>\n\t<meta property=\"og:image:type\" content=\"image\/jpeg\" \/>\n<meta name=\"author\" content=\"Ded\u00e9 Mesquita\" \/>\n<meta name=\"twitter:card\" content=\"summary_large_image\" \/>\n<meta name=\"twitter:creator\" content=\"@dedemesquita\" \/>\n<meta name=\"twitter:site\" content=\"@dedemesquita\" \/>\n<meta name=\"twitter:label1\" content=\"Escrito por\" \/>\n\t<meta name=\"twitter:data1\" content=\"Ded\u00e9 Mesquita\" \/>\n\t<meta name=\"twitter:label2\" content=\"Est. tempo de leitura\" \/>\n\t<meta name=\"twitter:data2\" content=\"2 minutos\" \/>\n<script type=\"application\/ld+json\" class=\"yoast-schema-graph\">{\"@context\":\"https:\/\/schema.org\",\"@graph\":[{\"@type\":\"WebPage\",\"@id\":\"https:\/\/dedemesquita.com.br\/?p=1855\",\"url\":\"https:\/\/dedemesquita.com.br\/?p=1855\",\"name\":\"Tarso Sarraf ganha medalha de ouro em concurso nacional de fotografia - Ded\u00e9 Mesquita\",\"isPartOf\":{\"@id\":\"https:\/\/dedemesquita.com.br\/#website\"},\"datePublished\":\"2021-08-17T20:58:16+00:00\",\"dateModified\":\"2021-08-17T20:58:17+00:00\",\"author\":{\"@id\":\"https:\/\/dedemesquita.com.br\/#\/schema\/person\/36571f81dd2d76dc3ab37231542c9e24\"},\"breadcrumb\":{\"@id\":\"https:\/\/dedemesquita.com.br\/?p=1855#breadcrumb\"},\"inLanguage\":\"pt-BR\",\"potentialAction\":[{\"@type\":\"ReadAction\",\"target\":[\"https:\/\/dedemesquita.com.br\/?p=1855\"]}]},{\"@type\":\"BreadcrumbList\",\"@id\":\"https:\/\/dedemesquita.com.br\/?p=1855#breadcrumb\",\"itemListElement\":[{\"@type\":\"ListItem\",\"position\":1,\"name\":\"In\u00edcio\",\"item\":\"https:\/\/dedemesquita.com.br\/\"},{\"@type\":\"ListItem\",\"position\":2,\"name\":\"Tarso Sarraf ganha medalha de ouro em concurso nacional de fotografia\"}]},{\"@type\":\"WebSite\",\"@id\":\"https:\/\/dedemesquita.com.br\/#website\",\"url\":\"https:\/\/dedemesquita.com.br\/\",\"name\":\"Ded\u00e9 Mesquita\",\"description\":\"Um site que mostra os bastidores da imprensa no estado do Par\u00e1 e em Bel\u00e9m\",\"potentialAction\":[{\"@type\":\"SearchAction\",\"target\":{\"@type\":\"EntryPoint\",\"urlTemplate\":\"https:\/\/dedemesquita.com.br\/?s={search_term_string}\"},\"query-input\":\"required name=search_term_string\"}],\"inLanguage\":\"pt-BR\"},{\"@type\":\"Person\",\"@id\":\"https:\/\/dedemesquita.com.br\/#\/schema\/person\/36571f81dd2d76dc3ab37231542c9e24\",\"name\":\"Ded\u00e9 Mesquita\",\"image\":{\"@type\":\"ImageObject\",\"inLanguage\":\"pt-BR\",\"@id\":\"https:\/\/dedemesquita.com.br\/#\/schema\/person\/image\/\",\"url\":\"https:\/\/dedemesquita.com.br\/wp-content\/uploads\/2021\/02\/foto_perfil-150x150.jpg\",\"contentUrl\":\"https:\/\/dedemesquita.com.br\/wp-content\/uploads\/2021\/02\/foto_perfil-150x150.jpg\",\"caption\":\"Ded\u00e9 Mesquita\"},\"sameAs\":[\"https:\/\/dedemesquita.com.br\"]}]}<\/script>\n<!-- \/ Yoast SEO plugin. -->","yoast_head_json":{"title":"Tarso Sarraf ganha medalha de ouro em concurso nacional de fotografia - Ded\u00e9 Mesquita","robots":{"index":"index","follow":"follow","max-snippet":"max-snippet:-1","max-image-preview":"max-image-preview:large","max-video-preview":"max-video-preview:-1"},"canonical":"https:\/\/dedemesquita.com.br\/?p=1855","og_locale":"pt_BR","og_type":"article","og_title":"Tarso Sarraf ganha medalha de ouro em concurso nacional de fotografia - Ded\u00e9 Mesquita","og_description":"Foi divulgado nesta ter\u00e7a-feira, 17, o resultado do Grande Pr\u00eamio Fotografe 2021, da revista Fotografe Melhor. O grande vencedor, medalha de ouro, na categoria Documental, foi o fotojornalista paraense Tarso Sarraf. &#8220;Passei um ano cobrindo Covid-19, andando pelo interior do Par\u00e1, mostrando a realidade onde vivem, v\u00e1rios locais, \u00e1reas ind\u00edgenas e ribeirinhos, mostrando ao mundo [&hellip;]","og_url":"https:\/\/dedemesquita.com.br\/?p=1855","og_site_name":"Ded\u00e9 Mesquita","article_publisher":"https:\/\/www.facebook.com\/dede.mesquita","article_published_time":"2021-08-17T20:58:16+00:00","article_modified_time":"2021-08-17T20:58:17+00:00","og_image":[{"width":999,"height":551,"url":"https:\/\/dedemesquita.com.br\/wp-content\/uploads\/2021\/08\/FOTO_TARSO_SARRAF-1.jpg","type":"image\/jpeg"}],"author":"Ded\u00e9 Mesquita","twitter_card":"summary_large_image","twitter_creator":"@dedemesquita","twitter_site":"@dedemesquita","twitter_misc":{"Escrito por":"Ded\u00e9 Mesquita","Est. tempo de leitura":"2 minutos"},"schema":{"@context":"https:\/\/schema.org","@graph":[{"@type":"WebPage","@id":"https:\/\/dedemesquita.com.br\/?p=1855","url":"https:\/\/dedemesquita.com.br\/?p=1855","name":"Tarso Sarraf ganha medalha de ouro em concurso nacional de fotografia - Ded\u00e9 Mesquita","isPartOf":{"@id":"https:\/\/dedemesquita.com.br\/#website"},"datePublished":"2021-08-17T20:58:16+00:00","dateModified":"2021-08-17T20:58:17+00:00","author":{"@id":"https:\/\/dedemesquita.com.br\/#\/schema\/person\/36571f81dd2d76dc3ab37231542c9e24"},"breadcrumb":{"@id":"https:\/\/dedemesquita.com.br\/?p=1855#breadcrumb"},"inLanguage":"pt-BR","potentialAction":[{"@type":"ReadAction","target":["https:\/\/dedemesquita.com.br\/?p=1855"]}]},{"@type":"BreadcrumbList","@id":"https:\/\/dedemesquita.com.br\/?p=1855#breadcrumb","itemListElement":[{"@type":"ListItem","position":1,"name":"In\u00edcio","item":"https:\/\/dedemesquita.com.br\/"},{"@type":"ListItem","position":2,"name":"Tarso Sarraf ganha medalha de ouro em concurso nacional de fotografia"}]},{"@type":"WebSite","@id":"https:\/\/dedemesquita.com.br\/#website","url":"https:\/\/dedemesquita.com.br\/","name":"Ded\u00e9 Mesquita","description":"Um site que mostra os bastidores da imprensa no estado do Par\u00e1 e em Bel\u00e9m","potentialAction":[{"@type":"SearchAction","target":{"@type":"EntryPoint","urlTemplate":"https:\/\/dedemesquita.com.br\/?s={search_term_string}"},"query-input":"required name=search_term_string"}],"inLanguage":"pt-BR"},{"@type":"Person","@id":"https:\/\/dedemesquita.com.br\/#\/schema\/person\/36571f81dd2d76dc3ab37231542c9e24","name":"Ded\u00e9 Mesquita","image":{"@type":"ImageObject","inLanguage":"pt-BR","@id":"https:\/\/dedemesquita.com.br\/#\/schema\/person\/image\/","url":"https:\/\/dedemesquita.com.br\/wp-content\/uploads\/2021\/02\/foto_perfil-150x150.jpg","contentUrl":"https:\/\/dedemesquita.com.br\/wp-content\/uploads\/2021\/02\/foto_perfil-150x150.jpg","caption":"Ded\u00e9 Mesquita"},"sameAs":["https:\/\/dedemesquita.com.br"]}]}},"_links":{"self":[{"href":"https:\/\/dedemesquita.com.br\/index.php?rest_route=\/wp\/v2\/posts\/1855"}],"collection":[{"href":"https:\/\/dedemesquita.com.br\/index.php?rest_route=\/wp\/v2\/posts"}],"about":[{"href":"https:\/\/dedemesquita.com.br\/index.php?rest_route=\/wp\/v2\/types\/post"}],"author":[{"embeddable":true,"href":"https:\/\/dedemesquita.com.br\/index.php?rest_route=\/wp\/v2\/users\/2"}],"replies":[{"embeddable":true,"href":"https:\/\/dedemesquita.com.br\/index.php?rest_route=%2Fwp%2Fv2%2Fcomments&post=1855"}],"version-history":[{"count":1,"href":"https:\/\/dedemesquita.com.br\/index.php?rest_route=\/wp\/v2\/posts\/1855\/revisions"}],"predecessor-version":[{"id":1858,"href":"https:\/\/dedemesquita.com.br\/index.php?rest_route=\/wp\/v2\/posts\/1855\/revisions\/1858"}],"wp:featuredmedia":[{"embeddable":true,"href":"https:\/\/dedemesquita.com.br\/index.php?rest_route=\/wp\/v2\/media\/1857"}],"wp:attachment":[{"href":"https:\/\/dedemesquita.com.br\/index.php?rest_route=%2Fwp%2Fv2%2Fmedia&parent=1855"}],"wp:term":[{"taxonomy":"category","embeddable":true,"href":"https:\/\/dedemesquita.com.br\/index.php?rest_route=%2Fwp%2Fv2%2Fcategories&post=1855"},{"taxonomy":"post_tag","embeddable":true,"href":"https:\/\/dedemesquita.com.br\/index.php?rest_route=%2Fwp%2Fv2%2Ftags&post=1855"}],"curies":[{"name":"wp","href":"https:\/\/api.w.org\/{rel}","templated":true}]}}